{"id":13094,"date":"2019-10-16T09:48:48","date_gmt":"2019-10-16T07:48:48","guid":{"rendered":"http:\/\/internacional.umh.es\/?p=13094"},"modified":"2020-06-05T11:38:58","modified_gmt":"2020-06-05T09:38:58","slug":"la-catedra-sede-umh-en-ruanda-inicia-la-creacion-de-una-uci-en-el-hospital-de-nemba","status":"publish","type":"post","link":"https:\/\/internacional.umh.es\/ca\/2019\/10\/16\/la-catedra-sede-umh-en-ruanda-inicia-la-creacion-de-una-uci-en-el-hospital-de-nemba\/","title":{"rendered":"<span lang=\"es\">(Espa\u00f1ol) LA C\u00c1TEDRA SEDE UMH EN RUANDA INICIA LA CREACI\u00d3N DE UNA UCI EN EL HOSPITAL DE NEMBA<\/span>"},"content":{"rendered":"<p class=\"qtranxs-available-languages-message qtranxs-available-languages-message-ca\">Ho sent, per\u00f2 aquesta entrada nom\u00e9s est\u00e0 disponible en <a href=\"https:\/\/internacional.umh.es\/es\/wp-json\/wp\/v2\/posts\/13094\" class=\"qtranxs-available-language-link qtranxs-available-language-link-es\" title=\"Espa\u00f1ol\">Espanyol Europeu<\/a>.<\/p>","protected":false},"excerpt":{"rendered":"<p>Ho sent, per\u00f2 aquesta entrada nom\u00e9s est\u00e0 disponible en Espanyol Europeu.<\/p>\n","protected":false},"author":4274,"featured_media":0,"comment_status":"closed","ping_status":"closed","sticky":false,"template":"","format":"standard","meta":{"ngg_post_thumbnail":0,"_links_to":"","_links_to_target":""},"categories":[53429,20504,46075,283,53228],"tags":[53188,53468,161894,47736,400,52116],"yoast_head":"<!-- This site is optimized with the Yoast SEO plugin v17.5 - https:\/\/yoast.com\/wordpress\/plugins\/seo\/ -->\n<meta name=\"robots\" content=\"index, follow, max-snippet:-1, max-image-preview:large, max-video-preview:-1\" \/>\n<link rel=\"canonical\" href=\"https:\/\/internacional.umh.es\/ca\/2019\/10\/16\/la-catedra-sede-umh-en-ruanda-inicia-la-creacion-de-una-uci-en-el-hospital-de-nemba\/\" \/>\n<meta property=\"og:locale\" content=\"ca_ES\" \/>\n<meta property=\"og:type\" content=\"article\" \/>\n<meta property=\"og:title\" content=\"LA C\u00c1TEDRA SEDE UMH EN RUANDA INICIA LA CREACI\u00d3N DE UNA UCI EN EL HOSPITAL DE NEMBA  - Internacionalitzaci\u00f3 i Cooperaci\u00f3\" \/>\n<meta property=\"og:description\" content=\"Ho sent, per\u00f2 aquesta entrada nom\u00e9s est\u00e0 disponible en Espanyol Europeu.\" \/>\n<meta property=\"og:url\" content=\"https:\/\/internacional.umh.es\/2019\/10\/16\/la-catedra-sede-umh-en-ruanda-inicia-la-creacion-de-una-uci-en-el-hospital-de-nemba\/\" \/>\n<meta property=\"og:site_name\" content=\"Internacionalitzaci\u00f3 i Cooperaci\u00f3\" \/>\n<meta property=\"article:published_time\" content=\"2019-10-16T07:48:48+00:00\" \/>\n<meta property=\"article:modified_time\" content=\"2020-06-05T09:38:58+00:00\" \/>\n<meta property=\"og:image\" content=\"https:\/\/internacional.umh.es\/files\/2019\/10\/94c0e17e-b7d3-4305-9919-67d95555d47f-247x300.jpg\" \/>\n<meta name=\"twitter:card\" content=\"summary_large_image\" \/>\n<meta name=\"twitter:label1\" content=\"Written by\" \/>\n\t<meta name=\"twitter:data1\" content=\"emoreno\" \/>\n\t<meta name=\"twitter:label2\" content=\"Est. reading time\" \/>\n\t<meta name=\"twitter:data2\" content=\"1 minut\" \/>\n<script type=\"application\/ld+json\" class=\"yoast-schema-graph\">{\"@context\":\"https:\/\/schema.org\",\"@graph\":[{\"@type\":\"WebSite\",\"@id\":\"https:\/\/internacional.umh.es\/en\/#website\",\"url\":\"https:\/\/internacional.umh.es\/en\/\",\"name\":\"Internacionalitzaci\\u00f3 i Cooperaci\\u00f3\",\"description\":\"Universitat Miguel Hern\\u00e1ndez d&#039;Elx\",\"potentialAction\":[{\"@type\":\"SearchAction\",\"target\":{\"@type\":\"EntryPoint\",\"urlTemplate\":\"https:\/\/internacional.umh.es\/en\/?s={search_term_string}\"},\"query-input\":\"required name=search_term_string\"}],\"inLanguage\":\"ca\"},{\"@type\":\"ImageObject\",\"@id\":\"https:\/\/internacional.umh.es\/2019\/10\/16\/la-catedra-sede-umh-en-ruanda-inicia-la-creacion-de-una-uci-en-el-hospital-de-nemba\/#primaryimage\",\"inLanguage\":\"ca\",\"url\":\"https:\/\/internacional.umh.es\/files\/2019\/10\/94c0e17e-b7d3-4305-9919-67d95555d47f.jpg\",\"contentUrl\":\"https:\/\/internacional.umh.es\/files\/2019\/10\/94c0e17e-b7d3-4305-9919-67d95555d47f.jpg\",\"width\":768,\"height\":932},{\"@type\":\"WebPage\",\"@id\":\"https:\/\/internacional.umh.es\/2019\/10\/16\/la-catedra-sede-umh-en-ruanda-inicia-la-creacion-de-una-uci-en-el-hospital-de-nemba\/#webpage\",\"url\":\"https:\/\/internacional.umh.es\/2019\/10\/16\/la-catedra-sede-umh-en-ruanda-inicia-la-creacion-de-una-uci-en-el-hospital-de-nemba\/\",\"name\":\"LA C\\u00c1TEDRA SEDE UMH EN RUANDA INICIA LA CREACI\\u00d3N DE UNA UCI EN EL HOSPITAL DE NEMBA - Internacionalitzaci\\u00f3 i Cooperaci\\u00f3\",\"isPartOf\":{\"@id\":\"https:\/\/internacional.umh.es\/en\/#website\"},\"primaryImageOfPage\":{\"@id\":\"https:\/\/internacional.umh.es\/2019\/10\/16\/la-catedra-sede-umh-en-ruanda-inicia-la-creacion-de-una-uci-en-el-hospital-de-nemba\/#primaryimage\"},\"datePublished\":\"2019-10-16T07:48:48+00:00\",\"dateModified\":\"2020-06-05T09:38:58+00:00\",\"author\":{\"@id\":\"https:\/\/internacional.umh.es\/en\/#\/schema\/person\/0e6db5a45fc02a9f27d66dd22bddd06e\"},\"breadcrumb\":{\"@id\":\"https:\/\/internacional.umh.es\/2019\/10\/16\/la-catedra-sede-umh-en-ruanda-inicia-la-creacion-de-una-uci-en-el-hospital-de-nemba\/#breadcrumb\"},\"inLanguage\":\"ca\",\"potentialAction\":[{\"@type\":\"ReadAction\",\"target\":[\"https:\/\/internacional.umh.es\/2019\/10\/16\/la-catedra-sede-umh-en-ruanda-inicia-la-creacion-de-una-uci-en-el-hospital-de-nemba\/\"]}]},{\"@type\":\"BreadcrumbList\",\"@id\":\"https:\/\/internacional.umh.es\/2019\/10\/16\/la-catedra-sede-umh-en-ruanda-inicia-la-creacion-de-una-uci-en-el-hospital-de-nemba\/#breadcrumb\",\"itemListElement\":[{\"@type\":\"ListItem\",\"position\":1,\"name\":\"Home\",\"item\":\"https:\/\/internacional.umh.es\/en\/\"},{\"@type\":\"ListItem\",\"position\":2,\"name\":\"(Espa\\u00f1ol) LA C\\u00c1TEDRA SEDE UMH EN RUANDA INICIA LA CREACI\\u00d3N DE UNA UCI EN EL HOSPITAL DE NEMBA\"}]},{\"@type\":\"Person\",\"@id\":\"https:\/\/internacional.umh.es\/en\/#\/schema\/person\/0e6db5a45fc02a9f27d66dd22bddd06e\",\"name\":\"emoreno\",\"image\":{\"@type\":\"ImageObject\",\"@id\":\"https:\/\/internacional.umh.es\/en\/#personlogo\",\"inLanguage\":\"ca\",\"url\":\"https:\/\/secure.gravatar.com\/avatar\/0536aabb31c3dafcce408c4d467653b9?s=96&d=mm&r=g\",\"contentUrl\":\"https:\/\/secure.gravatar.com\/avatar\/0536aabb31c3dafcce408c4d467653b9?s=96&d=mm&r=g\",\"caption\":\"emoreno\"},\"url\":\"https:\/\/internacional.umh.es\/ca\/author\/emoreno\/\"}]}<\/script>\n<!-- \/ Yoast SEO plugin. -->","yoast_head_json":{"robots":{"index":"index","follow":"follow","max-snippet":"max-snippet:-1","max-image-preview":"max-image-preview:large","max-video-preview":"max-video-preview:-1"},"canonical":"https:\/\/internacional.umh.es\/ca\/2019\/10\/16\/la-catedra-sede-umh-en-ruanda-inicia-la-creacion-de-una-uci-en-el-hospital-de-nemba\/","og_locale":"ca_ES","og_type":"article","og_title":"LA C\u00c1TEDRA SEDE UMH EN RUANDA INICIA LA CREACI\u00d3N DE UNA UCI EN EL HOSPITAL DE NEMBA  - Internacionalitzaci\u00f3 i Cooperaci\u00f3","og_description":"Ho sent, per\u00f2 aquesta entrada nom\u00e9s est\u00e0 disponible en Espanyol Europeu.","og_url":"https:\/\/internacional.umh.es\/2019\/10\/16\/la-catedra-sede-umh-en-ruanda-inicia-la-creacion-de-una-uci-en-el-hospital-de-nemba\/","og_site_name":"Internacionalitzaci\u00f3 i Cooperaci\u00f3","article_published_time":"2019-10-16T07:48:48+00:00","article_modified_time":"2020-06-05T09:38:58+00:00","og_image":[{"url":"https:\/\/internacional.umh.es\/files\/2019\/10\/94c0e17e-b7d3-4305-9919-67d95555d47f-247x300.jpg"}],"twitter_card":"summary_large_image","twitter_misc":{"Written by":"emoreno","Est. reading time":"1 minut"},"schema":{"@context":"https:\/\/schema.org","@graph":[{"@type":"WebSite","@id":"https:\/\/internacional.umh.es\/en\/#website","url":"https:\/\/internacional.umh.es\/en\/","name":"Internacionalitzaci\u00f3 i Cooperaci\u00f3","description":"Universitat Miguel Hern\u00e1ndez d&#039;Elx","potentialAction":[{"@type":"SearchAction","target":{"@type":"EntryPoint","urlTemplate":"https:\/\/internacional.umh.es\/en\/?s={search_term_string}"},"query-input":"required name=search_term_string"}],"inLanguage":"ca"},{"@type":"ImageObject","@id":"https:\/\/internacional.umh.es\/2019\/10\/16\/la-catedra-sede-umh-en-ruanda-inicia-la-creacion-de-una-uci-en-el-hospital-de-nemba\/#primaryimage","inLanguage":"ca","url":"https:\/\/internacional.umh.es\/files\/2019\/10\/94c0e17e-b7d3-4305-9919-67d95555d47f.jpg","contentUrl":"https:\/\/internacional.umh.es\/files\/2019\/10\/94c0e17e-b7d3-4305-9919-67d95555d47f.jpg","width":768,"height":932},{"@type":"WebPage","@id":"https:\/\/internacional.umh.es\/2019\/10\/16\/la-catedra-sede-umh-en-ruanda-inicia-la-creacion-de-una-uci-en-el-hospital-de-nemba\/#webpage","url":"https:\/\/internacional.umh.es\/2019\/10\/16\/la-catedra-sede-umh-en-ruanda-inicia-la-creacion-de-una-uci-en-el-hospital-de-nemba\/","name":"LA C\u00c1TEDRA SEDE UMH EN RUANDA INICIA LA CREACI\u00d3N DE UNA UCI EN EL HOSPITAL DE NEMBA - Internacionalitzaci\u00f3 i Cooperaci\u00f3","isPartOf":{"@id":"https:\/\/internacional.umh.es\/en\/#website"},"primaryImageOfPage":{"@id":"https:\/\/internacional.umh.es\/2019\/10\/16\/la-catedra-sede-umh-en-ruanda-inicia-la-creacion-de-una-uci-en-el-hospital-de-nemba\/#primaryimage"},"datePublished":"2019-10-16T07:48:48+00:00","dateModified":"2020-06-05T09:38:58+00:00","author":{"@id":"https:\/\/internacional.umh.es\/en\/#\/schema\/person\/0e6db5a45fc02a9f27d66dd22bddd06e"},"breadcrumb":{"@id":"https:\/\/internacional.umh.es\/2019\/10\/16\/la-catedra-sede-umh-en-ruanda-inicia-la-creacion-de-una-uci-en-el-hospital-de-nemba\/#breadcrumb"},"inLanguage":"ca","potentialAction":[{"@type":"ReadAction","target":["https:\/\/internacional.umh.es\/2019\/10\/16\/la-catedra-sede-umh-en-ruanda-inicia-la-creacion-de-una-uci-en-el-hospital-de-nemba\/"]}]},{"@type":"BreadcrumbList","@id":"https:\/\/internacional.umh.es\/2019\/10\/16\/la-catedra-sede-umh-en-ruanda-inicia-la-creacion-de-una-uci-en-el-hospital-de-nemba\/#breadcrumb","itemListElement":[{"@type":"ListItem","position":1,"name":"Home","item":"https:\/\/internacional.umh.es\/en\/"},{"@type":"ListItem","position":2,"name":"(Espa\u00f1ol) LA C\u00c1TEDRA SEDE UMH EN RUANDA INICIA LA CREACI\u00d3N DE UNA UCI EN EL HOSPITAL DE NEMBA"}]},{"@type":"Person","@id":"https:\/\/internacional.umh.es\/en\/#\/schema\/person\/0e6db5a45fc02a9f27d66dd22bddd06e","name":"emoreno","image":{"@type":"ImageObject","@id":"https:\/\/internacional.umh.es\/en\/#personlogo","inLanguage":"ca","url":"https:\/\/secure.gravatar.com\/avatar\/0536aabb31c3dafcce408c4d467653b9?s=96&d=mm&r=g","contentUrl":"https:\/\/secure.gravatar.com\/avatar\/0536aabb31c3dafcce408c4d467653b9?s=96&d=mm&r=g","caption":"emoreno"},"url":"https:\/\/internacional.umh.es\/ca\/author\/emoreno\/"}]}},"_links":{"self":[{"href":"https:\/\/internacional.umh.es\/ca\/wp-json\/wp\/v2\/posts\/13094"}],"collection":[{"href":"https:\/\/internacional.umh.es\/ca\/wp-json\/wp\/v2\/posts"}],"about":[{"href":"https:\/\/internacional.umh.es\/ca\/wp-json\/wp\/v2\/types\/post"}],"author":[{"embeddable":true,"href":"https:\/\/internacional.umh.es\/ca\/wp-json\/wp\/v2\/users\/4274"}],"replies":[{"embeddable":true,"href":"https:\/\/internacional.umh.es\/ca\/wp-json\/wp\/v2\/comments?post=13094"}],"version-history":[{"count":0,"href":"https:\/\/internacional.umh.es\/ca\/wp-json\/wp\/v2\/posts\/13094\/revisions"}],"wp:attachment":[{"href":"https:\/\/internacional.umh.es\/ca\/wp-json\/wp\/v2\/media?parent=13094"}],"wp:term":[{"taxonomy":"category","embeddable":true,"href":"https:\/\/internacional.umh.es\/ca\/wp-json\/wp\/v2\/categories?post=13094"},{"taxonomy":"post_tag","embeddable":true,"href":"https:\/\/internacional.umh.es\/ca\/wp-json\/wp\/v2\/tags?post=13094"}],"curies":[{"name":"wp","href":"https:\/\/api.w.org\/{rel}","templated":true}]}}