{"id":15537,"date":"2017-10-31T14:06:59","date_gmt":"2017-10-31T13:06:59","guid":{"rendered":"https:\/\/internacional.umh.es\/?p=15537"},"modified":"2020-06-30T14:15:51","modified_gmt":"2020-06-30T12:15:51","slug":"proyecto-contribucion-del-sector-privado-a-la-actividad-de-cooperacion-al-desarrollo-estudio-tecnico-y-analisis-del-caso-de-la-universidad-miguel-hernandez-de-elche","status":"publish","type":"post","link":"https:\/\/internacional.umh.es\/ca\/2017\/10\/31\/proyecto-contribucion-del-sector-privado-a-la-actividad-de-cooperacion-al-desarrollo-estudio-tecnico-y-analisis-del-caso-de-la-universidad-miguel-hernandez-de-elche\/","title":{"rendered":"<span lang=\"es\">(Espa\u00f1ol) Proyecto: &#8220;Contribuci\u00f3n del sector privado a la actividad de cooperaci\u00f3n al desarrollo: estudio t\u00e9cnico y an\u00e1lisis del caso de la Universidad Miguel Hern\u00e1ndez de Elche\u201d.<\/span>"},"content":{"rendered":"<p class=\"qtranxs-available-languages-message qtranxs-available-languages-message-ca\">Ho sent, per\u00f2 aquesta entrada nom\u00e9s est\u00e0 disponible en <a href=\"https:\/\/internacional.umh.es\/es\/wp-json\/wp\/v2\/posts\/15537\" class=\"qtranxs-available-language-link qtranxs-available-language-link-es\" title=\"Espa\u00f1ol\">Espanyol Europeu<\/a>.<\/p>","protected":false},"excerpt":{"rendered":"<p>Ho sent, per\u00f2 aquesta entrada nom\u00e9s est\u00e0 disponible en Espanyol Europeu.<\/p>\n","protected":false},"author":105,"featured_media":0,"comment_status":"closed","ping_status":"closed","sticky":false,"template":"","format":"standard","meta":{"ngg_post_thumbnail":0,"_links_to":"","_links_to_target":""},"categories":[53429,20504,46075,296002],"tags":[53459,53188,53468,20537,400],"yoast_head":"<!-- This site is optimized with the Yoast SEO plugin v17.5 - https:\/\/yoast.com\/wordpress\/plugins\/seo\/ -->\n<meta name=\"robots\" content=\"index, follow, max-snippet:-1, max-image-preview:large, max-video-preview:-1\" \/>\n<link rel=\"canonical\" href=\"https:\/\/internacional.umh.es\/ca\/2017\/10\/31\/proyecto-contribucion-del-sector-privado-a-la-actividad-de-cooperacion-al-desarrollo-estudio-tecnico-y-analisis-del-caso-de-la-universidad-miguel-hernandez-de-elche\/\" \/>\n<meta property=\"og:locale\" content=\"ca_ES\" \/>\n<meta property=\"og:type\" content=\"article\" \/>\n<meta property=\"og:title\" content=\"Proyecto: &quot;Contribuci\u00f3n del sector privado a la actividad de cooperaci\u00f3n al desarrollo: estudio t\u00e9cnico y an\u00e1lisis del caso de la Universidad Miguel Hern\u00e1ndez de Elche\u201d. - Internacionalitzaci\u00f3 i Cooperaci\u00f3\" \/>\n<meta property=\"og:description\" content=\"Ho sent, per\u00f2 aquesta entrada nom\u00e9s est\u00e0 disponible en Espanyol Europeu.\" \/>\n<meta property=\"og:url\" content=\"https:\/\/internacional.umh.es\/ca\/2017\/10\/31\/proyecto-contribucion-del-sector-privado-a-la-actividad-de-cooperacion-al-desarrollo-estudio-tecnico-y-analisis-del-caso-de-la-universidad-miguel-hernandez-de-elche\/\" \/>\n<meta property=\"og:site_name\" content=\"Internacionalitzaci\u00f3 i Cooperaci\u00f3\" \/>\n<meta property=\"article:published_time\" content=\"2017-10-31T13:06:59+00:00\" \/>\n<meta property=\"article:modified_time\" content=\"2020-06-30T12:15:51+00:00\" \/>\n<meta name=\"twitter:card\" content=\"summary_large_image\" \/>\n<meta name=\"twitter:label1\" content=\"Written by\" \/>\n\t<meta name=\"twitter:data1\" content=\"Balonga Rodriguez, Rosa Maria\" \/>\n\t<meta name=\"twitter:label2\" content=\"Est. reading time\" \/>\n\t<meta name=\"twitter:data2\" content=\"1 minut\" \/>\n<script type=\"application\/ld+json\" class=\"yoast-schema-graph\">{\"@context\":\"https:\/\/schema.org\",\"@graph\":[{\"@type\":\"WebSite\",\"@id\":\"https:\/\/internacional.umh.es\/en\/#website\",\"url\":\"https:\/\/internacional.umh.es\/en\/\",\"name\":\"Internacionalitzaci\\u00f3 i Cooperaci\\u00f3\",\"description\":\"Universitat Miguel Hern\\u00e1ndez d&#039;Elx\",\"potentialAction\":[{\"@type\":\"SearchAction\",\"target\":{\"@type\":\"EntryPoint\",\"urlTemplate\":\"https:\/\/internacional.umh.es\/en\/?s={search_term_string}\"},\"query-input\":\"required name=search_term_string\"}],\"inLanguage\":\"ca\"},{\"@type\":\"WebPage\",\"@id\":\"https:\/\/internacional.umh.es\/ca\/2017\/10\/31\/proyecto-contribucion-del-sector-privado-a-la-actividad-de-cooperacion-al-desarrollo-estudio-tecnico-y-analisis-del-caso-de-la-universidad-miguel-hernandez-de-elche\/#webpage\",\"url\":\"https:\/\/internacional.umh.es\/ca\/2017\/10\/31\/proyecto-contribucion-del-sector-privado-a-la-actividad-de-cooperacion-al-desarrollo-estudio-tecnico-y-analisis-del-caso-de-la-universidad-miguel-hernandez-de-elche\/\",\"name\":\"Proyecto: \\\"Contribuci\\u00f3n del sector privado a la actividad de cooperaci\\u00f3n al desarrollo: estudio t\\u00e9cnico y an\\u00e1lisis del caso de la Universidad Miguel Hern\\u00e1ndez de Elche\\u201d. - Internacionalitzaci\\u00f3 i Cooperaci\\u00f3\",\"isPartOf\":{\"@id\":\"https:\/\/internacional.umh.es\/en\/#website\"},\"datePublished\":\"2017-10-31T13:06:59+00:00\",\"dateModified\":\"2020-06-30T12:15:51+00:00\",\"author\":{\"@id\":\"https:\/\/internacional.umh.es\/en\/#\/schema\/person\/321cb176832fb128ea0197093719f10c\"},\"breadcrumb\":{\"@id\":\"https:\/\/internacional.umh.es\/ca\/2017\/10\/31\/proyecto-contribucion-del-sector-privado-a-la-actividad-de-cooperacion-al-desarrollo-estudio-tecnico-y-analisis-del-caso-de-la-universidad-miguel-hernandez-de-elche\/#breadcrumb\"},\"inLanguage\":\"ca\",\"potentialAction\":[{\"@type\":\"ReadAction\",\"target\":[\"https:\/\/internacional.umh.es\/ca\/2017\/10\/31\/proyecto-contribucion-del-sector-privado-a-la-actividad-de-cooperacion-al-desarrollo-estudio-tecnico-y-analisis-del-caso-de-la-universidad-miguel-hernandez-de-elche\/\"]}]},{\"@type\":\"BreadcrumbList\",\"@id\":\"https:\/\/internacional.umh.es\/ca\/2017\/10\/31\/proyecto-contribucion-del-sector-privado-a-la-actividad-de-cooperacion-al-desarrollo-estudio-tecnico-y-analisis-del-caso-de-la-universidad-miguel-hernandez-de-elche\/#breadcrumb\",\"itemListElement\":[{\"@type\":\"ListItem\",\"position\":1,\"name\":\"Home\",\"item\":\"https:\/\/internacional.umh.es\/en\/\"},{\"@type\":\"ListItem\",\"position\":2,\"name\":\"(Espa\\u00f1ol) Proyecto: &#8220;Contribuci\\u00f3n del sector privado a la actividad de cooperaci\\u00f3n al desarrollo: estudio t\\u00e9cnico y an\\u00e1lisis del caso de la Universidad Miguel Hern\\u00e1ndez de Elche\\u201d.\"}]},{\"@type\":\"Person\",\"@id\":\"https:\/\/internacional.umh.es\/en\/#\/schema\/person\/321cb176832fb128ea0197093719f10c\",\"name\":\"Balonga Rodriguez, Rosa Maria\",\"image\":{\"@type\":\"ImageObject\",\"@id\":\"https:\/\/internacional.umh.es\/en\/#personlogo\",\"inLanguage\":\"ca\",\"url\":\"https:\/\/secure.gravatar.com\/avatar\/392ac6e3744e4aa0bc4418828cab5055?s=96&d=mm&r=g\",\"contentUrl\":\"https:\/\/secure.gravatar.com\/avatar\/392ac6e3744e4aa0bc4418828cab5055?s=96&d=mm&r=g\",\"caption\":\"Balonga Rodriguez, Rosa Maria\"},\"url\":\"https:\/\/internacional.umh.es\/ca\/author\/rmbalonga\/\"}]}<\/script>\n<!-- \/ Yoast SEO plugin. -->","yoast_head_json":{"robots":{"index":"index","follow":"follow","max-snippet":"max-snippet:-1","max-image-preview":"max-image-preview:large","max-video-preview":"max-video-preview:-1"},"canonical":"https:\/\/internacional.umh.es\/ca\/2017\/10\/31\/proyecto-contribucion-del-sector-privado-a-la-actividad-de-cooperacion-al-desarrollo-estudio-tecnico-y-analisis-del-caso-de-la-universidad-miguel-hernandez-de-elche\/","og_locale":"ca_ES","og_type":"article","og_title":"Proyecto: \"Contribuci\u00f3n del sector privado a la actividad de cooperaci\u00f3n al desarrollo: estudio t\u00e9cnico y an\u00e1lisis del caso de la Universidad Miguel Hern\u00e1ndez de Elche\u201d. - Internacionalitzaci\u00f3 i Cooperaci\u00f3","og_description":"Ho sent, per\u00f2 aquesta entrada nom\u00e9s est\u00e0 disponible en Espanyol Europeu.","og_url":"https:\/\/internacional.umh.es\/ca\/2017\/10\/31\/proyecto-contribucion-del-sector-privado-a-la-actividad-de-cooperacion-al-desarrollo-estudio-tecnico-y-analisis-del-caso-de-la-universidad-miguel-hernandez-de-elche\/","og_site_name":"Internacionalitzaci\u00f3 i Cooperaci\u00f3","article_published_time":"2017-10-31T13:06:59+00:00","article_modified_time":"2020-06-30T12:15:51+00:00","twitter_card":"summary_large_image","twitter_misc":{"Written by":"Balonga Rodriguez, Rosa Maria","Est. reading time":"1 minut"},"schema":{"@context":"https:\/\/schema.org","@graph":[{"@type":"WebSite","@id":"https:\/\/internacional.umh.es\/en\/#website","url":"https:\/\/internacional.umh.es\/en\/","name":"Internacionalitzaci\u00f3 i Cooperaci\u00f3","description":"Universitat Miguel Hern\u00e1ndez d&#039;Elx","potentialAction":[{"@type":"SearchAction","target":{"@type":"EntryPoint","urlTemplate":"https:\/\/internacional.umh.es\/en\/?s={search_term_string}"},"query-input":"required name=search_term_string"}],"inLanguage":"ca"},{"@type":"WebPage","@id":"https:\/\/internacional.umh.es\/ca\/2017\/10\/31\/proyecto-contribucion-del-sector-privado-a-la-actividad-de-cooperacion-al-desarrollo-estudio-tecnico-y-analisis-del-caso-de-la-universidad-miguel-hernandez-de-elche\/#webpage","url":"https:\/\/internacional.umh.es\/ca\/2017\/10\/31\/proyecto-contribucion-del-sector-privado-a-la-actividad-de-cooperacion-al-desarrollo-estudio-tecnico-y-analisis-del-caso-de-la-universidad-miguel-hernandez-de-elche\/","name":"Proyecto: \"Contribuci\u00f3n del sector privado a la actividad de cooperaci\u00f3n al desarrollo: estudio t\u00e9cnico y an\u00e1lisis del caso de la Universidad Miguel Hern\u00e1ndez de Elche\u201d. - Internacionalitzaci\u00f3 i Cooperaci\u00f3","isPartOf":{"@id":"https:\/\/internacional.umh.es\/en\/#website"},"datePublished":"2017-10-31T13:06:59+00:00","dateModified":"2020-06-30T12:15:51+00:00","author":{"@id":"https:\/\/internacional.umh.es\/en\/#\/schema\/person\/321cb176832fb128ea0197093719f10c"},"breadcrumb":{"@id":"https:\/\/internacional.umh.es\/ca\/2017\/10\/31\/proyecto-contribucion-del-sector-privado-a-la-actividad-de-cooperacion-al-desarrollo-estudio-tecnico-y-analisis-del-caso-de-la-universidad-miguel-hernandez-de-elche\/#breadcrumb"},"inLanguage":"ca","potentialAction":[{"@type":"ReadAction","target":["https:\/\/internacional.umh.es\/ca\/2017\/10\/31\/proyecto-contribucion-del-sector-privado-a-la-actividad-de-cooperacion-al-desarrollo-estudio-tecnico-y-analisis-del-caso-de-la-universidad-miguel-hernandez-de-elche\/"]}]},{"@type":"BreadcrumbList","@id":"https:\/\/internacional.umh.es\/ca\/2017\/10\/31\/proyecto-contribucion-del-sector-privado-a-la-actividad-de-cooperacion-al-desarrollo-estudio-tecnico-y-analisis-del-caso-de-la-universidad-miguel-hernandez-de-elche\/#breadcrumb","itemListElement":[{"@type":"ListItem","position":1,"name":"Home","item":"https:\/\/internacional.umh.es\/en\/"},{"@type":"ListItem","position":2,"name":"(Espa\u00f1ol) Proyecto: &#8220;Contribuci\u00f3n del sector privado a la actividad de cooperaci\u00f3n al desarrollo: estudio t\u00e9cnico y an\u00e1lisis del caso de la Universidad Miguel Hern\u00e1ndez de Elche\u201d."}]},{"@type":"Person","@id":"https:\/\/internacional.umh.es\/en\/#\/schema\/person\/321cb176832fb128ea0197093719f10c","name":"Balonga Rodriguez, Rosa Maria","image":{"@type":"ImageObject","@id":"https:\/\/internacional.umh.es\/en\/#personlogo","inLanguage":"ca","url":"https:\/\/secure.gravatar.com\/avatar\/392ac6e3744e4aa0bc4418828cab5055?s=96&d=mm&r=g","contentUrl":"https:\/\/secure.gravatar.com\/avatar\/392ac6e3744e4aa0bc4418828cab5055?s=96&d=mm&r=g","caption":"Balonga Rodriguez, Rosa Maria"},"url":"https:\/\/internacional.umh.es\/ca\/author\/rmbalonga\/"}]}},"_links":{"self":[{"href":"https:\/\/internacional.umh.es\/ca\/wp-json\/wp\/v2\/posts\/15537"}],"collection":[{"href":"https:\/\/internacional.umh.es\/ca\/wp-json\/wp\/v2\/posts"}],"about":[{"href":"https:\/\/internacional.umh.es\/ca\/wp-json\/wp\/v2\/types\/post"}],"author":[{"embeddable":true,"href":"https:\/\/internacional.umh.es\/ca\/wp-json\/wp\/v2\/users\/105"}],"replies":[{"embeddable":true,"href":"https:\/\/internacional.umh.es\/ca\/wp-json\/wp\/v2\/comments?post=15537"}],"version-history":[{"count":0,"href":"https:\/\/internacional.umh.es\/ca\/wp-json\/wp\/v2\/posts\/15537\/revisions"}],"wp:attachment":[{"href":"https:\/\/internacional.umh.es\/ca\/wp-json\/wp\/v2\/media?parent=15537"}],"wp:term":[{"taxonomy":"category","embeddable":true,"href":"https:\/\/internacional.umh.es\/ca\/wp-json\/wp\/v2\/categories?post=15537"},{"taxonomy":"post_tag","embeddable":true,"href":"https:\/\/internacional.umh.es\/ca\/wp-json\/wp\/v2\/tags?post=15537"}],"curies":[{"name":"wp","href":"https:\/\/api.w.org\/{rel}","templated":true}]}}