{"id":16062,"date":"2020-07-23T08:15:24","date_gmt":"2020-07-23T06:15:24","guid":{"rendered":"https:\/\/internacional.umh.es\/?p=16062"},"modified":"2020-07-24T08:42:26","modified_gmt":"2020-07-24T06:42:26","slug":"el-consejo-asesor-de-la-catedra-de-cooperacion-al-desarrollo-sostenible-prosperidad-de-la-umh-se-reune-para-aprobar-el-plan-de-actividades-y-su-cronograma-para-2020","status":"publish","type":"post","link":"https:\/\/internacional.umh.es\/ca\/2020\/07\/23\/el-consejo-asesor-de-la-catedra-de-cooperacion-al-desarrollo-sostenible-prosperidad-de-la-umh-se-reune-para-aprobar-el-plan-de-actividades-y-su-cronograma-para-2020\/","title":{"rendered":"ARRANCA LA C\u00c0TEDRA DE COOPERACI\u00d3 AL DESENVOLUPAMENT SOSTENIBLE \u201cPROSPERITAT\u201d DE LA UMH"},"content":{"rendered":"<p class=\"qtranxs-available-languages-message qtranxs-available-languages-message-ca\">Ho sent, per\u00f2 aquesta entrada nom\u00e9s est\u00e0 disponible en <a href=\"https:\/\/internacional.umh.es\/es\/wp-json\/wp\/v2\/posts\/16062\" class=\"qtranxs-available-language-link qtranxs-available-language-link-es\" title=\"Espa\u00f1ol\">Espanyol Europeu<\/a>.<\/p>","protected":false},"excerpt":{"rendered":"<p>Ho sent, per\u00f2 aquesta entrada nom\u00e9s est\u00e0 disponible en Espanyol Europeu.<\/p>\n","protected":false},"author":5213,"featured_media":0,"comment_status":"closed","ping_status":"closed","sticky":false,"template":"","format":"standard","meta":{"ngg_post_thumbnail":0,"_links_to":"","_links_to_target":""},"categories":[20504,46075,20486,296002],"tags":[50922,286796],"yoast_head":"<!-- This site is optimized with the Yoast SEO plugin v17.5 - https:\/\/yoast.com\/wordpress\/plugins\/seo\/ -->\n<meta name=\"robots\" content=\"index, follow, max-snippet:-1, max-image-preview:large, max-video-preview:-1\" \/>\n<link rel=\"canonical\" href=\"https:\/\/internacional.umh.es\/ca\/2020\/07\/23\/el-consejo-asesor-de-la-catedra-de-cooperacion-al-desarrollo-sostenible-prosperidad-de-la-umh-se-reune-para-aprobar-el-plan-de-actividades-y-su-cronograma-para-2020\/\" \/>\n<meta property=\"og:locale\" content=\"ca_ES\" \/>\n<meta property=\"og:type\" content=\"article\" \/>\n<meta property=\"og:title\" content=\"ARRANCA LA C\u00c1TEDRA DE COOPERACI\u00d3N AL DESARROLLO SOSTENIBLE \u201cPROSPERIDAD\u201d DE LA UMH ARRANCA LA C\u00c0TEDRA DE COOPERACI\u00d3 AL DESENVOLUPAMENT SOSTENIBLE \u201cPROSPERITAT\u201d DE LA UMH PROSPERITY, UMH CHAIR OF COOPERATION AND SUSTAINABLE DEVELOPMENT, LAUNCHED - Internacionalitzaci\u00f3 i Cooperaci\u00f3\" \/>\n<meta property=\"og:description\" content=\"Ho sent, per\u00f2 aquesta entrada nom\u00e9s est\u00e0 disponible en Espanyol Europeu.\" \/>\n<meta property=\"og:url\" content=\"https:\/\/internacional.umh.es\/en\/2020\/07\/23\/el-consejo-asesor-de-la-catedra-de-cooperacion-al-desarrollo-sostenible-prosperidad-de-la-umh-se-reune-para-aprobar-el-plan-de-actividades-y-su-cronograma-para-2020\/\" \/>\n<meta property=\"og:site_name\" content=\"Internacionalitzaci\u00f3 i Cooperaci\u00f3\" \/>\n<meta property=\"article:published_time\" content=\"2020-07-23T06:15:24+00:00\" \/>\n<meta property=\"article:modified_time\" content=\"2020-07-24T06:42:26+00:00\" \/>\n<meta property=\"og:image\" content=\"https:\/\/internacional.umh.es\/files\/2020\/07\/unnamed-e1595484905155-300x198.png\" \/>\n<meta name=\"twitter:card\" content=\"summary_large_image\" \/>\n<meta name=\"twitter:label1\" content=\"Written by\" \/>\n\t<meta name=\"twitter:data1\" content=\"epardo\" \/>\n\t<meta name=\"twitter:label2\" content=\"Est. reading time\" \/>\n\t<meta name=\"twitter:data2\" content=\"3 minuts\" \/>\n<script type=\"application\/ld+json\" class=\"yoast-schema-graph\">{\"@context\":\"https:\/\/schema.org\",\"@graph\":[{\"@type\":\"WebSite\",\"@id\":\"https:\/\/internacional.umh.es\/en\/#website\",\"url\":\"https:\/\/internacional.umh.es\/en\/\",\"name\":\"Internacionalitzaci\\u00f3 i Cooperaci\\u00f3\",\"description\":\"Universitat Miguel Hern\\u00e1ndez d&#039;Elx\",\"potentialAction\":[{\"@type\":\"SearchAction\",\"target\":{\"@type\":\"EntryPoint\",\"urlTemplate\":\"https:\/\/internacional.umh.es\/en\/?s={search_term_string}\"},\"query-input\":\"required name=search_term_string\"}],\"inLanguage\":\"ca\"},{\"@type\":\"ImageObject\",\"@id\":\"https:\/\/internacional.umh.es\/en\/2020\/07\/23\/el-consejo-asesor-de-la-catedra-de-cooperacion-al-desarrollo-sostenible-prosperidad-de-la-umh-se-reune-para-aprobar-el-plan-de-actividades-y-su-cronograma-para-2020\/#primaryimage\",\"inLanguage\":\"ca\",\"url\":\"https:\/\/internacional.umh.es\/files\/2020\/07\/unnamed-e1595484905155.png\",\"contentUrl\":\"https:\/\/internacional.umh.es\/files\/2020\/07\/unnamed-e1595484905155.png\",\"width\":1526,\"height\":1008},{\"@type\":\"WebPage\",\"@id\":\"https:\/\/internacional.umh.es\/en\/2020\/07\/23\/el-consejo-asesor-de-la-catedra-de-cooperacion-al-desarrollo-sostenible-prosperidad-de-la-umh-se-reune-para-aprobar-el-plan-de-actividades-y-su-cronograma-para-2020\/#webpage\",\"url\":\"https:\/\/internacional.umh.es\/en\/2020\/07\/23\/el-consejo-asesor-de-la-catedra-de-cooperacion-al-desarrollo-sostenible-prosperidad-de-la-umh-se-reune-para-aprobar-el-plan-de-actividades-y-su-cronograma-para-2020\/\",\"name\":\"ARRANCA LA C\\u00c1TEDRA DE COOPERACI\\u00d3N AL DESARROLLO SOSTENIBLE \\u201cPROSPERIDAD\\u201d DE LA UMH ARRANCA LA C\\u00c0TEDRA DE COOPERACI\\u00d3 AL DESENVOLUPAMENT SOSTENIBLE \\u201cPROSPERITAT\\u201d DE LA UMH PROSPERITY, UMH CHAIR OF COOPERATION AND SUSTAINABLE DEVELOPMENT, LAUNCHED - Internacionalitzaci\\u00f3 i Cooperaci\\u00f3\",\"isPartOf\":{\"@id\":\"https:\/\/internacional.umh.es\/en\/#website\"},\"primaryImageOfPage\":{\"@id\":\"https:\/\/internacional.umh.es\/en\/2020\/07\/23\/el-consejo-asesor-de-la-catedra-de-cooperacion-al-desarrollo-sostenible-prosperidad-de-la-umh-se-reune-para-aprobar-el-plan-de-actividades-y-su-cronograma-para-2020\/#primaryimage\"},\"datePublished\":\"2020-07-23T06:15:24+00:00\",\"dateModified\":\"2020-07-24T06:42:26+00:00\",\"author\":{\"@id\":\"https:\/\/internacional.umh.es\/en\/#\/schema\/person\/23ee0552b667e3b5d2f43eab82a795b0\"},\"breadcrumb\":{\"@id\":\"https:\/\/internacional.umh.es\/en\/2020\/07\/23\/el-consejo-asesor-de-la-catedra-de-cooperacion-al-desarrollo-sostenible-prosperidad-de-la-umh-se-reune-para-aprobar-el-plan-de-actividades-y-su-cronograma-para-2020\/#breadcrumb\"},\"inLanguage\":\"ca\",\"potentialAction\":[{\"@type\":\"ReadAction\",\"target\":[\"https:\/\/internacional.umh.es\/en\/2020\/07\/23\/el-consejo-asesor-de-la-catedra-de-cooperacion-al-desarrollo-sostenible-prosperidad-de-la-umh-se-reune-para-aprobar-el-plan-de-actividades-y-su-cronograma-para-2020\/\"]}]},{\"@type\":\"BreadcrumbList\",\"@id\":\"https:\/\/internacional.umh.es\/en\/2020\/07\/23\/el-consejo-asesor-de-la-catedra-de-cooperacion-al-desarrollo-sostenible-prosperidad-de-la-umh-se-reune-para-aprobar-el-plan-de-actividades-y-su-cronograma-para-2020\/#breadcrumb\",\"itemListElement\":[{\"@type\":\"ListItem\",\"position\":1,\"name\":\"Home\",\"item\":\"https:\/\/internacional.umh.es\/en\/\"},{\"@type\":\"ListItem\",\"position\":2,\"name\":\"PROSPERITY, UMH CHAIR OF COOPERATION AND SUSTAINABLE DEVELOPMENT, LAUNCHED\"}]},{\"@type\":\"Person\",\"@id\":\"https:\/\/internacional.umh.es\/en\/#\/schema\/person\/23ee0552b667e3b5d2f43eab82a795b0\",\"name\":\"epardo\",\"image\":{\"@type\":\"ImageObject\",\"@id\":\"https:\/\/internacional.umh.es\/en\/#personlogo\",\"inLanguage\":\"ca\",\"url\":\"https:\/\/secure.gravatar.com\/avatar\/77628998cca74537d9094b3425e9b6b4?s=96&d=mm&r=g\",\"contentUrl\":\"https:\/\/secure.gravatar.com\/avatar\/77628998cca74537d9094b3425e9b6b4?s=96&d=mm&r=g\",\"caption\":\"epardo\"},\"url\":\"https:\/\/internacional.umh.es\/ca\/author\/epardo\/\"}]}<\/script>\n<!-- \/ Yoast SEO plugin. -->","yoast_head_json":{"robots":{"index":"index","follow":"follow","max-snippet":"max-snippet:-1","max-image-preview":"max-image-preview:large","max-video-preview":"max-video-preview:-1"},"canonical":"https:\/\/internacional.umh.es\/ca\/2020\/07\/23\/el-consejo-asesor-de-la-catedra-de-cooperacion-al-desarrollo-sostenible-prosperidad-de-la-umh-se-reune-para-aprobar-el-plan-de-actividades-y-su-cronograma-para-2020\/","og_locale":"ca_ES","og_type":"article","og_title":"ARRANCA LA C\u00c1TEDRA DE COOPERACI\u00d3N AL DESARROLLO SOSTENIBLE \u201cPROSPERIDAD\u201d DE LA UMH ARRANCA LA C\u00c0TEDRA DE COOPERACI\u00d3 AL DESENVOLUPAMENT SOSTENIBLE \u201cPROSPERITAT\u201d DE LA UMH PROSPERITY, UMH CHAIR OF COOPERATION AND SUSTAINABLE DEVELOPMENT, LAUNCHED - Internacionalitzaci\u00f3 i Cooperaci\u00f3","og_description":"Ho sent, per\u00f2 aquesta entrada nom\u00e9s est\u00e0 disponible en Espanyol Europeu.","og_url":"https:\/\/internacional.umh.es\/en\/2020\/07\/23\/el-consejo-asesor-de-la-catedra-de-cooperacion-al-desarrollo-sostenible-prosperidad-de-la-umh-se-reune-para-aprobar-el-plan-de-actividades-y-su-cronograma-para-2020\/","og_site_name":"Internacionalitzaci\u00f3 i Cooperaci\u00f3","article_published_time":"2020-07-23T06:15:24+00:00","article_modified_time":"2020-07-24T06:42:26+00:00","og_image":[{"url":"https:\/\/internacional.umh.es\/files\/2020\/07\/unnamed-e1595484905155-300x198.png"}],"twitter_card":"summary_large_image","twitter_misc":{"Written by":"epardo","Est. reading time":"3 minuts"},"schema":{"@context":"https:\/\/schema.org","@graph":[{"@type":"WebSite","@id":"https:\/\/internacional.umh.es\/en\/#website","url":"https:\/\/internacional.umh.es\/en\/","name":"Internacionalitzaci\u00f3 i Cooperaci\u00f3","description":"Universitat Miguel Hern\u00e1ndez d&#039;Elx","potentialAction":[{"@type":"SearchAction","target":{"@type":"EntryPoint","urlTemplate":"https:\/\/internacional.umh.es\/en\/?s={search_term_string}"},"query-input":"required name=search_term_string"}],"inLanguage":"ca"},{"@type":"ImageObject","@id":"https:\/\/internacional.umh.es\/en\/2020\/07\/23\/el-consejo-asesor-de-la-catedra-de-cooperacion-al-desarrollo-sostenible-prosperidad-de-la-umh-se-reune-para-aprobar-el-plan-de-actividades-y-su-cronograma-para-2020\/#primaryimage","inLanguage":"ca","url":"https:\/\/internacional.umh.es\/files\/2020\/07\/unnamed-e1595484905155.png","contentUrl":"https:\/\/internacional.umh.es\/files\/2020\/07\/unnamed-e1595484905155.png","width":1526,"height":1008},{"@type":"WebPage","@id":"https:\/\/internacional.umh.es\/en\/2020\/07\/23\/el-consejo-asesor-de-la-catedra-de-cooperacion-al-desarrollo-sostenible-prosperidad-de-la-umh-se-reune-para-aprobar-el-plan-de-actividades-y-su-cronograma-para-2020\/#webpage","url":"https:\/\/internacional.umh.es\/en\/2020\/07\/23\/el-consejo-asesor-de-la-catedra-de-cooperacion-al-desarrollo-sostenible-prosperidad-de-la-umh-se-reune-para-aprobar-el-plan-de-actividades-y-su-cronograma-para-2020\/","name":"ARRANCA LA C\u00c1TEDRA DE COOPERACI\u00d3N AL DESARROLLO SOSTENIBLE \u201cPROSPERIDAD\u201d DE LA UMH ARRANCA LA C\u00c0TEDRA DE COOPERACI\u00d3 AL DESENVOLUPAMENT SOSTENIBLE \u201cPROSPERITAT\u201d DE LA UMH PROSPERITY, UMH CHAIR OF COOPERATION AND SUSTAINABLE DEVELOPMENT, LAUNCHED - Internacionalitzaci\u00f3 i Cooperaci\u00f3","isPartOf":{"@id":"https:\/\/internacional.umh.es\/en\/#website"},"primaryImageOfPage":{"@id":"https:\/\/internacional.umh.es\/en\/2020\/07\/23\/el-consejo-asesor-de-la-catedra-de-cooperacion-al-desarrollo-sostenible-prosperidad-de-la-umh-se-reune-para-aprobar-el-plan-de-actividades-y-su-cronograma-para-2020\/#primaryimage"},"datePublished":"2020-07-23T06:15:24+00:00","dateModified":"2020-07-24T06:42:26+00:00","author":{"@id":"https:\/\/internacional.umh.es\/en\/#\/schema\/person\/23ee0552b667e3b5d2f43eab82a795b0"},"breadcrumb":{"@id":"https:\/\/internacional.umh.es\/en\/2020\/07\/23\/el-consejo-asesor-de-la-catedra-de-cooperacion-al-desarrollo-sostenible-prosperidad-de-la-umh-se-reune-para-aprobar-el-plan-de-actividades-y-su-cronograma-para-2020\/#breadcrumb"},"inLanguage":"ca","potentialAction":[{"@type":"ReadAction","target":["https:\/\/internacional.umh.es\/en\/2020\/07\/23\/el-consejo-asesor-de-la-catedra-de-cooperacion-al-desarrollo-sostenible-prosperidad-de-la-umh-se-reune-para-aprobar-el-plan-de-actividades-y-su-cronograma-para-2020\/"]}]},{"@type":"BreadcrumbList","@id":"https:\/\/internacional.umh.es\/en\/2020\/07\/23\/el-consejo-asesor-de-la-catedra-de-cooperacion-al-desarrollo-sostenible-prosperidad-de-la-umh-se-reune-para-aprobar-el-plan-de-actividades-y-su-cronograma-para-2020\/#breadcrumb","itemListElement":[{"@type":"ListItem","position":1,"name":"Home","item":"https:\/\/internacional.umh.es\/en\/"},{"@type":"ListItem","position":2,"name":"PROSPERITY, UMH CHAIR OF COOPERATION AND SUSTAINABLE DEVELOPMENT, LAUNCHED"}]},{"@type":"Person","@id":"https:\/\/internacional.umh.es\/en\/#\/schema\/person\/23ee0552b667e3b5d2f43eab82a795b0","name":"epardo","image":{"@type":"ImageObject","@id":"https:\/\/internacional.umh.es\/en\/#personlogo","inLanguage":"ca","url":"https:\/\/secure.gravatar.com\/avatar\/77628998cca74537d9094b3425e9b6b4?s=96&d=mm&r=g","contentUrl":"https:\/\/secure.gravatar.com\/avatar\/77628998cca74537d9094b3425e9b6b4?s=96&d=mm&r=g","caption":"epardo"},"url":"https:\/\/internacional.umh.es\/ca\/author\/epardo\/"}]}},"_links":{"self":[{"href":"https:\/\/internacional.umh.es\/ca\/wp-json\/wp\/v2\/posts\/16062"}],"collection":[{"href":"https:\/\/internacional.umh.es\/ca\/wp-json\/wp\/v2\/posts"}],"about":[{"href":"https:\/\/internacional.umh.es\/ca\/wp-json\/wp\/v2\/types\/post"}],"author":[{"embeddable":true,"href":"https:\/\/internacional.umh.es\/ca\/wp-json\/wp\/v2\/users\/5213"}],"replies":[{"embeddable":true,"href":"https:\/\/internacional.umh.es\/ca\/wp-json\/wp\/v2\/comments?post=16062"}],"version-history":[{"count":0,"href":"https:\/\/internacional.umh.es\/ca\/wp-json\/wp\/v2\/posts\/16062\/revisions"}],"wp:attachment":[{"href":"https:\/\/internacional.umh.es\/ca\/wp-json\/wp\/v2\/media?parent=16062"}],"wp:term":[{"taxonomy":"category","embeddable":true,"href":"https:\/\/internacional.umh.es\/ca\/wp-json\/wp\/v2\/categories?post=16062"},{"taxonomy":"post_tag","embeddable":true,"href":"https:\/\/internacional.umh.es\/ca\/wp-json\/wp\/v2\/tags?post=16062"}],"curies":[{"name":"wp","href":"https:\/\/api.w.org\/{rel}","templated":true}]}}