{"id":17016,"date":"2020-10-20T15:00:50","date_gmt":"2020-10-20T13:00:50","guid":{"rendered":"https:\/\/internacional.umh.es\/?p=17016"},"modified":"2020-10-22T09:23:04","modified_gmt":"2020-10-22T07:23:04","slug":"primera-tesis-de-doble-titulacion-de-doctorado-sobre-las-relaciones-familiares-de-personas-transexuales","status":"publish","type":"post","link":"https:\/\/internacional.umh.es\/ca\/2020\/10\/20\/primera-tesis-de-doble-titulacion-de-doctorado-sobre-las-relaciones-familiares-de-personas-transexuales\/","title":{"rendered":"Primera tesi de Doble Titulaci\u00f3 de Doctorat sobre les relacions familiars de persones transsexuals"},"content":{"rendered":"<p class=\"qtranxs-available-languages-message qtranxs-available-languages-message-ca\">Ho sent, per\u00f2 aquesta entrada nom\u00e9s est\u00e0 disponible en <a href=\"https:\/\/internacional.umh.es\/es\/wp-json\/wp\/v2\/posts\/17016\" class=\"qtranxs-available-language-link qtranxs-available-language-link-es\" title=\"Espa\u00f1ol\">Espanyol Europeu<\/a> i <a href=\"https:\/\/internacional.umh.es\/en\/wp-json\/wp\/v2\/posts\/17016\" class=\"qtranxs-available-language-link qtranxs-available-language-link-en\" title=\"English\">Angl\u00e8s Americ\u00e0<\/a>.<\/p>","protected":false},"excerpt":{"rendered":"<p>Ho sent, per\u00f2 aquesta entrada nom\u00e9s est\u00e0 disponible en Espanyol Europeu i Angl\u00e8s Americ\u00e0.<\/p>\n","protected":false},"author":5213,"featured_media":0,"comment_status":"closed","ping_status":"closed","sticky":false,"template":"","format":"standard","meta":{"ngg_post_thumbnail":0,"_links_to":"","_links_to_target":""},"categories":[68465,238031,3742,2288],"tags":[2767,4748,354206],"yoast_head":"<!-- This site is optimized with the Yoast SEO plugin v17.5 - https:\/\/yoast.com\/wordpress\/plugins\/seo\/ -->\n<meta name=\"robots\" content=\"index, follow, max-snippet:-1, max-image-preview:large, max-video-preview:-1\" \/>\n<link rel=\"canonical\" href=\"https:\/\/internacional.umh.es\/ca\/2020\/10\/20\/primera-tesis-de-doble-titulacion-de-doctorado-sobre-las-relaciones-familiares-de-personas-transexuales\/\" \/>\n<meta property=\"og:locale\" content=\"ca_ES\" \/>\n<meta property=\"og:type\" content=\"article\" \/>\n<meta property=\"og:title\" content=\"Primera tesis de Doble Titulaci\u00f3n de Doctorado sobre las relaciones familiares de personas transexualesPrimera tesi de Doble Titulaci\u00f3 de Doctorat sobre les relacions familiars de persones transsexualsFirst Defense of Joint Doctoral Thesis on Family Relationships of Transsexual People - Internacionalitzaci\u00f3 i Cooperaci\u00f3\" \/>\n<meta property=\"og:description\" content=\"Ho sent, per\u00f2 aquesta entrada nom\u00e9s est\u00e0 disponible en Espanyol Europeu i Angl\u00e8s Americ\u00e0.\" \/>\n<meta property=\"og:url\" content=\"https:\/\/internacional.umh.es\/2020\/10\/20\/primera-tesis-de-doble-titulacion-de-doctorado-sobre-las-relaciones-familiares-de-personas-transexuales\/\" \/>\n<meta property=\"og:site_name\" content=\"Internacionalitzaci\u00f3 i Cooperaci\u00f3\" \/>\n<meta property=\"article:published_time\" content=\"2020-10-20T13:00:50+00:00\" \/>\n<meta property=\"article:modified_time\" content=\"2020-10-22T07:23:04+00:00\" \/>\n<meta property=\"og:image\" content=\"https:\/\/internacional.umh.es\/files\/2020\/10\/Foto-Defesa-Danilo-1-1-1-296x300.jpg\" \/>\n<meta name=\"twitter:card\" content=\"summary_large_image\" \/>\n<meta name=\"twitter:label1\" content=\"Written by\" \/>\n\t<meta name=\"twitter:data1\" content=\"epardo\" \/>\n\t<meta name=\"twitter:label2\" content=\"Est. reading time\" \/>\n\t<meta name=\"twitter:data2\" content=\"7 minuts\" \/>\n<script type=\"application\/ld+json\" class=\"yoast-schema-graph\">{\"@context\":\"https:\/\/schema.org\",\"@graph\":[{\"@type\":\"WebSite\",\"@id\":\"https:\/\/internacional.umh.es\/en\/#website\",\"url\":\"https:\/\/internacional.umh.es\/en\/\",\"name\":\"Internacionalitzaci\\u00f3 i Cooperaci\\u00f3\",\"description\":\"Universitat Miguel Hern\\u00e1ndez d&#039;Elx\",\"potentialAction\":[{\"@type\":\"SearchAction\",\"target\":{\"@type\":\"EntryPoint\",\"urlTemplate\":\"https:\/\/internacional.umh.es\/en\/?s={search_term_string}\"},\"query-input\":\"required name=search_term_string\"}],\"inLanguage\":\"ca\"},{\"@type\":\"ImageObject\",\"@id\":\"https:\/\/internacional.umh.es\/2020\/10\/20\/primera-tesis-de-doble-titulacion-de-doctorado-sobre-las-relaciones-familiares-de-personas-transexuales\/#primaryimage\",\"inLanguage\":\"ca\",\"url\":\"https:\/\/internacional.umh.es\/files\/2020\/10\/Foto-Defesa-Danilo-1-1-1.jpg\",\"contentUrl\":\"https:\/\/internacional.umh.es\/files\/2020\/10\/Foto-Defesa-Danilo-1-1-1.jpg\",\"width\":675,\"height\":683,\"caption\":\"Danilo Borges defensa tesis USP UMH\"},{\"@type\":\"WebPage\",\"@id\":\"https:\/\/internacional.umh.es\/2020\/10\/20\/primera-tesis-de-doble-titulacion-de-doctorado-sobre-las-relaciones-familiares-de-personas-transexuales\/#webpage\",\"url\":\"https:\/\/internacional.umh.es\/2020\/10\/20\/primera-tesis-de-doble-titulacion-de-doctorado-sobre-las-relaciones-familiares-de-personas-transexuales\/\",\"name\":\"Primera tesis de Doble Titulaci\\u00f3n de Doctorado sobre las relaciones familiares de personas transexualesPrimera tesi de Doble Titulaci\\u00f3 de Doctorat sobre les relacions familiars de persones transsexualsFirst Defense of Joint Doctoral Thesis on Family Relationships of Transsexual People - Internacionalitzaci\\u00f3 i Cooperaci\\u00f3\",\"isPartOf\":{\"@id\":\"https:\/\/internacional.umh.es\/en\/#website\"},\"primaryImageOfPage\":{\"@id\":\"https:\/\/internacional.umh.es\/2020\/10\/20\/primera-tesis-de-doble-titulacion-de-doctorado-sobre-las-relaciones-familiares-de-personas-transexuales\/#primaryimage\"},\"datePublished\":\"2020-10-20T13:00:50+00:00\",\"dateModified\":\"2020-10-22T07:23:04+00:00\",\"author\":{\"@id\":\"https:\/\/internacional.umh.es\/en\/#\/schema\/person\/23ee0552b667e3b5d2f43eab82a795b0\"},\"breadcrumb\":{\"@id\":\"https:\/\/internacional.umh.es\/2020\/10\/20\/primera-tesis-de-doble-titulacion-de-doctorado-sobre-las-relaciones-familiares-de-personas-transexuales\/#breadcrumb\"},\"inLanguage\":\"ca\",\"potentialAction\":[{\"@type\":\"ReadAction\",\"target\":[\"https:\/\/internacional.umh.es\/2020\/10\/20\/primera-tesis-de-doble-titulacion-de-doctorado-sobre-las-relaciones-familiares-de-personas-transexuales\/\"]}]},{\"@type\":\"BreadcrumbList\",\"@id\":\"https:\/\/internacional.umh.es\/2020\/10\/20\/primera-tesis-de-doble-titulacion-de-doctorado-sobre-las-relaciones-familiares-de-personas-transexuales\/#breadcrumb\",\"itemListElement\":[{\"@type\":\"ListItem\",\"position\":1,\"name\":\"Home\",\"item\":\"https:\/\/internacional.umh.es\/en\/\"},{\"@type\":\"ListItem\",\"position\":2,\"name\":\"First Defense of Joint Doctoral Thesis on Family Relationships of Transsexual People\"}]},{\"@type\":\"Person\",\"@id\":\"https:\/\/internacional.umh.es\/en\/#\/schema\/person\/23ee0552b667e3b5d2f43eab82a795b0\",\"name\":\"epardo\",\"image\":{\"@type\":\"ImageObject\",\"@id\":\"https:\/\/internacional.umh.es\/en\/#personlogo\",\"inLanguage\":\"ca\",\"url\":\"https:\/\/secure.gravatar.com\/avatar\/77628998cca74537d9094b3425e9b6b4?s=96&d=mm&r=g\",\"contentUrl\":\"https:\/\/secure.gravatar.com\/avatar\/77628998cca74537d9094b3425e9b6b4?s=96&d=mm&r=g\",\"caption\":\"epardo\"},\"url\":\"https:\/\/internacional.umh.es\/ca\/author\/epardo\/\"}]}<\/script>\n<!-- \/ Yoast SEO plugin. -->","yoast_head_json":{"robots":{"index":"index","follow":"follow","max-snippet":"max-snippet:-1","max-image-preview":"max-image-preview:large","max-video-preview":"max-video-preview:-1"},"canonical":"https:\/\/internacional.umh.es\/ca\/2020\/10\/20\/primera-tesis-de-doble-titulacion-de-doctorado-sobre-las-relaciones-familiares-de-personas-transexuales\/","og_locale":"ca_ES","og_type":"article","og_title":"Primera tesis de Doble Titulaci\u00f3n de Doctorado sobre las relaciones familiares de personas transexualesPrimera tesi de Doble Titulaci\u00f3 de Doctorat sobre les relacions familiars de persones transsexualsFirst Defense of Joint Doctoral Thesis on Family Relationships of Transsexual People - Internacionalitzaci\u00f3 i Cooperaci\u00f3","og_description":"Ho sent, per\u00f2 aquesta entrada nom\u00e9s est\u00e0 disponible en Espanyol Europeu i Angl\u00e8s Americ\u00e0.","og_url":"https:\/\/internacional.umh.es\/2020\/10\/20\/primera-tesis-de-doble-titulacion-de-doctorado-sobre-las-relaciones-familiares-de-personas-transexuales\/","og_site_name":"Internacionalitzaci\u00f3 i Cooperaci\u00f3","article_published_time":"2020-10-20T13:00:50+00:00","article_modified_time":"2020-10-22T07:23:04+00:00","og_image":[{"url":"https:\/\/internacional.umh.es\/files\/2020\/10\/Foto-Defesa-Danilo-1-1-1-296x300.jpg"}],"twitter_card":"summary_large_image","twitter_misc":{"Written by":"epardo","Est. reading time":"7 minuts"},"schema":{"@context":"https:\/\/schema.org","@graph":[{"@type":"WebSite","@id":"https:\/\/internacional.umh.es\/en\/#website","url":"https:\/\/internacional.umh.es\/en\/","name":"Internacionalitzaci\u00f3 i Cooperaci\u00f3","description":"Universitat Miguel Hern\u00e1ndez d&#039;Elx","potentialAction":[{"@type":"SearchAction","target":{"@type":"EntryPoint","urlTemplate":"https:\/\/internacional.umh.es\/en\/?s={search_term_string}"},"query-input":"required name=search_term_string"}],"inLanguage":"ca"},{"@type":"ImageObject","@id":"https:\/\/internacional.umh.es\/2020\/10\/20\/primera-tesis-de-doble-titulacion-de-doctorado-sobre-las-relaciones-familiares-de-personas-transexuales\/#primaryimage","inLanguage":"ca","url":"https:\/\/internacional.umh.es\/files\/2020\/10\/Foto-Defesa-Danilo-1-1-1.jpg","contentUrl":"https:\/\/internacional.umh.es\/files\/2020\/10\/Foto-Defesa-Danilo-1-1-1.jpg","width":675,"height":683,"caption":"Danilo Borges defensa tesis USP UMH"},{"@type":"WebPage","@id":"https:\/\/internacional.umh.es\/2020\/10\/20\/primera-tesis-de-doble-titulacion-de-doctorado-sobre-las-relaciones-familiares-de-personas-transexuales\/#webpage","url":"https:\/\/internacional.umh.es\/2020\/10\/20\/primera-tesis-de-doble-titulacion-de-doctorado-sobre-las-relaciones-familiares-de-personas-transexuales\/","name":"Primera tesis de Doble Titulaci\u00f3n de Doctorado sobre las relaciones familiares de personas transexualesPrimera tesi de Doble Titulaci\u00f3 de Doctorat sobre les relacions familiars de persones transsexualsFirst Defense of Joint Doctoral Thesis on Family Relationships of Transsexual People - Internacionalitzaci\u00f3 i Cooperaci\u00f3","isPartOf":{"@id":"https:\/\/internacional.umh.es\/en\/#website"},"primaryImageOfPage":{"@id":"https:\/\/internacional.umh.es\/2020\/10\/20\/primera-tesis-de-doble-titulacion-de-doctorado-sobre-las-relaciones-familiares-de-personas-transexuales\/#primaryimage"},"datePublished":"2020-10-20T13:00:50+00:00","dateModified":"2020-10-22T07:23:04+00:00","author":{"@id":"https:\/\/internacional.umh.es\/en\/#\/schema\/person\/23ee0552b667e3b5d2f43eab82a795b0"},"breadcrumb":{"@id":"https:\/\/internacional.umh.es\/2020\/10\/20\/primera-tesis-de-doble-titulacion-de-doctorado-sobre-las-relaciones-familiares-de-personas-transexuales\/#breadcrumb"},"inLanguage":"ca","potentialAction":[{"@type":"ReadAction","target":["https:\/\/internacional.umh.es\/2020\/10\/20\/primera-tesis-de-doble-titulacion-de-doctorado-sobre-las-relaciones-familiares-de-personas-transexuales\/"]}]},{"@type":"BreadcrumbList","@id":"https:\/\/internacional.umh.es\/2020\/10\/20\/primera-tesis-de-doble-titulacion-de-doctorado-sobre-las-relaciones-familiares-de-personas-transexuales\/#breadcrumb","itemListElement":[{"@type":"ListItem","position":1,"name":"Home","item":"https:\/\/internacional.umh.es\/en\/"},{"@type":"ListItem","position":2,"name":"First Defense of Joint Doctoral Thesis on Family Relationships of Transsexual People"}]},{"@type":"Person","@id":"https:\/\/internacional.umh.es\/en\/#\/schema\/person\/23ee0552b667e3b5d2f43eab82a795b0","name":"epardo","image":{"@type":"ImageObject","@id":"https:\/\/internacional.umh.es\/en\/#personlogo","inLanguage":"ca","url":"https:\/\/secure.gravatar.com\/avatar\/77628998cca74537d9094b3425e9b6b4?s=96&d=mm&r=g","contentUrl":"https:\/\/secure.gravatar.com\/avatar\/77628998cca74537d9094b3425e9b6b4?s=96&d=mm&r=g","caption":"epardo"},"url":"https:\/\/internacional.umh.es\/ca\/author\/epardo\/"}]}},"_links":{"self":[{"href":"https:\/\/internacional.umh.es\/ca\/wp-json\/wp\/v2\/posts\/17016"}],"collection":[{"href":"https:\/\/internacional.umh.es\/ca\/wp-json\/wp\/v2\/posts"}],"about":[{"href":"https:\/\/internacional.umh.es\/ca\/wp-json\/wp\/v2\/types\/post"}],"author":[{"embeddable":true,"href":"https:\/\/internacional.umh.es\/ca\/wp-json\/wp\/v2\/users\/5213"}],"replies":[{"embeddable":true,"href":"https:\/\/internacional.umh.es\/ca\/wp-json\/wp\/v2\/comments?post=17016"}],"version-history":[{"count":0,"href":"https:\/\/internacional.umh.es\/ca\/wp-json\/wp\/v2\/posts\/17016\/revisions"}],"wp:attachment":[{"href":"https:\/\/internacional.umh.es\/ca\/wp-json\/wp\/v2\/media?parent=17016"}],"wp:term":[{"taxonomy":"category","embeddable":true,"href":"https:\/\/internacional.umh.es\/ca\/wp-json\/wp\/v2\/categories?post=17016"},{"taxonomy":"post_tag","embeddable":true,"href":"https:\/\/internacional.umh.es\/ca\/wp-json\/wp\/v2\/tags?post=17016"}],"curies":[{"name":"wp","href":"https:\/\/api.w.org\/{rel}","templated":true}]}}