{"id":17145,"date":"2020-10-28T09:58:35","date_gmt":"2020-10-28T08:58:35","guid":{"rendered":"https:\/\/internacional.umh.es\/?p=17145"},"modified":"2020-11-05T09:07:34","modified_gmt":"2020-11-05T08:07:34","slug":"sesiones-informativas-online-sobre-programas-de-movilidad-2021-2022-2","status":"publish","type":"post","link":"https:\/\/internacional.umh.es\/ca\/2020\/10\/28\/sesiones-informativas-online-sobre-programas-de-movilidad-2021-2022-2\/","title":{"rendered":"<span lang=\"es\">(Espa\u00f1ol) Sesiones informativas online sobre programas de movilidad 2021\/2022<\/span>"},"content":{"rendered":"<p class=\"qtranxs-available-languages-message qtranxs-available-languages-message-ca\">Ho sent, per\u00f2 aquesta entrada nom\u00e9s est\u00e0 disponible en <a href=\"https:\/\/internacional.umh.es\/es\/wp-json\/wp\/v2\/posts\/17145\" class=\"qtranxs-available-language-link qtranxs-available-language-link-es\" title=\"Espa\u00f1ol\">Espanyol Europeu<\/a>.<\/p>","protected":false},"excerpt":{"rendered":"<p>Ho sent, per\u00f2 aquesta entrada nom\u00e9s est\u00e0 disponible en Espanyol Europeu.<\/p>\n","protected":false},"author":5213,"featured_media":0,"comment_status":"closed","ping_status":"closed","sticky":false,"template":"","format":"standard","meta":{"ngg_post_thumbnail":0,"_links_to":"","_links_to_target":""},"categories":[4],"tags":[],"yoast_head":"<!-- This site is optimized with the Yoast SEO plugin v17.5 - https:\/\/yoast.com\/wordpress\/plugins\/seo\/ -->\n<meta name=\"robots\" content=\"index, follow, max-snippet:-1, max-image-preview:large, max-video-preview:-1\" \/>\n<link rel=\"canonical\" href=\"https:\/\/internacional.umh.es\/ca\/2020\/10\/28\/sesiones-informativas-online-sobre-programas-de-movilidad-2021-2022-2\/\" \/>\n<meta property=\"og:locale\" content=\"ca_ES\" \/>\n<meta property=\"og:type\" content=\"article\" \/>\n<meta property=\"og:title\" content=\"Sesiones informativas online sobre programas de movilidad 2021\/20222021-22 Mobility program online informative sessions - Internacionalitzaci\u00f3 i Cooperaci\u00f3\" \/>\n<meta property=\"og:description\" content=\"Ho sent, per\u00f2 aquesta entrada nom\u00e9s est\u00e0 disponible en Espanyol Europeu.\" \/>\n<meta property=\"og:url\" content=\"https:\/\/internacional.umh.es\/en\/2020\/10\/28\/sesiones-informativas-online-sobre-programas-de-movilidad-2021-2022-2\/\" \/>\n<meta property=\"og:site_name\" content=\"Internacionalitzaci\u00f3 i Cooperaci\u00f3\" \/>\n<meta property=\"article:published_time\" content=\"2020-10-28T08:58:35+00:00\" \/>\n<meta property=\"article:modified_time\" content=\"2020-11-05T08:07:34+00:00\" \/>\n<meta property=\"og:image\" content=\"https:\/\/internacional.umh.es\/files\/2020\/10\/FERIA-ESTUDIAR-EN-ESPA\u00d1A-2020-2-300x300.png\" \/>\n<meta name=\"twitter:card\" content=\"summary_large_image\" \/>\n<meta name=\"twitter:label1\" content=\"Written by\" \/>\n\t<meta name=\"twitter:data1\" content=\"epardo\" \/>\n\t<meta name=\"twitter:label2\" content=\"Est. reading time\" \/>\n\t<meta name=\"twitter:data2\" content=\"1 minut\" \/>\n<script type=\"application\/ld+json\" class=\"yoast-schema-graph\">{\"@context\":\"https:\/\/schema.org\",\"@graph\":[{\"@type\":\"WebSite\",\"@id\":\"https:\/\/internacional.umh.es\/en\/#website\",\"url\":\"https:\/\/internacional.umh.es\/en\/\",\"name\":\"Internacionalitzaci\\u00f3 i Cooperaci\\u00f3\",\"description\":\"Universitat Miguel Hern\\u00e1ndez d&#039;Elx\",\"potentialAction\":[{\"@type\":\"SearchAction\",\"target\":{\"@type\":\"EntryPoint\",\"urlTemplate\":\"https:\/\/internacional.umh.es\/en\/?s={search_term_string}\"},\"query-input\":\"required name=search_term_string\"}],\"inLanguage\":\"ca\"},{\"@type\":\"ImageObject\",\"@id\":\"https:\/\/internacional.umh.es\/en\/2020\/10\/28\/sesiones-informativas-online-sobre-programas-de-movilidad-2021-2022-2\/#primaryimage\",\"inLanguage\":\"ca\",\"url\":\"https:\/\/internacional.umh.es\/files\/2020\/10\/FERIA-ESTUDIAR-EN-ESPA\\u00d1A-2020-2.png\",\"contentUrl\":\"https:\/\/internacional.umh.es\/files\/2020\/10\/FERIA-ESTUDIAR-EN-ESPA\\u00d1A-2020-2.png\",\"width\":1080,\"height\":1080},{\"@type\":\"WebPage\",\"@id\":\"https:\/\/internacional.umh.es\/en\/2020\/10\/28\/sesiones-informativas-online-sobre-programas-de-movilidad-2021-2022-2\/#webpage\",\"url\":\"https:\/\/internacional.umh.es\/en\/2020\/10\/28\/sesiones-informativas-online-sobre-programas-de-movilidad-2021-2022-2\/\",\"name\":\"Sesiones informativas online sobre programas de movilidad 2021\/20222021-22 Mobility program online informative sessions - Internacionalitzaci\\u00f3 i Cooperaci\\u00f3\",\"isPartOf\":{\"@id\":\"https:\/\/internacional.umh.es\/en\/#website\"},\"primaryImageOfPage\":{\"@id\":\"https:\/\/internacional.umh.es\/en\/2020\/10\/28\/sesiones-informativas-online-sobre-programas-de-movilidad-2021-2022-2\/#primaryimage\"},\"datePublished\":\"2020-10-28T08:58:35+00:00\",\"dateModified\":\"2020-11-05T08:07:34+00:00\",\"author\":{\"@id\":\"https:\/\/internacional.umh.es\/en\/#\/schema\/person\/23ee0552b667e3b5d2f43eab82a795b0\"},\"breadcrumb\":{\"@id\":\"https:\/\/internacional.umh.es\/en\/2020\/10\/28\/sesiones-informativas-online-sobre-programas-de-movilidad-2021-2022-2\/#breadcrumb\"},\"inLanguage\":\"ca\",\"potentialAction\":[{\"@type\":\"ReadAction\",\"target\":[\"https:\/\/internacional.umh.es\/en\/2020\/10\/28\/sesiones-informativas-online-sobre-programas-de-movilidad-2021-2022-2\/\"]}]},{\"@type\":\"BreadcrumbList\",\"@id\":\"https:\/\/internacional.umh.es\/en\/2020\/10\/28\/sesiones-informativas-online-sobre-programas-de-movilidad-2021-2022-2\/#breadcrumb\",\"itemListElement\":[{\"@type\":\"ListItem\",\"position\":1,\"name\":\"Home\",\"item\":\"https:\/\/internacional.umh.es\/en\/\"},{\"@type\":\"ListItem\",\"position\":2,\"name\":\"2021-22 Mobility program online informative sessions\"}]},{\"@type\":\"Person\",\"@id\":\"https:\/\/internacional.umh.es\/en\/#\/schema\/person\/23ee0552b667e3b5d2f43eab82a795b0\",\"name\":\"epardo\",\"image\":{\"@type\":\"ImageObject\",\"@id\":\"https:\/\/internacional.umh.es\/en\/#personlogo\",\"inLanguage\":\"ca\",\"url\":\"https:\/\/secure.gravatar.com\/avatar\/77628998cca74537d9094b3425e9b6b4?s=96&d=mm&r=g\",\"contentUrl\":\"https:\/\/secure.gravatar.com\/avatar\/77628998cca74537d9094b3425e9b6b4?s=96&d=mm&r=g\",\"caption\":\"epardo\"},\"url\":\"https:\/\/internacional.umh.es\/ca\/author\/epardo\/\"}]}<\/script>\n<!-- \/ Yoast SEO plugin. -->","yoast_head_json":{"robots":{"index":"index","follow":"follow","max-snippet":"max-snippet:-1","max-image-preview":"max-image-preview:large","max-video-preview":"max-video-preview:-1"},"canonical":"https:\/\/internacional.umh.es\/ca\/2020\/10\/28\/sesiones-informativas-online-sobre-programas-de-movilidad-2021-2022-2\/","og_locale":"ca_ES","og_type":"article","og_title":"Sesiones informativas online sobre programas de movilidad 2021\/20222021-22 Mobility program online informative sessions - Internacionalitzaci\u00f3 i Cooperaci\u00f3","og_description":"Ho sent, per\u00f2 aquesta entrada nom\u00e9s est\u00e0 disponible en Espanyol Europeu.","og_url":"https:\/\/internacional.umh.es\/en\/2020\/10\/28\/sesiones-informativas-online-sobre-programas-de-movilidad-2021-2022-2\/","og_site_name":"Internacionalitzaci\u00f3 i Cooperaci\u00f3","article_published_time":"2020-10-28T08:58:35+00:00","article_modified_time":"2020-11-05T08:07:34+00:00","og_image":[{"url":"https:\/\/internacional.umh.es\/files\/2020\/10\/FERIA-ESTUDIAR-EN-ESPA\u00d1A-2020-2-300x300.png"}],"twitter_card":"summary_large_image","twitter_misc":{"Written by":"epardo","Est. reading time":"1 minut"},"schema":{"@context":"https:\/\/schema.org","@graph":[{"@type":"WebSite","@id":"https:\/\/internacional.umh.es\/en\/#website","url":"https:\/\/internacional.umh.es\/en\/","name":"Internacionalitzaci\u00f3 i Cooperaci\u00f3","description":"Universitat Miguel Hern\u00e1ndez d&#039;Elx","potentialAction":[{"@type":"SearchAction","target":{"@type":"EntryPoint","urlTemplate":"https:\/\/internacional.umh.es\/en\/?s={search_term_string}"},"query-input":"required name=search_term_string"}],"inLanguage":"ca"},{"@type":"ImageObject","@id":"https:\/\/internacional.umh.es\/en\/2020\/10\/28\/sesiones-informativas-online-sobre-programas-de-movilidad-2021-2022-2\/#primaryimage","inLanguage":"ca","url":"https:\/\/internacional.umh.es\/files\/2020\/10\/FERIA-ESTUDIAR-EN-ESPA\u00d1A-2020-2.png","contentUrl":"https:\/\/internacional.umh.es\/files\/2020\/10\/FERIA-ESTUDIAR-EN-ESPA\u00d1A-2020-2.png","width":1080,"height":1080},{"@type":"WebPage","@id":"https:\/\/internacional.umh.es\/en\/2020\/10\/28\/sesiones-informativas-online-sobre-programas-de-movilidad-2021-2022-2\/#webpage","url":"https:\/\/internacional.umh.es\/en\/2020\/10\/28\/sesiones-informativas-online-sobre-programas-de-movilidad-2021-2022-2\/","name":"Sesiones informativas online sobre programas de movilidad 2021\/20222021-22 Mobility program online informative sessions - Internacionalitzaci\u00f3 i Cooperaci\u00f3","isPartOf":{"@id":"https:\/\/internacional.umh.es\/en\/#website"},"primaryImageOfPage":{"@id":"https:\/\/internacional.umh.es\/en\/2020\/10\/28\/sesiones-informativas-online-sobre-programas-de-movilidad-2021-2022-2\/#primaryimage"},"datePublished":"2020-10-28T08:58:35+00:00","dateModified":"2020-11-05T08:07:34+00:00","author":{"@id":"https:\/\/internacional.umh.es\/en\/#\/schema\/person\/23ee0552b667e3b5d2f43eab82a795b0"},"breadcrumb":{"@id":"https:\/\/internacional.umh.es\/en\/2020\/10\/28\/sesiones-informativas-online-sobre-programas-de-movilidad-2021-2022-2\/#breadcrumb"},"inLanguage":"ca","potentialAction":[{"@type":"ReadAction","target":["https:\/\/internacional.umh.es\/en\/2020\/10\/28\/sesiones-informativas-online-sobre-programas-de-movilidad-2021-2022-2\/"]}]},{"@type":"BreadcrumbList","@id":"https:\/\/internacional.umh.es\/en\/2020\/10\/28\/sesiones-informativas-online-sobre-programas-de-movilidad-2021-2022-2\/#breadcrumb","itemListElement":[{"@type":"ListItem","position":1,"name":"Home","item":"https:\/\/internacional.umh.es\/en\/"},{"@type":"ListItem","position":2,"name":"2021-22 Mobility program online informative sessions"}]},{"@type":"Person","@id":"https:\/\/internacional.umh.es\/en\/#\/schema\/person\/23ee0552b667e3b5d2f43eab82a795b0","name":"epardo","image":{"@type":"ImageObject","@id":"https:\/\/internacional.umh.es\/en\/#personlogo","inLanguage":"ca","url":"https:\/\/secure.gravatar.com\/avatar\/77628998cca74537d9094b3425e9b6b4?s=96&d=mm&r=g","contentUrl":"https:\/\/secure.gravatar.com\/avatar\/77628998cca74537d9094b3425e9b6b4?s=96&d=mm&r=g","caption":"epardo"},"url":"https:\/\/internacional.umh.es\/ca\/author\/epardo\/"}]}},"_links":{"self":[{"href":"https:\/\/internacional.umh.es\/ca\/wp-json\/wp\/v2\/posts\/17145"}],"collection":[{"href":"https:\/\/internacional.umh.es\/ca\/wp-json\/wp\/v2\/posts"}],"about":[{"href":"https:\/\/internacional.umh.es\/ca\/wp-json\/wp\/v2\/types\/post"}],"author":[{"embeddable":true,"href":"https:\/\/internacional.umh.es\/ca\/wp-json\/wp\/v2\/users\/5213"}],"replies":[{"embeddable":true,"href":"https:\/\/internacional.umh.es\/ca\/wp-json\/wp\/v2\/comments?post=17145"}],"version-history":[{"count":0,"href":"https:\/\/internacional.umh.es\/ca\/wp-json\/wp\/v2\/posts\/17145\/revisions"}],"wp:attachment":[{"href":"https:\/\/internacional.umh.es\/ca\/wp-json\/wp\/v2\/media?parent=17145"}],"wp:term":[{"taxonomy":"category","embeddable":true,"href":"https:\/\/internacional.umh.es\/ca\/wp-json\/wp\/v2\/categories?post=17145"},{"taxonomy":"post_tag","embeddable":true,"href":"https:\/\/internacional.umh.es\/ca\/wp-json\/wp\/v2\/tags?post=17145"}],"curies":[{"name":"wp","href":"https:\/\/api.w.org\/{rel}","templated":true}]}}