{"id":18928,"date":"2018-03-02T11:49:23","date_gmt":"2018-03-02T10:49:23","guid":{"rendered":"https:\/\/internacional.umh.es\/?p=18928"},"modified":"2021-05-04T13:47:51","modified_gmt":"2021-05-04T11:47:51","slug":"viii-programa-de-voluntariado-de-cooperacion-internacional-al-desarrollo-de-la-umh-en-ruanda","status":"publish","type":"post","link":"https:\/\/internacional.umh.es\/ca\/2018\/03\/02\/viii-programa-de-voluntariado-de-cooperacion-internacional-al-desarrollo-de-la-umh-en-ruanda\/","title":{"rendered":"VIII PROGRAMA DE VOLUNTARIAT DE COOPERACI\u00d3 INTERNACIONAL AL DESENVOLUPAMENT DE LA UMH A RUANDA"},"content":{"rendered":"<p><\/p>\n<h4>Llistat publicacions del VIII Programa de Voluntariat de Cooperaci\u00f3 Internacional UMH a Ruanda<\/h4>\n<ul>\n<li><a title=\"Descarrega-la en una nova finestra\" href=\"https:\/\/internacional.umh.es\/files\/2021\/03\/RE_2018_001_9019.pdf\" target=\"_blank\" rel=\"noopener noreferrer\">Adjudicaci\u00f3 definitiva de les places per a participar en el VIII Programa de Voluntariat Cooperaci\u00f3 Internacional&nbsp; al Desenvolupament de la UMH a Ruanda, estiu 2018 (.pdf 950Kb)<\/a><\/li>\n<li><a title=\"Descarrega-la en una nova finestra\" href=\"https:\/\/registro.umh.es\/files\/2018\/05\/RE_2018_001_8227.pdf\" target=\"_blank\" rel=\"noopener noreferrer\">Publicada la llista provisional de seleccionats -correcci\u00f3 d&#8217;errors- (.pdf 856Kb)<\/a><\/li>\n<li><a title=\"Descarrega-la en una nova finestra\" href=\"https:\/\/registro.umh.es\/files\/2018\/04\/RE_2018_001_6496.pdf\" target=\"_blank\" rel=\"noopener noreferrer\">Publicada la Llista definitiva d&#8217;admesos, exclosos i data, lloc i hora d&#8217;entrevistes (.pdf 761Kb)<\/a><\/li>\n<li><a title=\"Descarrega-la en una nova finestra\" href=\"https:\/\/registro.umh.es\/files\/2018\/04\/RE_2018_001_5119.pdf\" target=\"_blank\" rel=\"noopener noreferrer\">Publicada la llista provisional d&#8217;admesos, exclosos i pendents d&#8217;esmenar en la Convocat\u00f2ria del VIII Programa de Voluntariat a Ruanda (.pdf 949Kb)<\/a><\/li>\n<li><a title=\"Descarrega-la en una nova finestra\" href=\"https:\/\/registro.umh.es\/files\/2018\/03\/RE_2018_001_3581.pdf\" target=\"_blank\" rel=\"noopener noreferrer\">Publicada la Convocat\u00f2ria del Programa de Voluntariat a Ruanda (.pdf 4,92Mb)<\/a><\/li>\n<\/ul>\n<p><\/p>\n<h4>Informaci\u00f3 sobre el Programa de Voluntariat de Cooperaci\u00f3 Internacional al Desenvolupament de la UMH a Ruanda<\/h4>\n<p><img loading=\"lazy\" class=\"alignleft wp-image-18930 size-medium\" title=\"El programa de voluntariat a Ruanda UMH presenta nombroses novetats\" src=\"https:\/\/internacional.umh.es\/files\/2021\/03\/Joven-Ruanda-gafas-UMH-300x225.jpg\" alt=\"VIII Programa de Voluntariat Ruanda jove ulleres UMH\" width=\"300\" height=\"225\"><\/p>\n<p style=\"text-align: justify\">Si vols saber m\u00e9s pots acudir a les xarrades sobre el <strong>VIII Programa de Voluntariat de Cooperaci\u00f3 Internacional al Desenvolupament de la UMH a Ruanda<\/strong>.<br \/>\nJuan Jos\u00e9 Ballesta Pay\u00e1, Director de l&#8217;\u00c0rea de Cooperaci\u00f3 al Desenvolupament i expert de la realitat del projecte de la UMH a Ruanda per pr\u00f2pia experi\u00e8ncia, donar\u00e0 a con\u00e9ixer a trav\u00e9s d&#8217;aquestes xarrades les bases de la&nbsp; convocat\u00f2ria del Programa de Voluntariat a Ruanda de 2018, en elles contestar\u00e0 quants dubtes puguen sorgir-te.<\/p>\n<p>El termini per a enviar sol\u00b7licituds finalitza divendres que ve <strong> 16 de mar\u00e7<\/strong>. <strong><u>TERMINI FINALITZAT<\/u><\/strong><br \/>\nPer a m\u00e9s informaci\u00f3 contacta amb <a href=\"mailto:sederuanda@umh.es\">Contacta per email<\/a><\/p>\n<table style=\"height: 260px\" width=\"692\">\n<tbody>\n<tr>\n<td style=\"text-align: left\" width=\"160\"><strong>CAMPUS<\/strong><\/td>\n<td width=\"128\"><strong>DATA I HORA<\/strong><\/td>\n<td width=\"149\"><strong>ESTADA<\/strong><\/td>\n<\/tr>\n<tr>\n<td width=\"160\">Orihuela Desamparados<\/td>\n<td width=\"128\">Dimarts 6 de mar\u00e7 de 12.00 a 14.00<\/td>\n<td width=\"149\">Aula 0.1 de l&#8217;Edifici Tudemir<\/td>\n<\/tr>\n<tr>\n<td width=\"160\">Altea<\/td>\n<td width=\"128\">Dimecres 7 mar\u00e7 de 12.00 a 14.00<\/td>\n<td width=\"149\">Aula 2 Edifici Albir<\/td>\n<\/tr>\n<tr>\n<td width=\"160\">Sant Joan d&#8217;Alacant<\/td>\n<td width=\"128\">Dimecres 7 mar\u00e7 de 15.00 a 17.00<\/td>\n<td width=\"149\">Aula 7 Edifici Balmis<\/td>\n<\/tr>\n<tr>\n<td width=\"160\">Elx<\/td>\n<td width=\"128\">Dilluns 12 de mar\u00e7 de 12.30 a 14.30<\/td>\n<td width=\"149\">Sal\u00f3 de Graus Edifici del La G\u00e0l\u00b7lia<\/td>\n<\/tr>\n<tr>\n<td width=\"160\">Orihuela Salesas<\/td>\n<td width=\"128\">Dilluns 12 de mar\u00e7 de 15.00 a 17.00<\/td>\n<td width=\"149\">Aula 2.2 A Edifici Casa del Pas<\/td>\n<\/tr>\n<\/tbody>\n<\/table>\n<p>&nbsp;<\/p>","protected":false},"excerpt":{"rendered":"<p>Llistat publicacions del VIII Programa de Voluntariat de Cooperaci\u00f3 Internacional UMH a Ruanda<\/p>\n<p>Adjudicaci\u00f3 definitiva de les places per a participar en el VIII Programa de Voluntariat Cooperaci\u00f3 Internacional&nbsp; al Desenvolupament de la UMH a Ruanda, estiu 2018 (.pdf 950Kb)<br \/>\nPublicada la llista provisional de seleccionats -correcci\u00f3 d&#8217;errors- (.pdf 856Kb)<br \/>\nPublicada la Llista definitiva d&#8217;admesos, exclosos i data, [&#8230;]<\/p>\n","protected":false},"author":3107,"featured_media":0,"comment_status":"closed","ping_status":"closed","sticky":false,"template":"","format":"standard","meta":{"ngg_post_thumbnail":0,"_links_to":"","_links_to_target":""},"categories":[46075,53228],"tags":[50,402417,402414,400,403,20516],"yoast_head":"<!-- This site is optimized with the Yoast SEO plugin v17.5 - https:\/\/yoast.com\/wordpress\/plugins\/seo\/ -->\n<meta name=\"description\" content=\"Juan Jos\u00e9 Ballesta Pay\u00e1 imparte charlas sobre el VIII Programa de Voluntariado de Cooperaci\u00f3n Internacional al Desarrollo de la UMH en Ruanda.\" \/>\n<meta name=\"robots\" content=\"index, follow, max-snippet:-1, max-image-preview:large, max-video-preview:-1\" \/>\n<link rel=\"canonical\" href=\"https:\/\/internacional.umh.es\/ca\/2018\/03\/02\/viii-programa-de-voluntariado-de-cooperacion-internacional-al-desarrollo-de-la-umh-en-ruanda\/\" \/>\n<meta property=\"og:locale\" content=\"ca_ES\" \/>\n<meta property=\"og:type\" content=\"article\" \/>\n<meta property=\"og:title\" content=\"VIII PROGRAMA DE VOLUNTARIADO DE COOPERACI\u00d3N INTERNACIONAL AL DESARROLLO DE LA UMH EN RUANDAVIII PROGRAMA DE VOLUNTARIAT DE COOPERACI\u00d3 INTERNACIONAL AL DESENVOLUPAMENT DE LA UMH A RUANDAVIII PROGRAMA DE VOLUNTARIADO DE COOPERACI\u00d3N INTERNACIONAL AL DESARROLLO DE LA UMH EN RUANDA - Internacionalitzaci\u00f3 i Cooperaci\u00f3\" \/>\n<meta property=\"og:description\" content=\"Juan Jos\u00e9 Ballesta Pay\u00e1 imparte charlas sobre el VIII Programa de Voluntariado de Cooperaci\u00f3n Internacional al Desarrollo de la UMH en Ruanda.\" \/>\n<meta property=\"og:url\" content=\"https:\/\/internacional.umh.es\/en\/2018\/03\/02\/viii-programa-de-voluntariado-de-cooperacion-internacional-al-desarrollo-de-la-umh-en-ruanda\/\" \/>\n<meta property=\"og:site_name\" content=\"Internacionalitzaci\u00f3 i Cooperaci\u00f3\" \/>\n<meta property=\"article:published_time\" content=\"2018-03-02T10:49:23+00:00\" \/>\n<meta property=\"article:modified_time\" content=\"2021-05-04T11:47:51+00:00\" \/>\n<meta property=\"og:image\" content=\"https:\/\/internacional.umh.es\/files\/2021\/03\/Joven-Ruanda-gafas-UMH-300x225.jpg\" \/>\n<meta name=\"twitter:card\" content=\"summary_large_image\" \/>\n<meta name=\"twitter:label1\" content=\"Written by\" \/>\n\t<meta name=\"twitter:data1\" content=\"juan.torresg\" \/>\n\t<meta name=\"twitter:label2\" content=\"Est. reading time\" \/>\n\t<meta name=\"twitter:data2\" content=\"3 minuts\" \/>\n<script type=\"application\/ld+json\" class=\"yoast-schema-graph\">{\"@context\":\"https:\/\/schema.org\",\"@graph\":[{\"@type\":\"WebSite\",\"@id\":\"https:\/\/internacional.umh.es\/en\/#website\",\"url\":\"https:\/\/internacional.umh.es\/en\/\",\"name\":\"Internacionalitzaci\\u00f3 i Cooperaci\\u00f3\",\"description\":\"Universitat Miguel Hern\\u00e1ndez d&#039;Elx\",\"potentialAction\":[{\"@type\":\"SearchAction\",\"target\":{\"@type\":\"EntryPoint\",\"urlTemplate\":\"https:\/\/internacional.umh.es\/en\/?s={search_term_string}\"},\"query-input\":\"required name=search_term_string\"}],\"inLanguage\":\"ca\"},{\"@type\":\"ImageObject\",\"@id\":\"https:\/\/internacional.umh.es\/en\/2018\/03\/02\/viii-programa-de-voluntariado-de-cooperacion-internacional-al-desarrollo-de-la-umh-en-ruanda\/#primaryimage\",\"inLanguage\":\"ca\",\"url\":\"https:\/\/internacional.umh.es\/files\/2021\/03\/Joven-Ruanda-gafas-UMH.jpg\",\"contentUrl\":\"https:\/\/internacional.umh.es\/files\/2021\/03\/Joven-Ruanda-gafas-UMH.jpg\",\"width\":300,\"height\":225,\"caption\":\"Joven Ruanda gafas UMH\"},{\"@type\":\"WebPage\",\"@id\":\"https:\/\/internacional.umh.es\/en\/2018\/03\/02\/viii-programa-de-voluntariado-de-cooperacion-internacional-al-desarrollo-de-la-umh-en-ruanda\/#webpage\",\"url\":\"https:\/\/internacional.umh.es\/en\/2018\/03\/02\/viii-programa-de-voluntariado-de-cooperacion-internacional-al-desarrollo-de-la-umh-en-ruanda\/\",\"name\":\"VIII PROGRAMA DE VOLUNTARIADO DE COOPERACI\\u00d3N INTERNACIONAL AL DESARROLLO DE LA UMH EN RUANDAVIII PROGRAMA DE VOLUNTARIAT DE COOPERACI\\u00d3 INTERNACIONAL AL DESENVOLUPAMENT DE LA UMH A RUANDAVIII PROGRAMA DE VOLUNTARIADO DE COOPERACI\\u00d3N INTERNACIONAL AL DESARROLLO DE LA UMH EN RUANDA - Internacionalitzaci\\u00f3 i Cooperaci\\u00f3\",\"isPartOf\":{\"@id\":\"https:\/\/internacional.umh.es\/en\/#website\"},\"primaryImageOfPage\":{\"@id\":\"https:\/\/internacional.umh.es\/en\/2018\/03\/02\/viii-programa-de-voluntariado-de-cooperacion-internacional-al-desarrollo-de-la-umh-en-ruanda\/#primaryimage\"},\"datePublished\":\"2018-03-02T10:49:23+00:00\",\"dateModified\":\"2021-05-04T11:47:51+00:00\",\"author\":{\"@id\":\"https:\/\/internacional.umh.es\/en\/#\/schema\/person\/b5eb1c3427fa071575e2067be339abff\"},\"description\":\"Juan Jos\\u00e9 Ballesta Pay\\u00e1 imparte charlas sobre el VIII Programa de Voluntariado de Cooperaci\\u00f3n Internacional al Desarrollo de la UMH en Ruanda.\",\"breadcrumb\":{\"@id\":\"https:\/\/internacional.umh.es\/en\/2018\/03\/02\/viii-programa-de-voluntariado-de-cooperacion-internacional-al-desarrollo-de-la-umh-en-ruanda\/#breadcrumb\"},\"inLanguage\":\"ca\",\"potentialAction\":[{\"@type\":\"ReadAction\",\"target\":[\"https:\/\/internacional.umh.es\/en\/2018\/03\/02\/viii-programa-de-voluntariado-de-cooperacion-internacional-al-desarrollo-de-la-umh-en-ruanda\/\"]}]},{\"@type\":\"BreadcrumbList\",\"@id\":\"https:\/\/internacional.umh.es\/en\/2018\/03\/02\/viii-programa-de-voluntariado-de-cooperacion-internacional-al-desarrollo-de-la-umh-en-ruanda\/#breadcrumb\",\"itemListElement\":[{\"@type\":\"ListItem\",\"position\":1,\"name\":\"Home\",\"item\":\"https:\/\/internacional.umh.es\/en\/\"},{\"@type\":\"ListItem\",\"position\":2,\"name\":\"VIII PROGRAMA DE VOLUNTARIADO DE COOPERACI\\u00d3N INTERNACIONAL AL DESARROLLO DE LA UMH EN RUANDA\"}]},{\"@type\":\"Person\",\"@id\":\"https:\/\/internacional.umh.es\/en\/#\/schema\/person\/b5eb1c3427fa071575e2067be339abff\",\"name\":\"juan.torresg\",\"image\":{\"@type\":\"ImageObject\",\"@id\":\"https:\/\/internacional.umh.es\/en\/#personlogo\",\"inLanguage\":\"ca\",\"url\":\"https:\/\/secure.gravatar.com\/avatar\/2d49f32f8cb81918e740433e7190ba39?s=96&d=mm&r=g\",\"contentUrl\":\"https:\/\/secure.gravatar.com\/avatar\/2d49f32f8cb81918e740433e7190ba39?s=96&d=mm&r=g\",\"caption\":\"juan.torresg\"},\"url\":\"https:\/\/internacional.umh.es\/ca\/author\/juan-torresg\/\"}]}<\/script>\n<!-- \/ Yoast SEO plugin. -->","yoast_head_json":{"description":"Juan Jos\u00e9 Ballesta Pay\u00e1 imparte charlas sobre el VIII Programa de Voluntariado de Cooperaci\u00f3n Internacional al Desarrollo de la UMH en Ruanda.","robots":{"index":"index","follow":"follow","max-snippet":"max-snippet:-1","max-image-preview":"max-image-preview:large","max-video-preview":"max-video-preview:-1"},"canonical":"https:\/\/internacional.umh.es\/ca\/2018\/03\/02\/viii-programa-de-voluntariado-de-cooperacion-internacional-al-desarrollo-de-la-umh-en-ruanda\/","og_locale":"ca_ES","og_type":"article","og_title":"VIII PROGRAMA DE VOLUNTARIADO DE COOPERACI\u00d3N INTERNACIONAL AL DESARROLLO DE LA UMH EN RUANDAVIII PROGRAMA DE VOLUNTARIAT DE COOPERACI\u00d3 INTERNACIONAL AL DESENVOLUPAMENT DE LA UMH A RUANDAVIII PROGRAMA DE VOLUNTARIADO DE COOPERACI\u00d3N INTERNACIONAL AL DESARROLLO DE LA UMH EN RUANDA - Internacionalitzaci\u00f3 i Cooperaci\u00f3","og_description":"Juan Jos\u00e9 Ballesta Pay\u00e1 imparte charlas sobre el VIII Programa de Voluntariado de Cooperaci\u00f3n Internacional al Desarrollo de la UMH en Ruanda.","og_url":"https:\/\/internacional.umh.es\/en\/2018\/03\/02\/viii-programa-de-voluntariado-de-cooperacion-internacional-al-desarrollo-de-la-umh-en-ruanda\/","og_site_name":"Internacionalitzaci\u00f3 i Cooperaci\u00f3","article_published_time":"2018-03-02T10:49:23+00:00","article_modified_time":"2021-05-04T11:47:51+00:00","og_image":[{"url":"https:\/\/internacional.umh.es\/files\/2021\/03\/Joven-Ruanda-gafas-UMH-300x225.jpg"}],"twitter_card":"summary_large_image","twitter_misc":{"Written by":"juan.torresg","Est. reading time":"3 minuts"},"schema":{"@context":"https:\/\/schema.org","@graph":[{"@type":"WebSite","@id":"https:\/\/internacional.umh.es\/en\/#website","url":"https:\/\/internacional.umh.es\/en\/","name":"Internacionalitzaci\u00f3 i Cooperaci\u00f3","description":"Universitat Miguel Hern\u00e1ndez d&#039;Elx","potentialAction":[{"@type":"SearchAction","target":{"@type":"EntryPoint","urlTemplate":"https:\/\/internacional.umh.es\/en\/?s={search_term_string}"},"query-input":"required name=search_term_string"}],"inLanguage":"ca"},{"@type":"ImageObject","@id":"https:\/\/internacional.umh.es\/en\/2018\/03\/02\/viii-programa-de-voluntariado-de-cooperacion-internacional-al-desarrollo-de-la-umh-en-ruanda\/#primaryimage","inLanguage":"ca","url":"https:\/\/internacional.umh.es\/files\/2021\/03\/Joven-Ruanda-gafas-UMH.jpg","contentUrl":"https:\/\/internacional.umh.es\/files\/2021\/03\/Joven-Ruanda-gafas-UMH.jpg","width":300,"height":225,"caption":"Joven Ruanda gafas UMH"},{"@type":"WebPage","@id":"https:\/\/internacional.umh.es\/en\/2018\/03\/02\/viii-programa-de-voluntariado-de-cooperacion-internacional-al-desarrollo-de-la-umh-en-ruanda\/#webpage","url":"https:\/\/internacional.umh.es\/en\/2018\/03\/02\/viii-programa-de-voluntariado-de-cooperacion-internacional-al-desarrollo-de-la-umh-en-ruanda\/","name":"VIII PROGRAMA DE VOLUNTARIADO DE COOPERACI\u00d3N INTERNACIONAL AL DESARROLLO DE LA UMH EN RUANDAVIII PROGRAMA DE VOLUNTARIAT DE COOPERACI\u00d3 INTERNACIONAL AL DESENVOLUPAMENT DE LA UMH A RUANDAVIII PROGRAMA DE VOLUNTARIADO DE COOPERACI\u00d3N INTERNACIONAL AL DESARROLLO DE LA UMH EN RUANDA - Internacionalitzaci\u00f3 i Cooperaci\u00f3","isPartOf":{"@id":"https:\/\/internacional.umh.es\/en\/#website"},"primaryImageOfPage":{"@id":"https:\/\/internacional.umh.es\/en\/2018\/03\/02\/viii-programa-de-voluntariado-de-cooperacion-internacional-al-desarrollo-de-la-umh-en-ruanda\/#primaryimage"},"datePublished":"2018-03-02T10:49:23+00:00","dateModified":"2021-05-04T11:47:51+00:00","author":{"@id":"https:\/\/internacional.umh.es\/en\/#\/schema\/person\/b5eb1c3427fa071575e2067be339abff"},"description":"Juan Jos\u00e9 Ballesta Pay\u00e1 imparte charlas sobre el VIII Programa de Voluntariado de Cooperaci\u00f3n Internacional al Desarrollo de la UMH en Ruanda.","breadcrumb":{"@id":"https:\/\/internacional.umh.es\/en\/2018\/03\/02\/viii-programa-de-voluntariado-de-cooperacion-internacional-al-desarrollo-de-la-umh-en-ruanda\/#breadcrumb"},"inLanguage":"ca","potentialAction":[{"@type":"ReadAction","target":["https:\/\/internacional.umh.es\/en\/2018\/03\/02\/viii-programa-de-voluntariado-de-cooperacion-internacional-al-desarrollo-de-la-umh-en-ruanda\/"]}]},{"@type":"BreadcrumbList","@id":"https:\/\/internacional.umh.es\/en\/2018\/03\/02\/viii-programa-de-voluntariado-de-cooperacion-internacional-al-desarrollo-de-la-umh-en-ruanda\/#breadcrumb","itemListElement":[{"@type":"ListItem","position":1,"name":"Home","item":"https:\/\/internacional.umh.es\/en\/"},{"@type":"ListItem","position":2,"name":"VIII PROGRAMA DE VOLUNTARIADO DE COOPERACI\u00d3N INTERNACIONAL AL DESARROLLO DE LA UMH EN RUANDA"}]},{"@type":"Person","@id":"https:\/\/internacional.umh.es\/en\/#\/schema\/person\/b5eb1c3427fa071575e2067be339abff","name":"juan.torresg","image":{"@type":"ImageObject","@id":"https:\/\/internacional.umh.es\/en\/#personlogo","inLanguage":"ca","url":"https:\/\/secure.gravatar.com\/avatar\/2d49f32f8cb81918e740433e7190ba39?s=96&d=mm&r=g","contentUrl":"https:\/\/secure.gravatar.com\/avatar\/2d49f32f8cb81918e740433e7190ba39?s=96&d=mm&r=g","caption":"juan.torresg"},"url":"https:\/\/internacional.umh.es\/ca\/author\/juan-torresg\/"}]}},"_links":{"self":[{"href":"https:\/\/internacional.umh.es\/ca\/wp-json\/wp\/v2\/posts\/18928"}],"collection":[{"href":"https:\/\/internacional.umh.es\/ca\/wp-json\/wp\/v2\/posts"}],"about":[{"href":"https:\/\/internacional.umh.es\/ca\/wp-json\/wp\/v2\/types\/post"}],"author":[{"embeddable":true,"href":"https:\/\/internacional.umh.es\/ca\/wp-json\/wp\/v2\/users\/3107"}],"replies":[{"embeddable":true,"href":"https:\/\/internacional.umh.es\/ca\/wp-json\/wp\/v2\/comments?post=18928"}],"version-history":[{"count":0,"href":"https:\/\/internacional.umh.es\/ca\/wp-json\/wp\/v2\/posts\/18928\/revisions"}],"wp:attachment":[{"href":"https:\/\/internacional.umh.es\/ca\/wp-json\/wp\/v2\/media?parent=18928"}],"wp:term":[{"taxonomy":"category","embeddable":true,"href":"https:\/\/internacional.umh.es\/ca\/wp-json\/wp\/v2\/categories?post=18928"},{"taxonomy":"post_tag","embeddable":true,"href":"https:\/\/internacional.umh.es\/ca\/wp-json\/wp\/v2\/tags?post=18928"}],"curies":[{"name":"wp","href":"https:\/\/api.w.org\/{rel}","templated":true}]}}