{"id":19030,"date":"2018-03-31T08:07:52","date_gmt":"2018-03-31T06:07:52","guid":{"rendered":"https:\/\/internacional.umh.es\/?p=19030"},"modified":"2021-05-04T13:49:24","modified_gmt":"2021-05-04T11:49:24","slug":"acciones-de-promocion-de-la-igualdad-de-genero-a-partir-de-iniciativas-encaminadas-a-la-consecucion-de-ingresos-en-mujeres-rurales-de-colombia","status":"publish","type":"post","link":"https:\/\/internacional.umh.es\/ca\/2018\/03\/31\/acciones-de-promocion-de-la-igualdad-de-genero-a-partir-de-iniciativas-encaminadas-a-la-consecucion-de-ingresos-en-mujeres-rurales-de-colombia\/","title":{"rendered":"ACCIONS DE PROMOCI\u00d3 DE LA IGUALTAT DE G\u00c8NERE A PARTIR D&#8217;INICIATIVES ENCAMINADES A LA CONSECUCI\u00d3 D&#8217;INGRESSOS EN DONES RURALS DE COL\u00d2MBIA"},"content":{"rendered":"<p><img loading=\"lazy\" class=\"alignleft wp-image-19036 size-medium\" title=\"El projecte desenvolupat amb dones rurals de Col\u00f2mbia se centrava en 3 objectius dels ODS\" src=\"https:\/\/internacional.umh.es\/files\/2018\/03\/Cartel-igualdad-de-g\u00e9nero-Colombia-291x300.jpg\" alt=\"Cartell igualtat de g\u00e8nere Col\u00f2mbia\" width=\"291\" height=\"300\" srcset=\"https:\/\/internacional.umh.es\/files\/2018\/03\/Cartel-igualdad-de-g\u00e9nero-Colombia-291x300.jpg 291w, https:\/\/internacional.umh.es\/files\/2018\/03\/Cartel-igualdad-de-g\u00e9nero-Colombia-32x32.jpg 32w, https:\/\/internacional.umh.es\/files\/2018\/03\/Cartel-igualdad-de-g\u00e9nero-Colombia.jpg 376w\" sizes=\"(max-width: 291px) 100vw, 291px\" \/>El projecte CUD \u201cAccions de promoci\u00f3 de la igualtat de g\u00e8nere a partir d&#8217;iniciatives encaminades a la consecuci\u00f3 d&#8217;ingressos en dones rurals de Col\u00f2mbia\u201d, cofinan\u00e7at per la UMH i GVA, es va desenvolupar d&#8217;acord amb el <a title=\"Coneix altres projectes desenvolupats per la UMH segons el Conveni 2018\" href=\"https:\/\/internacional.umh.es\/ca\/cooperacion-y-voluntariado\/cooperacion-al-desarrollo\/convenio-cooperacion-universitaria-al-desarrollo\/convenio-2018\/\">Conveni 2018 de Cooperaci\u00f3 Universit\u00e0ria al Desenvolupament<\/a>. Aix\u00ed mateix, el projecte es va dissenyar complint els <strong>Objectius de Desenvolupament Sostenible<\/strong>, n\u00ba1 Fi de la pobresa; n\u00ba5 Igualtat de g\u00e8nere i n\u00ba8 Treball decent i creixement econ\u00f2mic.<\/p>\n<p>Aquest projecte s&#8217;engloba en la l\u00ednia de Cooperaci\u00f3 Universit\u00e0ria al Desenvolupament (CUD).<\/p>\n<h4>Objectius del projecte CUD<\/h4>\n<p>L&#8217;apoderament de les dones com a motor per a posar en marxa diferents iniciatives que permeten millorar el nivell de vida de les seues fam\u00edlies. Aix\u00ed com visualitzar el poder transformador de les dones que compten amb la possibilitat de comptar amb recursos econ\u00f2mics; i per tant, generar espais pac\u00edfics de conviv\u00e8ncia, s\u00f3n els objectius principals.&nbsp;<\/p>\n<p>Per a donar visibilitat, difondre i identificar el projecte de cooperaci\u00f3 internacional al desenvolupament, es va crear un cartell com a material gr\u00e0fic.<\/p>\n\n\t\t<style type=\"text\/css\">\n\t\t\t#gallery-2 {\n\t\t\t\tmargin: auto;\n\t\t\t}\n\t\t\t#gallery-2 .gallery-item {\n\t\t\t\tfloat: left;\n\t\t\t\tmargin-top: 10px;\n\t\t\t\ttext-align: center;\n\t\t\t\twidth: 50%;\n\t\t\t}\n\t\t\t#gallery-2 img {\n\t\t\t\tborder: 2px solid #cfcfcf;\n\t\t\t}\n\t\t\t#gallery-2 .gallery-caption {\n\t\t\t\tmargin-left: 0;\n\t\t\t}\n\t\t\t\/* see gallery_shortcode() in wp-includes\/media.php *\/\n\t\t<\/style>\n\t\t<div id='gallery-2' class='gallery galleryid-19030 gallery-columns-2 gallery-size-medium'><dl class='gallery-item'>\n\t\t\t<dt class='gallery-icon landscape'>\n\t\t\t\t<img width=\"454\" height=\"315\" src=\"https:\/\/internacional.umh.es\/files\/2018\/03\/Proyecto-igualdad-g\u00e9nero-mujeres-rurales-Colombia.jpg\" class=\"attachment-*medium size-*medium\" alt=\"Proyecto igualdad g\u00e9nero mujeres rurales Colombia\" loading=\"lazy\" srcset=\"https:\/\/internacional.umh.es\/files\/2018\/03\/Proyecto-igualdad-g\u00e9nero-mujeres-rurales-Colombia.jpg 454w, https:\/\/internacional.umh.es\/files\/2018\/03\/Proyecto-igualdad-g\u00e9nero-mujeres-rurales-Colombia-300x208.jpg 300w\" sizes=\"(max-width: 454px) 100vw, 454px\" \/>\n\t\t\t<\/dt><\/dl><dl class='gallery-item'>\n\t\t\t<dt class='gallery-icon landscape'>\n\t\t\t\t<img width=\"434\" height=\"315\" src=\"https:\/\/internacional.umh.es\/files\/2018\/03\/Proyecto-igualdad-g\u00e9nero-mujeres-rurales-de-Colombia.jpg\" class=\"attachment-*medium size-*medium\" alt=\"Proyecto igualdad g\u00e9nero mujeres rurales de Colombia\" loading=\"lazy\" srcset=\"https:\/\/internacional.umh.es\/files\/2018\/03\/Proyecto-igualdad-g\u00e9nero-mujeres-rurales-de-Colombia.jpg 434w, https:\/\/internacional.umh.es\/files\/2018\/03\/Proyecto-igualdad-g\u00e9nero-mujeres-rurales-de-Colombia-300x218.jpg 300w\" sizes=\"(max-width: 434px) 100vw, 434px\" \/>\n\t\t\t<\/dt><\/dl><br style=\"clear: both\" \/>\n\t\t<\/div>\n\n<h4>Participants del projecte CUD<\/h4>\n<p>El projecte va ser dirigit per la professora de la UMH de l&#8217;\u00c0rea de Fonaments de l&#8217;An\u00e0lisi Econ\u00f2mica. <a title=\"Accedeix a la fitxa de la professora en la UMH\" href=\"https:\/\/www.umh.es\/contenido\/Investigacion\/:persona_120465\/datos_val.html\" target=\"_blank\" rel=\"noopener noreferrer\">Juana Mar\u00eda Aznar,<\/a> com a investigadora principal.<\/p>","protected":false},"excerpt":{"rendered":"<p>El projecte CUD \u201cAccions de promoci\u00f3 de la igualtat de g\u00e8nere a partir d&#8217;iniciatives encaminades a la consecuci\u00f3 d&#8217;ingressos en dones rurals de Col\u00f2mbia\u201d, cofinan\u00e7at per la UMH i GVA, es va desenvolupar d&#8217;acord amb el Conveni 2018 de Cooperaci\u00f3 Universit\u00e0ria al Desenvolupament. Aix\u00ed mateix, el projecte es va dissenyar complint els Objectius de Desenvolupament [&#8230;]<\/p>\n","protected":false},"author":3107,"featured_media":0,"comment_status":"closed","ping_status":"closed","sticky":false,"template":"","format":"standard","meta":{"ngg_post_thumbnail":0,"_links_to":"","_links_to_target":""},"categories":[20504,46075,20486,296002,20482],"tags":[4338,402423,40897,3075,81],"yoast_head":"<!-- This site is optimized with the Yoast SEO plugin v17.5 - https:\/\/yoast.com\/wordpress\/plugins\/seo\/ -->\n<meta name=\"description\" content=\"Proyecto UMH Acciones de promoci\u00f3n de la igualdad de g\u00e9nero a partir de iniciativas encaminadas a la consecuci\u00f3n de ingresos en mujeres rurales de Colombia\" \/>\n<meta name=\"robots\" content=\"index, follow, max-snippet:-1, max-image-preview:large, max-video-preview:-1\" \/>\n<link rel=\"canonical\" href=\"https:\/\/internacional.umh.es\/ca\/2018\/03\/31\/acciones-de-promocion-de-la-igualdad-de-genero-a-partir-de-iniciativas-encaminadas-a-la-consecucion-de-ingresos-en-mujeres-rurales-de-colombia\/\" \/>\n<meta property=\"og:locale\" content=\"ca_ES\" \/>\n<meta property=\"og:type\" content=\"article\" \/>\n<meta property=\"og:title\" content=\"ACCIONES DE PROMOCI\u00d3N DE LA IGUALDAD DE G\u00c9NERO A PARTIR DE INICIATIVAS ENCAMINADAS A LA CONSECUCI\u00d3N DE INGRESOS EN MUJERES RURALES DE COLOMBIAACCIONS DE PROMOCI\u00d3 DE LA IGUALTAT DE G\u00c8NERE A PARTIR D&#039;INICIATIVES ENCAMINADES A LA CONSECUCI\u00d3 D&#039;INGRESSOS EN DONES RURALS DE COL\u00d2MBIAACCIONES DE PROMOCI\u00d3N DE LA IGUALDAD DE G\u00c9NERO A PARTIR DE INICIATIVAS ENCAMINADAS A LA CONSECUCI\u00d3N DE INGRESOS EN MUJERES RURALES DE COLOMBIA - Internacionalitzaci\u00f3 i Cooperaci\u00f3\" \/>\n<meta property=\"og:description\" content=\"Proyecto UMH Acciones de promoci\u00f3n de la igualdad de g\u00e9nero a partir de iniciativas encaminadas a la consecuci\u00f3n de ingresos en mujeres rurales de Colombia\" \/>\n<meta property=\"og:url\" content=\"https:\/\/internacional.umh.es\/2018\/03\/31\/acciones-de-promocion-de-la-igualdad-de-genero-a-partir-de-iniciativas-encaminadas-a-la-consecucion-de-ingresos-en-mujeres-rurales-de-colombia\/\" \/>\n<meta property=\"og:site_name\" content=\"Internacionalitzaci\u00f3 i Cooperaci\u00f3\" \/>\n<meta property=\"article:published_time\" content=\"2018-03-31T06:07:52+00:00\" \/>\n<meta property=\"article:modified_time\" content=\"2021-05-04T11:49:24+00:00\" \/>\n<meta property=\"og:image\" content=\"https:\/\/internacional.umh.es\/files\/2018\/03\/Proyecto-igualdad-g\u00e9nero-mujeres-rurales-Colombia-300x208.jpg\" \/>\n<meta name=\"twitter:card\" content=\"summary_large_image\" \/>\n<meta name=\"twitter:label1\" content=\"Written by\" \/>\n\t<meta name=\"twitter:data1\" content=\"juan.torresg\" \/>\n\t<meta name=\"twitter:label2\" content=\"Est. reading time\" \/>\n\t<meta name=\"twitter:data2\" content=\"2 minuts\" \/>\n<script type=\"application\/ld+json\" class=\"yoast-schema-graph\">{\"@context\":\"https:\/\/schema.org\",\"@graph\":[{\"@type\":\"WebSite\",\"@id\":\"https:\/\/internacional.umh.es\/en\/#website\",\"url\":\"https:\/\/internacional.umh.es\/en\/\",\"name\":\"Internacionalitzaci\\u00f3 i Cooperaci\\u00f3\",\"description\":\"Universitat Miguel Hern\\u00e1ndez d&#039;Elx\",\"potentialAction\":[{\"@type\":\"SearchAction\",\"target\":{\"@type\":\"EntryPoint\",\"urlTemplate\":\"https:\/\/internacional.umh.es\/en\/?s={search_term_string}\"},\"query-input\":\"required name=search_term_string\"}],\"inLanguage\":\"ca\"},{\"@type\":\"ImageObject\",\"@id\":\"https:\/\/internacional.umh.es\/2018\/03\/31\/acciones-de-promocion-de-la-igualdad-de-genero-a-partir-de-iniciativas-encaminadas-a-la-consecucion-de-ingresos-en-mujeres-rurales-de-colombia\/#primaryimage\",\"inLanguage\":\"ca\",\"url\":\"https:\/\/internacional.umh.es\/files\/2018\/03\/Cartel-igualdad-de-g\\u00e9nero-Colombia.jpg\",\"contentUrl\":\"https:\/\/internacional.umh.es\/files\/2018\/03\/Cartel-igualdad-de-g\\u00e9nero-Colombia.jpg\",\"width\":376,\"height\":388,\"caption\":\"Cartel igualdad de g\\u00e9nero Colombia\"},{\"@type\":\"WebPage\",\"@id\":\"https:\/\/internacional.umh.es\/2018\/03\/31\/acciones-de-promocion-de-la-igualdad-de-genero-a-partir-de-iniciativas-encaminadas-a-la-consecucion-de-ingresos-en-mujeres-rurales-de-colombia\/#webpage\",\"url\":\"https:\/\/internacional.umh.es\/2018\/03\/31\/acciones-de-promocion-de-la-igualdad-de-genero-a-partir-de-iniciativas-encaminadas-a-la-consecucion-de-ingresos-en-mujeres-rurales-de-colombia\/\",\"name\":\"ACCIONES DE PROMOCI\\u00d3N DE LA IGUALDAD DE G\\u00c9NERO A PARTIR DE INICIATIVAS ENCAMINADAS A LA CONSECUCI\\u00d3N DE INGRESOS EN MUJERES RURALES DE COLOMBIAACCIONS DE PROMOCI\\u00d3 DE LA IGUALTAT DE G\\u00c8NERE A PARTIR D'INICIATIVES ENCAMINADES A LA CONSECUCI\\u00d3 D'INGRESSOS EN DONES RURALS DE COL\\u00d2MBIAACCIONES DE PROMOCI\\u00d3N DE LA IGUALDAD DE G\\u00c9NERO A PARTIR DE INICIATIVAS ENCAMINADAS A LA CONSECUCI\\u00d3N DE INGRESOS EN MUJERES RURALES DE COLOMBIA - Internacionalitzaci\\u00f3 i Cooperaci\\u00f3\",\"isPartOf\":{\"@id\":\"https:\/\/internacional.umh.es\/en\/#website\"},\"primaryImageOfPage\":{\"@id\":\"https:\/\/internacional.umh.es\/2018\/03\/31\/acciones-de-promocion-de-la-igualdad-de-genero-a-partir-de-iniciativas-encaminadas-a-la-consecucion-de-ingresos-en-mujeres-rurales-de-colombia\/#primaryimage\"},\"datePublished\":\"2018-03-31T06:07:52+00:00\",\"dateModified\":\"2021-05-04T11:49:24+00:00\",\"author\":{\"@id\":\"https:\/\/internacional.umh.es\/en\/#\/schema\/person\/b5eb1c3427fa071575e2067be339abff\"},\"description\":\"Proyecto UMH Acciones de promoci\\u00f3n de la igualdad de g\\u00e9nero a partir de iniciativas encaminadas a la consecuci\\u00f3n de ingresos en mujeres rurales de Colombia\",\"breadcrumb\":{\"@id\":\"https:\/\/internacional.umh.es\/2018\/03\/31\/acciones-de-promocion-de-la-igualdad-de-genero-a-partir-de-iniciativas-encaminadas-a-la-consecucion-de-ingresos-en-mujeres-rurales-de-colombia\/#breadcrumb\"},\"inLanguage\":\"ca\",\"potentialAction\":[{\"@type\":\"ReadAction\",\"target\":[\"https:\/\/internacional.umh.es\/2018\/03\/31\/acciones-de-promocion-de-la-igualdad-de-genero-a-partir-de-iniciativas-encaminadas-a-la-consecucion-de-ingresos-en-mujeres-rurales-de-colombia\/\"]}]},{\"@type\":\"BreadcrumbList\",\"@id\":\"https:\/\/internacional.umh.es\/2018\/03\/31\/acciones-de-promocion-de-la-igualdad-de-genero-a-partir-de-iniciativas-encaminadas-a-la-consecucion-de-ingresos-en-mujeres-rurales-de-colombia\/#breadcrumb\",\"itemListElement\":[{\"@type\":\"ListItem\",\"position\":1,\"name\":\"Home\",\"item\":\"https:\/\/internacional.umh.es\/en\/\"},{\"@type\":\"ListItem\",\"position\":2,\"name\":\"ACCIONES DE PROMOCI\\u00d3N DE LA IGUALDAD DE G\\u00c9NERO A PARTIR DE INICIATIVAS ENCAMINADAS A LA CONSECUCI\\u00d3N DE INGRESOS EN MUJERES RURALES DE COLOMBIA\"}]},{\"@type\":\"Person\",\"@id\":\"https:\/\/internacional.umh.es\/en\/#\/schema\/person\/b5eb1c3427fa071575e2067be339abff\",\"name\":\"juan.torresg\",\"image\":{\"@type\":\"ImageObject\",\"@id\":\"https:\/\/internacional.umh.es\/en\/#personlogo\",\"inLanguage\":\"ca\",\"url\":\"https:\/\/secure.gravatar.com\/avatar\/2d49f32f8cb81918e740433e7190ba39?s=96&d=mm&r=g\",\"contentUrl\":\"https:\/\/secure.gravatar.com\/avatar\/2d49f32f8cb81918e740433e7190ba39?s=96&d=mm&r=g\",\"caption\":\"juan.torresg\"},\"url\":\"https:\/\/internacional.umh.es\/ca\/author\/juan-torresg\/\"}]}<\/script>\n<!-- \/ Yoast SEO plugin. -->","yoast_head_json":{"description":"Proyecto UMH Acciones de promoci\u00f3n de la igualdad de g\u00e9nero a partir de iniciativas encaminadas a la consecuci\u00f3n de ingresos en mujeres rurales de Colombia","robots":{"index":"index","follow":"follow","max-snippet":"max-snippet:-1","max-image-preview":"max-image-preview:large","max-video-preview":"max-video-preview:-1"},"canonical":"https:\/\/internacional.umh.es\/ca\/2018\/03\/31\/acciones-de-promocion-de-la-igualdad-de-genero-a-partir-de-iniciativas-encaminadas-a-la-consecucion-de-ingresos-en-mujeres-rurales-de-colombia\/","og_locale":"ca_ES","og_type":"article","og_title":"ACCIONES DE PROMOCI\u00d3N DE LA IGUALDAD DE G\u00c9NERO A PARTIR DE INICIATIVAS ENCAMINADAS A LA CONSECUCI\u00d3N DE INGRESOS EN MUJERES RURALES DE COLOMBIAACCIONS DE PROMOCI\u00d3 DE LA IGUALTAT DE G\u00c8NERE A PARTIR D'INICIATIVES ENCAMINADES A LA CONSECUCI\u00d3 D'INGRESSOS EN DONES RURALS DE COL\u00d2MBIAACCIONES DE PROMOCI\u00d3N DE LA IGUALDAD DE G\u00c9NERO A PARTIR DE INICIATIVAS ENCAMINADAS A LA CONSECUCI\u00d3N DE INGRESOS EN MUJERES RURALES DE COLOMBIA - Internacionalitzaci\u00f3 i Cooperaci\u00f3","og_description":"Proyecto UMH Acciones de promoci\u00f3n de la igualdad de g\u00e9nero a partir de iniciativas encaminadas a la consecuci\u00f3n de ingresos en mujeres rurales de Colombia","og_url":"https:\/\/internacional.umh.es\/2018\/03\/31\/acciones-de-promocion-de-la-igualdad-de-genero-a-partir-de-iniciativas-encaminadas-a-la-consecucion-de-ingresos-en-mujeres-rurales-de-colombia\/","og_site_name":"Internacionalitzaci\u00f3 i Cooperaci\u00f3","article_published_time":"2018-03-31T06:07:52+00:00","article_modified_time":"2021-05-04T11:49:24+00:00","og_image":[{"url":"https:\/\/internacional.umh.es\/files\/2018\/03\/Proyecto-igualdad-g\u00e9nero-mujeres-rurales-Colombia-300x208.jpg"}],"twitter_card":"summary_large_image","twitter_misc":{"Written by":"juan.torresg","Est. reading time":"2 minuts"},"schema":{"@context":"https:\/\/schema.org","@graph":[{"@type":"WebSite","@id":"https:\/\/internacional.umh.es\/en\/#website","url":"https:\/\/internacional.umh.es\/en\/","name":"Internacionalitzaci\u00f3 i Cooperaci\u00f3","description":"Universitat Miguel Hern\u00e1ndez d&#039;Elx","potentialAction":[{"@type":"SearchAction","target":{"@type":"EntryPoint","urlTemplate":"https:\/\/internacional.umh.es\/en\/?s={search_term_string}"},"query-input":"required name=search_term_string"}],"inLanguage":"ca"},{"@type":"ImageObject","@id":"https:\/\/internacional.umh.es\/2018\/03\/31\/acciones-de-promocion-de-la-igualdad-de-genero-a-partir-de-iniciativas-encaminadas-a-la-consecucion-de-ingresos-en-mujeres-rurales-de-colombia\/#primaryimage","inLanguage":"ca","url":"https:\/\/internacional.umh.es\/files\/2018\/03\/Cartel-igualdad-de-g\u00e9nero-Colombia.jpg","contentUrl":"https:\/\/internacional.umh.es\/files\/2018\/03\/Cartel-igualdad-de-g\u00e9nero-Colombia.jpg","width":376,"height":388,"caption":"Cartel igualdad de g\u00e9nero Colombia"},{"@type":"WebPage","@id":"https:\/\/internacional.umh.es\/2018\/03\/31\/acciones-de-promocion-de-la-igualdad-de-genero-a-partir-de-iniciativas-encaminadas-a-la-consecucion-de-ingresos-en-mujeres-rurales-de-colombia\/#webpage","url":"https:\/\/internacional.umh.es\/2018\/03\/31\/acciones-de-promocion-de-la-igualdad-de-genero-a-partir-de-iniciativas-encaminadas-a-la-consecucion-de-ingresos-en-mujeres-rurales-de-colombia\/","name":"ACCIONES DE PROMOCI\u00d3N DE LA IGUALDAD DE G\u00c9NERO A PARTIR DE INICIATIVAS ENCAMINADAS A LA CONSECUCI\u00d3N DE INGRESOS EN MUJERES RURALES DE COLOMBIAACCIONS DE PROMOCI\u00d3 DE LA IGUALTAT DE G\u00c8NERE A PARTIR D'INICIATIVES ENCAMINADES A LA CONSECUCI\u00d3 D'INGRESSOS EN DONES RURALS DE COL\u00d2MBIAACCIONES DE PROMOCI\u00d3N DE LA IGUALDAD DE G\u00c9NERO A PARTIR DE INICIATIVAS ENCAMINADAS A LA CONSECUCI\u00d3N DE INGRESOS EN MUJERES RURALES DE COLOMBIA - Internacionalitzaci\u00f3 i Cooperaci\u00f3","isPartOf":{"@id":"https:\/\/internacional.umh.es\/en\/#website"},"primaryImageOfPage":{"@id":"https:\/\/internacional.umh.es\/2018\/03\/31\/acciones-de-promocion-de-la-igualdad-de-genero-a-partir-de-iniciativas-encaminadas-a-la-consecucion-de-ingresos-en-mujeres-rurales-de-colombia\/#primaryimage"},"datePublished":"2018-03-31T06:07:52+00:00","dateModified":"2021-05-04T11:49:24+00:00","author":{"@id":"https:\/\/internacional.umh.es\/en\/#\/schema\/person\/b5eb1c3427fa071575e2067be339abff"},"description":"Proyecto UMH Acciones de promoci\u00f3n de la igualdad de g\u00e9nero a partir de iniciativas encaminadas a la consecuci\u00f3n de ingresos en mujeres rurales de Colombia","breadcrumb":{"@id":"https:\/\/internacional.umh.es\/2018\/03\/31\/acciones-de-promocion-de-la-igualdad-de-genero-a-partir-de-iniciativas-encaminadas-a-la-consecucion-de-ingresos-en-mujeres-rurales-de-colombia\/#breadcrumb"},"inLanguage":"ca","potentialAction":[{"@type":"ReadAction","target":["https:\/\/internacional.umh.es\/2018\/03\/31\/acciones-de-promocion-de-la-igualdad-de-genero-a-partir-de-iniciativas-encaminadas-a-la-consecucion-de-ingresos-en-mujeres-rurales-de-colombia\/"]}]},{"@type":"BreadcrumbList","@id":"https:\/\/internacional.umh.es\/2018\/03\/31\/acciones-de-promocion-de-la-igualdad-de-genero-a-partir-de-iniciativas-encaminadas-a-la-consecucion-de-ingresos-en-mujeres-rurales-de-colombia\/#breadcrumb","itemListElement":[{"@type":"ListItem","position":1,"name":"Home","item":"https:\/\/internacional.umh.es\/en\/"},{"@type":"ListItem","position":2,"name":"ACCIONES DE PROMOCI\u00d3N DE LA IGUALDAD DE G\u00c9NERO A PARTIR DE INICIATIVAS ENCAMINADAS A LA CONSECUCI\u00d3N DE INGRESOS EN MUJERES RURALES DE COLOMBIA"}]},{"@type":"Person","@id":"https:\/\/internacional.umh.es\/en\/#\/schema\/person\/b5eb1c3427fa071575e2067be339abff","name":"juan.torresg","image":{"@type":"ImageObject","@id":"https:\/\/internacional.umh.es\/en\/#personlogo","inLanguage":"ca","url":"https:\/\/secure.gravatar.com\/avatar\/2d49f32f8cb81918e740433e7190ba39?s=96&d=mm&r=g","contentUrl":"https:\/\/secure.gravatar.com\/avatar\/2d49f32f8cb81918e740433e7190ba39?s=96&d=mm&r=g","caption":"juan.torresg"},"url":"https:\/\/internacional.umh.es\/ca\/author\/juan-torresg\/"}]}},"_links":{"self":[{"href":"https:\/\/internacional.umh.es\/ca\/wp-json\/wp\/v2\/posts\/19030"}],"collection":[{"href":"https:\/\/internacional.umh.es\/ca\/wp-json\/wp\/v2\/posts"}],"about":[{"href":"https:\/\/internacional.umh.es\/ca\/wp-json\/wp\/v2\/types\/post"}],"author":[{"embeddable":true,"href":"https:\/\/internacional.umh.es\/ca\/wp-json\/wp\/v2\/users\/3107"}],"replies":[{"embeddable":true,"href":"https:\/\/internacional.umh.es\/ca\/wp-json\/wp\/v2\/comments?post=19030"}],"version-history":[{"count":0,"href":"https:\/\/internacional.umh.es\/ca\/wp-json\/wp\/v2\/posts\/19030\/revisions"}],"wp:attachment":[{"href":"https:\/\/internacional.umh.es\/ca\/wp-json\/wp\/v2\/media?parent=19030"}],"wp:term":[{"taxonomy":"category","embeddable":true,"href":"https:\/\/internacional.umh.es\/ca\/wp-json\/wp\/v2\/categories?post=19030"},{"taxonomy":"post_tag","embeddable":true,"href":"https:\/\/internacional.umh.es\/ca\/wp-json\/wp\/v2\/tags?post=19030"}],"curies":[{"name":"wp","href":"https:\/\/api.w.org\/{rel}","templated":true}]}}