{"id":19511,"date":"2016-11-02T13:03:38","date_gmt":"2016-11-02T12:03:38","guid":{"rendered":"https:\/\/internacional.umh.es\/?p=19511"},"modified":"2021-05-27T12:08:26","modified_gmt":"2021-05-27T10:08:26","slug":"universidad-de-otono-los-objetivo-de-desarrollo-sostenible","status":"publish","type":"post","link":"https:\/\/internacional.umh.es\/ca\/2016\/11\/02\/universidad-de-otono-los-objetivo-de-desarrollo-sostenible\/","title":{"rendered":"UNIVERSITAT DE TARDOR \u00abELS OBJECTIVE DE DESENVOLUPAMENT SOSTENIBLE\u00bb"},"content":{"rendered":"<p><a href=\"https:\/\/internacional.umh.es\/files\/2021\/05\/Cartel-Universidad-de-Oto\u00f1o-2.jpg\" title=\"Amplia-ho per a veure-ho amb m\u00e9s detall en una nova finestra\" target=\"_blank\" rel=\"noopener noreferrer\"><img loading=\"lazy\" class=\"alignleft wp-image-1479\" src=\"https:\/\/internacional.umh.es\/files\/2021\/05\/Cartel-Universidad-de-Oto\u00f1o.jpg\" alt=\"Cartell Universitat de Tardor universitats valencianes\" title=\"UNIVERSITAT de Tardor Els objectius de desenvolupament sostenible on participa la UMH\" width=\"219\" height=\"306\" \/><\/a><\/p>\n<p>Els pr\u00f2xims<strong> 9, 10 i 11 de novembre <\/strong>se celebraran el Col\u00b7legi Major Rector Peset de la Universitat de Val\u00e8ncia la <strong>&#8220;Universitat de Tardor de la cooperaci\u00f3 universit\u00e0ria al desenvolupament&#8221;.<\/strong><\/p>\n<h4>Objectius de la Universitat de Tardor<br \/>\n\u00abEls objective de desenvolupament sostenible\u00bb<\/h4>\n<p>L&#8217;objectiu general \u00e9s l&#8217;aproximaci\u00f3 als 17 Objectius de Desenvolupament Sostenible (ODS) aprovats per les Nacions Unides en la seua agenda per al 2030, el mes de setembre passat de 2015.<\/p>\n<h4>Inscripci\u00f3 i informaci\u00f3 d&#8217;inter\u00e9s sobre la Universitat de Tardor<br \/>\n\u00abEls objective de desenvolupament sostenible\u00bb<\/h4>\n<p> Pots inscriure&#8217;t <a href=\"https:\/\/goo.gl\/bXyyMA\" title=\"Completa el formulari d'inscripci\u00f3 en una nova finestra\" target=\"_blank\" rel=\"noopener noreferrer\">ac\u00ed<\/a>, pots consultar els horaris i conferenciants que participen en aquest esdeveniment (<a href=\"https:\/\/internacional.umh.es\/files\/2021\/05\/Poster_web_UdO.jpg\" title=\"Ho veur\u00e0s en una nova finestra\" target=\"_blank\" rel=\"noopener noreferrer\">Desc\u00e0rrega el programa (450Kb .pdf)<\/a>), el termini de la matr\u00edcula \u00e9s <strong>fins al 7 de novembre de 2016. <u>TERMINI FINALITZAT<\/u> <\/strong><\/p>\n<p><strong>L&#8217;allotjament i despla\u00e7ament fins a Val\u00e8ncia est\u00e0 subvencionat amb el pagament de la matr\u00edcula.<\/strong><\/p>\n<p>Per a m\u00e9s informaci\u00f3 <a href=\"mailto:cooperacion@umh.es\" rel=\"noopener noreferrer\" title=\"Ho veur\u00e0s en una nova finestra\" target=\"_blank\">contacta per email<\/a> amb el Centre de Cooperaci\u00f3 al Desenvolupament i Voluntariat de la UMH o visita la p\u00e0gina <a href=\"http:\/\/www.universicoop.net\" target=\"_blank\" title=\"Ho veur\u00e0s en una nova finestra\" rel=\"noopener noreferrer\"> universicoop.net<\/a><\/p>\n<p>&nbsp;<\/p>","protected":false},"excerpt":{"rendered":"<p>Els pr\u00f2xims 9, 10 i 11 de novembre se celebraran el Col\u00b7legi Major Rector Peset de la Universitat de Val\u00e8ncia la &#8220;Universitat de Tardor de la cooperaci\u00f3 universit\u00e0ria al desenvolupament&#8221;.<br \/>\nObjectius de la Universitat de Tardor<br \/>\n\u00abEls objective de desenvolupament sostenible\u00bb<br \/>\nL&#8217;objectiu general \u00e9s l&#8217;aproximaci\u00f3 als 17 Objectius de Desenvolupament Sostenible (ODS) aprovats per les Nacions Unides en [&#8230;]<\/p>\n","protected":false},"author":3107,"featured_media":0,"comment_status":"closed","ping_status":"closed","sticky":false,"template":"","format":"standard","meta":{"ngg_post_thumbnail":0,"_links_to":"","_links_to_target":""},"categories":[20504,46075,20486],"tags":[20486,402473,402476],"yoast_head":"<!-- This site is optimized with the Yoast SEO plugin v17.5 - https:\/\/yoast.com\/wordpress\/plugins\/seo\/ -->\n<meta name=\"description\" content=\"9, 10 y 11 noviembre se celebran en el Colegio Mayor Rector Peset Universitat de Valencia la Universidad de Oto\u00f1o de cooperaci\u00f3n universitaria al desarrollo\" \/>\n<meta name=\"robots\" content=\"index, follow, max-snippet:-1, max-image-preview:large, max-video-preview:-1\" \/>\n<link rel=\"canonical\" href=\"https:\/\/internacional.umh.es\/ca\/2016\/11\/02\/universidad-de-otono-los-objetivo-de-desarrollo-sostenible\/\" \/>\n<meta property=\"og:locale\" content=\"ca_ES\" \/>\n<meta property=\"og:type\" content=\"article\" \/>\n<meta property=\"og:title\" content=\"UNIVERSIDAD DE OTO\u00d1O \u00abLOS OBJETIVO DE DESARROLLO SOSTENIBLE\u00bbUNIVERSITAT DE TARDOR \u00abELS OBJECTIVE DE DESENVOLUPAMENT SOSTENIBLE\u00bbUNIVERSIDAD DE OTO\u00d1O \u00abLOS OBJETIVO DE DESARROLLO SOSTENIBLE\u00bb - Internacionalitzaci\u00f3 i Cooperaci\u00f3\" \/>\n<meta property=\"og:description\" content=\"9, 10 y 11 noviembre se celebran en el Colegio Mayor Rector Peset Universitat de Valencia la Universidad de Oto\u00f1o de cooperaci\u00f3n universitaria al desarrollo\" \/>\n<meta property=\"og:url\" content=\"https:\/\/internacional.umh.es\/2016\/11\/02\/universidad-de-otono-los-objetivo-de-desarrollo-sostenible\/\" \/>\n<meta property=\"og:site_name\" content=\"Internacionalitzaci\u00f3 i Cooperaci\u00f3\" \/>\n<meta property=\"article:published_time\" content=\"2016-11-02T12:03:38+00:00\" \/>\n<meta property=\"article:modified_time\" content=\"2021-05-27T10:08:26+00:00\" \/>\n<meta property=\"og:image\" content=\"https:\/\/internacional.umh.es\/files\/2021\/05\/Cartel-Universidad-de-Oto\u00f1o.jpg\" \/>\n<meta name=\"twitter:card\" content=\"summary_large_image\" \/>\n<meta name=\"twitter:label1\" content=\"Written by\" \/>\n\t<meta name=\"twitter:data1\" content=\"juan.torresg\" \/>\n\t<meta name=\"twitter:label2\" content=\"Est. reading time\" \/>\n\t<meta name=\"twitter:data2\" content=\"2 minuts\" \/>\n<script type=\"application\/ld+json\" class=\"yoast-schema-graph\">{\"@context\":\"https:\/\/schema.org\",\"@graph\":[{\"@type\":\"WebSite\",\"@id\":\"https:\/\/internacional.umh.es\/en\/#website\",\"url\":\"https:\/\/internacional.umh.es\/en\/\",\"name\":\"Internacionalitzaci\\u00f3 i Cooperaci\\u00f3\",\"description\":\"Universitat Miguel Hern\\u00e1ndez d&#039;Elx\",\"potentialAction\":[{\"@type\":\"SearchAction\",\"target\":{\"@type\":\"EntryPoint\",\"urlTemplate\":\"https:\/\/internacional.umh.es\/en\/?s={search_term_string}\"},\"query-input\":\"required name=search_term_string\"}],\"inLanguage\":\"ca\"},{\"@type\":\"ImageObject\",\"@id\":\"https:\/\/internacional.umh.es\/2016\/11\/02\/universidad-de-otono-los-objetivo-de-desarrollo-sostenible\/#primaryimage\",\"inLanguage\":\"ca\",\"url\":\"https:\/\/internacional.umh.es\/files\/2021\/05\/Cartel-Universidad-de-Oto\\u00f1o.jpg\",\"contentUrl\":\"https:\/\/internacional.umh.es\/files\/2021\/05\/Cartel-Universidad-de-Oto\\u00f1o.jpg\",\"width\":215,\"height\":300,\"caption\":\"Cartel Universidad de Oto\\u00f1o universidades valencianas\"},{\"@type\":\"WebPage\",\"@id\":\"https:\/\/internacional.umh.es\/2016\/11\/02\/universidad-de-otono-los-objetivo-de-desarrollo-sostenible\/#webpage\",\"url\":\"https:\/\/internacional.umh.es\/2016\/11\/02\/universidad-de-otono-los-objetivo-de-desarrollo-sostenible\/\",\"name\":\"UNIVERSIDAD DE OTO\\u00d1O \\u00abLOS OBJETIVO DE DESARROLLO SOSTENIBLE\\u00bbUNIVERSITAT DE TARDOR \\u00abELS OBJECTIVE DE DESENVOLUPAMENT SOSTENIBLE\\u00bbUNIVERSIDAD DE OTO\\u00d1O \\u00abLOS OBJETIVO DE DESARROLLO SOSTENIBLE\\u00bb - Internacionalitzaci\\u00f3 i Cooperaci\\u00f3\",\"isPartOf\":{\"@id\":\"https:\/\/internacional.umh.es\/en\/#website\"},\"primaryImageOfPage\":{\"@id\":\"https:\/\/internacional.umh.es\/2016\/11\/02\/universidad-de-otono-los-objetivo-de-desarrollo-sostenible\/#primaryimage\"},\"datePublished\":\"2016-11-02T12:03:38+00:00\",\"dateModified\":\"2021-05-27T10:08:26+00:00\",\"author\":{\"@id\":\"https:\/\/internacional.umh.es\/en\/#\/schema\/person\/b5eb1c3427fa071575e2067be339abff\"},\"description\":\"9, 10 y 11 noviembre se celebran en el Colegio Mayor Rector Peset Universitat de Valencia la Universidad de Oto\\u00f1o de cooperaci\\u00f3n universitaria al desarrollo\",\"breadcrumb\":{\"@id\":\"https:\/\/internacional.umh.es\/2016\/11\/02\/universidad-de-otono-los-objetivo-de-desarrollo-sostenible\/#breadcrumb\"},\"inLanguage\":\"ca\",\"potentialAction\":[{\"@type\":\"ReadAction\",\"target\":[\"https:\/\/internacional.umh.es\/2016\/11\/02\/universidad-de-otono-los-objetivo-de-desarrollo-sostenible\/\"]}]},{\"@type\":\"BreadcrumbList\",\"@id\":\"https:\/\/internacional.umh.es\/2016\/11\/02\/universidad-de-otono-los-objetivo-de-desarrollo-sostenible\/#breadcrumb\",\"itemListElement\":[{\"@type\":\"ListItem\",\"position\":1,\"name\":\"Home\",\"item\":\"https:\/\/internacional.umh.es\/en\/\"},{\"@type\":\"ListItem\",\"position\":2,\"name\":\"UNIVERSIDAD DE OTO\\u00d1O \\u00abLOS OBJETIVO DE DESARROLLO SOSTENIBLE\\u00bb\"}]},{\"@type\":\"Person\",\"@id\":\"https:\/\/internacional.umh.es\/en\/#\/schema\/person\/b5eb1c3427fa071575e2067be339abff\",\"name\":\"juan.torresg\",\"image\":{\"@type\":\"ImageObject\",\"@id\":\"https:\/\/internacional.umh.es\/en\/#personlogo\",\"inLanguage\":\"ca\",\"url\":\"https:\/\/secure.gravatar.com\/avatar\/2d49f32f8cb81918e740433e7190ba39?s=96&d=mm&r=g\",\"contentUrl\":\"https:\/\/secure.gravatar.com\/avatar\/2d49f32f8cb81918e740433e7190ba39?s=96&d=mm&r=g\",\"caption\":\"juan.torresg\"},\"url\":\"https:\/\/internacional.umh.es\/ca\/author\/juan-torresg\/\"}]}<\/script>\n<!-- \/ Yoast SEO plugin. -->","yoast_head_json":{"description":"9, 10 y 11 noviembre se celebran en el Colegio Mayor Rector Peset Universitat de Valencia la Universidad de Oto\u00f1o de cooperaci\u00f3n universitaria al desarrollo","robots":{"index":"index","follow":"follow","max-snippet":"max-snippet:-1","max-image-preview":"max-image-preview:large","max-video-preview":"max-video-preview:-1"},"canonical":"https:\/\/internacional.umh.es\/ca\/2016\/11\/02\/universidad-de-otono-los-objetivo-de-desarrollo-sostenible\/","og_locale":"ca_ES","og_type":"article","og_title":"UNIVERSIDAD DE OTO\u00d1O \u00abLOS OBJETIVO DE DESARROLLO SOSTENIBLE\u00bbUNIVERSITAT DE TARDOR \u00abELS OBJECTIVE DE DESENVOLUPAMENT SOSTENIBLE\u00bbUNIVERSIDAD DE OTO\u00d1O \u00abLOS OBJETIVO DE DESARROLLO SOSTENIBLE\u00bb - Internacionalitzaci\u00f3 i Cooperaci\u00f3","og_description":"9, 10 y 11 noviembre se celebran en el Colegio Mayor Rector Peset Universitat de Valencia la Universidad de Oto\u00f1o de cooperaci\u00f3n universitaria al desarrollo","og_url":"https:\/\/internacional.umh.es\/2016\/11\/02\/universidad-de-otono-los-objetivo-de-desarrollo-sostenible\/","og_site_name":"Internacionalitzaci\u00f3 i Cooperaci\u00f3","article_published_time":"2016-11-02T12:03:38+00:00","article_modified_time":"2021-05-27T10:08:26+00:00","og_image":[{"url":"https:\/\/internacional.umh.es\/files\/2021\/05\/Cartel-Universidad-de-Oto\u00f1o.jpg"}],"twitter_card":"summary_large_image","twitter_misc":{"Written by":"juan.torresg","Est. reading time":"2 minuts"},"schema":{"@context":"https:\/\/schema.org","@graph":[{"@type":"WebSite","@id":"https:\/\/internacional.umh.es\/en\/#website","url":"https:\/\/internacional.umh.es\/en\/","name":"Internacionalitzaci\u00f3 i Cooperaci\u00f3","description":"Universitat Miguel Hern\u00e1ndez d&#039;Elx","potentialAction":[{"@type":"SearchAction","target":{"@type":"EntryPoint","urlTemplate":"https:\/\/internacional.umh.es\/en\/?s={search_term_string}"},"query-input":"required name=search_term_string"}],"inLanguage":"ca"},{"@type":"ImageObject","@id":"https:\/\/internacional.umh.es\/2016\/11\/02\/universidad-de-otono-los-objetivo-de-desarrollo-sostenible\/#primaryimage","inLanguage":"ca","url":"https:\/\/internacional.umh.es\/files\/2021\/05\/Cartel-Universidad-de-Oto\u00f1o.jpg","contentUrl":"https:\/\/internacional.umh.es\/files\/2021\/05\/Cartel-Universidad-de-Oto\u00f1o.jpg","width":215,"height":300,"caption":"Cartel Universidad de Oto\u00f1o universidades valencianas"},{"@type":"WebPage","@id":"https:\/\/internacional.umh.es\/2016\/11\/02\/universidad-de-otono-los-objetivo-de-desarrollo-sostenible\/#webpage","url":"https:\/\/internacional.umh.es\/2016\/11\/02\/universidad-de-otono-los-objetivo-de-desarrollo-sostenible\/","name":"UNIVERSIDAD DE OTO\u00d1O \u00abLOS OBJETIVO DE DESARROLLO SOSTENIBLE\u00bbUNIVERSITAT DE TARDOR \u00abELS OBJECTIVE DE DESENVOLUPAMENT SOSTENIBLE\u00bbUNIVERSIDAD DE OTO\u00d1O \u00abLOS OBJETIVO DE DESARROLLO SOSTENIBLE\u00bb - Internacionalitzaci\u00f3 i Cooperaci\u00f3","isPartOf":{"@id":"https:\/\/internacional.umh.es\/en\/#website"},"primaryImageOfPage":{"@id":"https:\/\/internacional.umh.es\/2016\/11\/02\/universidad-de-otono-los-objetivo-de-desarrollo-sostenible\/#primaryimage"},"datePublished":"2016-11-02T12:03:38+00:00","dateModified":"2021-05-27T10:08:26+00:00","author":{"@id":"https:\/\/internacional.umh.es\/en\/#\/schema\/person\/b5eb1c3427fa071575e2067be339abff"},"description":"9, 10 y 11 noviembre se celebran en el Colegio Mayor Rector Peset Universitat de Valencia la Universidad de Oto\u00f1o de cooperaci\u00f3n universitaria al desarrollo","breadcrumb":{"@id":"https:\/\/internacional.umh.es\/2016\/11\/02\/universidad-de-otono-los-objetivo-de-desarrollo-sostenible\/#breadcrumb"},"inLanguage":"ca","potentialAction":[{"@type":"ReadAction","target":["https:\/\/internacional.umh.es\/2016\/11\/02\/universidad-de-otono-los-objetivo-de-desarrollo-sostenible\/"]}]},{"@type":"BreadcrumbList","@id":"https:\/\/internacional.umh.es\/2016\/11\/02\/universidad-de-otono-los-objetivo-de-desarrollo-sostenible\/#breadcrumb","itemListElement":[{"@type":"ListItem","position":1,"name":"Home","item":"https:\/\/internacional.umh.es\/en\/"},{"@type":"ListItem","position":2,"name":"UNIVERSIDAD DE OTO\u00d1O \u00abLOS OBJETIVO DE DESARROLLO SOSTENIBLE\u00bb"}]},{"@type":"Person","@id":"https:\/\/internacional.umh.es\/en\/#\/schema\/person\/b5eb1c3427fa071575e2067be339abff","name":"juan.torresg","image":{"@type":"ImageObject","@id":"https:\/\/internacional.umh.es\/en\/#personlogo","inLanguage":"ca","url":"https:\/\/secure.gravatar.com\/avatar\/2d49f32f8cb81918e740433e7190ba39?s=96&d=mm&r=g","contentUrl":"https:\/\/secure.gravatar.com\/avatar\/2d49f32f8cb81918e740433e7190ba39?s=96&d=mm&r=g","caption":"juan.torresg"},"url":"https:\/\/internacional.umh.es\/ca\/author\/juan-torresg\/"}]}},"_links":{"self":[{"href":"https:\/\/internacional.umh.es\/ca\/wp-json\/wp\/v2\/posts\/19511"}],"collection":[{"href":"https:\/\/internacional.umh.es\/ca\/wp-json\/wp\/v2\/posts"}],"about":[{"href":"https:\/\/internacional.umh.es\/ca\/wp-json\/wp\/v2\/types\/post"}],"author":[{"embeddable":true,"href":"https:\/\/internacional.umh.es\/ca\/wp-json\/wp\/v2\/users\/3107"}],"replies":[{"embeddable":true,"href":"https:\/\/internacional.umh.es\/ca\/wp-json\/wp\/v2\/comments?post=19511"}],"version-history":[{"count":0,"href":"https:\/\/internacional.umh.es\/ca\/wp-json\/wp\/v2\/posts\/19511\/revisions"}],"wp:attachment":[{"href":"https:\/\/internacional.umh.es\/ca\/wp-json\/wp\/v2\/media?parent=19511"}],"wp:term":[{"taxonomy":"category","embeddable":true,"href":"https:\/\/internacional.umh.es\/ca\/wp-json\/wp\/v2\/categories?post=19511"},{"taxonomy":"post_tag","embeddable":true,"href":"https:\/\/internacional.umh.es\/ca\/wp-json\/wp\/v2\/tags?post=19511"}],"curies":[{"name":"wp","href":"https:\/\/api.w.org\/{rel}","templated":true}]}}