{"id":24343,"date":"2020-09-01T12:52:39","date_gmt":"2020-09-01T10:52:39","guid":{"rendered":"https:\/\/internacional.umh.es\/?p=24343"},"modified":"2024-02-10T18:55:34","modified_gmt":"2024-02-10T17:55:34","slug":"eupemen","status":"publish","type":"post","link":"https:\/\/internacional.umh.es\/ca\/2020\/09\/01\/eupemen\/","title":{"rendered":"EUPEMEN"},"content":{"rendered":"<p><\/p>\n<p style=\"text-align: justify\"><img loading=\"lazy\" class=\"alignleft wp-image-21422 size-medium\" title=\"EUPEMEN \u00e9s el projecte European perioperative medical networking\" src=\"https:\/\/internacional.umh.es\/files\/2021\/06\/EUPEMEN-logo-1-300x99.jpg\" alt=\"EUPEMEN logo\" width=\"300\" height=\"99\" srcset=\"https:\/\/internacional.umh.es\/files\/2021\/06\/EUPEMEN-logo-1-300x99.jpg 300w, https:\/\/internacional.umh.es\/files\/2021\/06\/EUPEMEN-logo-1.jpg 303w\" sizes=\"(max-width: 300px) 100vw, 300px\" \/>Projecte que consisteix a adaptar i implementar el protocol Enhanced Recovery After Surgery (ERES) en hospitals amb l&#8217;objectiu d&#8217;incrementar la qualitat de vida del pacient (reduint efectes secundaris i incrementant l&#8217;experi\u00e8ncia del tractament). Aix\u00ed com millorar el sistema de salut, reduir les estades hospital\u00e0ries i, en conseq\u00fc\u00e8ncia, reducci\u00f3 de costos.<br \/>\n<a title=\"Accedeix a la web del projecte en una nova finestra\" href=\"https:\/\/eupemen.eu\" target=\"_blank\" rel=\"noopener noreferrer\">eupemen.eu<\/a><\/p>\n<table id=\"EUPEMEN\" style=\"border: none\">\n<tbody>\n<tr style=\"border: none\">\n<td>\n<h5><em>Strategic Partnership for Higher Education<\/em><\/h5>\n<\/td>\n<\/tr>\n<tr style=\"border: none\">\n<td>\n<h4><strong>EUPEMEN: European perioperative medical networking<\/strong><\/h4>\n<\/td>\n<\/tr>\n<tr style=\"border: none\">\n<td><strong>SOCIS<\/strong><br \/>\n\n\t\t<style type=\"text\/css\">\n\t\t\t#gallery-4 {\n\t\t\t\tmargin: auto;\n\t\t\t}\n\t\t\t#gallery-4 .gallery-item {\n\t\t\t\tfloat: left;\n\t\t\t\tmargin-top: 10px;\n\t\t\t\ttext-align: center;\n\t\t\t\twidth: 20%;\n\t\t\t}\n\t\t\t#gallery-4 img {\n\t\t\t\tborder: 2px solid #cfcfcf;\n\t\t\t}\n\t\t\t#gallery-4 .gallery-caption {\n\t\t\t\tmargin-left: 0;\n\t\t\t}\n\t\t\t\/* see gallery_shortcode() in wp-includes\/media.php *\/\n\t\t<\/style>\n\t\t<div id='gallery-4' class='gallery galleryid-24343 gallery-columns-5 gallery-size-medium'><dl class='gallery-item'>\n\t\t\t<dt class='gallery-icon landscape'>\n\t\t\t\t<img width=\"300\" height=\"76\" src=\"https:\/\/internacional.umh.es\/files\/2021\/06\/Azienda-Unit\u00e0-Sanitaria-Locale-Ferrara-logo-300x76.jpg\" class=\"attachment-medium size-medium\" alt=\"Azienda Unit\u00e0 Sanitaria Locale Ferrara logo\" loading=\"lazy\" aria-describedby=\"gallery-4-21416\" srcset=\"https:\/\/internacional.umh.es\/files\/2021\/06\/Azienda-Unit\u00e0-Sanitaria-Locale-Ferrara-logo-300x76.jpg 300w, https:\/\/internacional.umh.es\/files\/2021\/06\/Azienda-Unit\u00e0-Sanitaria-Locale-Ferrara-logo.jpg 393w\" sizes=\"(max-width: 300px) 100vw, 300px\" \/>\n\t\t\t<\/dt>\n\t\t\t\t<dd class='wp-caption-text gallery-caption' id='gallery-4-21416'>\n\t\t\t\t<a href=\"https:\/\/www.ausl.fe.it\/home-web\" target=\"_blank\" title=\"Lo ver\u00e1s en una nueva ventana\" rel=\"noopener noreferrer\">ausl.fe.it<\/a>\n\t\t\t\t<\/dd><\/dl><dl class='gallery-item'>\n\t\t\t<dt class='gallery-icon landscape'>\n\t\t\t\t<img width=\"258\" height=\"100\" src=\"https:\/\/internacional.umh.es\/files\/2021\/06\/Universidad-Karlova-logo.jpg\" class=\"attachment-medium size-medium\" alt=\"Universidad Karlova logo\" loading=\"lazy\" aria-describedby=\"gallery-4-21413\" \/>\n\t\t\t<\/dt>\n\t\t\t\t<dd class='wp-caption-text gallery-caption' id='gallery-4-21413'>\n\t\t\t\t<a href=\"https:\/\/cuni.cz\/uken-1.html\" target=\"_blank\" title=\"Lo ver\u00e1s en una nueva ventana\" rel=\"noopener noreferrer\">cuni.cz<\/a>\n\t\t\t\t<\/dd><\/dl><dl class='gallery-item'>\n\t\t\t<dt class='gallery-icon landscape'>\n\t\t\t\t<img width=\"229\" height=\"100\" src=\"https:\/\/internacional.umh.es\/files\/2021\/06\/General-Hospital-of-Thessaloniki-G.-Papanikolaou-logo.jpg\" class=\"attachment-medium size-medium\" alt=\"General Hospital of Thessaloniki G. Papanikolaou logo\" loading=\"lazy\" aria-describedby=\"gallery-4-21407\" \/>\n\t\t\t<\/dt>\n\t\t\t\t<dd class='wp-caption-text gallery-caption' id='gallery-4-21407'>\n\t\t\t\t<a href=\"https:\/\/www.snf.org\/en\/grants\/grantees\/g\/george-papanikolaou-general-hospital-of-thessaloniki\/cardiothoracic-department-%E2%80%93-renovation\" target=\"_blank\" title=\"Lo ver\u00e1s en una nueva ventana\" rel=\"noopener noreferrer\">snf.org<\/a>\n\t\t\t\t<\/dd><\/dl><dl class='gallery-item'>\n\t\t\t<dt class='gallery-icon landscape'>\n\t\t\t\t<img width=\"197\" height=\"100\" src=\"https:\/\/internacional.umh.es\/files\/2021\/06\/Universidad-Miguel-Hern\u00e1ndez-Logo-e1623326215137.jpg\" class=\"attachment-medium size-medium\" alt=\"Universidad Miguel Hern\u00e1ndez Logo\" loading=\"lazy\" \/>\n\t\t\t<\/dt><\/dl>\n\t\t\t<br style='clear: both' \/>\n\t\t<\/div>\n<\/td>\n<\/tr>\n<tr style=\"border: none\">\n<td><strong>ENTITAT COORDINADORA<\/strong><br \/>\n\n\t\t<style type=\"text\/css\">\n\t\t\t#gallery-5 {\n\t\t\t\tmargin: auto;\n\t\t\t}\n\t\t\t#gallery-5 .gallery-item {\n\t\t\t\tfloat: left;\n\t\t\t\tmargin-top: 10px;\n\t\t\t\ttext-align: center;\n\t\t\t\twidth: 33%;\n\t\t\t}\n\t\t\t#gallery-5 img {\n\t\t\t\tborder: 2px solid #cfcfcf;\n\t\t\t}\n\t\t\t#gallery-5 .gallery-caption {\n\t\t\t\tmargin-left: 0;\n\t\t\t}\n\t\t\t\/* see gallery_shortcode() in wp-includes\/media.php *\/\n\t\t<\/style>\n\t\t<div id='gallery-5' class='gallery galleryid-24343 gallery-columns-3 gallery-size-medium'><dl class='gallery-item'>\n\t\t\t<dt class='gallery-icon landscape'>\n\t\t\t\t<img width=\"300\" height=\"118\" src=\"https:\/\/internacional.umh.es\/files\/2021\/06\/IISA-Fundaci\u00f3n-Instituto-de-Investigaci\u00f3n-Sanitaria-Arag\u00f3n-logo-300x118.png\" class=\"attachment-medium size-medium\" alt=\"IISA Fundaci\u00f3n Instituto de Investigaci\u00f3n Sanitaria Arag\u00f3n logo\" loading=\"lazy\" aria-describedby=\"gallery-5-21419\" srcset=\"https:\/\/internacional.umh.es\/files\/2021\/06\/IISA-Fundaci\u00f3n-Instituto-de-Investigaci\u00f3n-Sanitaria-Arag\u00f3n-logo-300x118.png 300w, https:\/\/internacional.umh.es\/files\/2021\/06\/IISA-Fundaci\u00f3n-Instituto-de-Investigaci\u00f3n-Sanitaria-Arag\u00f3n-logo.png 380w\" sizes=\"(max-width: 300px) 100vw, 300px\" \/>\n\t\t\t<\/dt>\n\t\t\t\t<dd class='wp-caption-text gallery-caption' id='gallery-5-21419'>\n\t\t\t\t<a href=\"https:\/\/www.iisaragon.es\" target=\"_blank\" title=\"Lo ver\u00e1s en una nueva ventana\" rel=\"noopener noreferrer\">iisaragon.es<\/a>\n\t\t\t\t<\/dd><\/dl>\n\t\t\t<br style='clear: both' \/>\n\t\t<\/div>\n<\/td>\n<\/tr>\n<tr style=\"border: none\">\n<td><strong>PA\u00cfSOS:<\/strong> Espanya, It\u00e0lia, Rep\u00fablica Txeca<\/td>\n<\/tr>\n<tr style=\"border: none\">\n<td><strong>DATES:<\/strong> 01\/09\/2020 &#8211; 31\/10\/2022<\/td>\n<\/tr>\n<tr style=\"border: none\">\n<td>\n\t\t<style type=\"text\/css\">\n\t\t\t#gallery-6 {\n\t\t\t\tmargin: auto;\n\t\t\t}\n\t\t\t#gallery-6 .gallery-item {\n\t\t\t\tfloat: left;\n\t\t\t\tmargin-top: 10px;\n\t\t\t\ttext-align: center;\n\t\t\t\twidth: 20%;\n\t\t\t}\n\t\t\t#gallery-6 img {\n\t\t\t\tborder: 2px solid #cfcfcf;\n\t\t\t}\n\t\t\t#gallery-6 .gallery-caption {\n\t\t\t\tmargin-left: 0;\n\t\t\t}\n\t\t\t\/* see gallery_shortcode() in wp-includes\/media.php *\/\n\t\t<\/style>\n\t\t<div id='gallery-6' class='gallery galleryid-24343 gallery-columns-5 gallery-size-thumbnail'><dl class='gallery-item'>\n\t\t\t<dt class='gallery-icon landscape'>\n\t\t\t\t<a href='https:\/\/internacional.umh.es\/ca\/internacionalizacion\/proyectos\/proyectos-ka2-concedidos-finalizados\/medicos-elche-proyecto-eupemen-ue\/'><img width=\"150\" height=\"150\" src=\"https:\/\/internacional.umh.es\/files\/2021\/06\/Medicos-Elche-proyecto-EUPEMEN-UE-150x150.jpg\" class=\"attachment-thumbnail size-thumbnail\" alt=\"M\u00e9dicos Elche proyecto EUPEMEN UE\" loading=\"lazy\" srcset=\"https:\/\/internacional.umh.es\/files\/2021\/06\/Medicos-Elche-proyecto-EUPEMEN-UE-150x150.jpg 150w, https:\/\/internacional.umh.es\/files\/2021\/06\/Medicos-Elche-proyecto-EUPEMEN-UE-32x32.jpg 32w, https:\/\/internacional.umh.es\/files\/2021\/06\/Medicos-Elche-proyecto-EUPEMEN-UE-64x64.jpg 64w, https:\/\/internacional.umh.es\/files\/2021\/06\/Medicos-Elche-proyecto-EUPEMEN-UE-96x96.jpg 96w, https:\/\/internacional.umh.es\/files\/2021\/06\/Medicos-Elche-proyecto-EUPEMEN-UE-128x128.jpg 128w\" sizes=\"(max-width: 150px) 100vw, 150px\" \/><\/a>\n\t\t\t<\/dt><\/dl><dl class='gallery-item'>\n\t\t\t<dt class='gallery-icon landscape'>\n\t\t\t\t<a href='https:\/\/internacional.umh.es\/ca\/internacionalizacion\/proyectos\/proyectos-ka2-concedidos-finalizados\/eupemen-reunion-virtual-socios\/'><img width=\"150\" height=\"150\" src=\"https:\/\/internacional.umh.es\/files\/2021\/06\/EUPEMEN-reunion-virtual-socios-150x150.jpg\" class=\"attachment-thumbnail size-thumbnail\" alt=\"EUPEMEN reuni\u00f3n virtual socios\" loading=\"lazy\" srcset=\"https:\/\/internacional.umh.es\/files\/2021\/06\/EUPEMEN-reunion-virtual-socios-150x150.jpg 150w, https:\/\/internacional.umh.es\/files\/2021\/06\/EUPEMEN-reunion-virtual-socios-32x32.jpg 32w, https:\/\/internacional.umh.es\/files\/2021\/06\/EUPEMEN-reunion-virtual-socios-64x64.jpg 64w, https:\/\/internacional.umh.es\/files\/2021\/06\/EUPEMEN-reunion-virtual-socios-96x96.jpg 96w, https:\/\/internacional.umh.es\/files\/2021\/06\/EUPEMEN-reunion-virtual-socios-128x128.jpg 128w\" sizes=\"(max-width: 150px) 100vw, 150px\" \/><\/a>\n\t\t\t<\/dt><\/dl>\n\t\t\t<br style='clear: both' \/>\n\t\t<\/div>\n<\/td>\n<\/tr>\n<tr style=\"border: none\">\n<td style=\"text-align: center\"><a title=\"Ho veur\u00e0s en una nova finestra\" href=\"https:\/\/twitter.com\/eupemen\" target=\"_blank\" rel=\"noopener noreferrer\">twitter.com<\/a> | <a title=\"Ho veur\u00e0s en una nova finestra\" href=\"https:\/\/www.estoeselche.es\/2021\/04\/20\/cirugia-del-hospital-general-universitario-de-elche-participa-en-un-proyecto-europeo-centrado-en-la-recuperacion-rapida-del-paciente-tras-una-cirugia-abdominal\/\" target=\"_blank\" rel=\"noopener noreferrer\">estoeselche.es<\/a> | <a title=\"Ho veur\u00e0s en una nova finestra\" href=\"https:\/\/www.vivirenelche.com\/2021\/04\/20\/elche-cirugia-del-hospital-general-universitario-de-elche-participa-en-un-proyecto-europeo-centrado-en-la-recuperacion-rapida-del-paciente-tras-una-cirugia-abdominal\/\" target=\"_blank\" rel=\"noopener noreferrer\">vivirenelche.com<\/a> | <a title=\"Ho veur\u00e0s en una nova finestra\" href=\"https:\/\/www.a24.es\/2021\/04\/20\/cirugia-del-hospital-general-universitario-de-elche-participa-en-un-proyecto-europeo-centrado-en-la-recuperacion-rapida-del-paciente-tras-una-cirugia-abdominal\/\" target=\"_blank\" rel=\"noopener noreferrer\">a24.es<\/a> | <a title=\"Ho veur\u00e0s en una nova finestra\" href=\"https:\/\/www.iisaragon.es\/proyectos-competitivos-nacionales-e-internacionales\/\" target=\"_blank\" rel=\"noopener noreferrer\">iisaragon.es<\/a> | <a title=\"Ho veur\u00e0s en una nova finestra\" href=\"https:\/\/diarioalicante.es\/cirugia-del-hospital-general-universitario-de-elche-participa-en-un-proyecto-europeo-centrado-en-la-recuperacion-rapida-del-paciente-tras-una-cirugia-abdominal\/\" target=\"_blank\" rel=\"noopener noreferrer\">diarioalicante.es<\/a> | <a title=\"Ho veur\u00e0s en una nova finestra\" href=\"https:\/\/www.informacion.es\/elche\/2021\/04\/20\/hospital-elche-participa-proyecto-europeo-48506563.html\" target=\"_blank\" rel=\"noopener noreferrer\">informacion.es<\/a> | <a title=\"Ho veur\u00e0s en una nova finestra\" href=\"https:\/\/www.lf2.cuni.cz\/files\/page\/files\/2021\/erasmuseupemen_summary-1.pdf\" target=\"_blank\" rel=\"noopener noreferrer\">lf2.cuni.cz<\/a> | <a title=\"Ho veur\u00e0s en una nova finestra\" href=\"https:\/\/erasmus-plus.ec.europa.eu\/projects\/search\/details\/2020-1-ES01-KA203-082681\" target=\"_blank\" rel=\"noopener noreferrer\">erasmus-plus.ec.europa.eu<\/a> <\/td>\n<\/tr>\n<tr style=\"border: none\">\n<td><img loading=\"lazy\" class=\"wp-image-24394 aligncenter\" title=\"El projecte europeu EUPEMEN en el qual ha participat la UMH \u00e9s finan\u00e7at per la Uni\u00f3 Europea\" src=\"https:\/\/internacional.umh.es\/files\/2022\/02\/EU-proyecto-logo-1-300x180.jpg\" alt=\"EUPEMEN projecte logo\" width=\"166\" height=\"100\" srcset=\"https:\/\/internacional.umh.es\/files\/2022\/02\/EU-proyecto-logo-1-300x180.jpg 300w, https:\/\/internacional.umh.es\/files\/2022\/02\/EU-proyecto-logo-1.jpg 303w\" sizes=\"(max-width: 166px) 100vw, 166px\" \/><\/td>\n<\/tr>\n<\/tbody>\n<\/table>\n<p>&nbsp;<\/p>\n<table style=\"border: none\">\n<tbody>\n<tr style=\"border: none\">\n<td><a title=\"Torna a veure altres projectes concedits o finalitzats\" href=\"https:\/\/internacional.umh.es\/ca\/proyectos-ka2-en-curso\/\"><img loading=\"lazy\" class=\"alignleft wp-image-24862 size-full\" src=\"https:\/\/internacional.umh.es\/files\/2022\/02\/Boton-mas-proyectos-atras-e1646036526575.png\" alt=\"Bot\u00f3 m\u00e9s projectes arrere\" width=\"44\" height=\"44\"><\/a><\/td>\n<td style=\"vertical-align: middle\"><a title=\"Torna a veure altres projectes concedits o finalitzats\" href=\"https:\/\/internacional.umh.es\/ca\/proyectos-ka2-en-curso\/\">TORNAR A PROJECTES KA2<\/a><\/td>\n<\/tr>\n<\/tbody>\n<\/table>\n<p>&nbsp;<\/p>","protected":false},"excerpt":{"rendered":"<p>Projecte que consisteix a adaptar i implementar el protocol Enhanced Recovery After Surgery (ERES) en hospitals amb l&#8217;objectiu d&#8217;incrementar la qualitat de vida del pacient (reduint efectes secundaris i incrementant l&#8217;experi\u00e8ncia del tractament). Aix\u00ed com millorar el sistema de salut, reduir les estades hospital\u00e0ries i, en conseq\u00fc\u00e8ncia, reducci\u00f3 de costos.<br \/>\neupemen.eu<\/p>\n<p>Strategic Partnership for Higher Education<\/p>\n<p>EUPEMEN: European [&#8230;]<\/p>\n","protected":false},"author":3107,"featured_media":0,"comment_status":"closed","ping_status":"closed","sticky":false,"template":"","format":"standard","meta":{"ngg_post_thumbnail":0,"_links_to":"","_links_to_target":""},"categories":[861055,861037],"tags":[861055],"yoast_head":"<!-- This site is optimized with the Yoast SEO plugin v17.5 - https:\/\/yoast.com\/wordpress\/plugins\/seo\/ -->\n<meta name=\"description\" content=\"EUPEMEN es un proyecto internacional que consiste en adaptar e implementar el protocolo Enhanced Recovery After Surgery (ERAS) en hospitales.\" \/>\n<meta name=\"robots\" content=\"index, follow, max-snippet:-1, max-image-preview:large, max-video-preview:-1\" \/>\n<link rel=\"canonical\" href=\"https:\/\/internacional.umh.es\/ca\/2020\/09\/01\/eupemen\/\" \/>\n<meta property=\"og:locale\" content=\"ca_ES\" \/>\n<meta property=\"og:type\" content=\"article\" \/>\n<meta property=\"og:title\" content=\"EUPEMEN - Internacionalitzaci\u00f3 i Cooperaci\u00f3\" \/>\n<meta property=\"og:description\" content=\"EUPEMEN es un proyecto internacional que consiste en adaptar e implementar el protocolo Enhanced Recovery After Surgery (ERAS) en hospitales.\" \/>\n<meta property=\"og:url\" content=\"https:\/\/internacional.umh.es\/2020\/09\/01\/eupemen\/\" \/>\n<meta property=\"og:site_name\" content=\"Internacionalitzaci\u00f3 i Cooperaci\u00f3\" \/>\n<meta property=\"article:published_time\" content=\"2020-09-01T10:52:39+00:00\" \/>\n<meta property=\"article:modified_time\" content=\"2024-02-10T17:55:34+00:00\" \/>\n<meta property=\"og:image\" content=\"https:\/\/internacional.umh.es\/files\/2021\/06\/Azienda-Unit\u00e0-Sanitaria-Locale-Ferrara-logo-300x76.jpg\" \/>\n<meta name=\"twitter:card\" content=\"summary_large_image\" \/>\n<meta name=\"twitter:label1\" content=\"Written by\" \/>\n\t<meta name=\"twitter:data1\" content=\"juan.torresg\" \/>\n\t<meta name=\"twitter:label2\" content=\"Est. reading time\" \/>\n\t<meta name=\"twitter:data2\" content=\"1 minut\" \/>\n<script type=\"application\/ld+json\" class=\"yoast-schema-graph\">{\"@context\":\"https:\/\/schema.org\",\"@graph\":[{\"@type\":\"WebSite\",\"@id\":\"https:\/\/internacional.umh.es\/en\/#website\",\"url\":\"https:\/\/internacional.umh.es\/en\/\",\"name\":\"Internacionalitzaci\\u00f3 i Cooperaci\\u00f3\",\"description\":\"Universitat Miguel Hern\\u00e1ndez d&#039;Elx\",\"potentialAction\":[{\"@type\":\"SearchAction\",\"target\":{\"@type\":\"EntryPoint\",\"urlTemplate\":\"https:\/\/internacional.umh.es\/en\/?s={search_term_string}\"},\"query-input\":\"required name=search_term_string\"}],\"inLanguage\":\"ca\"},{\"@type\":\"ImageObject\",\"@id\":\"https:\/\/internacional.umh.es\/2020\/09\/01\/eupemen\/#primaryimage\",\"inLanguage\":\"ca\",\"url\":\"https:\/\/internacional.umh.es\/files\/2021\/06\/EUPEMEN-logo-1.jpg\",\"contentUrl\":\"https:\/\/internacional.umh.es\/files\/2021\/06\/EUPEMEN-logo-1.jpg\",\"width\":303,\"height\":100,\"caption\":\"EUPEMEN logo\"},{\"@type\":\"WebPage\",\"@id\":\"https:\/\/internacional.umh.es\/2020\/09\/01\/eupemen\/#webpage\",\"url\":\"https:\/\/internacional.umh.es\/2020\/09\/01\/eupemen\/\",\"name\":\"EUPEMEN - Internacionalitzaci\\u00f3 i Cooperaci\\u00f3\",\"isPartOf\":{\"@id\":\"https:\/\/internacional.umh.es\/en\/#website\"},\"primaryImageOfPage\":{\"@id\":\"https:\/\/internacional.umh.es\/2020\/09\/01\/eupemen\/#primaryimage\"},\"datePublished\":\"2020-09-01T10:52:39+00:00\",\"dateModified\":\"2024-02-10T17:55:34+00:00\",\"author\":{\"@id\":\"https:\/\/internacional.umh.es\/en\/#\/schema\/person\/b5eb1c3427fa071575e2067be339abff\"},\"description\":\"EUPEMEN es un proyecto internacional que consiste en adaptar e implementar el protocolo Enhanced Recovery After Surgery (ERAS) en hospitales.\",\"breadcrumb\":{\"@id\":\"https:\/\/internacional.umh.es\/2020\/09\/01\/eupemen\/#breadcrumb\"},\"inLanguage\":\"ca\",\"potentialAction\":[{\"@type\":\"ReadAction\",\"target\":[\"https:\/\/internacional.umh.es\/2020\/09\/01\/eupemen\/\"]}]},{\"@type\":\"BreadcrumbList\",\"@id\":\"https:\/\/internacional.umh.es\/2020\/09\/01\/eupemen\/#breadcrumb\",\"itemListElement\":[{\"@type\":\"ListItem\",\"position\":1,\"name\":\"Home\",\"item\":\"https:\/\/internacional.umh.es\/en\/\"},{\"@type\":\"ListItem\",\"position\":2,\"name\":\"(Espa\\u00f1ol) EUPEMEN\"}]},{\"@type\":\"Person\",\"@id\":\"https:\/\/internacional.umh.es\/en\/#\/schema\/person\/b5eb1c3427fa071575e2067be339abff\",\"name\":\"juan.torresg\",\"image\":{\"@type\":\"ImageObject\",\"@id\":\"https:\/\/internacional.umh.es\/en\/#personlogo\",\"inLanguage\":\"ca\",\"url\":\"https:\/\/secure.gravatar.com\/avatar\/2d49f32f8cb81918e740433e7190ba39?s=96&d=mm&r=g\",\"contentUrl\":\"https:\/\/secure.gravatar.com\/avatar\/2d49f32f8cb81918e740433e7190ba39?s=96&d=mm&r=g\",\"caption\":\"juan.torresg\"},\"url\":\"https:\/\/internacional.umh.es\/ca\/author\/juan-torresg\/\"}]}<\/script>\n<!-- \/ Yoast SEO plugin. -->","yoast_head_json":{"description":"EUPEMEN es un proyecto internacional que consiste en adaptar e implementar el protocolo Enhanced Recovery After Surgery (ERAS) en hospitales.","robots":{"index":"index","follow":"follow","max-snippet":"max-snippet:-1","max-image-preview":"max-image-preview:large","max-video-preview":"max-video-preview:-1"},"canonical":"https:\/\/internacional.umh.es\/ca\/2020\/09\/01\/eupemen\/","og_locale":"ca_ES","og_type":"article","og_title":"EUPEMEN - Internacionalitzaci\u00f3 i Cooperaci\u00f3","og_description":"EUPEMEN es un proyecto internacional que consiste en adaptar e implementar el protocolo Enhanced Recovery After Surgery (ERAS) en hospitales.","og_url":"https:\/\/internacional.umh.es\/2020\/09\/01\/eupemen\/","og_site_name":"Internacionalitzaci\u00f3 i Cooperaci\u00f3","article_published_time":"2020-09-01T10:52:39+00:00","article_modified_time":"2024-02-10T17:55:34+00:00","og_image":[{"url":"https:\/\/internacional.umh.es\/files\/2021\/06\/Azienda-Unit\u00e0-Sanitaria-Locale-Ferrara-logo-300x76.jpg"}],"twitter_card":"summary_large_image","twitter_misc":{"Written by":"juan.torresg","Est. reading time":"1 minut"},"schema":{"@context":"https:\/\/schema.org","@graph":[{"@type":"WebSite","@id":"https:\/\/internacional.umh.es\/en\/#website","url":"https:\/\/internacional.umh.es\/en\/","name":"Internacionalitzaci\u00f3 i Cooperaci\u00f3","description":"Universitat Miguel Hern\u00e1ndez d&#039;Elx","potentialAction":[{"@type":"SearchAction","target":{"@type":"EntryPoint","urlTemplate":"https:\/\/internacional.umh.es\/en\/?s={search_term_string}"},"query-input":"required name=search_term_string"}],"inLanguage":"ca"},{"@type":"ImageObject","@id":"https:\/\/internacional.umh.es\/2020\/09\/01\/eupemen\/#primaryimage","inLanguage":"ca","url":"https:\/\/internacional.umh.es\/files\/2021\/06\/EUPEMEN-logo-1.jpg","contentUrl":"https:\/\/internacional.umh.es\/files\/2021\/06\/EUPEMEN-logo-1.jpg","width":303,"height":100,"caption":"EUPEMEN logo"},{"@type":"WebPage","@id":"https:\/\/internacional.umh.es\/2020\/09\/01\/eupemen\/#webpage","url":"https:\/\/internacional.umh.es\/2020\/09\/01\/eupemen\/","name":"EUPEMEN - Internacionalitzaci\u00f3 i Cooperaci\u00f3","isPartOf":{"@id":"https:\/\/internacional.umh.es\/en\/#website"},"primaryImageOfPage":{"@id":"https:\/\/internacional.umh.es\/2020\/09\/01\/eupemen\/#primaryimage"},"datePublished":"2020-09-01T10:52:39+00:00","dateModified":"2024-02-10T17:55:34+00:00","author":{"@id":"https:\/\/internacional.umh.es\/en\/#\/schema\/person\/b5eb1c3427fa071575e2067be339abff"},"description":"EUPEMEN es un proyecto internacional que consiste en adaptar e implementar el protocolo Enhanced Recovery After Surgery (ERAS) en hospitales.","breadcrumb":{"@id":"https:\/\/internacional.umh.es\/2020\/09\/01\/eupemen\/#breadcrumb"},"inLanguage":"ca","potentialAction":[{"@type":"ReadAction","target":["https:\/\/internacional.umh.es\/2020\/09\/01\/eupemen\/"]}]},{"@type":"BreadcrumbList","@id":"https:\/\/internacional.umh.es\/2020\/09\/01\/eupemen\/#breadcrumb","itemListElement":[{"@type":"ListItem","position":1,"name":"Home","item":"https:\/\/internacional.umh.es\/en\/"},{"@type":"ListItem","position":2,"name":"(Espa\u00f1ol) EUPEMEN"}]},{"@type":"Person","@id":"https:\/\/internacional.umh.es\/en\/#\/schema\/person\/b5eb1c3427fa071575e2067be339abff","name":"juan.torresg","image":{"@type":"ImageObject","@id":"https:\/\/internacional.umh.es\/en\/#personlogo","inLanguage":"ca","url":"https:\/\/secure.gravatar.com\/avatar\/2d49f32f8cb81918e740433e7190ba39?s=96&d=mm&r=g","contentUrl":"https:\/\/secure.gravatar.com\/avatar\/2d49f32f8cb81918e740433e7190ba39?s=96&d=mm&r=g","caption":"juan.torresg"},"url":"https:\/\/internacional.umh.es\/ca\/author\/juan-torresg\/"}]}},"_links":{"self":[{"href":"https:\/\/internacional.umh.es\/ca\/wp-json\/wp\/v2\/posts\/24343"}],"collection":[{"href":"https:\/\/internacional.umh.es\/ca\/wp-json\/wp\/v2\/posts"}],"about":[{"href":"https:\/\/internacional.umh.es\/ca\/wp-json\/wp\/v2\/types\/post"}],"author":[{"embeddable":true,"href":"https:\/\/internacional.umh.es\/ca\/wp-json\/wp\/v2\/users\/3107"}],"replies":[{"embeddable":true,"href":"https:\/\/internacional.umh.es\/ca\/wp-json\/wp\/v2\/comments?post=24343"}],"version-history":[{"count":0,"href":"https:\/\/internacional.umh.es\/ca\/wp-json\/wp\/v2\/posts\/24343\/revisions"}],"wp:attachment":[{"href":"https:\/\/internacional.umh.es\/ca\/wp-json\/wp\/v2\/media?parent=24343"}],"wp:term":[{"taxonomy":"category","embeddable":true,"href":"https:\/\/internacional.umh.es\/ca\/wp-json\/wp\/v2\/categories?post=24343"},{"taxonomy":"post_tag","embeddable":true,"href":"https:\/\/internacional.umh.es\/ca\/wp-json\/wp\/v2\/tags?post=24343"}],"curies":[{"name":"wp","href":"https:\/\/api.w.org\/{rel}","templated":true}]}}