{"id":24349,"date":"2020-11-01T13:35:01","date_gmt":"2020-11-01T12:35:01","guid":{"rendered":"https:\/\/internacional.umh.es\/?p=24349"},"modified":"2024-02-09T19:19:54","modified_gmt":"2024-02-09T18:19:54","slug":"domotic-school-garden","status":"publish","type":"post","link":"https:\/\/internacional.umh.es\/ca\/2020\/11\/01\/domotic-school-garden\/","title":{"rendered":"Domotic School Garden"},"content":{"rendered":"<p><\/p>\n<p style=\"text-align: justify\"><img loading=\"lazy\" class=\"alignleft wp-image-21509 size-full\" title=\"Domotic School Garden se centra en European Dimension of Internationalization of Doctoral Study in Biotechnology and Food Sciences\" src=\"https:\/\/internacional.umh.es\/files\/2021\/06\/Domotic-School-Garden-logo-e1624879553644.jpg\" alt=\"Domotic School Garden logo\" width=\"159\" height=\"150\">Desenvolupar\u00e0 la domotizaci\u00f3n de tres horts ecol\u00f2gics escolars implementant les compet\u00e8ncies dels alumnes en CTIMA (Ci\u00e8ncies, Tecnologia, Enginyeria, Matem\u00e0tiques i Art), la compet\u00e8ncia ling\u00fc\u00edstica (angl\u00e9s), i integrant valors transversals en tot el seu desenvolupament. El projecte vol aportar als objectius mediambientals i clim\u00e0tics, procurant que els alumnes comprenguen de manera pr\u00e0ctica com funcionen els sistemes naturals en un entorn com l&#8217;hort, i com els afecten tant pels ecosistemes que es generen al seu voltant, com pel clima, i la seua import\u00e0ncia en el sosteniment de la vida en el planeta.<br \/>\n<a title=\"Accedeix a la web del projecte en una nova finestra\" href=\"https:\/\/www.domoticschoolgarden.eu\/\" target=\"_blank\" rel=\"noopener noreferrer\">domoticschoolgarden.eu<\/a><\/p>\n<table id=\"DomoticSchoolGarden\" style=\"border: none\">\n<tbody>\n<tr style=\"border: none\">\n<td>\n<h5><em>Strategic Partnership for Adult Education<\/em><\/h5>\n<\/td>\n<\/tr>\n<tr style=\"border: none\">\n<td>\n<h4><strong>Domotic School Garden<\/strong><\/h4>\n<\/td>\n<\/tr>\n<tr style=\"border: none\">\n<td><strong>SOCIS<\/strong><br \/>\n\n\t\t<style type=\"text\/css\">\n\t\t\t#gallery-4 {\n\t\t\t\tmargin: auto;\n\t\t\t}\n\t\t\t#gallery-4 .gallery-item {\n\t\t\t\tfloat: left;\n\t\t\t\tmargin-top: 10px;\n\t\t\t\ttext-align: center;\n\t\t\t\twidth: 25%;\n\t\t\t}\n\t\t\t#gallery-4 img {\n\t\t\t\tborder: 2px solid #cfcfcf;\n\t\t\t}\n\t\t\t#gallery-4 .gallery-caption {\n\t\t\t\tmargin-left: 0;\n\t\t\t}\n\t\t\t\/* see gallery_shortcode() in wp-includes\/media.php *\/\n\t\t<\/style>\n\t\t<div id='gallery-4' class='gallery galleryid-24349 gallery-columns-4 gallery-size-medium'><dl class='gallery-item'>\n\t\t\t<dt class='gallery-icon portrait'>\n\t\t\t\t<img width=\"149\" height=\"150\" src=\"https:\/\/internacional.umh.es\/files\/2021\/06\/Direzione-Didattica-Statale-F.T.-Bufalini-San-Giustino-e1624864311832.jpg\" class=\"attachment-medium size-medium\" alt=\"Direzione Didattica Statale F.T. Bufalini San Giustino logo\" loading=\"lazy\" aria-describedby=\"gallery-4-21443\" \/>\n\t\t\t<\/dt>\n\t\t\t\t<dd class='wp-caption-text gallery-caption' id='gallery-4-21443'>\n\t\t\t\t<a href=\"https:\/\/www.ddsg.it\" target=\"_blank\" title=\"Lo ver\u00e1s en una nueva ventana\" rel=\"noopener noreferrer\">ddsg.it<\/a>\n\t\t\t\t<\/dd><\/dl><dl class='gallery-item'>\n\t\t\t<dt class='gallery-icon landscape'>\n\t\t\t\t<img width=\"300\" height=\"96\" src=\"https:\/\/internacional.umh.es\/files\/2021\/06\/La-Llave-Consulting-logo-300x96.jpg\" class=\"attachment-medium size-medium\" alt=\"La Llave Consulting logo\" loading=\"lazy\" aria-describedby=\"gallery-4-21449\" srcset=\"https:\/\/internacional.umh.es\/files\/2021\/06\/La-Llave-Consulting-logo-300x96.jpg 300w, https:\/\/internacional.umh.es\/files\/2021\/06\/La-Llave-Consulting-logo.jpg 311w\" sizes=\"(max-width: 300px) 100vw, 300px\" \/>\n\t\t\t<\/dt>\n\t\t\t\t<dd class='wp-caption-text gallery-caption' id='gallery-4-21449'>\n\t\t\t\t<a href=\"https:\/\/lallaveconsulting.com\" target=\"_blank\" title=\"Lo ver\u00e1s en una nueva ventana\" rel=\"noopener noreferrer\">lallaveconsulting.com<\/a>\n\t\t\t\t<\/dd><\/dl><dl class='gallery-item'>\n\t\t\t<dt class='gallery-icon landscape'>\n\t\t\t\t<img width=\"95\" height=\"94\" src=\"https:\/\/internacional.umh.es\/files\/2021\/06\/Mikro-Evmoiro-Xanthi-logo.jpg\" class=\"attachment-medium size-medium\" alt=\"Mikro Evmoiro Xanthi logo\" loading=\"lazy\" aria-describedby=\"gallery-4-21455\" srcset=\"https:\/\/internacional.umh.es\/files\/2021\/06\/Mikro-Evmoiro-Xanthi-logo.jpg 95w, https:\/\/internacional.umh.es\/files\/2021\/06\/Mikro-Evmoiro-Xanthi-logo-32x32.jpg 32w, https:\/\/internacional.umh.es\/files\/2021\/06\/Mikro-Evmoiro-Xanthi-logo-64x64.jpg 64w\" sizes=\"(max-width: 95px) 100vw, 95px\" \/>\n\t\t\t<\/dt>\n\t\t\t\t<dd class='wp-caption-text gallery-caption' id='gallery-4-21455'>\n\t\t\t\t<a href=\"https:\/\/www.xo.gr\/profile\/profile-911050433\/en\/\" target=\"_blank\" title=\"Lo ver\u00e1s en una nueva ventana\" rel=\"noopener noreferrer\">xo.gr<\/a>\n\t\t\t\t<\/dd><\/dl><dl class='gallery-item'>\n\t\t\t<dt class='gallery-icon landscape'>\n\t\t\t\t<img width=\"200\" height=\"200\" src=\"https:\/\/internacional.umh.es\/files\/2021\/06\/Sofia-University-St-kliment-Ohridski-logo.jpg\" class=\"attachment-medium size-medium\" alt=\"Sofia University St Kliment Ohridski logo\" loading=\"lazy\" aria-describedby=\"gallery-4-21446\" srcset=\"https:\/\/internacional.umh.es\/files\/2021\/06\/Sofia-University-St-kliment-Ohridski-logo.jpg 200w, https:\/\/internacional.umh.es\/files\/2021\/06\/Sofia-University-St-kliment-Ohridski-logo-150x150.jpg 150w, https:\/\/internacional.umh.es\/files\/2021\/06\/Sofia-University-St-kliment-Ohridski-logo-32x32.jpg 32w, https:\/\/internacional.umh.es\/files\/2021\/06\/Sofia-University-St-kliment-Ohridski-logo-64x64.jpg 64w, https:\/\/internacional.umh.es\/files\/2021\/06\/Sofia-University-St-kliment-Ohridski-logo-96x96.jpg 96w, https:\/\/internacional.umh.es\/files\/2021\/06\/Sofia-University-St-kliment-Ohridski-logo-128x128.jpg 128w\" sizes=\"(max-width: 200px) 100vw, 200px\" \/>\n\t\t\t<\/dt>\n\t\t\t\t<dd class='wp-caption-text gallery-caption' id='gallery-4-21446'>\n\t\t\t\t<a href=\"https:\/\/www.uni-sofia.bg\/eng\" target=\"_blank\" title=\"Lo ver\u00e1s en una nueva ventana\" rel=\"noopener noreferrer\">uni-sofia.bg<\/a>\n\t\t\t\t<\/dd><\/dl><br style=\"clear: both\" \/>\n\t\t<\/div>\n<\/td>\n<\/tr>\n<tr style=\"border: none\">\n<td><strong>ENTITAT COORDINADORA<\/strong><br \/>\n\n\t\t<style type=\"text\/css\">\n\t\t\t#gallery-5 {\n\t\t\t\tmargin: auto;\n\t\t\t}\n\t\t\t#gallery-5 .gallery-item {\n\t\t\t\tfloat: left;\n\t\t\t\tmargin-top: 10px;\n\t\t\t\ttext-align: center;\n\t\t\t\twidth: 33%;\n\t\t\t}\n\t\t\t#gallery-5 img {\n\t\t\t\tborder: 2px solid #cfcfcf;\n\t\t\t}\n\t\t\t#gallery-5 .gallery-caption {\n\t\t\t\tmargin-left: 0;\n\t\t\t}\n\t\t\t\/* see gallery_shortcode() in wp-includes\/media.php *\/\n\t\t<\/style>\n\t\t<div id='gallery-5' class='gallery galleryid-24349 gallery-columns-3 gallery-size-medium'><dl class='gallery-item'>\n\t\t\t<dt class='gallery-icon landscape'>\n\t\t\t\t<img width=\"197\" height=\"100\" src=\"https:\/\/internacional.umh.es\/files\/2021\/06\/Universidad-Miguel-Hern\u00e1ndez-Logo-e1623326215137.jpg\" class=\"attachment-medium size-medium\" alt=\"Universidad Miguel Hern\u00e1ndez Logo\" loading=\"lazy\" \/>\n\t\t\t<\/dt><\/dl>\n\t\t\t<br style='clear: both' \/>\n\t\t<\/div>\n<\/td>\n<\/tr>\n<tr style=\"border: none\">\n<td><strong>PA\u00cfSOS:<\/strong> Espanya, Bulg\u00e0ria, It\u00e0lia, Gr\u00e8cia<\/td>\n<\/tr>\n<tr style=\"border: none\">\n<td><strong>DATES:<\/strong> 01\/11\/2020 &#8211; 30\/09\/2022<\/td>\n<\/tr>\n<tr style=\"border: none\">\n<td>\n\t\t<style type=\"text\/css\">\n\t\t\t#gallery-6 {\n\t\t\t\tmargin: auto;\n\t\t\t}\n\t\t\t#gallery-6 .gallery-item {\n\t\t\t\tfloat: left;\n\t\t\t\tmargin-top: 10px;\n\t\t\t\ttext-align: center;\n\t\t\t\twidth: 20%;\n\t\t\t}\n\t\t\t#gallery-6 img {\n\t\t\t\tborder: 2px solid #cfcfcf;\n\t\t\t}\n\t\t\t#gallery-6 .gallery-caption {\n\t\t\t\tmargin-left: 0;\n\t\t\t}\n\t\t\t\/* see gallery_shortcode() in wp-includes\/media.php *\/\n\t\t<\/style>\n\t\t<div id='gallery-6' class='gallery galleryid-24349 gallery-columns-5 gallery-size-thumbnail'><dl class='gallery-item'>\n\t\t\t<dt class='gallery-icon landscape'>\n\t\t\t\t<a href='https:\/\/internacional.umh.es\/ca\/domotic-school-garden-dibujos-infantil\/'><img width=\"150\" height=\"150\" src=\"https:\/\/internacional.umh.es\/files\/2021\/06\/Domotic-School-Garden-dibujos-infantil-150x150.jpg\" class=\"attachment-thumbnail size-thumbnail\" alt=\"Domotic School Garden dibujos infantil\" loading=\"lazy\" srcset=\"https:\/\/internacional.umh.es\/files\/2021\/06\/Domotic-School-Garden-dibujos-infantil-150x150.jpg 150w, https:\/\/internacional.umh.es\/files\/2021\/06\/Domotic-School-Garden-dibujos-infantil-32x32.jpg 32w, https:\/\/internacional.umh.es\/files\/2021\/06\/Domotic-School-Garden-dibujos-infantil-64x64.jpg 64w, https:\/\/internacional.umh.es\/files\/2021\/06\/Domotic-School-Garden-dibujos-infantil-96x96.jpg 96w, https:\/\/internacional.umh.es\/files\/2021\/06\/Domotic-School-Garden-dibujos-infantil-128x128.jpg 128w\" sizes=\"(max-width: 150px) 100vw, 150px\" \/><\/a>\n\t\t\t<\/dt><\/dl><dl class='gallery-item'>\n\t\t\t<dt class='gallery-icon landscape'>\n\t\t\t\t<a href='https:\/\/internacional.umh.es\/ca\/sveti-kliment-ohridski-elementary-school-participantes\/'><img width=\"150\" height=\"150\" src=\"https:\/\/internacional.umh.es\/files\/2021\/06\/Sveti-Kliment-Ohridski-Elementary-school-participantes-150x150.jpg\" class=\"attachment-thumbnail size-thumbnail\" alt=\"Sveti Kliment Ohridski Elementary school participantes\" loading=\"lazy\" srcset=\"https:\/\/internacional.umh.es\/files\/2021\/06\/Sveti-Kliment-Ohridski-Elementary-school-participantes-150x150.jpg 150w, https:\/\/internacional.umh.es\/files\/2021\/06\/Sveti-Kliment-Ohridski-Elementary-school-participantes-32x32.jpg 32w, https:\/\/internacional.umh.es\/files\/2021\/06\/Sveti-Kliment-Ohridski-Elementary-school-participantes-64x64.jpg 64w, https:\/\/internacional.umh.es\/files\/2021\/06\/Sveti-Kliment-Ohridski-Elementary-school-participantes-96x96.jpg 96w, https:\/\/internacional.umh.es\/files\/2021\/06\/Sveti-Kliment-Ohridski-Elementary-school-participantes-128x128.jpg 128w\" sizes=\"(max-width: 150px) 100vw, 150px\" \/><\/a>\n\t\t\t<\/dt><\/dl><dl class='gallery-item'>\n\t\t\t<dt class='gallery-icon landscape'>\n\t\t\t\t<a href='https:\/\/internacional.umh.es\/ca\/domotic-school-garden-grecia-entrega-premios\/'><img width=\"150\" height=\"150\" src=\"https:\/\/internacional.umh.es\/files\/2021\/06\/Domotic-School-Garden-Grecia-entrega-premios-150x150.jpg\" class=\"attachment-thumbnail size-thumbnail\" alt=\"Domotic School Garden Grecia entrega premios\" loading=\"lazy\" srcset=\"https:\/\/internacional.umh.es\/files\/2021\/06\/Domotic-School-Garden-Grecia-entrega-premios-150x150.jpg 150w, https:\/\/internacional.umh.es\/files\/2021\/06\/Domotic-School-Garden-Grecia-entrega-premios-32x32.jpg 32w, https:\/\/internacional.umh.es\/files\/2021\/06\/Domotic-School-Garden-Grecia-entrega-premios-64x64.jpg 64w, https:\/\/internacional.umh.es\/files\/2021\/06\/Domotic-School-Garden-Grecia-entrega-premios-96x96.jpg 96w, https:\/\/internacional.umh.es\/files\/2021\/06\/Domotic-School-Garden-Grecia-entrega-premios-128x128.jpg 128w\" sizes=\"(max-width: 150px) 100vw, 150px\" \/><\/a>\n\t\t\t<\/dt><\/dl><dl class='gallery-item'>\n\t\t\t<dt class='gallery-icon landscape'>\n\t\t\t\t<a href='https:\/\/internacional.umh.es\/ca\/domotic-school-garden-grecia-mapa\/'><img width=\"150\" height=\"150\" src=\"https:\/\/internacional.umh.es\/files\/2021\/06\/Domotic-School-Garden-Grecia-mapa-150x150.jpg\" class=\"attachment-thumbnail size-thumbnail\" alt=\"Domotic School Garden Grecia mapa\" loading=\"lazy\" srcset=\"https:\/\/internacional.umh.es\/files\/2021\/06\/Domotic-School-Garden-Grecia-mapa-150x150.jpg 150w, https:\/\/internacional.umh.es\/files\/2021\/06\/Domotic-School-Garden-Grecia-mapa-32x32.jpg 32w, https:\/\/internacional.umh.es\/files\/2021\/06\/Domotic-School-Garden-Grecia-mapa-64x64.jpg 64w, https:\/\/internacional.umh.es\/files\/2021\/06\/Domotic-School-Garden-Grecia-mapa-96x96.jpg 96w, https:\/\/internacional.umh.es\/files\/2021\/06\/Domotic-School-Garden-Grecia-mapa-128x128.jpg 128w\" sizes=\"(max-width: 150px) 100vw, 150px\" \/><\/a>\n\t\t\t<\/dt><\/dl><dl class='gallery-item'>\n\t\t\t<dt class='gallery-icon landscape'>\n\t\t\t\t<a href='https:\/\/internacional.umh.es\/ca\/domotic-school-garden-logo-final-infantil\/'><img width=\"150\" height=\"150\" src=\"https:\/\/internacional.umh.es\/files\/2021\/06\/Domotic-School-Garden-logo-final-infantil-150x150.jpg\" class=\"attachment-thumbnail size-thumbnail\" alt=\"Domotic School Garden logo final infantil\" loading=\"lazy\" srcset=\"https:\/\/internacional.umh.es\/files\/2021\/06\/Domotic-School-Garden-logo-final-infantil-150x150.jpg 150w, https:\/\/internacional.umh.es\/files\/2021\/06\/Domotic-School-Garden-logo-final-infantil-32x32.jpg 32w, https:\/\/internacional.umh.es\/files\/2021\/06\/Domotic-School-Garden-logo-final-infantil-64x64.jpg 64w, https:\/\/internacional.umh.es\/files\/2021\/06\/Domotic-School-Garden-logo-final-infantil-96x96.jpg 96w, https:\/\/internacional.umh.es\/files\/2021\/06\/Domotic-School-Garden-logo-final-infantil-128x128.jpg 128w\" sizes=\"(max-width: 150px) 100vw, 150px\" \/><\/a>\n\t\t\t<\/dt><\/dl><br style=\"clear: both\" \/>\n\t\t<\/div>\n<\/td>\n<\/tr>\n<tr style=\"border: none\">\n<td style=\"text-align: center\"><a title=\"Ho veur\u00e0s en una nova finestra\" href=\"https:\/\/lallaveconsulting.com\/universidad-miguel-hernandez\/\" target=\"_blank\" rel=\"noopener noreferrer\">lallaveconsulting.com<\/a> | <a title=\"Ho veur\u00e0s en una nova finestra\" href=\"https:\/\/www.umh.es\/contenido\/Estudios\/:tit_fpo_11965\/datos_es.html\" target=\"_blank\" rel=\"noopener noreferrer\">umh.es<\/a> | <a title=\"Ho veur\u00e0s en una nova finestra\" href=\"https:\/\/alicanteplaza.es\/alicante-recibe-casi-1-millon-euros-proyectos-innovacion-buenas-practicas-erasmus\" target=\"_blank\" rel=\"noopener noreferrer\">alicanteplaza.es<\/a> | <a title=\"Ho veur\u00e0s en una nova finestra\" href=\"https:\/\/www.crz.gov.sk\/data\/att\/2758025.pdf\" target=\"_blank\" rel=\"noopener noreferrer\">crz.gov.sk<\/a> | <a title=\"Ho veur\u00e0s en una nova finestra\" href=\"https:\/\/www.portalvs.sk\/en\/aktuality\/aktualita\/slovenska-polnohospodarska-univerzita-v-nitre-koordinuje-novy-projekt-z-oblasti-biotechnologii-a-potravinarstva\" target=\"_blank\" rel=\"noopener noreferrer\">portalvs.sk<\/a> | <a title=\"Ho veur\u00e0s en una nova finestra\" href=\"https:\/\/www2.unimol.it\/blog\/2021\/01\/28\/consiglio-di-amministrazione-del-28-gennaio-2021-resoconto-seduta-il-presente-resoconto-non-ha-valore-di-verbale\/\" target=\"_blank\" rel=\"noopener noreferrer\">2.unimol.it<\/a> | <a title=\"Ho veur\u00e0s en una nova finestra\" href=\"https:\/\/www.uniag.sk\/en\/news-reader\/sua-coordinates-a-new-international-project-in-the-field-of-biotechnology-and-food\/\" target=\"_blank\" rel=\"noopener noreferrer\">uniag.sk<\/a> | <a href=\"https:\/\/fbp.uniag.sk\/sk\/medzinarodne-projekty\/\" target=\"_blank\" rel=\"noopener noreferrer\">fbp.uniag.sk<\/a><\/td>\n<\/tr>\n<tr style=\"border: none\">\n<td><img loading=\"lazy\" class=\"wp-image-24394 aligncenter\" title=\"El projecte europeu DOMOTIC en el qual participa la UMH \u00e9s finan\u00e7at per la Uni\u00f3 Europea\" src=\"https:\/\/internacional.umh.es\/files\/2022\/02\/eu-proyecto-logo-1-300x180.jpg\" alt=\"DOMOTIC EU projecte logo\" width=\"166\" height=\"100\"><\/td>\n<\/tr>\n<\/tbody>\n<\/table>\n<p>&nbsp;<\/p>\n<table style=\"border: none\">\n<tbody>\n<tr style=\"border: none\">\n<td><a title=\"Torna a veure altres projectes concedits o finalitzats\" href=\"https:\/\/internacional.umh.es\/ca\/proyectos-ka2-en-curso\/\"><img loading=\"lazy\" class=\"alignleft wp-image-24862 size-full\" src=\"https:\/\/internacional.umh.es\/files\/2022\/02\/Boton-mas-proyectos-atras-e1646036526575.png\" alt=\"Bot\u00f3 m\u00e9s projectes arrere\" width=\"44\" height=\"44\"><\/a><\/td>\n<td style=\"vertical-align: middle\"><a title=\"Vuelve a ver otros proyectos concedidos o finalizados\" href=\"https:\/\/internacional.umh.es\/ca\/proyectos-ka2-en-curso\/\">TORNAR A PROJECTES KA2<\/a><\/td>\n<\/tr>\n<\/tbody>\n<\/table>\n<p>&nbsp;<\/p>","protected":false},"excerpt":{"rendered":"<p>Desenvolupar\u00e0 la domotizaci\u00f3n de tres horts ecol\u00f2gics escolars implementant les compet\u00e8ncies dels alumnes en CTIMA (Ci\u00e8ncies, Tecnologia, Enginyeria, Matem\u00e0tiques i Art), la compet\u00e8ncia ling\u00fc\u00edstica (angl\u00e9s), i integrant valors transversals en tot el seu desenvolupament. El projecte vol aportar als objectius mediambientals i clim\u00e0tics, procurant que els alumnes comprenguen de manera pr\u00e0ctica com funcionen els sistemes [&#8230;]<\/p>\n","protected":false},"author":3107,"featured_media":0,"comment_status":"closed","ping_status":"closed","sticky":false,"template":"","format":"standard","meta":{"ngg_post_thumbnail":0,"_links_to":"","_links_to_target":""},"categories":[861049,861037],"tags":[861049],"yoast_head":"<!-- This site is optimized with the Yoast SEO plugin v17.5 - https:\/\/yoast.com\/wordpress\/plugins\/seo\/ -->\n<meta name=\"description\" content=\"El proyecto internacional Domotic School Garden desarrollar\u00e1 la domotizaci\u00f3n de tres huertos ecol\u00f3gicos escolares con alumnos en CTIMA.\" \/>\n<meta name=\"robots\" content=\"index, follow, max-snippet:-1, max-image-preview:large, max-video-preview:-1\" \/>\n<link rel=\"canonical\" href=\"https:\/\/internacional.umh.es\/ca\/2020\/11\/01\/domotic-school-garden\/\" \/>\n<meta property=\"og:locale\" content=\"ca_ES\" \/>\n<meta property=\"og:type\" content=\"article\" \/>\n<meta property=\"og:title\" content=\"Domotic School Garden - Internacionalitzaci\u00f3 i Cooperaci\u00f3\" \/>\n<meta property=\"og:description\" content=\"El proyecto internacional Domotic School Garden desarrollar\u00e1 la domotizaci\u00f3n de tres huertos ecol\u00f3gicos escolares con alumnos en CTIMA.\" \/>\n<meta property=\"og:url\" content=\"https:\/\/internacional.umh.es\/en\/2020\/11\/01\/domotic-school-garden\/\" \/>\n<meta property=\"og:site_name\" content=\"Internacionalitzaci\u00f3 i Cooperaci\u00f3\" \/>\n<meta property=\"article:published_time\" content=\"2020-11-01T12:35:01+00:00\" \/>\n<meta property=\"article:modified_time\" content=\"2024-02-09T18:19:54+00:00\" \/>\n<meta property=\"og:image\" content=\"https:\/\/internacional.umh.es\/files\/2021\/06\/Direzione-Didattica-Statale-F.T.-Bufalini-San-Giustino-e1624864311832.jpg\" \/>\n<meta name=\"twitter:card\" content=\"summary_large_image\" \/>\n<meta name=\"twitter:label1\" content=\"Written by\" \/>\n\t<meta name=\"twitter:data1\" content=\"juan.torresg\" \/>\n\t<meta name=\"twitter:label2\" content=\"Est. reading time\" \/>\n\t<meta name=\"twitter:data2\" content=\"2 minuts\" \/>\n<script type=\"application\/ld+json\" class=\"yoast-schema-graph\">{\"@context\":\"https:\/\/schema.org\",\"@graph\":[{\"@type\":\"WebSite\",\"@id\":\"https:\/\/internacional.umh.es\/en\/#website\",\"url\":\"https:\/\/internacional.umh.es\/en\/\",\"name\":\"Internacionalitzaci\\u00f3 i Cooperaci\\u00f3\",\"description\":\"Universitat Miguel Hern\\u00e1ndez d&#039;Elx\",\"potentialAction\":[{\"@type\":\"SearchAction\",\"target\":{\"@type\":\"EntryPoint\",\"urlTemplate\":\"https:\/\/internacional.umh.es\/en\/?s={search_term_string}\"},\"query-input\":\"required name=search_term_string\"}],\"inLanguage\":\"ca\"},{\"@type\":\"ImageObject\",\"@id\":\"https:\/\/internacional.umh.es\/en\/2020\/11\/01\/domotic-school-garden\/#primaryimage\",\"inLanguage\":\"ca\",\"url\":\"https:\/\/internacional.umh.es\/files\/2021\/06\/Domotic-School-Garden-logo-e1624879553644.jpg\",\"contentUrl\":\"https:\/\/internacional.umh.es\/files\/2021\/06\/Domotic-School-Garden-logo-e1624879553644.jpg\",\"width\":159,\"height\":150,\"caption\":\"Domotic School Garden logo\"},{\"@type\":\"WebPage\",\"@id\":\"https:\/\/internacional.umh.es\/en\/2020\/11\/01\/domotic-school-garden\/#webpage\",\"url\":\"https:\/\/internacional.umh.es\/en\/2020\/11\/01\/domotic-school-garden\/\",\"name\":\"Domotic School Garden - Internacionalitzaci\\u00f3 i Cooperaci\\u00f3\",\"isPartOf\":{\"@id\":\"https:\/\/internacional.umh.es\/en\/#website\"},\"primaryImageOfPage\":{\"@id\":\"https:\/\/internacional.umh.es\/en\/2020\/11\/01\/domotic-school-garden\/#primaryimage\"},\"datePublished\":\"2020-11-01T12:35:01+00:00\",\"dateModified\":\"2024-02-09T18:19:54+00:00\",\"author\":{\"@id\":\"https:\/\/internacional.umh.es\/en\/#\/schema\/person\/b5eb1c3427fa071575e2067be339abff\"},\"description\":\"El proyecto internacional Domotic School Garden desarrollar\\u00e1 la domotizaci\\u00f3n de tres huertos ecol\\u00f3gicos escolares con alumnos en CTIMA.\",\"breadcrumb\":{\"@id\":\"https:\/\/internacional.umh.es\/en\/2020\/11\/01\/domotic-school-garden\/#breadcrumb\"},\"inLanguage\":\"ca\",\"potentialAction\":[{\"@type\":\"ReadAction\",\"target\":[\"https:\/\/internacional.umh.es\/en\/2020\/11\/01\/domotic-school-garden\/\"]}]},{\"@type\":\"BreadcrumbList\",\"@id\":\"https:\/\/internacional.umh.es\/en\/2020\/11\/01\/domotic-school-garden\/#breadcrumb\",\"itemListElement\":[{\"@type\":\"ListItem\",\"position\":1,\"name\":\"Home\",\"item\":\"https:\/\/internacional.umh.es\/en\/\"},{\"@type\":\"ListItem\",\"position\":2,\"name\":\"(Espa\\u00f1ol) Domotic School Garden\"}]},{\"@type\":\"Person\",\"@id\":\"https:\/\/internacional.umh.es\/en\/#\/schema\/person\/b5eb1c3427fa071575e2067be339abff\",\"name\":\"juan.torresg\",\"image\":{\"@type\":\"ImageObject\",\"@id\":\"https:\/\/internacional.umh.es\/en\/#personlogo\",\"inLanguage\":\"ca\",\"url\":\"https:\/\/secure.gravatar.com\/avatar\/2d49f32f8cb81918e740433e7190ba39?s=96&d=mm&r=g\",\"contentUrl\":\"https:\/\/secure.gravatar.com\/avatar\/2d49f32f8cb81918e740433e7190ba39?s=96&d=mm&r=g\",\"caption\":\"juan.torresg\"},\"url\":\"https:\/\/internacional.umh.es\/ca\/author\/juan-torresg\/\"}]}<\/script>\n<!-- \/ Yoast SEO plugin. -->","yoast_head_json":{"description":"El proyecto internacional Domotic School Garden desarrollar\u00e1 la domotizaci\u00f3n de tres huertos ecol\u00f3gicos escolares con alumnos en CTIMA.","robots":{"index":"index","follow":"follow","max-snippet":"max-snippet:-1","max-image-preview":"max-image-preview:large","max-video-preview":"max-video-preview:-1"},"canonical":"https:\/\/internacional.umh.es\/ca\/2020\/11\/01\/domotic-school-garden\/","og_locale":"ca_ES","og_type":"article","og_title":"Domotic School Garden - Internacionalitzaci\u00f3 i Cooperaci\u00f3","og_description":"El proyecto internacional Domotic School Garden desarrollar\u00e1 la domotizaci\u00f3n de tres huertos ecol\u00f3gicos escolares con alumnos en CTIMA.","og_url":"https:\/\/internacional.umh.es\/en\/2020\/11\/01\/domotic-school-garden\/","og_site_name":"Internacionalitzaci\u00f3 i Cooperaci\u00f3","article_published_time":"2020-11-01T12:35:01+00:00","article_modified_time":"2024-02-09T18:19:54+00:00","og_image":[{"url":"https:\/\/internacional.umh.es\/files\/2021\/06\/Direzione-Didattica-Statale-F.T.-Bufalini-San-Giustino-e1624864311832.jpg"}],"twitter_card":"summary_large_image","twitter_misc":{"Written by":"juan.torresg","Est. reading time":"2 minuts"},"schema":{"@context":"https:\/\/schema.org","@graph":[{"@type":"WebSite","@id":"https:\/\/internacional.umh.es\/en\/#website","url":"https:\/\/internacional.umh.es\/en\/","name":"Internacionalitzaci\u00f3 i Cooperaci\u00f3","description":"Universitat Miguel Hern\u00e1ndez d&#039;Elx","potentialAction":[{"@type":"SearchAction","target":{"@type":"EntryPoint","urlTemplate":"https:\/\/internacional.umh.es\/en\/?s={search_term_string}"},"query-input":"required name=search_term_string"}],"inLanguage":"ca"},{"@type":"ImageObject","@id":"https:\/\/internacional.umh.es\/en\/2020\/11\/01\/domotic-school-garden\/#primaryimage","inLanguage":"ca","url":"https:\/\/internacional.umh.es\/files\/2021\/06\/Domotic-School-Garden-logo-e1624879553644.jpg","contentUrl":"https:\/\/internacional.umh.es\/files\/2021\/06\/Domotic-School-Garden-logo-e1624879553644.jpg","width":159,"height":150,"caption":"Domotic School Garden logo"},{"@type":"WebPage","@id":"https:\/\/internacional.umh.es\/en\/2020\/11\/01\/domotic-school-garden\/#webpage","url":"https:\/\/internacional.umh.es\/en\/2020\/11\/01\/domotic-school-garden\/","name":"Domotic School Garden - Internacionalitzaci\u00f3 i Cooperaci\u00f3","isPartOf":{"@id":"https:\/\/internacional.umh.es\/en\/#website"},"primaryImageOfPage":{"@id":"https:\/\/internacional.umh.es\/en\/2020\/11\/01\/domotic-school-garden\/#primaryimage"},"datePublished":"2020-11-01T12:35:01+00:00","dateModified":"2024-02-09T18:19:54+00:00","author":{"@id":"https:\/\/internacional.umh.es\/en\/#\/schema\/person\/b5eb1c3427fa071575e2067be339abff"},"description":"El proyecto internacional Domotic School Garden desarrollar\u00e1 la domotizaci\u00f3n de tres huertos ecol\u00f3gicos escolares con alumnos en CTIMA.","breadcrumb":{"@id":"https:\/\/internacional.umh.es\/en\/2020\/11\/01\/domotic-school-garden\/#breadcrumb"},"inLanguage":"ca","potentialAction":[{"@type":"ReadAction","target":["https:\/\/internacional.umh.es\/en\/2020\/11\/01\/domotic-school-garden\/"]}]},{"@type":"BreadcrumbList","@id":"https:\/\/internacional.umh.es\/en\/2020\/11\/01\/domotic-school-garden\/#breadcrumb","itemListElement":[{"@type":"ListItem","position":1,"name":"Home","item":"https:\/\/internacional.umh.es\/en\/"},{"@type":"ListItem","position":2,"name":"(Espa\u00f1ol) Domotic School Garden"}]},{"@type":"Person","@id":"https:\/\/internacional.umh.es\/en\/#\/schema\/person\/b5eb1c3427fa071575e2067be339abff","name":"juan.torresg","image":{"@type":"ImageObject","@id":"https:\/\/internacional.umh.es\/en\/#personlogo","inLanguage":"ca","url":"https:\/\/secure.gravatar.com\/avatar\/2d49f32f8cb81918e740433e7190ba39?s=96&d=mm&r=g","contentUrl":"https:\/\/secure.gravatar.com\/avatar\/2d49f32f8cb81918e740433e7190ba39?s=96&d=mm&r=g","caption":"juan.torresg"},"url":"https:\/\/internacional.umh.es\/ca\/author\/juan-torresg\/"}]}},"_links":{"self":[{"href":"https:\/\/internacional.umh.es\/ca\/wp-json\/wp\/v2\/posts\/24349"}],"collection":[{"href":"https:\/\/internacional.umh.es\/ca\/wp-json\/wp\/v2\/posts"}],"about":[{"href":"https:\/\/internacional.umh.es\/ca\/wp-json\/wp\/v2\/types\/post"}],"author":[{"embeddable":true,"href":"https:\/\/internacional.umh.es\/ca\/wp-json\/wp\/v2\/users\/3107"}],"replies":[{"embeddable":true,"href":"https:\/\/internacional.umh.es\/ca\/wp-json\/wp\/v2\/comments?post=24349"}],"version-history":[{"count":0,"href":"https:\/\/internacional.umh.es\/ca\/wp-json\/wp\/v2\/posts\/24349\/revisions"}],"wp:attachment":[{"href":"https:\/\/internacional.umh.es\/ca\/wp-json\/wp\/v2\/media?parent=24349"}],"wp:term":[{"taxonomy":"category","embeddable":true,"href":"https:\/\/internacional.umh.es\/ca\/wp-json\/wp\/v2\/categories?post=24349"},{"taxonomy":"post_tag","embeddable":true,"href":"https:\/\/internacional.umh.es\/ca\/wp-json\/wp\/v2\/tags?post=24349"}],"curies":[{"name":"wp","href":"https:\/\/api.w.org\/{rel}","templated":true}]}}