{"id":25840,"date":"2022-04-26T13:54:48","date_gmt":"2022-04-26T11:54:48","guid":{"rendered":"https:\/\/internacional.umh.es\/?p=25840"},"modified":"2022-04-27T10:49:33","modified_gmt":"2022-04-27T08:49:33","slug":"un-proyecto-de-cooperacion-de-la-umh-avanza-en-el-estudio-de-la-prevalencia-del-sindrome-de-sensibilidad-quimica-multiple-sqm-en-colectivos-de-trabajadores","status":"publish","type":"post","link":"https:\/\/internacional.umh.es\/ca\/2022\/04\/26\/un-proyecto-de-cooperacion-de-la-umh-avanza-en-el-estudio-de-la-prevalencia-del-sindrome-de-sensibilidad-quimica-multiple-sqm-en-colectivos-de-trabajadores\/","title":{"rendered":"<span lang=\"es\">(Espa\u00f1ol) Un proyecto de cooperaci\u00f3n de la UMH avanza en el estudio de la prevalencia del S\u00edndrome de Sensibilidad Qu\u00edmica M\u00faltiple (SQM)  en colectivos de trabajadores<\/span>"},"content":{"rendered":"<p class=\"qtranxs-available-languages-message qtranxs-available-languages-message-ca\">Ho sent, per\u00f2 aquesta entrada nom\u00e9s est\u00e0 disponible en <a href=\"https:\/\/internacional.umh.es\/es\/wp-json\/wp\/v2\/posts\/25840\" class=\"qtranxs-available-language-link qtranxs-available-language-link-es\" title=\"Espa\u00f1ol\">Espanyol Europeu<\/a> i <a href=\"https:\/\/internacional.umh.es\/en\/wp-json\/wp\/v2\/posts\/25840\" class=\"qtranxs-available-language-link qtranxs-available-language-link-en\" title=\"English\">Angl\u00e8s Americ\u00e0<\/a>.<\/p>","protected":false},"excerpt":{"rendered":"<p>Ho sent, per\u00f2 aquesta entrada nom\u00e9s est\u00e0 disponible en Espanyol Europeu i Angl\u00e8s Americ\u00e0.<\/p>\n","protected":false},"author":5216,"featured_media":0,"comment_status":"closed","ping_status":"closed","sticky":false,"template":"","format":"standard","meta":{"ngg_post_thumbnail":0,"_links_to":"","_links_to_target":""},"categories":[20504,46075,20486,296002],"tags":[861095,95],"yoast_head":"<!-- This site is optimized with the Yoast SEO plugin v17.5 - https:\/\/yoast.com\/wordpress\/plugins\/seo\/ -->\n<meta name=\"description\" content=\"Un proyecto de investigaci\u00f3n de la Universidad Miguel Hern\u00e1ndez (UMH) de Elche &quot;Adaptaci\u00f3n de puestos de trabajo para personas con funcionalidad reducida (SQM Adapta)&quot; pretende estudiar la prevalencia del s\u00edndrome de Sensibilidad Qu\u00edmica M\u00faltiple (SQM)\" \/>\n<meta name=\"robots\" content=\"index, follow, max-snippet:-1, max-image-preview:large, max-video-preview:-1\" \/>\n<link rel=\"canonical\" href=\"https:\/\/internacional.umh.es\/ca\/2022\/04\/26\/un-proyecto-de-cooperacion-de-la-umh-avanza-en-el-estudio-de-la-prevalencia-del-sindrome-de-sensibilidad-quimica-multiple-sqm-en-colectivos-de-trabajadores\/\" \/>\n<meta property=\"og:locale\" content=\"ca_ES\" \/>\n<meta property=\"og:type\" content=\"article\" \/>\n<meta property=\"og:title\" content=\"(Espa\u00f1ol) Un proyecto de cooperaci\u00f3n de la UMH avanza en el estudio de la prevalencia del S\u00edndrome de Sensibilidad Qu\u00edmica M\u00faltiple (SQM) en colectivos de trabajadores - Internacionalitzaci\u00f3 i Cooperaci\u00f3\" \/>\n<meta property=\"og:description\" content=\"Un proyecto de investigaci\u00f3n de la Universidad Miguel Hern\u00e1ndez (UMH) de Elche &quot;Adaptaci\u00f3n de puestos de trabajo para personas con funcionalidad reducida (SQM Adapta)&quot; pretende estudiar la prevalencia del s\u00edndrome de Sensibilidad Qu\u00edmica M\u00faltiple (SQM)\" \/>\n<meta property=\"og:url\" content=\"https:\/\/internacional.umh.es\/en\/2022\/04\/26\/un-proyecto-de-cooperacion-de-la-umh-avanza-en-el-estudio-de-la-prevalencia-del-sindrome-de-sensibilidad-quimica-multiple-sqm-en-colectivos-de-trabajadores\/\" \/>\n<meta property=\"og:site_name\" content=\"Internacionalitzaci\u00f3 i Cooperaci\u00f3\" \/>\n<meta property=\"article:published_time\" content=\"2022-04-26T11:54:48+00:00\" \/>\n<meta property=\"article:modified_time\" content=\"2022-04-27T08:49:33+00:00\" \/>\n<meta property=\"og:image\" content=\"https:\/\/internacional.umh.es\/files\/2022\/04\/IMAGEN-REUNION-ESPANA-VENEZUELA-300x196.jpg\" \/>\n<meta name=\"twitter:card\" content=\"summary_large_image\" \/>\n<meta name=\"twitter:label1\" content=\"Written by\" \/>\n\t<meta name=\"twitter:data1\" content=\"vgodoy\" \/>\n\t<meta name=\"twitter:label2\" content=\"Est. reading time\" \/>\n\t<meta name=\"twitter:data2\" content=\"3 minuts\" \/>\n<script type=\"application\/ld+json\" class=\"yoast-schema-graph\">{\"@context\":\"https:\/\/schema.org\",\"@graph\":[{\"@type\":\"WebSite\",\"@id\":\"https:\/\/internacional.umh.es\/en\/#website\",\"url\":\"https:\/\/internacional.umh.es\/en\/\",\"name\":\"Internacionalitzaci\\u00f3 i Cooperaci\\u00f3\",\"description\":\"Universitat Miguel Hern\\u00e1ndez d&#039;Elx\",\"potentialAction\":[{\"@type\":\"SearchAction\",\"target\":{\"@type\":\"EntryPoint\",\"urlTemplate\":\"https:\/\/internacional.umh.es\/en\/?s={search_term_string}\"},\"query-input\":\"required name=search_term_string\"}],\"inLanguage\":\"ca\"},{\"@type\":\"ImageObject\",\"@id\":\"https:\/\/internacional.umh.es\/en\/2022\/04\/26\/un-proyecto-de-cooperacion-de-la-umh-avanza-en-el-estudio-de-la-prevalencia-del-sindrome-de-sensibilidad-quimica-multiple-sqm-en-colectivos-de-trabajadores\/#primaryimage\",\"inLanguage\":\"ca\",\"url\":\"https:\/\/internacional.umh.es\/files\/2022\/04\/IMAGEN-REUNION-ESPANA-VENEZUELA.jpg\",\"contentUrl\":\"https:\/\/internacional.umh.es\/files\/2022\/04\/IMAGEN-REUNION-ESPANA-VENEZUELA.jpg\",\"width\":931,\"height\":608},{\"@type\":\"WebPage\",\"@id\":\"https:\/\/internacional.umh.es\/en\/2022\/04\/26\/un-proyecto-de-cooperacion-de-la-umh-avanza-en-el-estudio-de-la-prevalencia-del-sindrome-de-sensibilidad-quimica-multiple-sqm-en-colectivos-de-trabajadores\/#webpage\",\"url\":\"https:\/\/internacional.umh.es\/en\/2022\/04\/26\/un-proyecto-de-cooperacion-de-la-umh-avanza-en-el-estudio-de-la-prevalencia-del-sindrome-de-sensibilidad-quimica-multiple-sqm-en-colectivos-de-trabajadores\/\",\"name\":\"<span lang=\\\"es\\\">(Espa\\u00f1ol) Un proyecto de cooperaci\\u00f3n de la UMH avanza en el estudio de la prevalencia del S\\u00edndrome de Sensibilidad Qu\\u00edmica M\\u00faltiple (SQM) en colectivos de trabajadores - Internacionalitzaci\\u00f3 i Cooperaci\\u00f3<\/span>\",\"isPartOf\":{\"@id\":\"https:\/\/internacional.umh.es\/en\/#website\"},\"primaryImageOfPage\":{\"@id\":\"https:\/\/internacional.umh.es\/en\/2022\/04\/26\/un-proyecto-de-cooperacion-de-la-umh-avanza-en-el-estudio-de-la-prevalencia-del-sindrome-de-sensibilidad-quimica-multiple-sqm-en-colectivos-de-trabajadores\/#primaryimage\"},\"datePublished\":\"2022-04-26T11:54:48+00:00\",\"dateModified\":\"2022-04-27T08:49:33+00:00\",\"author\":{\"@id\":\"https:\/\/internacional.umh.es\/en\/#\/schema\/person\/6b54fc879bc8d5b4ed360472e19cca1d\"},\"description\":\"Un proyecto de investigaci\\u00f3n de la Universidad Miguel Hern\\u00e1ndez (UMH) de Elche \\\"Adaptaci\\u00f3n de puestos de trabajo para personas con funcionalidad reducida (SQM Adapta)\\\" pretende estudiar la prevalencia del s\\u00edndrome de Sensibilidad Qu\\u00edmica M\\u00faltiple (SQM)\",\"breadcrumb\":{\"@id\":\"https:\/\/internacional.umh.es\/en\/2022\/04\/26\/un-proyecto-de-cooperacion-de-la-umh-avanza-en-el-estudio-de-la-prevalencia-del-sindrome-de-sensibilidad-quimica-multiple-sqm-en-colectivos-de-trabajadores\/#breadcrumb\"},\"inLanguage\":\"ca\",\"potentialAction\":[{\"@type\":\"ReadAction\",\"target\":[\"https:\/\/internacional.umh.es\/en\/2022\/04\/26\/un-proyecto-de-cooperacion-de-la-umh-avanza-en-el-estudio-de-la-prevalencia-del-sindrome-de-sensibilidad-quimica-multiple-sqm-en-colectivos-de-trabajadores\/\"]}]},{\"@type\":\"BreadcrumbList\",\"@id\":\"https:\/\/internacional.umh.es\/en\/2022\/04\/26\/un-proyecto-de-cooperacion-de-la-umh-avanza-en-el-estudio-de-la-prevalencia-del-sindrome-de-sensibilidad-quimica-multiple-sqm-en-colectivos-de-trabajadores\/#breadcrumb\",\"itemListElement\":[{\"@type\":\"ListItem\",\"position\":1,\"name\":\"Home\",\"item\":\"https:\/\/internacional.umh.es\/en\/\"},{\"@type\":\"ListItem\",\"position\":2,\"name\":\"UMH cooperation project advances research on the prevalence of multiple chemical sensitivity (MCS) on groups of workers\"}]},{\"@type\":\"Person\",\"@id\":\"https:\/\/internacional.umh.es\/en\/#\/schema\/person\/6b54fc879bc8d5b4ed360472e19cca1d\",\"name\":\"vgodoy\",\"image\":{\"@type\":\"ImageObject\",\"@id\":\"https:\/\/internacional.umh.es\/en\/#personlogo\",\"inLanguage\":\"ca\",\"url\":\"https:\/\/secure.gravatar.com\/avatar\/5ee02b95215a691c74aac5849d06041e?s=96&d=mm&r=g\",\"contentUrl\":\"https:\/\/secure.gravatar.com\/avatar\/5ee02b95215a691c74aac5849d06041e?s=96&d=mm&r=g\",\"caption\":\"vgodoy\"},\"url\":\"https:\/\/internacional.umh.es\/ca\/author\/vgodoy\/\"}]}<\/script>\n<!-- \/ Yoast SEO plugin. -->","yoast_head_json":{"description":"Un proyecto de investigaci\u00f3n de la Universidad Miguel Hern\u00e1ndez (UMH) de Elche \"Adaptaci\u00f3n de puestos de trabajo para personas con funcionalidad reducida (SQM Adapta)\" pretende estudiar la prevalencia del s\u00edndrome de Sensibilidad Qu\u00edmica M\u00faltiple (SQM)","robots":{"index":"index","follow":"follow","max-snippet":"max-snippet:-1","max-image-preview":"max-image-preview:large","max-video-preview":"max-video-preview:-1"},"canonical":"https:\/\/internacional.umh.es\/ca\/2022\/04\/26\/un-proyecto-de-cooperacion-de-la-umh-avanza-en-el-estudio-de-la-prevalencia-del-sindrome-de-sensibilidad-quimica-multiple-sqm-en-colectivos-de-trabajadores\/","og_locale":"ca_ES","og_type":"article","og_title":"(Espa\u00f1ol) Un proyecto de cooperaci\u00f3n de la UMH avanza en el estudio de la prevalencia del S\u00edndrome de Sensibilidad Qu\u00edmica M\u00faltiple (SQM) en colectivos de trabajadores - Internacionalitzaci\u00f3 i Cooperaci\u00f3","og_description":"Un proyecto de investigaci\u00f3n de la Universidad Miguel Hern\u00e1ndez (UMH) de Elche \"Adaptaci\u00f3n de puestos de trabajo para personas con funcionalidad reducida (SQM Adapta)\" pretende estudiar la prevalencia del s\u00edndrome de Sensibilidad Qu\u00edmica M\u00faltiple (SQM)","og_url":"https:\/\/internacional.umh.es\/en\/2022\/04\/26\/un-proyecto-de-cooperacion-de-la-umh-avanza-en-el-estudio-de-la-prevalencia-del-sindrome-de-sensibilidad-quimica-multiple-sqm-en-colectivos-de-trabajadores\/","og_site_name":"Internacionalitzaci\u00f3 i Cooperaci\u00f3","article_published_time":"2022-04-26T11:54:48+00:00","article_modified_time":"2022-04-27T08:49:33+00:00","og_image":[{"url":"https:\/\/internacional.umh.es\/files\/2022\/04\/IMAGEN-REUNION-ESPANA-VENEZUELA-300x196.jpg"}],"twitter_card":"summary_large_image","twitter_misc":{"Written by":"vgodoy","Est. reading time":"3 minuts"},"schema":{"@context":"https:\/\/schema.org","@graph":[{"@type":"WebSite","@id":"https:\/\/internacional.umh.es\/en\/#website","url":"https:\/\/internacional.umh.es\/en\/","name":"Internacionalitzaci\u00f3 i Cooperaci\u00f3","description":"Universitat Miguel Hern\u00e1ndez d&#039;Elx","potentialAction":[{"@type":"SearchAction","target":{"@type":"EntryPoint","urlTemplate":"https:\/\/internacional.umh.es\/en\/?s={search_term_string}"},"query-input":"required name=search_term_string"}],"inLanguage":"ca"},{"@type":"ImageObject","@id":"https:\/\/internacional.umh.es\/en\/2022\/04\/26\/un-proyecto-de-cooperacion-de-la-umh-avanza-en-el-estudio-de-la-prevalencia-del-sindrome-de-sensibilidad-quimica-multiple-sqm-en-colectivos-de-trabajadores\/#primaryimage","inLanguage":"ca","url":"https:\/\/internacional.umh.es\/files\/2022\/04\/IMAGEN-REUNION-ESPANA-VENEZUELA.jpg","contentUrl":"https:\/\/internacional.umh.es\/files\/2022\/04\/IMAGEN-REUNION-ESPANA-VENEZUELA.jpg","width":931,"height":608},{"@type":"WebPage","@id":"https:\/\/internacional.umh.es\/en\/2022\/04\/26\/un-proyecto-de-cooperacion-de-la-umh-avanza-en-el-estudio-de-la-prevalencia-del-sindrome-de-sensibilidad-quimica-multiple-sqm-en-colectivos-de-trabajadores\/#webpage","url":"https:\/\/internacional.umh.es\/en\/2022\/04\/26\/un-proyecto-de-cooperacion-de-la-umh-avanza-en-el-estudio-de-la-prevalencia-del-sindrome-de-sensibilidad-quimica-multiple-sqm-en-colectivos-de-trabajadores\/","name":"<span lang=\"es\">(Espa\u00f1ol) Un proyecto de cooperaci\u00f3n de la UMH avanza en el estudio de la prevalencia del S\u00edndrome de Sensibilidad Qu\u00edmica M\u00faltiple (SQM) en colectivos de trabajadores - Internacionalitzaci\u00f3 i Cooperaci\u00f3<\/span>","isPartOf":{"@id":"https:\/\/internacional.umh.es\/en\/#website"},"primaryImageOfPage":{"@id":"https:\/\/internacional.umh.es\/en\/2022\/04\/26\/un-proyecto-de-cooperacion-de-la-umh-avanza-en-el-estudio-de-la-prevalencia-del-sindrome-de-sensibilidad-quimica-multiple-sqm-en-colectivos-de-trabajadores\/#primaryimage"},"datePublished":"2022-04-26T11:54:48+00:00","dateModified":"2022-04-27T08:49:33+00:00","author":{"@id":"https:\/\/internacional.umh.es\/en\/#\/schema\/person\/6b54fc879bc8d5b4ed360472e19cca1d"},"description":"Un proyecto de investigaci\u00f3n de la Universidad Miguel Hern\u00e1ndez (UMH) de Elche \"Adaptaci\u00f3n de puestos de trabajo para personas con funcionalidad reducida (SQM Adapta)\" pretende estudiar la prevalencia del s\u00edndrome de Sensibilidad Qu\u00edmica M\u00faltiple (SQM)","breadcrumb":{"@id":"https:\/\/internacional.umh.es\/en\/2022\/04\/26\/un-proyecto-de-cooperacion-de-la-umh-avanza-en-el-estudio-de-la-prevalencia-del-sindrome-de-sensibilidad-quimica-multiple-sqm-en-colectivos-de-trabajadores\/#breadcrumb"},"inLanguage":"ca","potentialAction":[{"@type":"ReadAction","target":["https:\/\/internacional.umh.es\/en\/2022\/04\/26\/un-proyecto-de-cooperacion-de-la-umh-avanza-en-el-estudio-de-la-prevalencia-del-sindrome-de-sensibilidad-quimica-multiple-sqm-en-colectivos-de-trabajadores\/"]}]},{"@type":"BreadcrumbList","@id":"https:\/\/internacional.umh.es\/en\/2022\/04\/26\/un-proyecto-de-cooperacion-de-la-umh-avanza-en-el-estudio-de-la-prevalencia-del-sindrome-de-sensibilidad-quimica-multiple-sqm-en-colectivos-de-trabajadores\/#breadcrumb","itemListElement":[{"@type":"ListItem","position":1,"name":"Home","item":"https:\/\/internacional.umh.es\/en\/"},{"@type":"ListItem","position":2,"name":"UMH cooperation project advances research on the prevalence of multiple chemical sensitivity (MCS) on groups of workers"}]},{"@type":"Person","@id":"https:\/\/internacional.umh.es\/en\/#\/schema\/person\/6b54fc879bc8d5b4ed360472e19cca1d","name":"vgodoy","image":{"@type":"ImageObject","@id":"https:\/\/internacional.umh.es\/en\/#personlogo","inLanguage":"ca","url":"https:\/\/secure.gravatar.com\/avatar\/5ee02b95215a691c74aac5849d06041e?s=96&d=mm&r=g","contentUrl":"https:\/\/secure.gravatar.com\/avatar\/5ee02b95215a691c74aac5849d06041e?s=96&d=mm&r=g","caption":"vgodoy"},"url":"https:\/\/internacional.umh.es\/ca\/author\/vgodoy\/"}]}},"_links":{"self":[{"href":"https:\/\/internacional.umh.es\/ca\/wp-json\/wp\/v2\/posts\/25840"}],"collection":[{"href":"https:\/\/internacional.umh.es\/ca\/wp-json\/wp\/v2\/posts"}],"about":[{"href":"https:\/\/internacional.umh.es\/ca\/wp-json\/wp\/v2\/types\/post"}],"author":[{"embeddable":true,"href":"https:\/\/internacional.umh.es\/ca\/wp-json\/wp\/v2\/users\/5216"}],"replies":[{"embeddable":true,"href":"https:\/\/internacional.umh.es\/ca\/wp-json\/wp\/v2\/comments?post=25840"}],"version-history":[{"count":0,"href":"https:\/\/internacional.umh.es\/ca\/wp-json\/wp\/v2\/posts\/25840\/revisions"}],"wp:attachment":[{"href":"https:\/\/internacional.umh.es\/ca\/wp-json\/wp\/v2\/media?parent=25840"}],"wp:term":[{"taxonomy":"category","embeddable":true,"href":"https:\/\/internacional.umh.es\/ca\/wp-json\/wp\/v2\/categories?post=25840"},{"taxonomy":"post_tag","embeddable":true,"href":"https:\/\/internacional.umh.es\/ca\/wp-json\/wp\/v2\/tags?post=25840"}],"curies":[{"name":"wp","href":"https:\/\/api.w.org\/{rel}","templated":true}]}}