{"id":31493,"date":"2023-07-11T11:42:00","date_gmt":"2023-07-11T09:42:00","guid":{"rendered":"https:\/\/internacional.umh.es\/?p=31493"},"modified":"2024-05-31T10:31:12","modified_gmt":"2024-05-31T08:31:12","slug":"se-publica-la-convocatoria-de-ayudas-para-el-programa-mudi-2023","status":"publish","type":"post","link":"https:\/\/internacional.umh.es\/ca\/2023\/07\/11\/se-publica-la-convocatoria-de-ayudas-para-el-programa-mudi-2023\/","title":{"rendered":"Es publica la convocat\u00f2ria d&#8217;ajudes per al Programa MUDI 2023"},"content":{"rendered":"<p><\/p>\n<p style=\"text-align: justify\"><img loading=\"lazy\" class=\"size-medium wp-image-31502 alignleft\" src=\"https:\/\/internacional.umh.es\/files\/2023\/07\/Publicaciones-Instagram-2-300x300.png\" alt=\"Programa MUDI 2023 disseny\" title=\"Consulta totes la informaci\u00f3 sobre la convocat\u00f2ria del programa MUDI 2023\" width=\"300\" height=\"300\" srcset=\"https:\/\/internacional.umh.es\/files\/2023\/07\/Publicaciones-Instagram-2-300x300.png 300w, https:\/\/internacional.umh.es\/files\/2023\/07\/Publicaciones-Instagram-2-1024x1024.png 1024w, https:\/\/internacional.umh.es\/files\/2023\/07\/Publicaciones-Instagram-2-150x150.png 150w, https:\/\/internacional.umh.es\/files\/2023\/07\/Publicaciones-Instagram-2-768x768.png 768w, https:\/\/internacional.umh.es\/files\/2023\/07\/Publicaciones-Instagram-2.png 1080w\" sizes=\"(max-width: 300px) 100vw, 300px\" \/> El Vicerectorat d&#8217;Internacionalitzaci\u00f3 i Cooperaci\u00f3 de la Universitat Miguel Hern\u00e1ndez (UMH) d&#8217;Elx publica el programa de mobilitat internacional DESTINO: subprograma MUDI (la Xina) per a l&#8217;any 2023.<\/p>\n<p style=\"text-align: justify\">Pots consultar les <strong>bases de la convocat\u00f2ria<\/strong>, els criteris de concessi\u00f3 i el procediment de sol\u00b7licitud punxant en el seg\u00fcent enlla\u00e7 al document:<\/p>\n<ul>\n<li><a href=\"https:\/\/internacional.umh.es\/files\/2023\/07\/Publicado-BOUMH.-RR_01863_2023.pdf\" target=\"_blank\" rel=\"noopener\" title=\"Ho veur\u00e0s en una nova finestra\"><strong>Publicaci\u00f3 en BOUMH (368Kb .pdf)<\/strong><\/a><\/li>\n<li><strong>Publicaci\u00f3 en el DOGV<\/strong><\/li>\n<\/ul>\n<p>El termini de presentaci\u00f3 de sol\u00b7licituds ser\u00e0 <strong>10 dies h\u00e0bils des de la seua publicaci\u00f3 en el DOGV (ser\u00e0 en breu).<\/strong><\/p>\n<ul>\n<li><a href=\"https:\/\/internacional.umh.es\/files\/2023\/07\/Modelo-de-solicitud.docx\" target=\"_blank\" rel=\"noopener\" title=\"Ho veur\u00e0s en una nova finestra\"><strong> Model de sol\u00b7licitud (247Kb .docx)<\/strong><\/a><\/li>\n<li><a href=\"https:\/\/sites.google.com\/umh.es\/umh-china\/home\" target=\"_blank\" rel=\"noopener\" title=\"Ho veur\u00e0s en una nova finestra\">Consulta tota la informaci\u00f3 del programa ac\u00ed<\/a><\/li>\n<\/ul>\n<p>&nbsp;<\/p>","protected":false},"excerpt":{"rendered":"<p> El Vicerectorat d&#8217;Internacionalitzaci\u00f3 i Cooperaci\u00f3 de la Universitat Miguel Hern\u00e1ndez (UMH) d&#8217;Elx publica el programa de mobilitat internacional DESTINO: subprograma MUDI (la Xina) per a l&#8217;any 2023.<br \/>\nPots consultar les bases de la convocat\u00f2ria, els criteris de concessi\u00f3 i el procediment de sol\u00b7licitud punxant en el seg\u00fcent enlla\u00e7 al document:<\/p>\n<p>Publicaci\u00f3 en BOUMH (368Kb .pdf)<br \/>\nPublicaci\u00f3 en [&#8230;]<\/p>\n","protected":false},"author":6508,"featured_media":0,"comment_status":"closed","ping_status":"closed","sticky":false,"template":"","format":"standard","meta":{"ngg_post_thumbnail":0,"_links_to":"","_links_to_target":""},"categories":[1349788],"tags":[],"yoast_head":"<!-- This site is optimized with the Yoast SEO plugin v17.5 - https:\/\/yoast.com\/wordpress\/plugins\/seo\/ -->\n<meta name=\"description\" content=\"El Vicerrectorado Internacionalizaci\u00f3n y Cooperaci\u00f3n UMH publica el programa de movilidad internacional DESTINO: programa MUDI (China) 2023\" \/>\n<meta name=\"robots\" content=\"index, follow, max-snippet:-1, max-image-preview:large, max-video-preview:-1\" \/>\n<link rel=\"canonical\" href=\"https:\/\/internacional.umh.es\/ca\/2023\/07\/11\/se-publica-la-convocatoria-de-ayudas-para-el-programa-mudi-2023\/\" \/>\n<meta property=\"og:locale\" content=\"ca_ES\" \/>\n<meta property=\"og:type\" content=\"article\" \/>\n<meta property=\"og:title\" content=\"Es publica la convocat\u00f2ria d&#039;ajudes per al Programa MUDI 2023 - Internacionalitzaci\u00f3 i Cooperaci\u00f3\" \/>\n<meta property=\"og:description\" content=\"El Vicerrectorado Internacionalizaci\u00f3n y Cooperaci\u00f3n UMH publica el programa de movilidad internacional DESTINO: programa MUDI (China) 2023\" \/>\n<meta property=\"og:url\" content=\"https:\/\/internacional.umh.es\/ca\/2023\/07\/11\/se-publica-la-convocatoria-de-ayudas-para-el-programa-mudi-2023\/\" \/>\n<meta property=\"og:site_name\" content=\"Internacionalitzaci\u00f3 i Cooperaci\u00f3\" \/>\n<meta property=\"article:published_time\" content=\"2023-07-11T09:42:00+00:00\" \/>\n<meta property=\"article:modified_time\" content=\"2024-05-31T08:31:12+00:00\" \/>\n<meta property=\"og:image\" content=\"https:\/\/internacional.umh.es\/files\/2023\/07\/Publicaciones-Instagram-2-300x300.png\" \/>\n<meta name=\"twitter:card\" content=\"summary_large_image\" \/>\n<meta name=\"twitter:label1\" content=\"Written by\" \/>\n\t<meta name=\"twitter:data1\" content=\"l.sempere\" \/>\n\t<meta name=\"twitter:label2\" content=\"Est. reading time\" \/>\n\t<meta name=\"twitter:data2\" content=\"2 minuts\" \/>\n<script type=\"application\/ld+json\" class=\"yoast-schema-graph\">{\"@context\":\"https:\/\/schema.org\",\"@graph\":[{\"@type\":\"WebSite\",\"@id\":\"https:\/\/internacional.umh.es\/en\/#website\",\"url\":\"https:\/\/internacional.umh.es\/en\/\",\"name\":\"Internacionalitzaci\\u00f3 i Cooperaci\\u00f3\",\"description\":\"Universitat Miguel Hern\\u00e1ndez d&#039;Elx\",\"potentialAction\":[{\"@type\":\"SearchAction\",\"target\":{\"@type\":\"EntryPoint\",\"urlTemplate\":\"https:\/\/internacional.umh.es\/en\/?s={search_term_string}\"},\"query-input\":\"required name=search_term_string\"}],\"inLanguage\":\"ca\"},{\"@type\":\"ImageObject\",\"@id\":\"https:\/\/internacional.umh.es\/ca\/2023\/07\/11\/se-publica-la-convocatoria-de-ayudas-para-el-programa-mudi-2023\/#primaryimage\",\"inLanguage\":\"ca\",\"url\":\"https:\/\/internacional.umh.es\/files\/2023\/07\/Publicaciones-Instagram-2.png\",\"contentUrl\":\"https:\/\/internacional.umh.es\/files\/2023\/07\/Publicaciones-Instagram-2.png\",\"width\":1080,\"height\":1080,\"caption\":\"Programa MUDI 2023 dise\\u00f1o\"},{\"@type\":\"WebPage\",\"@id\":\"https:\/\/internacional.umh.es\/ca\/2023\/07\/11\/se-publica-la-convocatoria-de-ayudas-para-el-programa-mudi-2023\/#webpage\",\"url\":\"https:\/\/internacional.umh.es\/ca\/2023\/07\/11\/se-publica-la-convocatoria-de-ayudas-para-el-programa-mudi-2023\/\",\"name\":\"Es publica la convocat\\u00f2ria d'ajudes per al Programa MUDI 2023 - Internacionalitzaci\\u00f3 i Cooperaci\\u00f3\",\"isPartOf\":{\"@id\":\"https:\/\/internacional.umh.es\/en\/#website\"},\"primaryImageOfPage\":{\"@id\":\"https:\/\/internacional.umh.es\/ca\/2023\/07\/11\/se-publica-la-convocatoria-de-ayudas-para-el-programa-mudi-2023\/#primaryimage\"},\"datePublished\":\"2023-07-11T09:42:00+00:00\",\"dateModified\":\"2024-05-31T08:31:12+00:00\",\"author\":{\"@id\":\"https:\/\/internacional.umh.es\/en\/#\/schema\/person\/fd81c4b213566f3add82d0f214928dfa\"},\"description\":\"El Vicerrectorado Internacionalizaci\\u00f3n y Cooperaci\\u00f3n UMH publica el programa de movilidad internacional DESTINO: programa MUDI (China) 2023\",\"breadcrumb\":{\"@id\":\"https:\/\/internacional.umh.es\/ca\/2023\/07\/11\/se-publica-la-convocatoria-de-ayudas-para-el-programa-mudi-2023\/#breadcrumb\"},\"inLanguage\":\"ca\",\"potentialAction\":[{\"@type\":\"ReadAction\",\"target\":[\"https:\/\/internacional.umh.es\/ca\/2023\/07\/11\/se-publica-la-convocatoria-de-ayudas-para-el-programa-mudi-2023\/\"]}]},{\"@type\":\"BreadcrumbList\",\"@id\":\"https:\/\/internacional.umh.es\/ca\/2023\/07\/11\/se-publica-la-convocatoria-de-ayudas-para-el-programa-mudi-2023\/#breadcrumb\",\"itemListElement\":[{\"@type\":\"ListItem\",\"position\":1,\"name\":\"Home\",\"item\":\"https:\/\/internacional.umh.es\/en\/\"},{\"@type\":\"ListItem\",\"position\":2,\"name\":\"Es publica la convocat\\u00f2ria d&#8217;ajudes per al Programa MUDI 2023\"}]},{\"@type\":\"Person\",\"@id\":\"https:\/\/internacional.umh.es\/en\/#\/schema\/person\/fd81c4b213566f3add82d0f214928dfa\",\"name\":\"l.sempere\",\"image\":{\"@type\":\"ImageObject\",\"@id\":\"https:\/\/internacional.umh.es\/en\/#personlogo\",\"inLanguage\":\"ca\",\"url\":\"https:\/\/secure.gravatar.com\/avatar\/1f9861c855fb90ab758094a71cf6e565?s=96&d=mm&r=g\",\"contentUrl\":\"https:\/\/secure.gravatar.com\/avatar\/1f9861c855fb90ab758094a71cf6e565?s=96&d=mm&r=g\",\"caption\":\"l.sempere\"},\"url\":\"https:\/\/internacional.umh.es\/ca\/author\/l-sempere\/\"}]}<\/script>\n<!-- \/ Yoast SEO plugin. -->","yoast_head_json":{"description":"El Vicerrectorado Internacionalizaci\u00f3n y Cooperaci\u00f3n UMH publica el programa de movilidad internacional DESTINO: programa MUDI (China) 2023","robots":{"index":"index","follow":"follow","max-snippet":"max-snippet:-1","max-image-preview":"max-image-preview:large","max-video-preview":"max-video-preview:-1"},"canonical":"https:\/\/internacional.umh.es\/ca\/2023\/07\/11\/se-publica-la-convocatoria-de-ayudas-para-el-programa-mudi-2023\/","og_locale":"ca_ES","og_type":"article","og_title":"Es publica la convocat\u00f2ria d'ajudes per al Programa MUDI 2023 - Internacionalitzaci\u00f3 i Cooperaci\u00f3","og_description":"El Vicerrectorado Internacionalizaci\u00f3n y Cooperaci\u00f3n UMH publica el programa de movilidad internacional DESTINO: programa MUDI (China) 2023","og_url":"https:\/\/internacional.umh.es\/ca\/2023\/07\/11\/se-publica-la-convocatoria-de-ayudas-para-el-programa-mudi-2023\/","og_site_name":"Internacionalitzaci\u00f3 i Cooperaci\u00f3","article_published_time":"2023-07-11T09:42:00+00:00","article_modified_time":"2024-05-31T08:31:12+00:00","og_image":[{"url":"https:\/\/internacional.umh.es\/files\/2023\/07\/Publicaciones-Instagram-2-300x300.png"}],"twitter_card":"summary_large_image","twitter_misc":{"Written by":"l.sempere","Est. reading time":"2 minuts"},"schema":{"@context":"https:\/\/schema.org","@graph":[{"@type":"WebSite","@id":"https:\/\/internacional.umh.es\/en\/#website","url":"https:\/\/internacional.umh.es\/en\/","name":"Internacionalitzaci\u00f3 i Cooperaci\u00f3","description":"Universitat Miguel Hern\u00e1ndez d&#039;Elx","potentialAction":[{"@type":"SearchAction","target":{"@type":"EntryPoint","urlTemplate":"https:\/\/internacional.umh.es\/en\/?s={search_term_string}"},"query-input":"required name=search_term_string"}],"inLanguage":"ca"},{"@type":"ImageObject","@id":"https:\/\/internacional.umh.es\/ca\/2023\/07\/11\/se-publica-la-convocatoria-de-ayudas-para-el-programa-mudi-2023\/#primaryimage","inLanguage":"ca","url":"https:\/\/internacional.umh.es\/files\/2023\/07\/Publicaciones-Instagram-2.png","contentUrl":"https:\/\/internacional.umh.es\/files\/2023\/07\/Publicaciones-Instagram-2.png","width":1080,"height":1080,"caption":"Programa MUDI 2023 dise\u00f1o"},{"@type":"WebPage","@id":"https:\/\/internacional.umh.es\/ca\/2023\/07\/11\/se-publica-la-convocatoria-de-ayudas-para-el-programa-mudi-2023\/#webpage","url":"https:\/\/internacional.umh.es\/ca\/2023\/07\/11\/se-publica-la-convocatoria-de-ayudas-para-el-programa-mudi-2023\/","name":"Es publica la convocat\u00f2ria d'ajudes per al Programa MUDI 2023 - Internacionalitzaci\u00f3 i Cooperaci\u00f3","isPartOf":{"@id":"https:\/\/internacional.umh.es\/en\/#website"},"primaryImageOfPage":{"@id":"https:\/\/internacional.umh.es\/ca\/2023\/07\/11\/se-publica-la-convocatoria-de-ayudas-para-el-programa-mudi-2023\/#primaryimage"},"datePublished":"2023-07-11T09:42:00+00:00","dateModified":"2024-05-31T08:31:12+00:00","author":{"@id":"https:\/\/internacional.umh.es\/en\/#\/schema\/person\/fd81c4b213566f3add82d0f214928dfa"},"description":"El Vicerrectorado Internacionalizaci\u00f3n y Cooperaci\u00f3n UMH publica el programa de movilidad internacional DESTINO: programa MUDI (China) 2023","breadcrumb":{"@id":"https:\/\/internacional.umh.es\/ca\/2023\/07\/11\/se-publica-la-convocatoria-de-ayudas-para-el-programa-mudi-2023\/#breadcrumb"},"inLanguage":"ca","potentialAction":[{"@type":"ReadAction","target":["https:\/\/internacional.umh.es\/ca\/2023\/07\/11\/se-publica-la-convocatoria-de-ayudas-para-el-programa-mudi-2023\/"]}]},{"@type":"BreadcrumbList","@id":"https:\/\/internacional.umh.es\/ca\/2023\/07\/11\/se-publica-la-convocatoria-de-ayudas-para-el-programa-mudi-2023\/#breadcrumb","itemListElement":[{"@type":"ListItem","position":1,"name":"Home","item":"https:\/\/internacional.umh.es\/en\/"},{"@type":"ListItem","position":2,"name":"Es publica la convocat\u00f2ria d&#8217;ajudes per al Programa MUDI 2023"}]},{"@type":"Person","@id":"https:\/\/internacional.umh.es\/en\/#\/schema\/person\/fd81c4b213566f3add82d0f214928dfa","name":"l.sempere","image":{"@type":"ImageObject","@id":"https:\/\/internacional.umh.es\/en\/#personlogo","inLanguage":"ca","url":"https:\/\/secure.gravatar.com\/avatar\/1f9861c855fb90ab758094a71cf6e565?s=96&d=mm&r=g","contentUrl":"https:\/\/secure.gravatar.com\/avatar\/1f9861c855fb90ab758094a71cf6e565?s=96&d=mm&r=g","caption":"l.sempere"},"url":"https:\/\/internacional.umh.es\/ca\/author\/l-sempere\/"}]}},"_links":{"self":[{"href":"https:\/\/internacional.umh.es\/ca\/wp-json\/wp\/v2\/posts\/31493"}],"collection":[{"href":"https:\/\/internacional.umh.es\/ca\/wp-json\/wp\/v2\/posts"}],"about":[{"href":"https:\/\/internacional.umh.es\/ca\/wp-json\/wp\/v2\/types\/post"}],"author":[{"embeddable":true,"href":"https:\/\/internacional.umh.es\/ca\/wp-json\/wp\/v2\/users\/6508"}],"replies":[{"embeddable":true,"href":"https:\/\/internacional.umh.es\/ca\/wp-json\/wp\/v2\/comments?post=31493"}],"version-history":[{"count":0,"href":"https:\/\/internacional.umh.es\/ca\/wp-json\/wp\/v2\/posts\/31493\/revisions"}],"wp:attachment":[{"href":"https:\/\/internacional.umh.es\/ca\/wp-json\/wp\/v2\/media?parent=31493"}],"wp:term":[{"taxonomy":"category","embeddable":true,"href":"https:\/\/internacional.umh.es\/ca\/wp-json\/wp\/v2\/categories?post=31493"},{"taxonomy":"post_tag","embeddable":true,"href":"https:\/\/internacional.umh.es\/ca\/wp-json\/wp\/v2\/tags?post=31493"}],"curies":[{"name":"wp","href":"https:\/\/api.w.org\/{rel}","templated":true}]}}