{"id":42797,"date":"2026-02-11T09:25:49","date_gmt":"2026-02-11T08:25:49","guid":{"rendered":"https:\/\/internacional.umh.es\/?p=42797"},"modified":"2026-02-11T10:17:17","modified_gmt":"2026-02-11T09:17:17","slug":"consulta-el-listado-provisional-de-solicitudes-admitidas-y-excluidas-de-la-2a-convocatoria-del-erasmus-para-ptgas","status":"publish","type":"post","link":"https:\/\/internacional.umh.es\/ca\/2026\/02\/11\/consulta-el-listado-provisional-de-solicitudes-admitidas-y-excluidas-de-la-2a-convocatoria-del-erasmus-para-ptgas\/","title":{"rendered":"Consulta el llistat provisional de sol\u00b7licituds admeses i excloses\u00a0de la 2a convocat\u00f2ria de l&#8217;Erasmus+\u00a0per a PTGAS"},"content":{"rendered":"<p><a href=\"https:\/\/internacional.umh.es\/files\/2026\/02\/Plantillas-Puiblicaciones-convocatorias-22.png\"><img loading=\"lazy\" class=\"size-medium wp-image-42800 alignleft\" src=\"https:\/\/internacional.umh.es\/files\/2026\/02\/Plantillas-Puiblicaciones-convocatorias-22-240x300.png\" alt=\"\" width=\"240\" height=\"300\" srcset=\"https:\/\/internacional.umh.es\/files\/2026\/02\/Plantillas-Puiblicaciones-convocatorias-22-240x300.png 240w, https:\/\/internacional.umh.es\/files\/2026\/02\/Plantillas-Puiblicaciones-convocatorias-22-819x1024.png 819w, https:\/\/internacional.umh.es\/files\/2026\/02\/Plantillas-Puiblicaciones-convocatorias-22-768x960.png 768w, https:\/\/internacional.umh.es\/files\/2026\/02\/Plantillas-Puiblicaciones-convocatorias-22.png 1080w\" sizes=\"(max-width: 240px) 100vw, 240px\" \/><\/a>El Vicerectorat d&#8217;Internacionalitzaci\u00f3 i Cooperaci\u00f3 de la Universitat Miguel Hern\u00e1ndez (UMH) d&#8217;Elx publica&nbsp;el&nbsp;llistat provisional de sol\u00b7licituds admeses i excloses&nbsp;de la 2a convocat\u00f2ria del programa&nbsp; de mobilitat Erasmus+ per a personal t\u00e8cnic, de gesti\u00f3 i d&#8217;administraci\u00f3 i servicis del curs acad\u00e8mic 2025\/2026.<\/p>\n<p>El termini per a esmenar o presentar una al\u00b7legaci\u00f3 ser\u00e0 de l&#8217;11 al 24 de febrer de 2026.<\/p>\n<p><a href=\"https:\/\/internacional.umh.es\/movilidad\/pas\/erasmus\/\" target=\"_blank\" rel=\"noopener\">M\u00e9s informaci\u00f3 ac\u00ed.&nbsp;<\/a><\/p>","protected":false},"excerpt":{"rendered":"<p>El Vicerectorat d&#8217;Internacionalitzaci\u00f3 i Cooperaci\u00f3 de la Universitat Miguel Hern\u00e1ndez (UMH) d&#8217;Elx publica&nbsp;el&nbsp;llistat provisional de sol\u00b7licituds admeses i excloses&nbsp;de la 2a convocat\u00f2ria del programa&nbsp; de mobilitat Erasmus+ per a personal t\u00e8cnic, de gesti\u00f3 i d&#8217;administraci\u00f3 i servicis del curs acad\u00e8mic 2025\/2026.<br \/>\nEl termini per a esmenar o presentar una al\u00b7legaci\u00f3 ser\u00e0 de l&#8217;11 al 24 de [&#8230;]<\/p>\n","protected":false},"author":16862,"featured_media":0,"comment_status":"closed","ping_status":"closed","sticky":false,"template":"","format":"standard","meta":{"ngg_post_thumbnail":0,"_links_to":"","_links_to_target":""},"categories":[1456016],"tags":[],"yoast_head":"<!-- This site is optimized with the Yoast SEO plugin v17.5 - https:\/\/yoast.com\/wordpress\/plugins\/seo\/ -->\n<meta name=\"robots\" content=\"index, follow, max-snippet:-1, max-image-preview:large, max-video-preview:-1\" \/>\n<link rel=\"canonical\" href=\"https:\/\/internacional.umh.es\/ca\/2026\/02\/11\/consulta-el-listado-provisional-de-solicitudes-admitidas-y-excluidas-de-la-2a-convocatoria-del-erasmus-para-ptgas\/\" \/>\n<meta property=\"og:locale\" content=\"ca_ES\" \/>\n<meta property=\"og:type\" content=\"article\" \/>\n<meta property=\"og:title\" content=\"Consulta el llistat provisional de sol\u00b7licituds admeses i excloses\u00a0de la 2a convocat\u00f2ria de l&#039;Erasmus+\u00a0per a PTGAS - Internacionalitzaci\u00f3 i Cooperaci\u00f3\" \/>\n<meta property=\"og:description\" content=\"El Vicerectorat d&#8217;Internacionalitzaci\u00f3 i Cooperaci\u00f3 de la Universitat Miguel Hern\u00e1ndez (UMH) d&#8217;Elx publica&nbsp;el&nbsp;llistat provisional de sol\u00b7licituds admeses i excloses&nbsp;de la 2a convocat\u00f2ria del programa&nbsp; de mobilitat Erasmus+ per a personal t\u00e8cnic, de gesti\u00f3 i d&#8217;administraci\u00f3 i servicis del curs acad\u00e8mic 2025\/2026. El termini per a esmenar o presentar una al\u00b7legaci\u00f3 ser\u00e0 de l&#8217;11 al 24 de [...]\" \/>\n<meta property=\"og:url\" content=\"https:\/\/internacional.umh.es\/2026\/02\/11\/consulta-el-listado-provisional-de-solicitudes-admitidas-y-excluidas-de-la-2a-convocatoria-del-erasmus-para-ptgas\/\" \/>\n<meta property=\"og:site_name\" content=\"Internacionalitzaci\u00f3 i Cooperaci\u00f3\" \/>\n<meta property=\"article:published_time\" content=\"2026-02-11T08:25:49+00:00\" \/>\n<meta property=\"article:modified_time\" content=\"2026-02-11T09:17:17+00:00\" \/>\n<meta property=\"og:image\" content=\"https:\/\/internacional.umh.es\/files\/2026\/02\/Plantillas-Puiblicaciones-convocatorias-22-240x300.png\" \/>\n<meta name=\"twitter:card\" content=\"summary_large_image\" \/>\n<meta name=\"twitter:label1\" content=\"Written by\" \/>\n\t<meta name=\"twitter:data1\" content=\"psaez\" \/>\n\t<meta name=\"twitter:label2\" content=\"Est. reading time\" \/>\n\t<meta name=\"twitter:data2\" content=\"1 minut\" \/>\n<script type=\"application\/ld+json\" class=\"yoast-schema-graph\">{\"@context\":\"https:\/\/schema.org\",\"@graph\":[{\"@type\":\"WebSite\",\"@id\":\"https:\/\/internacional.umh.es\/en\/#website\",\"url\":\"https:\/\/internacional.umh.es\/en\/\",\"name\":\"Internacionalitzaci\\u00f3 i Cooperaci\\u00f3\",\"description\":\"Universitat Miguel Hern\\u00e1ndez d&#039;Elx\",\"potentialAction\":[{\"@type\":\"SearchAction\",\"target\":{\"@type\":\"EntryPoint\",\"urlTemplate\":\"https:\/\/internacional.umh.es\/en\/?s={search_term_string}\"},\"query-input\":\"required name=search_term_string\"}],\"inLanguage\":\"ca\"},{\"@type\":\"ImageObject\",\"@id\":\"https:\/\/internacional.umh.es\/2026\/02\/11\/consulta-el-listado-provisional-de-solicitudes-admitidas-y-excluidas-de-la-2a-convocatoria-del-erasmus-para-ptgas\/#primaryimage\",\"inLanguage\":\"ca\",\"url\":\"https:\/\/internacional.umh.es\/files\/2026\/02\/Plantillas-Puiblicaciones-convocatorias-22.png\",\"contentUrl\":\"https:\/\/internacional.umh.es\/files\/2026\/02\/Plantillas-Puiblicaciones-convocatorias-22.png\",\"width\":1080,\"height\":1350},{\"@type\":\"WebPage\",\"@id\":\"https:\/\/internacional.umh.es\/2026\/02\/11\/consulta-el-listado-provisional-de-solicitudes-admitidas-y-excluidas-de-la-2a-convocatoria-del-erasmus-para-ptgas\/#webpage\",\"url\":\"https:\/\/internacional.umh.es\/2026\/02\/11\/consulta-el-listado-provisional-de-solicitudes-admitidas-y-excluidas-de-la-2a-convocatoria-del-erasmus-para-ptgas\/\",\"name\":\"Consulta el llistat provisional de sol\\u00b7licituds admeses i excloses\\u00a0de la 2a convocat\\u00f2ria de l'Erasmus+\\u00a0per a PTGAS - Internacionalitzaci\\u00f3 i Cooperaci\\u00f3\",\"isPartOf\":{\"@id\":\"https:\/\/internacional.umh.es\/en\/#website\"},\"primaryImageOfPage\":{\"@id\":\"https:\/\/internacional.umh.es\/2026\/02\/11\/consulta-el-listado-provisional-de-solicitudes-admitidas-y-excluidas-de-la-2a-convocatoria-del-erasmus-para-ptgas\/#primaryimage\"},\"datePublished\":\"2026-02-11T08:25:49+00:00\",\"dateModified\":\"2026-02-11T09:17:17+00:00\",\"author\":{\"@id\":\"https:\/\/internacional.umh.es\/en\/#\/schema\/person\/13afd9dc9521f4af66b6dcf91f09d96d\"},\"breadcrumb\":{\"@id\":\"https:\/\/internacional.umh.es\/2026\/02\/11\/consulta-el-listado-provisional-de-solicitudes-admitidas-y-excluidas-de-la-2a-convocatoria-del-erasmus-para-ptgas\/#breadcrumb\"},\"inLanguage\":\"ca\",\"potentialAction\":[{\"@type\":\"ReadAction\",\"target\":[\"https:\/\/internacional.umh.es\/2026\/02\/11\/consulta-el-listado-provisional-de-solicitudes-admitidas-y-excluidas-de-la-2a-convocatoria-del-erasmus-para-ptgas\/\"]}]},{\"@type\":\"BreadcrumbList\",\"@id\":\"https:\/\/internacional.umh.es\/2026\/02\/11\/consulta-el-listado-provisional-de-solicitudes-admitidas-y-excluidas-de-la-2a-convocatoria-del-erasmus-para-ptgas\/#breadcrumb\",\"itemListElement\":[{\"@type\":\"ListItem\",\"position\":1,\"name\":\"Home\",\"item\":\"https:\/\/internacional.umh.es\/en\/\"},{\"@type\":\"ListItem\",\"position\":2,\"name\":\"Consulta el listado provisional de solicitudes admitidas y excluidas\\u00a0de la 2\\u00aa convocatoria del\\u00a0Erasmus+ para PTGAS\"}]},{\"@type\":\"Person\",\"@id\":\"https:\/\/internacional.umh.es\/en\/#\/schema\/person\/13afd9dc9521f4af66b6dcf91f09d96d\",\"name\":\"psaez\",\"image\":{\"@type\":\"ImageObject\",\"@id\":\"https:\/\/internacional.umh.es\/en\/#personlogo\",\"inLanguage\":\"ca\",\"url\":\"https:\/\/secure.gravatar.com\/avatar\/166fc26028919e27154cc313e27e7a45?s=96&d=mm&r=g\",\"contentUrl\":\"https:\/\/secure.gravatar.com\/avatar\/166fc26028919e27154cc313e27e7a45?s=96&d=mm&r=g\",\"caption\":\"psaez\"},\"url\":\"https:\/\/internacional.umh.es\/ca\/author\/psaez\/\"}]}<\/script>\n<!-- \/ Yoast SEO plugin. -->","yoast_head_json":{"robots":{"index":"index","follow":"follow","max-snippet":"max-snippet:-1","max-image-preview":"max-image-preview:large","max-video-preview":"max-video-preview:-1"},"canonical":"https:\/\/internacional.umh.es\/ca\/2026\/02\/11\/consulta-el-listado-provisional-de-solicitudes-admitidas-y-excluidas-de-la-2a-convocatoria-del-erasmus-para-ptgas\/","og_locale":"ca_ES","og_type":"article","og_title":"Consulta el llistat provisional de sol\u00b7licituds admeses i excloses\u00a0de la 2a convocat\u00f2ria de l'Erasmus+\u00a0per a PTGAS - Internacionalitzaci\u00f3 i Cooperaci\u00f3","og_description":"El Vicerectorat d&#8217;Internacionalitzaci\u00f3 i Cooperaci\u00f3 de la Universitat Miguel Hern\u00e1ndez (UMH) d&#8217;Elx publica&nbsp;el&nbsp;llistat provisional de sol\u00b7licituds admeses i excloses&nbsp;de la 2a convocat\u00f2ria del programa&nbsp; de mobilitat Erasmus+ per a personal t\u00e8cnic, de gesti\u00f3 i d&#8217;administraci\u00f3 i servicis del curs acad\u00e8mic 2025\/2026. El termini per a esmenar o presentar una al\u00b7legaci\u00f3 ser\u00e0 de l&#8217;11 al 24 de [...]","og_url":"https:\/\/internacional.umh.es\/2026\/02\/11\/consulta-el-listado-provisional-de-solicitudes-admitidas-y-excluidas-de-la-2a-convocatoria-del-erasmus-para-ptgas\/","og_site_name":"Internacionalitzaci\u00f3 i Cooperaci\u00f3","article_published_time":"2026-02-11T08:25:49+00:00","article_modified_time":"2026-02-11T09:17:17+00:00","og_image":[{"url":"https:\/\/internacional.umh.es\/files\/2026\/02\/Plantillas-Puiblicaciones-convocatorias-22-240x300.png"}],"twitter_card":"summary_large_image","twitter_misc":{"Written by":"psaez","Est. reading time":"1 minut"},"schema":{"@context":"https:\/\/schema.org","@graph":[{"@type":"WebSite","@id":"https:\/\/internacional.umh.es\/en\/#website","url":"https:\/\/internacional.umh.es\/en\/","name":"Internacionalitzaci\u00f3 i Cooperaci\u00f3","description":"Universitat Miguel Hern\u00e1ndez d&#039;Elx","potentialAction":[{"@type":"SearchAction","target":{"@type":"EntryPoint","urlTemplate":"https:\/\/internacional.umh.es\/en\/?s={search_term_string}"},"query-input":"required name=search_term_string"}],"inLanguage":"ca"},{"@type":"ImageObject","@id":"https:\/\/internacional.umh.es\/2026\/02\/11\/consulta-el-listado-provisional-de-solicitudes-admitidas-y-excluidas-de-la-2a-convocatoria-del-erasmus-para-ptgas\/#primaryimage","inLanguage":"ca","url":"https:\/\/internacional.umh.es\/files\/2026\/02\/Plantillas-Puiblicaciones-convocatorias-22.png","contentUrl":"https:\/\/internacional.umh.es\/files\/2026\/02\/Plantillas-Puiblicaciones-convocatorias-22.png","width":1080,"height":1350},{"@type":"WebPage","@id":"https:\/\/internacional.umh.es\/2026\/02\/11\/consulta-el-listado-provisional-de-solicitudes-admitidas-y-excluidas-de-la-2a-convocatoria-del-erasmus-para-ptgas\/#webpage","url":"https:\/\/internacional.umh.es\/2026\/02\/11\/consulta-el-listado-provisional-de-solicitudes-admitidas-y-excluidas-de-la-2a-convocatoria-del-erasmus-para-ptgas\/","name":"Consulta el llistat provisional de sol\u00b7licituds admeses i excloses\u00a0de la 2a convocat\u00f2ria de l'Erasmus+\u00a0per a PTGAS - Internacionalitzaci\u00f3 i Cooperaci\u00f3","isPartOf":{"@id":"https:\/\/internacional.umh.es\/en\/#website"},"primaryImageOfPage":{"@id":"https:\/\/internacional.umh.es\/2026\/02\/11\/consulta-el-listado-provisional-de-solicitudes-admitidas-y-excluidas-de-la-2a-convocatoria-del-erasmus-para-ptgas\/#primaryimage"},"datePublished":"2026-02-11T08:25:49+00:00","dateModified":"2026-02-11T09:17:17+00:00","author":{"@id":"https:\/\/internacional.umh.es\/en\/#\/schema\/person\/13afd9dc9521f4af66b6dcf91f09d96d"},"breadcrumb":{"@id":"https:\/\/internacional.umh.es\/2026\/02\/11\/consulta-el-listado-provisional-de-solicitudes-admitidas-y-excluidas-de-la-2a-convocatoria-del-erasmus-para-ptgas\/#breadcrumb"},"inLanguage":"ca","potentialAction":[{"@type":"ReadAction","target":["https:\/\/internacional.umh.es\/2026\/02\/11\/consulta-el-listado-provisional-de-solicitudes-admitidas-y-excluidas-de-la-2a-convocatoria-del-erasmus-para-ptgas\/"]}]},{"@type":"BreadcrumbList","@id":"https:\/\/internacional.umh.es\/2026\/02\/11\/consulta-el-listado-provisional-de-solicitudes-admitidas-y-excluidas-de-la-2a-convocatoria-del-erasmus-para-ptgas\/#breadcrumb","itemListElement":[{"@type":"ListItem","position":1,"name":"Home","item":"https:\/\/internacional.umh.es\/en\/"},{"@type":"ListItem","position":2,"name":"Consulta el listado provisional de solicitudes admitidas y excluidas\u00a0de la 2\u00aa convocatoria del\u00a0Erasmus+ para PTGAS"}]},{"@type":"Person","@id":"https:\/\/internacional.umh.es\/en\/#\/schema\/person\/13afd9dc9521f4af66b6dcf91f09d96d","name":"psaez","image":{"@type":"ImageObject","@id":"https:\/\/internacional.umh.es\/en\/#personlogo","inLanguage":"ca","url":"https:\/\/secure.gravatar.com\/avatar\/166fc26028919e27154cc313e27e7a45?s=96&d=mm&r=g","contentUrl":"https:\/\/secure.gravatar.com\/avatar\/166fc26028919e27154cc313e27e7a45?s=96&d=mm&r=g","caption":"psaez"},"url":"https:\/\/internacional.umh.es\/ca\/author\/psaez\/"}]}},"_links":{"self":[{"href":"https:\/\/internacional.umh.es\/ca\/wp-json\/wp\/v2\/posts\/42797"}],"collection":[{"href":"https:\/\/internacional.umh.es\/ca\/wp-json\/wp\/v2\/posts"}],"about":[{"href":"https:\/\/internacional.umh.es\/ca\/wp-json\/wp\/v2\/types\/post"}],"author":[{"embeddable":true,"href":"https:\/\/internacional.umh.es\/ca\/wp-json\/wp\/v2\/users\/16862"}],"replies":[{"embeddable":true,"href":"https:\/\/internacional.umh.es\/ca\/wp-json\/wp\/v2\/comments?post=42797"}],"version-history":[{"count":0,"href":"https:\/\/internacional.umh.es\/ca\/wp-json\/wp\/v2\/posts\/42797\/revisions"}],"wp:attachment":[{"href":"https:\/\/internacional.umh.es\/ca\/wp-json\/wp\/v2\/media?parent=42797"}],"wp:term":[{"taxonomy":"category","embeddable":true,"href":"https:\/\/internacional.umh.es\/ca\/wp-json\/wp\/v2\/categories?post=42797"},{"taxonomy":"post_tag","embeddable":true,"href":"https:\/\/internacional.umh.es\/ca\/wp-json\/wp\/v2\/tags?post=42797"}],"curies":[{"name":"wp","href":"https:\/\/api.w.org\/{rel}","templated":true}]}}