{"id":8000,"date":"2018-10-25T10:44:48","date_gmt":"2018-10-25T08:44:48","guid":{"rendered":"https:\/\/internacional.umh.es\/?p=8000"},"modified":"2019-12-18T16:41:25","modified_gmt":"2019-12-18T15:41:25","slug":"la-umh-participa-en-las-jornadas-crue-sostenibilidad-sobre-transicion-ecologica-en-el-marco-de-la-agenda-2030","status":"publish","type":"post","link":"https:\/\/internacional.umh.es\/ca\/2018\/10\/25\/la-umh-participa-en-las-jornadas-crue-sostenibilidad-sobre-transicion-ecologica-en-el-marco-de-la-agenda-2030\/","title":{"rendered":"<span lang=\"es\">(Espa\u00f1ol) LA UMH PARTICIPA EN LAS JORNADAS CRUE-SOSTENIBILIDAD SOBRE TRANSICI\u00d3N ECOL\u00d3GICA EN EL MARCO DE LA AGENDA 2030<\/span>"},"content":{"rendered":"<p class=\"qtranxs-available-languages-message qtranxs-available-languages-message-ca\">Ho sent, per\u00f2 aquesta entrada nom\u00e9s est\u00e0 disponible en <a href=\"https:\/\/internacional.umh.es\/es\/wp-json\/wp\/v2\/posts\/8000\" class=\"qtranxs-available-language-link qtranxs-available-language-link-es\" title=\"Espa\u00f1ol\">Espanyol Europeu<\/a> i <a href=\"https:\/\/internacional.umh.es\/en\/wp-json\/wp\/v2\/posts\/8000\" class=\"qtranxs-available-language-link qtranxs-available-language-link-en\" title=\"English\">Angl\u00e8s Americ\u00e0<\/a>.<\/p>","protected":false},"excerpt":{"rendered":"<p>Ho sent, per\u00f2 aquesta entrada nom\u00e9s est\u00e0 disponible en Espanyol Europeu i Angl\u00e8s Americ\u00e0.<\/p>\n","protected":false},"author":4274,"featured_media":0,"comment_status":"closed","ping_status":"closed","sticky":false,"template":"","format":"standard","meta":{"ngg_post_thumbnail":0,"_links_to":"","_links_to_target":""},"categories":[283],"tags":[53459,53588,286596],"yoast_head":"<!-- This site is optimized with the Yoast SEO plugin v17.5 - https:\/\/yoast.com\/wordpress\/plugins\/seo\/ -->\n<meta name=\"robots\" content=\"index, follow, max-snippet:-1, max-image-preview:large, max-video-preview:-1\" \/>\n<link rel=\"canonical\" href=\"https:\/\/internacional.umh.es\/ca\/2018\/10\/25\/la-umh-participa-en-las-jornadas-crue-sostenibilidad-sobre-transicion-ecologica-en-el-marco-de-la-agenda-2030\/\" \/>\n<meta property=\"og:locale\" content=\"ca_ES\" \/>\n<meta property=\"og:type\" content=\"article\" \/>\n<meta property=\"og:title\" content=\"LA UMH PARTICIPA EN LAS JORNADAS CRUE-SOSTENIBILIDAD SOBRE TRANSICI\u00d3N ECOL\u00d3GICA EN EL MARCO DE LA AGENDA 2030UMH PARTICIPATES IN CRUE SUSTAINABILITY WORKSHOPS ON SOCIO-ECOLOGICAL TRANSITION IN THE UN 2030 AGENDA - Internacionalitzaci\u00f3 i Cooperaci\u00f3\" \/>\n<meta property=\"og:description\" content=\"Ho sent, per\u00f2 aquesta entrada nom\u00e9s est\u00e0 disponible en Espanyol Europeu i Angl\u00e8s Americ\u00e0.\" \/>\n<meta property=\"og:url\" content=\"https:\/\/internacional.umh.es\/en\/2018\/10\/25\/la-umh-participa-en-las-jornadas-crue-sostenibilidad-sobre-transicion-ecologica-en-el-marco-de-la-agenda-2030\/\" \/>\n<meta property=\"og:site_name\" content=\"Internacionalitzaci\u00f3 i Cooperaci\u00f3\" \/>\n<meta property=\"article:published_time\" content=\"2018-10-25T08:44:48+00:00\" \/>\n<meta property=\"article:modified_time\" content=\"2019-12-18T15:41:25+00:00\" \/>\n<meta property=\"og:image\" content=\"https:\/\/internacional.umh.es\/files\/2018\/10\/2018.10.05-Pleno-Sostenibiidad-01-web.jpg\" \/>\n<meta name=\"twitter:card\" content=\"summary_large_image\" \/>\n<meta name=\"twitter:label1\" content=\"Written by\" \/>\n\t<meta name=\"twitter:data1\" content=\"emoreno\" \/>\n\t<meta name=\"twitter:label2\" content=\"Est. reading time\" \/>\n\t<meta name=\"twitter:data2\" content=\"1 minut\" \/>\n<script type=\"application\/ld+json\" class=\"yoast-schema-graph\">{\"@context\":\"https:\/\/schema.org\",\"@graph\":[{\"@type\":\"WebSite\",\"@id\":\"https:\/\/internacional.umh.es\/en\/#website\",\"url\":\"https:\/\/internacional.umh.es\/en\/\",\"name\":\"Internacionalitzaci\\u00f3 i Cooperaci\\u00f3\",\"description\":\"Universitat Miguel Hern\\u00e1ndez d&#039;Elx\",\"potentialAction\":[{\"@type\":\"SearchAction\",\"target\":{\"@type\":\"EntryPoint\",\"urlTemplate\":\"https:\/\/internacional.umh.es\/en\/?s={search_term_string}\"},\"query-input\":\"required name=search_term_string\"}],\"inLanguage\":\"ca\"},{\"@type\":\"ImageObject\",\"@id\":\"https:\/\/internacional.umh.es\/en\/2018\/10\/25\/la-umh-participa-en-las-jornadas-crue-sostenibilidad-sobre-transicion-ecologica-en-el-marco-de-la-agenda-2030\/#primaryimage\",\"inLanguage\":\"ca\",\"url\":\"https:\/\/internacional.umh.es\/files\/2018\/10\/2018.10.05-Pleno-Sostenibiidad-01-web.jpg\",\"contentUrl\":\"https:\/\/internacional.umh.es\/files\/2018\/10\/2018.10.05-Pleno-Sostenibiidad-01-web.jpg\",\"width\":1000,\"height\":800},{\"@type\":\"WebPage\",\"@id\":\"https:\/\/internacional.umh.es\/en\/2018\/10\/25\/la-umh-participa-en-las-jornadas-crue-sostenibilidad-sobre-transicion-ecologica-en-el-marco-de-la-agenda-2030\/#webpage\",\"url\":\"https:\/\/internacional.umh.es\/en\/2018\/10\/25\/la-umh-participa-en-las-jornadas-crue-sostenibilidad-sobre-transicion-ecologica-en-el-marco-de-la-agenda-2030\/\",\"name\":\"LA UMH PARTICIPA EN LAS JORNADAS CRUE-SOSTENIBILIDAD SOBRE TRANSICI\\u00d3N ECOL\\u00d3GICA EN EL MARCO DE LA AGENDA 2030UMH PARTICIPATES IN CRUE SUSTAINABILITY WORKSHOPS ON SOCIO-ECOLOGICAL TRANSITION IN THE UN 2030 AGENDA - Internacionalitzaci\\u00f3 i Cooperaci\\u00f3\",\"isPartOf\":{\"@id\":\"https:\/\/internacional.umh.es\/en\/#website\"},\"primaryImageOfPage\":{\"@id\":\"https:\/\/internacional.umh.es\/en\/2018\/10\/25\/la-umh-participa-en-las-jornadas-crue-sostenibilidad-sobre-transicion-ecologica-en-el-marco-de-la-agenda-2030\/#primaryimage\"},\"datePublished\":\"2018-10-25T08:44:48+00:00\",\"dateModified\":\"2019-12-18T15:41:25+00:00\",\"author\":{\"@id\":\"https:\/\/internacional.umh.es\/en\/#\/schema\/person\/0e6db5a45fc02a9f27d66dd22bddd06e\"},\"breadcrumb\":{\"@id\":\"https:\/\/internacional.umh.es\/en\/2018\/10\/25\/la-umh-participa-en-las-jornadas-crue-sostenibilidad-sobre-transicion-ecologica-en-el-marco-de-la-agenda-2030\/#breadcrumb\"},\"inLanguage\":\"ca\",\"potentialAction\":[{\"@type\":\"ReadAction\",\"target\":[\"https:\/\/internacional.umh.es\/en\/2018\/10\/25\/la-umh-participa-en-las-jornadas-crue-sostenibilidad-sobre-transicion-ecologica-en-el-marco-de-la-agenda-2030\/\"]}]},{\"@type\":\"BreadcrumbList\",\"@id\":\"https:\/\/internacional.umh.es\/en\/2018\/10\/25\/la-umh-participa-en-las-jornadas-crue-sostenibilidad-sobre-transicion-ecologica-en-el-marco-de-la-agenda-2030\/#breadcrumb\",\"itemListElement\":[{\"@type\":\"ListItem\",\"position\":1,\"name\":\"Home\",\"item\":\"https:\/\/internacional.umh.es\/en\/\"},{\"@type\":\"ListItem\",\"position\":2,\"name\":\"UMH PARTICIPATES IN CRUE SUSTAINABILITY WORKSHOPS ON SOCIO-ECOLOGICAL TRANSITION IN THE UN 2030 AGENDA\"}]},{\"@type\":\"Person\",\"@id\":\"https:\/\/internacional.umh.es\/en\/#\/schema\/person\/0e6db5a45fc02a9f27d66dd22bddd06e\",\"name\":\"emoreno\",\"image\":{\"@type\":\"ImageObject\",\"@id\":\"https:\/\/internacional.umh.es\/en\/#personlogo\",\"inLanguage\":\"ca\",\"url\":\"https:\/\/secure.gravatar.com\/avatar\/0536aabb31c3dafcce408c4d467653b9?s=96&d=mm&r=g\",\"contentUrl\":\"https:\/\/secure.gravatar.com\/avatar\/0536aabb31c3dafcce408c4d467653b9?s=96&d=mm&r=g\",\"caption\":\"emoreno\"},\"url\":\"https:\/\/internacional.umh.es\/ca\/author\/emoreno\/\"}]}<\/script>\n<!-- \/ Yoast SEO plugin. -->","yoast_head_json":{"robots":{"index":"index","follow":"follow","max-snippet":"max-snippet:-1","max-image-preview":"max-image-preview:large","max-video-preview":"max-video-preview:-1"},"canonical":"https:\/\/internacional.umh.es\/ca\/2018\/10\/25\/la-umh-participa-en-las-jornadas-crue-sostenibilidad-sobre-transicion-ecologica-en-el-marco-de-la-agenda-2030\/","og_locale":"ca_ES","og_type":"article","og_title":"LA UMH PARTICIPA EN LAS JORNADAS CRUE-SOSTENIBILIDAD SOBRE TRANSICI\u00d3N ECOL\u00d3GICA EN EL MARCO DE LA AGENDA 2030UMH PARTICIPATES IN CRUE SUSTAINABILITY WORKSHOPS ON SOCIO-ECOLOGICAL TRANSITION IN THE UN 2030 AGENDA - Internacionalitzaci\u00f3 i Cooperaci\u00f3","og_description":"Ho sent, per\u00f2 aquesta entrada nom\u00e9s est\u00e0 disponible en Espanyol Europeu i Angl\u00e8s Americ\u00e0.","og_url":"https:\/\/internacional.umh.es\/en\/2018\/10\/25\/la-umh-participa-en-las-jornadas-crue-sostenibilidad-sobre-transicion-ecologica-en-el-marco-de-la-agenda-2030\/","og_site_name":"Internacionalitzaci\u00f3 i Cooperaci\u00f3","article_published_time":"2018-10-25T08:44:48+00:00","article_modified_time":"2019-12-18T15:41:25+00:00","og_image":[{"url":"https:\/\/internacional.umh.es\/files\/2018\/10\/2018.10.05-Pleno-Sostenibiidad-01-web.jpg"}],"twitter_card":"summary_large_image","twitter_misc":{"Written by":"emoreno","Est. reading time":"1 minut"},"schema":{"@context":"https:\/\/schema.org","@graph":[{"@type":"WebSite","@id":"https:\/\/internacional.umh.es\/en\/#website","url":"https:\/\/internacional.umh.es\/en\/","name":"Internacionalitzaci\u00f3 i Cooperaci\u00f3","description":"Universitat Miguel Hern\u00e1ndez d&#039;Elx","potentialAction":[{"@type":"SearchAction","target":{"@type":"EntryPoint","urlTemplate":"https:\/\/internacional.umh.es\/en\/?s={search_term_string}"},"query-input":"required name=search_term_string"}],"inLanguage":"ca"},{"@type":"ImageObject","@id":"https:\/\/internacional.umh.es\/en\/2018\/10\/25\/la-umh-participa-en-las-jornadas-crue-sostenibilidad-sobre-transicion-ecologica-en-el-marco-de-la-agenda-2030\/#primaryimage","inLanguage":"ca","url":"https:\/\/internacional.umh.es\/files\/2018\/10\/2018.10.05-Pleno-Sostenibiidad-01-web.jpg","contentUrl":"https:\/\/internacional.umh.es\/files\/2018\/10\/2018.10.05-Pleno-Sostenibiidad-01-web.jpg","width":1000,"height":800},{"@type":"WebPage","@id":"https:\/\/internacional.umh.es\/en\/2018\/10\/25\/la-umh-participa-en-las-jornadas-crue-sostenibilidad-sobre-transicion-ecologica-en-el-marco-de-la-agenda-2030\/#webpage","url":"https:\/\/internacional.umh.es\/en\/2018\/10\/25\/la-umh-participa-en-las-jornadas-crue-sostenibilidad-sobre-transicion-ecologica-en-el-marco-de-la-agenda-2030\/","name":"LA UMH PARTICIPA EN LAS JORNADAS CRUE-SOSTENIBILIDAD SOBRE TRANSICI\u00d3N ECOL\u00d3GICA EN EL MARCO DE LA AGENDA 2030UMH PARTICIPATES IN CRUE SUSTAINABILITY WORKSHOPS ON SOCIO-ECOLOGICAL TRANSITION IN THE UN 2030 AGENDA - Internacionalitzaci\u00f3 i Cooperaci\u00f3","isPartOf":{"@id":"https:\/\/internacional.umh.es\/en\/#website"},"primaryImageOfPage":{"@id":"https:\/\/internacional.umh.es\/en\/2018\/10\/25\/la-umh-participa-en-las-jornadas-crue-sostenibilidad-sobre-transicion-ecologica-en-el-marco-de-la-agenda-2030\/#primaryimage"},"datePublished":"2018-10-25T08:44:48+00:00","dateModified":"2019-12-18T15:41:25+00:00","author":{"@id":"https:\/\/internacional.umh.es\/en\/#\/schema\/person\/0e6db5a45fc02a9f27d66dd22bddd06e"},"breadcrumb":{"@id":"https:\/\/internacional.umh.es\/en\/2018\/10\/25\/la-umh-participa-en-las-jornadas-crue-sostenibilidad-sobre-transicion-ecologica-en-el-marco-de-la-agenda-2030\/#breadcrumb"},"inLanguage":"ca","potentialAction":[{"@type":"ReadAction","target":["https:\/\/internacional.umh.es\/en\/2018\/10\/25\/la-umh-participa-en-las-jornadas-crue-sostenibilidad-sobre-transicion-ecologica-en-el-marco-de-la-agenda-2030\/"]}]},{"@type":"BreadcrumbList","@id":"https:\/\/internacional.umh.es\/en\/2018\/10\/25\/la-umh-participa-en-las-jornadas-crue-sostenibilidad-sobre-transicion-ecologica-en-el-marco-de-la-agenda-2030\/#breadcrumb","itemListElement":[{"@type":"ListItem","position":1,"name":"Home","item":"https:\/\/internacional.umh.es\/en\/"},{"@type":"ListItem","position":2,"name":"UMH PARTICIPATES IN CRUE SUSTAINABILITY WORKSHOPS ON SOCIO-ECOLOGICAL TRANSITION IN THE UN 2030 AGENDA"}]},{"@type":"Person","@id":"https:\/\/internacional.umh.es\/en\/#\/schema\/person\/0e6db5a45fc02a9f27d66dd22bddd06e","name":"emoreno","image":{"@type":"ImageObject","@id":"https:\/\/internacional.umh.es\/en\/#personlogo","inLanguage":"ca","url":"https:\/\/secure.gravatar.com\/avatar\/0536aabb31c3dafcce408c4d467653b9?s=96&d=mm&r=g","contentUrl":"https:\/\/secure.gravatar.com\/avatar\/0536aabb31c3dafcce408c4d467653b9?s=96&d=mm&r=g","caption":"emoreno"},"url":"https:\/\/internacional.umh.es\/ca\/author\/emoreno\/"}]}},"_links":{"self":[{"href":"https:\/\/internacional.umh.es\/ca\/wp-json\/wp\/v2\/posts\/8000"}],"collection":[{"href":"https:\/\/internacional.umh.es\/ca\/wp-json\/wp\/v2\/posts"}],"about":[{"href":"https:\/\/internacional.umh.es\/ca\/wp-json\/wp\/v2\/types\/post"}],"author":[{"embeddable":true,"href":"https:\/\/internacional.umh.es\/ca\/wp-json\/wp\/v2\/users\/4274"}],"replies":[{"embeddable":true,"href":"https:\/\/internacional.umh.es\/ca\/wp-json\/wp\/v2\/comments?post=8000"}],"version-history":[{"count":0,"href":"https:\/\/internacional.umh.es\/ca\/wp-json\/wp\/v2\/posts\/8000\/revisions"}],"wp:attachment":[{"href":"https:\/\/internacional.umh.es\/ca\/wp-json\/wp\/v2\/media?parent=8000"}],"wp:term":[{"taxonomy":"category","embeddable":true,"href":"https:\/\/internacional.umh.es\/ca\/wp-json\/wp\/v2\/categories?post=8000"},{"taxonomy":"post_tag","embeddable":true,"href":"https:\/\/internacional.umh.es\/ca\/wp-json\/wp\/v2\/tags?post=8000"}],"curies":[{"name":"wp","href":"https:\/\/api.w.org\/{rel}","templated":true}]}}