{"id":10802,"date":"2019-05-21T11:41:37","date_gmt":"2019-05-21T09:41:37","guid":{"rendered":"http:\/\/internacional.umh.es\/?p=10802"},"modified":"2020-06-30T11:47:25","modified_gmt":"2020-06-30T09:47:25","slug":"la-revista-global-umh-dedica-su-ultimo-numero-a-la-estrategia-de-internacionalizacion-de-la-universidad","status":"publish","type":"post","link":"https:\/\/internacional.umh.es\/en\/2019\/05\/21\/la-revista-global-umh-dedica-su-ultimo-numero-a-la-estrategia-de-internacionalizacion-de-la-universidad\/","title":{"rendered":"GLOBAL UMH MAGAZINE FEATURES UNIVERSITY INTERNATIONALIZATION STRATEGIES IN ITS LATEST ISSUE"},"content":{"rendered":"<p><\/p>\n<p style=\"text-align: justify\"><a href=\"https:\/\/internacional.umh.es\/files\/2019\/05\/qportada-global-umh.jpg\"><img loading=\"lazy\" class=\"wp-image-10805 alignleft\" src=\"https:\/\/internacional.umh.es\/files\/2019\/05\/qportada-global-umh.jpg\" alt=\"\" width=\"418\" height=\"295\" srcset=\"https:\/\/internacional.umh.es\/files\/2019\/05\/qportada-global-umh.jpg 2481w, https:\/\/internacional.umh.es\/files\/2019\/05\/qportada-global-umh-300x212.jpg 300w, https:\/\/internacional.umh.es\/files\/2019\/05\/qportada-global-umh-768x543.jpg 768w, https:\/\/internacional.umh.es\/files\/2019\/05\/qportada-global-umh-1024x724.jpg 1024w\" sizes=\"(max-width: 418px) 100vw, 418px\" \/><\/a>The Vice Rectorate for International Relations at the Miguel Hern\u00e1ndez University of Elche has published the fifth issue of <em>Global UMH<\/em> magazine, which, on this occasion, analyzes UMH internationalization strategies carried out by its Service of International Relations, Development Cooperation and Volunteerism. This issue also covers intercontinental expansion efforts by university units and other forms of international mobility.<\/p>\n<p style=\"text-align: justify\">This issue also offers testimonies by the protagonists of UMH mobility experiences and illustrates UMH development cooperation achievements, especially those by the UMH Headquarters in Rwanda Chair. Furthermore, <em>Global UMH<\/em> also pays tribute to the work carried out by the personnel at the UMH Service of International Relations, Development Cooperation and Volunteerism.<\/p>\n<p style=\"text-align: justify\">An electronic version of <em>Global UMH<\/em> is available at <a href=\"https:\/\/issuu.com\/globalumh\/docs\/global_umh_issuu\">https:\/\/issuu.com\/globalumh\/docs\/global_umh_issuu<\/a>.<\/p>\n<p><\/p>","protected":false},"excerpt":{"rendered":"<p>The Vice Rectorate for International Relations at the Miguel Hern\u00e1ndez University of Elche has published the fifth issue of Global UMH magazine, which, on this occasion, analyzes UMH internationalization strategies carried out by its Service of International Relations, Development Cooperation and Volunteerism. This issue also covers intercontinental expansion efforts by university units and other forms [&#8230;]<\/p>\n","protected":false},"author":4274,"featured_media":0,"comment_status":"closed","ping_status":"closed","sticky":false,"template":"","format":"standard","meta":{"ngg_post_thumbnail":0,"_links_to":"","_links_to_target":""},"categories":[283],"tags":[53468,860579,53495,400],"yoast_head":"<!-- This site is optimized with the Yoast SEO plugin v17.5 - https:\/\/yoast.com\/wordpress\/plugins\/seo\/ -->\n<meta name=\"robots\" content=\"index, follow, max-snippet:-1, max-image-preview:large, max-video-preview:-1\" \/>\n<link rel=\"canonical\" href=\"https:\/\/internacional.umh.es\/en\/2019\/05\/21\/la-revista-global-umh-dedica-su-ultimo-numero-a-la-estrategia-de-internacionalizacion-de-la-universidad\/\" \/>\n<meta property=\"og:locale\" content=\"en_US\" \/>\n<meta property=\"og:type\" content=\"article\" \/>\n<meta property=\"og:title\" content=\"LA REVISTA &quot;GLOBAL UMH&quot; DEDICA SU \u00daLTIMO N\u00daMERO A LA ESTRATEGIA DE INTERNACIONALIZACI\u00d3N DE LA UNIVERSIDADGLOBAL UMH MAGAZINE FEATURES UNIVERSITY INTERNATIONALIZATION STRATEGIES IN ITS LATEST ISSUE - International Relations and Cooperation\" \/>\n<meta property=\"og:description\" content=\"The Vice Rectorate for International Relations at the Miguel Hern\u00e1ndez University of Elche has published the fifth issue of Global UMH magazine, which, on this occasion, analyzes UMH internationalization strategies carried out by its Service of International Relations, Development Cooperation and Volunteerism. This issue also covers intercontinental expansion efforts by university units and other forms [...]\" \/>\n<meta property=\"og:url\" content=\"https:\/\/internacional.umh.es\/2019\/05\/21\/la-revista-global-umh-dedica-su-ultimo-numero-a-la-estrategia-de-internacionalizacion-de-la-universidad\/\" \/>\n<meta property=\"og:site_name\" content=\"International Relations and Cooperation\" \/>\n<meta property=\"article:published_time\" content=\"2019-05-21T09:41:37+00:00\" \/>\n<meta property=\"article:modified_time\" content=\"2020-06-30T09:47:25+00:00\" \/>\n<meta property=\"og:image\" content=\"https:\/\/internacional.umh.es\/files\/2019\/05\/qportada-global-umh.jpg\" \/>\n<meta name=\"twitter:card\" content=\"summary_large_image\" \/>\n<meta name=\"twitter:label1\" content=\"Written by\" \/>\n\t<meta name=\"twitter:data1\" content=\"emoreno\" \/>\n\t<meta name=\"twitter:label2\" content=\"Est. reading time\" \/>\n\t<meta name=\"twitter:data2\" content=\"1 minute\" \/>\n<script type=\"application\/ld+json\" class=\"yoast-schema-graph\">{\"@context\":\"https:\/\/schema.org\",\"@graph\":[{\"@type\":\"WebSite\",\"@id\":\"https:\/\/internacional.umh.es\/en\/#website\",\"url\":\"https:\/\/internacional.umh.es\/en\/\",\"name\":\"International Relations and Cooperation\",\"description\":\"Miguel Hernandez University of Elche\",\"potentialAction\":[{\"@type\":\"SearchAction\",\"target\":{\"@type\":\"EntryPoint\",\"urlTemplate\":\"https:\/\/internacional.umh.es\/en\/?s={search_term_string}\"},\"query-input\":\"required name=search_term_string\"}],\"inLanguage\":\"en-US\"},{\"@type\":\"ImageObject\",\"@id\":\"https:\/\/internacional.umh.es\/2019\/05\/21\/la-revista-global-umh-dedica-su-ultimo-numero-a-la-estrategia-de-internacionalizacion-de-la-universidad\/#primaryimage\",\"inLanguage\":\"en-US\",\"url\":\"https:\/\/internacional.umh.es\/files\/2019\/05\/qportada-global-umh.jpg\",\"contentUrl\":\"https:\/\/internacional.umh.es\/files\/2019\/05\/qportada-global-umh.jpg\",\"width\":2481,\"height\":1754},{\"@type\":\"WebPage\",\"@id\":\"https:\/\/internacional.umh.es\/2019\/05\/21\/la-revista-global-umh-dedica-su-ultimo-numero-a-la-estrategia-de-internacionalizacion-de-la-universidad\/#webpage\",\"url\":\"https:\/\/internacional.umh.es\/2019\/05\/21\/la-revista-global-umh-dedica-su-ultimo-numero-a-la-estrategia-de-internacionalizacion-de-la-universidad\/\",\"name\":\"LA REVISTA \\\"GLOBAL UMH\\\" DEDICA SU \\u00daLTIMO N\\u00daMERO A LA ESTRATEGIA DE INTERNACIONALIZACI\\u00d3N DE LA UNIVERSIDADGLOBAL UMH MAGAZINE FEATURES UNIVERSITY INTERNATIONALIZATION STRATEGIES IN ITS LATEST ISSUE - International Relations and Cooperation\",\"isPartOf\":{\"@id\":\"https:\/\/internacional.umh.es\/en\/#website\"},\"primaryImageOfPage\":{\"@id\":\"https:\/\/internacional.umh.es\/2019\/05\/21\/la-revista-global-umh-dedica-su-ultimo-numero-a-la-estrategia-de-internacionalizacion-de-la-universidad\/#primaryimage\"},\"datePublished\":\"2019-05-21T09:41:37+00:00\",\"dateModified\":\"2020-06-30T09:47:25+00:00\",\"author\":{\"@id\":\"https:\/\/internacional.umh.es\/en\/#\/schema\/person\/0e6db5a45fc02a9f27d66dd22bddd06e\"},\"breadcrumb\":{\"@id\":\"https:\/\/internacional.umh.es\/2019\/05\/21\/la-revista-global-umh-dedica-su-ultimo-numero-a-la-estrategia-de-internacionalizacion-de-la-universidad\/#breadcrumb\"},\"inLanguage\":\"en-US\",\"potentialAction\":[{\"@type\":\"ReadAction\",\"target\":[\"https:\/\/internacional.umh.es\/2019\/05\/21\/la-revista-global-umh-dedica-su-ultimo-numero-a-la-estrategia-de-internacionalizacion-de-la-universidad\/\"]}]},{\"@type\":\"BreadcrumbList\",\"@id\":\"https:\/\/internacional.umh.es\/2019\/05\/21\/la-revista-global-umh-dedica-su-ultimo-numero-a-la-estrategia-de-internacionalizacion-de-la-universidad\/#breadcrumb\",\"itemListElement\":[{\"@type\":\"ListItem\",\"position\":1,\"name\":\"Home\",\"item\":\"https:\/\/internacional.umh.es\/en\/\"},{\"@type\":\"ListItem\",\"position\":2,\"name\":\"GLOBAL UMH MAGAZINE FEATURES UNIVERSITY INTERNATIONALIZATION STRATEGIES IN ITS LATEST ISSUE\"}]},{\"@type\":\"Person\",\"@id\":\"https:\/\/internacional.umh.es\/en\/#\/schema\/person\/0e6db5a45fc02a9f27d66dd22bddd06e\",\"name\":\"emoreno\",\"image\":{\"@type\":\"ImageObject\",\"@id\":\"https:\/\/internacional.umh.es\/en\/#personlogo\",\"inLanguage\":\"en-US\",\"url\":\"https:\/\/secure.gravatar.com\/avatar\/0536aabb31c3dafcce408c4d467653b9?s=96&d=mm&r=g\",\"contentUrl\":\"https:\/\/secure.gravatar.com\/avatar\/0536aabb31c3dafcce408c4d467653b9?s=96&d=mm&r=g\",\"caption\":\"emoreno\"},\"url\":\"https:\/\/internacional.umh.es\/en\/author\/emoreno\/\"}]}<\/script>\n<!-- \/ Yoast SEO plugin. -->","yoast_head_json":{"robots":{"index":"index","follow":"follow","max-snippet":"max-snippet:-1","max-image-preview":"max-image-preview:large","max-video-preview":"max-video-preview:-1"},"canonical":"https:\/\/internacional.umh.es\/en\/2019\/05\/21\/la-revista-global-umh-dedica-su-ultimo-numero-a-la-estrategia-de-internacionalizacion-de-la-universidad\/","og_locale":"en_US","og_type":"article","og_title":"LA REVISTA \"GLOBAL UMH\" DEDICA SU \u00daLTIMO N\u00daMERO A LA ESTRATEGIA DE INTERNACIONALIZACI\u00d3N DE LA UNIVERSIDADGLOBAL UMH MAGAZINE FEATURES UNIVERSITY INTERNATIONALIZATION STRATEGIES IN ITS LATEST ISSUE - International Relations and Cooperation","og_description":"The Vice Rectorate for International Relations at the Miguel Hern\u00e1ndez University of Elche has published the fifth issue of Global UMH magazine, which, on this occasion, analyzes UMH internationalization strategies carried out by its Service of International Relations, Development Cooperation and Volunteerism. This issue also covers intercontinental expansion efforts by university units and other forms [...]","og_url":"https:\/\/internacional.umh.es\/2019\/05\/21\/la-revista-global-umh-dedica-su-ultimo-numero-a-la-estrategia-de-internacionalizacion-de-la-universidad\/","og_site_name":"International Relations and Cooperation","article_published_time":"2019-05-21T09:41:37+00:00","article_modified_time":"2020-06-30T09:47:25+00:00","og_image":[{"url":"https:\/\/internacional.umh.es\/files\/2019\/05\/qportada-global-umh.jpg"}],"twitter_card":"summary_large_image","twitter_misc":{"Written by":"emoreno","Est. reading time":"1 minute"},"schema":{"@context":"https:\/\/schema.org","@graph":[{"@type":"WebSite","@id":"https:\/\/internacional.umh.es\/en\/#website","url":"https:\/\/internacional.umh.es\/en\/","name":"International Relations and Cooperation","description":"Miguel Hernandez University of Elche","potentialAction":[{"@type":"SearchAction","target":{"@type":"EntryPoint","urlTemplate":"https:\/\/internacional.umh.es\/en\/?s={search_term_string}"},"query-input":"required name=search_term_string"}],"inLanguage":"en-US"},{"@type":"ImageObject","@id":"https:\/\/internacional.umh.es\/2019\/05\/21\/la-revista-global-umh-dedica-su-ultimo-numero-a-la-estrategia-de-internacionalizacion-de-la-universidad\/#primaryimage","inLanguage":"en-US","url":"https:\/\/internacional.umh.es\/files\/2019\/05\/qportada-global-umh.jpg","contentUrl":"https:\/\/internacional.umh.es\/files\/2019\/05\/qportada-global-umh.jpg","width":2481,"height":1754},{"@type":"WebPage","@id":"https:\/\/internacional.umh.es\/2019\/05\/21\/la-revista-global-umh-dedica-su-ultimo-numero-a-la-estrategia-de-internacionalizacion-de-la-universidad\/#webpage","url":"https:\/\/internacional.umh.es\/2019\/05\/21\/la-revista-global-umh-dedica-su-ultimo-numero-a-la-estrategia-de-internacionalizacion-de-la-universidad\/","name":"LA REVISTA \"GLOBAL UMH\" DEDICA SU \u00daLTIMO N\u00daMERO A LA ESTRATEGIA DE INTERNACIONALIZACI\u00d3N DE LA UNIVERSIDADGLOBAL UMH MAGAZINE FEATURES UNIVERSITY INTERNATIONALIZATION STRATEGIES IN ITS LATEST ISSUE - International Relations and Cooperation","isPartOf":{"@id":"https:\/\/internacional.umh.es\/en\/#website"},"primaryImageOfPage":{"@id":"https:\/\/internacional.umh.es\/2019\/05\/21\/la-revista-global-umh-dedica-su-ultimo-numero-a-la-estrategia-de-internacionalizacion-de-la-universidad\/#primaryimage"},"datePublished":"2019-05-21T09:41:37+00:00","dateModified":"2020-06-30T09:47:25+00:00","author":{"@id":"https:\/\/internacional.umh.es\/en\/#\/schema\/person\/0e6db5a45fc02a9f27d66dd22bddd06e"},"breadcrumb":{"@id":"https:\/\/internacional.umh.es\/2019\/05\/21\/la-revista-global-umh-dedica-su-ultimo-numero-a-la-estrategia-de-internacionalizacion-de-la-universidad\/#breadcrumb"},"inLanguage":"en-US","potentialAction":[{"@type":"ReadAction","target":["https:\/\/internacional.umh.es\/2019\/05\/21\/la-revista-global-umh-dedica-su-ultimo-numero-a-la-estrategia-de-internacionalizacion-de-la-universidad\/"]}]},{"@type":"BreadcrumbList","@id":"https:\/\/internacional.umh.es\/2019\/05\/21\/la-revista-global-umh-dedica-su-ultimo-numero-a-la-estrategia-de-internacionalizacion-de-la-universidad\/#breadcrumb","itemListElement":[{"@type":"ListItem","position":1,"name":"Home","item":"https:\/\/internacional.umh.es\/en\/"},{"@type":"ListItem","position":2,"name":"GLOBAL UMH MAGAZINE FEATURES UNIVERSITY INTERNATIONALIZATION STRATEGIES IN ITS LATEST ISSUE"}]},{"@type":"Person","@id":"https:\/\/internacional.umh.es\/en\/#\/schema\/person\/0e6db5a45fc02a9f27d66dd22bddd06e","name":"emoreno","image":{"@type":"ImageObject","@id":"https:\/\/internacional.umh.es\/en\/#personlogo","inLanguage":"en-US","url":"https:\/\/secure.gravatar.com\/avatar\/0536aabb31c3dafcce408c4d467653b9?s=96&d=mm&r=g","contentUrl":"https:\/\/secure.gravatar.com\/avatar\/0536aabb31c3dafcce408c4d467653b9?s=96&d=mm&r=g","caption":"emoreno"},"url":"https:\/\/internacional.umh.es\/en\/author\/emoreno\/"}]}},"_links":{"self":[{"href":"https:\/\/internacional.umh.es\/en\/wp-json\/wp\/v2\/posts\/10802"}],"collection":[{"href":"https:\/\/internacional.umh.es\/en\/wp-json\/wp\/v2\/posts"}],"about":[{"href":"https:\/\/internacional.umh.es\/en\/wp-json\/wp\/v2\/types\/post"}],"author":[{"embeddable":true,"href":"https:\/\/internacional.umh.es\/en\/wp-json\/wp\/v2\/users\/4274"}],"replies":[{"embeddable":true,"href":"https:\/\/internacional.umh.es\/en\/wp-json\/wp\/v2\/comments?post=10802"}],"version-history":[{"count":0,"href":"https:\/\/internacional.umh.es\/en\/wp-json\/wp\/v2\/posts\/10802\/revisions"}],"wp:attachment":[{"href":"https:\/\/internacional.umh.es\/en\/wp-json\/wp\/v2\/media?parent=10802"}],"wp:term":[{"taxonomy":"category","embeddable":true,"href":"https:\/\/internacional.umh.es\/en\/wp-json\/wp\/v2\/categories?post=10802"},{"taxonomy":"post_tag","embeddable":true,"href":"https:\/\/internacional.umh.es\/en\/wp-json\/wp\/v2\/tags?post=10802"}],"curies":[{"name":"wp","href":"https:\/\/api.w.org\/{rel}","templated":true}]}}