{"id":10883,"date":"2019-05-20T10:27:28","date_gmt":"2019-05-20T08:27:28","guid":{"rendered":"http:\/\/internacional.umh.es\/?p=10883"},"modified":"2019-05-21T11:55:51","modified_gmt":"2019-05-21T09:55:51","slug":"la-universidad-miguel-hernandez-de-elche-organiza-el-i-congreso-internacional-para-el-dialogo-con-las-culturas-hispanas-de-norteamerica","status":"publish","type":"post","link":"https:\/\/internacional.umh.es\/en\/2019\/05\/20\/la-universidad-miguel-hernandez-de-elche-organiza-el-i-congreso-internacional-para-el-dialogo-con-las-culturas-hispanas-de-norteamerica\/","title":{"rendered":"MIGUEL HERN\u00c1NDEZ UNIVERSITY OF ELCHE TO HOLD THE FIRST INTERNATIONAL CONFERENCE FOR DIALOGUE WITH THE HISPANIC CULTURES OF NORTH AMERICA"},"content":{"rendered":"<p><\/p>\n<p style=\"text-align: justify\"><a href=\"https:\/\/internacional.umh.es\/files\/2019\/05\/AF_CARTEL_muros20und.jpg\"><img loading=\"lazy\" class=\"wp-image-10886 alignleft\" src=\"https:\/\/internacional.umh.es\/files\/2019\/05\/AF_CARTEL_muros20und.jpg\" alt=\"\" width=\"251\" height=\"351\" srcset=\"https:\/\/internacional.umh.es\/files\/2019\/05\/AF_CARTEL_muros20und.jpg 856w, https:\/\/internacional.umh.es\/files\/2019\/05\/AF_CARTEL_muros20und-214x300.jpg 214w, https:\/\/internacional.umh.es\/files\/2019\/05\/AF_CARTEL_muros20und-768x1076.jpg 768w, https:\/\/internacional.umh.es\/files\/2019\/05\/AF_CARTEL_muros20und-731x1024.jpg 731w\" sizes=\"(max-width: 251px) 100vw, 251px\" \/><\/a>The seminar, <em>Walls: Borders, Civil Rights and Transcultural Values<\/em>, will examine and analyze conditions and expressions relative to physical and mental walls.<\/p>\n<p style=\"text-align: justify\">The <a href=\"https:\/\/tarsa.eu\/hcna\">First International Conference for Dialogue with the Hispanic Cultures of North America (HCNA 2019)<\/a>, under the heading of <em>Walls: Borders, Civil Rights and Transcultural Values<\/em>, is to be held May 29, 30, and 31. This meeting has been organized by the Vice Rectorate for International Relations and the Area of US Hispanic Studies of the Miguel Hern\u00e1ndez Chair at the <a href=\"https:\/\/www.umh.es\/?lang=EN\">UMH<\/a> in conjunction with the <a href=\"https:\/\/tarsa.eu\/hcna\/asociation-hcna-asociacion-hcna\/\">Spanish Association for Dialogue with the Hispanic Cultures of North America<\/a>. This interdisciplinary seminar is attracting a large number of experts who examine and analyze conditions and expressions relative to physical and mental barriers through their voices, literature, visual arts, and the media, as well as human &amp; social sciences, and education, too.<\/p>\n<p style=\"text-align: justify\">Over three days, the <a href=\"http:\/\/www.visitelche.com\/en\/congresos-y-reuniones\/congress-centre\/\">Ciutat d\u2019Elx Congress Centre<\/a> will welcome international specialists in the fight for human rights in the United States, including Chicano leader, Jos\u00e9 \u00c1ngel Guti\u00e9rrez. Also attending are writers, such as Norma Cant\u00fa and Gabriella Guti\u00e9rrez y Muhs; publishers, including Nicol\u00e1s Kanellos; academics from Spanish, French, and German universities, in addition to others from more than 20 universities in North America. All of these are leading conferences, presenting, and participating in round tables to speak and debate on the evolution of borders, the risks of limiting and crossing them, the paradoxes of political discourse, artistic creativity, as well as the impact on the identity and transcultural experience of migrants, refugees, and exiles.<\/p>\n<p style=\"text-align: justify\">In short, the objective is to create a forum between the conference participants and the social, cultural, and intellectual fabric of the city of Elche.<\/p>\n<p style=\"text-align: justify\">Besides the conferences, presentations, round tables, and debates, this meeting also offers a significant number of social activities. One worthy of mention is the <em>Global UMH: Breaking Down Walls Award<\/em>, to be announced in the city of Santa Pola following a guided visit of that locale and during the gala dinner. Participants may also tour the nearby cities of Elche and Alicante, in addition to the facilities at the Miguel Hern\u00e1ndez University. Furthermore, those attending may also partake in a dramatic reading and a poetry recital.<\/p>\n<p style=\"text-align: justify\">Registration for the 2019 HCNA Congress is through the <a href=\"https:\/\/tarsa.eu\/hcna\/registration-inscripcion\/\">hcna.es<\/a> website. The registration period is open until May 24, with special rates for students and retirees, while entry is free for UMH community members.<\/p>\n<p><\/p>","protected":false},"excerpt":{"rendered":"<p>The seminar, Walls: Borders, Civil Rights and Transcultural Values, will examine and analyze conditions and expressions relative to physical and mental walls.<br \/>\nThe First International Conference for Dialogue with the Hispanic Cultures of North America (HCNA 2019), under the heading of Walls: Borders, Civil Rights and Transcultural Values, is to be held May 29, 30, and [&#8230;]<\/p>\n","protected":false},"author":4274,"featured_media":0,"comment_status":"closed","ping_status":"closed","sticky":false,"template":"","format":"standard","meta":{"ngg_post_thumbnail":0,"_links_to":"","_links_to_target":""},"categories":[53429],"tags":[53780,53777,241007,3973,240731],"yoast_head":"<!-- This site is optimized with the Yoast SEO plugin v17.5 - https:\/\/yoast.com\/wordpress\/plugins\/seo\/ -->\n<meta name=\"robots\" content=\"index, follow, max-snippet:-1, max-image-preview:large, max-video-preview:-1\" \/>\n<link rel=\"canonical\" href=\"https:\/\/internacional.umh.es\/en\/2019\/05\/20\/la-universidad-miguel-hernandez-de-elche-organiza-el-i-congreso-internacional-para-el-dialogo-con-las-culturas-hispanas-de-norteamerica\/\" \/>\n<meta property=\"og:locale\" content=\"en_US\" \/>\n<meta property=\"og:type\" content=\"article\" \/>\n<meta property=\"og:title\" content=\"LA UNIVERSIDAD MIGUEL HERN\u00c1NDEZ DE ELCHE ORGANIZA EL I CONGRESO INTERNACIONAL PARA EL DI\u00c1LOGO CON LAS CULTURAS HISPANAS DE NORTEAM\u00c9RICAMIGUEL HERN\u00c1NDEZ UNIVERSITY OF ELCHE TO HOLD THE FIRST INTERNATIONAL CONFERENCE FOR DIALOGUE WITH THE HISPANIC CULTURES OF NORTH AMERICA - International Relations and Cooperation\" \/>\n<meta property=\"og:description\" content=\"The seminar, Walls: Borders, Civil Rights and Transcultural Values, will examine and analyze conditions and expressions relative to physical and mental walls. The First International Conference for Dialogue with the Hispanic Cultures of North America (HCNA 2019), under the heading of Walls: Borders, Civil Rights and Transcultural Values, is to be held May 29, 30, and [...]\" \/>\n<meta property=\"og:url\" content=\"https:\/\/internacional.umh.es\/2019\/05\/20\/la-universidad-miguel-hernandez-de-elche-organiza-el-i-congreso-internacional-para-el-dialogo-con-las-culturas-hispanas-de-norteamerica\/\" \/>\n<meta property=\"og:site_name\" content=\"International Relations and Cooperation\" \/>\n<meta property=\"article:published_time\" content=\"2019-05-20T08:27:28+00:00\" \/>\n<meta property=\"article:modified_time\" content=\"2019-05-21T09:55:51+00:00\" \/>\n<meta property=\"og:image\" content=\"https:\/\/internacional.umh.es\/files\/2019\/05\/AF_CARTEL_muros20und.jpg\" \/>\n<meta name=\"twitter:card\" content=\"summary_large_image\" \/>\n<meta name=\"twitter:label1\" content=\"Written by\" \/>\n\t<meta name=\"twitter:data1\" content=\"emoreno\" \/>\n\t<meta name=\"twitter:label2\" content=\"Est. reading time\" \/>\n\t<meta name=\"twitter:data2\" content=\"4 minutes\" \/>\n<script type=\"application\/ld+json\" class=\"yoast-schema-graph\">{\"@context\":\"https:\/\/schema.org\",\"@graph\":[{\"@type\":\"WebSite\",\"@id\":\"https:\/\/internacional.umh.es\/en\/#website\",\"url\":\"https:\/\/internacional.umh.es\/en\/\",\"name\":\"International Relations and Cooperation\",\"description\":\"Miguel Hernandez University of Elche\",\"potentialAction\":[{\"@type\":\"SearchAction\",\"target\":{\"@type\":\"EntryPoint\",\"urlTemplate\":\"https:\/\/internacional.umh.es\/en\/?s={search_term_string}\"},\"query-input\":\"required name=search_term_string\"}],\"inLanguage\":\"en-US\"},{\"@type\":\"ImageObject\",\"@id\":\"https:\/\/internacional.umh.es\/2019\/05\/20\/la-universidad-miguel-hernandez-de-elche-organiza-el-i-congreso-internacional-para-el-dialogo-con-las-culturas-hispanas-de-norteamerica\/#primaryimage\",\"inLanguage\":\"en-US\",\"url\":\"https:\/\/internacional.umh.es\/files\/2019\/05\/AF_CARTEL_muros20und.jpg\",\"contentUrl\":\"https:\/\/internacional.umh.es\/files\/2019\/05\/AF_CARTEL_muros20und.jpg\",\"width\":856,\"height\":1199},{\"@type\":\"WebPage\",\"@id\":\"https:\/\/internacional.umh.es\/2019\/05\/20\/la-universidad-miguel-hernandez-de-elche-organiza-el-i-congreso-internacional-para-el-dialogo-con-las-culturas-hispanas-de-norteamerica\/#webpage\",\"url\":\"https:\/\/internacional.umh.es\/2019\/05\/20\/la-universidad-miguel-hernandez-de-elche-organiza-el-i-congreso-internacional-para-el-dialogo-con-las-culturas-hispanas-de-norteamerica\/\",\"name\":\"LA UNIVERSIDAD MIGUEL HERN\\u00c1NDEZ DE ELCHE ORGANIZA EL I CONGRESO INTERNACIONAL PARA EL DI\\u00c1LOGO CON LAS CULTURAS HISPANAS DE NORTEAM\\u00c9RICAMIGUEL HERN\\u00c1NDEZ UNIVERSITY OF ELCHE TO HOLD THE FIRST INTERNATIONAL CONFERENCE FOR DIALOGUE WITH THE HISPANIC CULTURES OF NORTH AMERICA - International Relations and Cooperation\",\"isPartOf\":{\"@id\":\"https:\/\/internacional.umh.es\/en\/#website\"},\"primaryImageOfPage\":{\"@id\":\"https:\/\/internacional.umh.es\/2019\/05\/20\/la-universidad-miguel-hernandez-de-elche-organiza-el-i-congreso-internacional-para-el-dialogo-con-las-culturas-hispanas-de-norteamerica\/#primaryimage\"},\"datePublished\":\"2019-05-20T08:27:28+00:00\",\"dateModified\":\"2019-05-21T09:55:51+00:00\",\"author\":{\"@id\":\"https:\/\/internacional.umh.es\/en\/#\/schema\/person\/0e6db5a45fc02a9f27d66dd22bddd06e\"},\"breadcrumb\":{\"@id\":\"https:\/\/internacional.umh.es\/2019\/05\/20\/la-universidad-miguel-hernandez-de-elche-organiza-el-i-congreso-internacional-para-el-dialogo-con-las-culturas-hispanas-de-norteamerica\/#breadcrumb\"},\"inLanguage\":\"en-US\",\"potentialAction\":[{\"@type\":\"ReadAction\",\"target\":[\"https:\/\/internacional.umh.es\/2019\/05\/20\/la-universidad-miguel-hernandez-de-elche-organiza-el-i-congreso-internacional-para-el-dialogo-con-las-culturas-hispanas-de-norteamerica\/\"]}]},{\"@type\":\"BreadcrumbList\",\"@id\":\"https:\/\/internacional.umh.es\/2019\/05\/20\/la-universidad-miguel-hernandez-de-elche-organiza-el-i-congreso-internacional-para-el-dialogo-con-las-culturas-hispanas-de-norteamerica\/#breadcrumb\",\"itemListElement\":[{\"@type\":\"ListItem\",\"position\":1,\"name\":\"Home\",\"item\":\"https:\/\/internacional.umh.es\/en\/\"},{\"@type\":\"ListItem\",\"position\":2,\"name\":\"MIGUEL HERN\\u00c1NDEZ UNIVERSITY OF ELCHE TO HOLD THE FIRST INTERNATIONAL CONFERENCE FOR DIALOGUE WITH THE HISPANIC CULTURES OF NORTH AMERICA\"}]},{\"@type\":\"Person\",\"@id\":\"https:\/\/internacional.umh.es\/en\/#\/schema\/person\/0e6db5a45fc02a9f27d66dd22bddd06e\",\"name\":\"emoreno\",\"image\":{\"@type\":\"ImageObject\",\"@id\":\"https:\/\/internacional.umh.es\/en\/#personlogo\",\"inLanguage\":\"en-US\",\"url\":\"https:\/\/secure.gravatar.com\/avatar\/0536aabb31c3dafcce408c4d467653b9?s=96&d=mm&r=g\",\"contentUrl\":\"https:\/\/secure.gravatar.com\/avatar\/0536aabb31c3dafcce408c4d467653b9?s=96&d=mm&r=g\",\"caption\":\"emoreno\"},\"url\":\"https:\/\/internacional.umh.es\/en\/author\/emoreno\/\"}]}<\/script>\n<!-- \/ Yoast SEO plugin. -->","yoast_head_json":{"robots":{"index":"index","follow":"follow","max-snippet":"max-snippet:-1","max-image-preview":"max-image-preview:large","max-video-preview":"max-video-preview:-1"},"canonical":"https:\/\/internacional.umh.es\/en\/2019\/05\/20\/la-universidad-miguel-hernandez-de-elche-organiza-el-i-congreso-internacional-para-el-dialogo-con-las-culturas-hispanas-de-norteamerica\/","og_locale":"en_US","og_type":"article","og_title":"LA UNIVERSIDAD MIGUEL HERN\u00c1NDEZ DE ELCHE ORGANIZA EL I CONGRESO INTERNACIONAL PARA EL DI\u00c1LOGO CON LAS CULTURAS HISPANAS DE NORTEAM\u00c9RICAMIGUEL HERN\u00c1NDEZ UNIVERSITY OF ELCHE TO HOLD THE FIRST INTERNATIONAL CONFERENCE FOR DIALOGUE WITH THE HISPANIC CULTURES OF NORTH AMERICA - International Relations and Cooperation","og_description":"The seminar, Walls: Borders, Civil Rights and Transcultural Values, will examine and analyze conditions and expressions relative to physical and mental walls. The First International Conference for Dialogue with the Hispanic Cultures of North America (HCNA 2019), under the heading of Walls: Borders, Civil Rights and Transcultural Values, is to be held May 29, 30, and [...]","og_url":"https:\/\/internacional.umh.es\/2019\/05\/20\/la-universidad-miguel-hernandez-de-elche-organiza-el-i-congreso-internacional-para-el-dialogo-con-las-culturas-hispanas-de-norteamerica\/","og_site_name":"International Relations and Cooperation","article_published_time":"2019-05-20T08:27:28+00:00","article_modified_time":"2019-05-21T09:55:51+00:00","og_image":[{"url":"https:\/\/internacional.umh.es\/files\/2019\/05\/AF_CARTEL_muros20und.jpg"}],"twitter_card":"summary_large_image","twitter_misc":{"Written by":"emoreno","Est. reading time":"4 minutes"},"schema":{"@context":"https:\/\/schema.org","@graph":[{"@type":"WebSite","@id":"https:\/\/internacional.umh.es\/en\/#website","url":"https:\/\/internacional.umh.es\/en\/","name":"International Relations and Cooperation","description":"Miguel Hernandez University of Elche","potentialAction":[{"@type":"SearchAction","target":{"@type":"EntryPoint","urlTemplate":"https:\/\/internacional.umh.es\/en\/?s={search_term_string}"},"query-input":"required name=search_term_string"}],"inLanguage":"en-US"},{"@type":"ImageObject","@id":"https:\/\/internacional.umh.es\/2019\/05\/20\/la-universidad-miguel-hernandez-de-elche-organiza-el-i-congreso-internacional-para-el-dialogo-con-las-culturas-hispanas-de-norteamerica\/#primaryimage","inLanguage":"en-US","url":"https:\/\/internacional.umh.es\/files\/2019\/05\/AF_CARTEL_muros20und.jpg","contentUrl":"https:\/\/internacional.umh.es\/files\/2019\/05\/AF_CARTEL_muros20und.jpg","width":856,"height":1199},{"@type":"WebPage","@id":"https:\/\/internacional.umh.es\/2019\/05\/20\/la-universidad-miguel-hernandez-de-elche-organiza-el-i-congreso-internacional-para-el-dialogo-con-las-culturas-hispanas-de-norteamerica\/#webpage","url":"https:\/\/internacional.umh.es\/2019\/05\/20\/la-universidad-miguel-hernandez-de-elche-organiza-el-i-congreso-internacional-para-el-dialogo-con-las-culturas-hispanas-de-norteamerica\/","name":"LA UNIVERSIDAD MIGUEL HERN\u00c1NDEZ DE ELCHE ORGANIZA EL I CONGRESO INTERNACIONAL PARA EL DI\u00c1LOGO CON LAS CULTURAS HISPANAS DE NORTEAM\u00c9RICAMIGUEL HERN\u00c1NDEZ UNIVERSITY OF ELCHE TO HOLD THE FIRST INTERNATIONAL CONFERENCE FOR DIALOGUE WITH THE HISPANIC CULTURES OF NORTH AMERICA - International Relations and Cooperation","isPartOf":{"@id":"https:\/\/internacional.umh.es\/en\/#website"},"primaryImageOfPage":{"@id":"https:\/\/internacional.umh.es\/2019\/05\/20\/la-universidad-miguel-hernandez-de-elche-organiza-el-i-congreso-internacional-para-el-dialogo-con-las-culturas-hispanas-de-norteamerica\/#primaryimage"},"datePublished":"2019-05-20T08:27:28+00:00","dateModified":"2019-05-21T09:55:51+00:00","author":{"@id":"https:\/\/internacional.umh.es\/en\/#\/schema\/person\/0e6db5a45fc02a9f27d66dd22bddd06e"},"breadcrumb":{"@id":"https:\/\/internacional.umh.es\/2019\/05\/20\/la-universidad-miguel-hernandez-de-elche-organiza-el-i-congreso-internacional-para-el-dialogo-con-las-culturas-hispanas-de-norteamerica\/#breadcrumb"},"inLanguage":"en-US","potentialAction":[{"@type":"ReadAction","target":["https:\/\/internacional.umh.es\/2019\/05\/20\/la-universidad-miguel-hernandez-de-elche-organiza-el-i-congreso-internacional-para-el-dialogo-con-las-culturas-hispanas-de-norteamerica\/"]}]},{"@type":"BreadcrumbList","@id":"https:\/\/internacional.umh.es\/2019\/05\/20\/la-universidad-miguel-hernandez-de-elche-organiza-el-i-congreso-internacional-para-el-dialogo-con-las-culturas-hispanas-de-norteamerica\/#breadcrumb","itemListElement":[{"@type":"ListItem","position":1,"name":"Home","item":"https:\/\/internacional.umh.es\/en\/"},{"@type":"ListItem","position":2,"name":"MIGUEL HERN\u00c1NDEZ UNIVERSITY OF ELCHE TO HOLD THE FIRST INTERNATIONAL CONFERENCE FOR DIALOGUE WITH THE HISPANIC CULTURES OF NORTH AMERICA"}]},{"@type":"Person","@id":"https:\/\/internacional.umh.es\/en\/#\/schema\/person\/0e6db5a45fc02a9f27d66dd22bddd06e","name":"emoreno","image":{"@type":"ImageObject","@id":"https:\/\/internacional.umh.es\/en\/#personlogo","inLanguage":"en-US","url":"https:\/\/secure.gravatar.com\/avatar\/0536aabb31c3dafcce408c4d467653b9?s=96&d=mm&r=g","contentUrl":"https:\/\/secure.gravatar.com\/avatar\/0536aabb31c3dafcce408c4d467653b9?s=96&d=mm&r=g","caption":"emoreno"},"url":"https:\/\/internacional.umh.es\/en\/author\/emoreno\/"}]}},"_links":{"self":[{"href":"https:\/\/internacional.umh.es\/en\/wp-json\/wp\/v2\/posts\/10883"}],"collection":[{"href":"https:\/\/internacional.umh.es\/en\/wp-json\/wp\/v2\/posts"}],"about":[{"href":"https:\/\/internacional.umh.es\/en\/wp-json\/wp\/v2\/types\/post"}],"author":[{"embeddable":true,"href":"https:\/\/internacional.umh.es\/en\/wp-json\/wp\/v2\/users\/4274"}],"replies":[{"embeddable":true,"href":"https:\/\/internacional.umh.es\/en\/wp-json\/wp\/v2\/comments?post=10883"}],"version-history":[{"count":0,"href":"https:\/\/internacional.umh.es\/en\/wp-json\/wp\/v2\/posts\/10883\/revisions"}],"wp:attachment":[{"href":"https:\/\/internacional.umh.es\/en\/wp-json\/wp\/v2\/media?parent=10883"}],"wp:term":[{"taxonomy":"category","embeddable":true,"href":"https:\/\/internacional.umh.es\/en\/wp-json\/wp\/v2\/categories?post=10883"},{"taxonomy":"post_tag","embeddable":true,"href":"https:\/\/internacional.umh.es\/en\/wp-json\/wp\/v2\/tags?post=10883"}],"curies":[{"name":"wp","href":"https:\/\/api.w.org\/{rel}","templated":true}]}}