{"id":13484,"date":"2019-11-14T10:08:52","date_gmt":"2019-11-14T09:08:52","guid":{"rendered":"https:\/\/internacional.umh.es\/?p=13484"},"modified":"2019-11-14T13:19:33","modified_gmt":"2019-11-14T12:19:33","slug":"el-viceministro-de-ciencia-e-investigacion-de-republica-dominicana-visita-la-umh","status":"publish","type":"post","link":"https:\/\/internacional.umh.es\/en\/2019\/11\/14\/el-viceministro-de-ciencia-e-investigacion-de-republica-dominicana-visita-la-umh\/","title":{"rendered":"DEPUTY MINISTER FOR SCIENCE AND TECHNOLOGY OF THE DOMINICAN REPUBLIC VISITS UMH"},"content":{"rendered":"<p><\/p>\n<p style=\"text-align: justify\"><span style=\"font-weight: 400\"><a href=\"https:\/\/internacional.umh.es\/files\/2019\/11\/DSC_1148-min.jpg\"><img loading=\"lazy\" class=\"wp-image-13551 alignleft\" src=\"https:\/\/internacional.umh.es\/files\/2019\/11\/DSC_1148-min.jpg\" alt=\"\" width=\"316\" height=\"212\" srcset=\"https:\/\/internacional.umh.es\/files\/2019\/11\/DSC_1148-min.jpg 6000w, https:\/\/internacional.umh.es\/files\/2019\/11\/DSC_1148-min-300x200.jpg 300w, https:\/\/internacional.umh.es\/files\/2019\/11\/DSC_1148-min-768x512.jpg 768w, https:\/\/internacional.umh.es\/files\/2019\/11\/DSC_1148-min-1024x683.jpg 1024w\" sizes=\"(max-width: 316px) 100vw, 316px\" \/><\/a><\/span>The Deputy Minister for Science and Technology of the Ministry of Higher Education, Science and Technology of the Dominican Republic, Pl\u00e1cido G\u00f3mez, visited the Miguel Hern\u00e1ndez University of Elche (UMH) to consolidate the alliance between the Dominican government and the UMH.<\/p>\n<p style=\"text-align: justify\">During his visit, G\u00f3mez met with UMH Rector, Juan Jos\u00e9 Ruiz; Vice Rector for International Relations, Vicente Micol; in addition to a UMH delegation formed by Vice Rector for Research, Domingo Orozco; Vice Rector for Knowledge Transfer and Exchange, Mar\u00eda Jos\u00e9 L\u00f3pez; Deputy Vice Rector for International Relations, Jos\u00e9 Luis Esteban; Ibero-America Espejo Program Director, Joaqu\u00edn Pastor; Director of the Scientific Park, Tonia Salinas; and with the Academic Director of the Virtual Environment of Nanocourse Education, Fernando Borr\u00e1s. These meetings helped define the possibilities for implementing within the Dominican Republic\u2019s university system, which is home to 49 universities, the graduate-level programs that have been established in the Ibero-America Espejo Program that is supported by the Vice Rectorate for International Relations. The meetings also served to advance discussions on grants by the Dominican Republic government for future Dominican students at the UMH.<\/p>\n<p style=\"text-align: justify\">This institutional visit also enabled the Deputy Minister to tour the UMH Scientific Park, research group facilities at the institutes of Bioengineering (IB); Research, Development and Innovation in Sanitary Biotechnology of Elche (IDiBE); Neurosciences (IN), and at the Cyborg Center. At these centers, G\u00f3mez met with the directors at the IB (\u00c1ngela Sastre) and IDiBE (Antonio Ferrer), the Dean of the Faculty of Medicine, Antonio Compa\u00f1, and with the Director of the Institute of Neurosciences, Salvador Mart\u00ednez.<\/p>\n<p><a href=\"https:\/\/internacional.umh.es\/files\/2019\/11\/DSC_1097-min.jpg\"><img loading=\"lazy\" class=\"alignnone wp-image-13554\" src=\"https:\/\/internacional.umh.es\/files\/2019\/11\/DSC_1097-min.jpg\" alt=\"\" width=\"270\" height=\"180\" srcset=\"https:\/\/internacional.umh.es\/files\/2019\/11\/DSC_1097-min.jpg 6000w, https:\/\/internacional.umh.es\/files\/2019\/11\/DSC_1097-min-300x200.jpg 300w, https:\/\/internacional.umh.es\/files\/2019\/11\/DSC_1097-min-768x512.jpg 768w, https:\/\/internacional.umh.es\/files\/2019\/11\/DSC_1097-min-1024x683.jpg 1024w\" sizes=\"(max-width: 270px) 100vw, 270px\" \/><\/a><a href=\"https:\/\/internacional.umh.es\/files\/2019\/11\/DSC_1135-min.jpg\"><img loading=\"lazy\" class=\"alignnone wp-image-13556\" src=\"https:\/\/internacional.umh.es\/files\/2019\/11\/DSC_1135-min.jpg\" alt=\"\" width=\"269\" height=\"179\" srcset=\"https:\/\/internacional.umh.es\/files\/2019\/11\/DSC_1135-min.jpg 6000w, https:\/\/internacional.umh.es\/files\/2019\/11\/DSC_1135-min-300x200.jpg 300w, https:\/\/internacional.umh.es\/files\/2019\/11\/DSC_1135-min-768x512.jpg 768w, https:\/\/internacional.umh.es\/files\/2019\/11\/DSC_1135-min-1024x683.jpg 1024w\" sizes=\"(max-width: 269px) 100vw, 269px\" \/><\/a><\/p>","protected":false},"excerpt":{"rendered":"<p>The Deputy Minister for Science and Technology of the Ministry of Higher Education, Science and Technology of the Dominican Republic, Pl\u00e1cido G\u00f3mez, visited the Miguel Hern\u00e1ndez University of Elche (UMH) to consolidate the alliance between the Dominican government and the UMH.<br \/>\nDuring his visit, G\u00f3mez met with UMH Rector, Juan Jos\u00e9 Ruiz; Vice Rector for International [&#8230;]<\/p>\n","protected":false},"author":4274,"featured_media":0,"comment_status":"closed","ping_status":"closed","sticky":false,"template":"","format":"standard","meta":{"ngg_post_thumbnail":0,"_links_to":"","_links_to_target":""},"categories":[53429,53411],"tags":[286530,284935],"yoast_head":"<!-- This site is optimized with the Yoast SEO plugin v17.5 - https:\/\/yoast.com\/wordpress\/plugins\/seo\/ -->\n<meta name=\"robots\" content=\"index, follow, max-snippet:-1, max-image-preview:large, max-video-preview:-1\" \/>\n<link rel=\"canonical\" href=\"https:\/\/internacional.umh.es\/en\/2019\/11\/14\/el-viceministro-de-ciencia-e-investigacion-de-republica-dominicana-visita-la-umh\/\" \/>\n<meta property=\"og:locale\" content=\"en_US\" \/>\n<meta property=\"og:type\" content=\"article\" \/>\n<meta property=\"og:title\" content=\"EL VICEMINISTRO DE CIENCIA Y TECNOLOG\u00cdA DE REP\u00daBLICA DOMINICANA VISITA LA UMH DEPUTY MINISTER FOR SCIENCE AND TECHNOLOGY OF THE DOMINICAN REPUBLIC VISITS UMH - International Relations and Cooperation\" \/>\n<meta property=\"og:description\" content=\"The Deputy Minister for Science and Technology of the Ministry of Higher Education, Science and Technology of the Dominican Republic, Pl\u00e1cido G\u00f3mez, visited the Miguel Hern\u00e1ndez University of Elche (UMH) to consolidate the alliance between the Dominican government and the UMH. During his visit, G\u00f3mez met with UMH Rector, Juan Jos\u00e9 Ruiz; Vice Rector for International [...]\" \/>\n<meta property=\"og:url\" content=\"https:\/\/internacional.umh.es\/ca\/2019\/11\/14\/el-viceministro-de-ciencia-e-investigacion-de-republica-dominicana-visita-la-umh\/\" \/>\n<meta property=\"og:site_name\" content=\"International Relations and Cooperation\" \/>\n<meta property=\"article:published_time\" content=\"2019-11-14T09:08:52+00:00\" \/>\n<meta property=\"article:modified_time\" content=\"2019-11-14T12:19:33+00:00\" \/>\n<meta property=\"og:image\" content=\"https:\/\/internacional.umh.es\/files\/2019\/11\/DSC_1148-min.jpg\" \/>\n<meta name=\"twitter:card\" content=\"summary_large_image\" \/>\n<meta name=\"twitter:label1\" content=\"Written by\" \/>\n\t<meta name=\"twitter:data1\" content=\"emoreno\" \/>\n\t<meta name=\"twitter:label2\" content=\"Est. reading time\" \/>\n\t<meta name=\"twitter:data2\" content=\"3 minutes\" \/>\n<script type=\"application\/ld+json\" class=\"yoast-schema-graph\">{\"@context\":\"https:\/\/schema.org\",\"@graph\":[{\"@type\":\"WebSite\",\"@id\":\"https:\/\/internacional.umh.es\/en\/#website\",\"url\":\"https:\/\/internacional.umh.es\/en\/\",\"name\":\"International Relations and Cooperation\",\"description\":\"Miguel Hernandez University of Elche\",\"potentialAction\":[{\"@type\":\"SearchAction\",\"target\":{\"@type\":\"EntryPoint\",\"urlTemplate\":\"https:\/\/internacional.umh.es\/en\/?s={search_term_string}\"},\"query-input\":\"required name=search_term_string\"}],\"inLanguage\":\"en-US\"},{\"@type\":\"ImageObject\",\"@id\":\"https:\/\/internacional.umh.es\/ca\/2019\/11\/14\/el-viceministro-de-ciencia-e-investigacion-de-republica-dominicana-visita-la-umh\/#primaryimage\",\"inLanguage\":\"en-US\",\"url\":\"https:\/\/internacional.umh.es\/files\/2019\/11\/DSC_1148-min.jpg\",\"contentUrl\":\"https:\/\/internacional.umh.es\/files\/2019\/11\/DSC_1148-min.jpg\",\"width\":6000,\"height\":4000},{\"@type\":\"WebPage\",\"@id\":\"https:\/\/internacional.umh.es\/ca\/2019\/11\/14\/el-viceministro-de-ciencia-e-investigacion-de-republica-dominicana-visita-la-umh\/#webpage\",\"url\":\"https:\/\/internacional.umh.es\/ca\/2019\/11\/14\/el-viceministro-de-ciencia-e-investigacion-de-republica-dominicana-visita-la-umh\/\",\"name\":\"EL VICEMINISTRO DE CIENCIA Y TECNOLOG\\u00cdA DE REP\\u00daBLICA DOMINICANA VISITA LA UMH DEPUTY MINISTER FOR SCIENCE AND TECHNOLOGY OF THE DOMINICAN REPUBLIC VISITS UMH - International Relations and Cooperation\",\"isPartOf\":{\"@id\":\"https:\/\/internacional.umh.es\/en\/#website\"},\"primaryImageOfPage\":{\"@id\":\"https:\/\/internacional.umh.es\/ca\/2019\/11\/14\/el-viceministro-de-ciencia-e-investigacion-de-republica-dominicana-visita-la-umh\/#primaryimage\"},\"datePublished\":\"2019-11-14T09:08:52+00:00\",\"dateModified\":\"2019-11-14T12:19:33+00:00\",\"author\":{\"@id\":\"https:\/\/internacional.umh.es\/en\/#\/schema\/person\/0e6db5a45fc02a9f27d66dd22bddd06e\"},\"breadcrumb\":{\"@id\":\"https:\/\/internacional.umh.es\/ca\/2019\/11\/14\/el-viceministro-de-ciencia-e-investigacion-de-republica-dominicana-visita-la-umh\/#breadcrumb\"},\"inLanguage\":\"en-US\",\"potentialAction\":[{\"@type\":\"ReadAction\",\"target\":[\"https:\/\/internacional.umh.es\/ca\/2019\/11\/14\/el-viceministro-de-ciencia-e-investigacion-de-republica-dominicana-visita-la-umh\/\"]}]},{\"@type\":\"BreadcrumbList\",\"@id\":\"https:\/\/internacional.umh.es\/ca\/2019\/11\/14\/el-viceministro-de-ciencia-e-investigacion-de-republica-dominicana-visita-la-umh\/#breadcrumb\",\"itemListElement\":[{\"@type\":\"ListItem\",\"position\":1,\"name\":\"Home\",\"item\":\"https:\/\/internacional.umh.es\/en\/\"},{\"@type\":\"ListItem\",\"position\":2,\"name\":\"DEPUTY MINISTER FOR SCIENCE AND TECHNOLOGY OF THE DOMINICAN REPUBLIC VISITS UMH\"}]},{\"@type\":\"Person\",\"@id\":\"https:\/\/internacional.umh.es\/en\/#\/schema\/person\/0e6db5a45fc02a9f27d66dd22bddd06e\",\"name\":\"emoreno\",\"image\":{\"@type\":\"ImageObject\",\"@id\":\"https:\/\/internacional.umh.es\/en\/#personlogo\",\"inLanguage\":\"en-US\",\"url\":\"https:\/\/secure.gravatar.com\/avatar\/0536aabb31c3dafcce408c4d467653b9?s=96&d=mm&r=g\",\"contentUrl\":\"https:\/\/secure.gravatar.com\/avatar\/0536aabb31c3dafcce408c4d467653b9?s=96&d=mm&r=g\",\"caption\":\"emoreno\"},\"url\":\"https:\/\/internacional.umh.es\/en\/author\/emoreno\/\"}]}<\/script>\n<!-- \/ Yoast SEO plugin. -->","yoast_head_json":{"robots":{"index":"index","follow":"follow","max-snippet":"max-snippet:-1","max-image-preview":"max-image-preview:large","max-video-preview":"max-video-preview:-1"},"canonical":"https:\/\/internacional.umh.es\/en\/2019\/11\/14\/el-viceministro-de-ciencia-e-investigacion-de-republica-dominicana-visita-la-umh\/","og_locale":"en_US","og_type":"article","og_title":"EL VICEMINISTRO DE CIENCIA Y TECNOLOG\u00cdA DE REP\u00daBLICA DOMINICANA VISITA LA UMH DEPUTY MINISTER FOR SCIENCE AND TECHNOLOGY OF THE DOMINICAN REPUBLIC VISITS UMH - International Relations and Cooperation","og_description":"The Deputy Minister for Science and Technology of the Ministry of Higher Education, Science and Technology of the Dominican Republic, Pl\u00e1cido G\u00f3mez, visited the Miguel Hern\u00e1ndez University of Elche (UMH) to consolidate the alliance between the Dominican government and the UMH. During his visit, G\u00f3mez met with UMH Rector, Juan Jos\u00e9 Ruiz; Vice Rector for International [...]","og_url":"https:\/\/internacional.umh.es\/ca\/2019\/11\/14\/el-viceministro-de-ciencia-e-investigacion-de-republica-dominicana-visita-la-umh\/","og_site_name":"International Relations and Cooperation","article_published_time":"2019-11-14T09:08:52+00:00","article_modified_time":"2019-11-14T12:19:33+00:00","og_image":[{"url":"https:\/\/internacional.umh.es\/files\/2019\/11\/DSC_1148-min.jpg"}],"twitter_card":"summary_large_image","twitter_misc":{"Written by":"emoreno","Est. reading time":"3 minutes"},"schema":{"@context":"https:\/\/schema.org","@graph":[{"@type":"WebSite","@id":"https:\/\/internacional.umh.es\/en\/#website","url":"https:\/\/internacional.umh.es\/en\/","name":"International Relations and Cooperation","description":"Miguel Hernandez University of Elche","potentialAction":[{"@type":"SearchAction","target":{"@type":"EntryPoint","urlTemplate":"https:\/\/internacional.umh.es\/en\/?s={search_term_string}"},"query-input":"required name=search_term_string"}],"inLanguage":"en-US"},{"@type":"ImageObject","@id":"https:\/\/internacional.umh.es\/ca\/2019\/11\/14\/el-viceministro-de-ciencia-e-investigacion-de-republica-dominicana-visita-la-umh\/#primaryimage","inLanguage":"en-US","url":"https:\/\/internacional.umh.es\/files\/2019\/11\/DSC_1148-min.jpg","contentUrl":"https:\/\/internacional.umh.es\/files\/2019\/11\/DSC_1148-min.jpg","width":6000,"height":4000},{"@type":"WebPage","@id":"https:\/\/internacional.umh.es\/ca\/2019\/11\/14\/el-viceministro-de-ciencia-e-investigacion-de-republica-dominicana-visita-la-umh\/#webpage","url":"https:\/\/internacional.umh.es\/ca\/2019\/11\/14\/el-viceministro-de-ciencia-e-investigacion-de-republica-dominicana-visita-la-umh\/","name":"EL VICEMINISTRO DE CIENCIA Y TECNOLOG\u00cdA DE REP\u00daBLICA DOMINICANA VISITA LA UMH DEPUTY MINISTER FOR SCIENCE AND TECHNOLOGY OF THE DOMINICAN REPUBLIC VISITS UMH - International Relations and Cooperation","isPartOf":{"@id":"https:\/\/internacional.umh.es\/en\/#website"},"primaryImageOfPage":{"@id":"https:\/\/internacional.umh.es\/ca\/2019\/11\/14\/el-viceministro-de-ciencia-e-investigacion-de-republica-dominicana-visita-la-umh\/#primaryimage"},"datePublished":"2019-11-14T09:08:52+00:00","dateModified":"2019-11-14T12:19:33+00:00","author":{"@id":"https:\/\/internacional.umh.es\/en\/#\/schema\/person\/0e6db5a45fc02a9f27d66dd22bddd06e"},"breadcrumb":{"@id":"https:\/\/internacional.umh.es\/ca\/2019\/11\/14\/el-viceministro-de-ciencia-e-investigacion-de-republica-dominicana-visita-la-umh\/#breadcrumb"},"inLanguage":"en-US","potentialAction":[{"@type":"ReadAction","target":["https:\/\/internacional.umh.es\/ca\/2019\/11\/14\/el-viceministro-de-ciencia-e-investigacion-de-republica-dominicana-visita-la-umh\/"]}]},{"@type":"BreadcrumbList","@id":"https:\/\/internacional.umh.es\/ca\/2019\/11\/14\/el-viceministro-de-ciencia-e-investigacion-de-republica-dominicana-visita-la-umh\/#breadcrumb","itemListElement":[{"@type":"ListItem","position":1,"name":"Home","item":"https:\/\/internacional.umh.es\/en\/"},{"@type":"ListItem","position":2,"name":"DEPUTY MINISTER FOR SCIENCE AND TECHNOLOGY OF THE DOMINICAN REPUBLIC VISITS UMH"}]},{"@type":"Person","@id":"https:\/\/internacional.umh.es\/en\/#\/schema\/person\/0e6db5a45fc02a9f27d66dd22bddd06e","name":"emoreno","image":{"@type":"ImageObject","@id":"https:\/\/internacional.umh.es\/en\/#personlogo","inLanguage":"en-US","url":"https:\/\/secure.gravatar.com\/avatar\/0536aabb31c3dafcce408c4d467653b9?s=96&d=mm&r=g","contentUrl":"https:\/\/secure.gravatar.com\/avatar\/0536aabb31c3dafcce408c4d467653b9?s=96&d=mm&r=g","caption":"emoreno"},"url":"https:\/\/internacional.umh.es\/en\/author\/emoreno\/"}]}},"_links":{"self":[{"href":"https:\/\/internacional.umh.es\/en\/wp-json\/wp\/v2\/posts\/13484"}],"collection":[{"href":"https:\/\/internacional.umh.es\/en\/wp-json\/wp\/v2\/posts"}],"about":[{"href":"https:\/\/internacional.umh.es\/en\/wp-json\/wp\/v2\/types\/post"}],"author":[{"embeddable":true,"href":"https:\/\/internacional.umh.es\/en\/wp-json\/wp\/v2\/users\/4274"}],"replies":[{"embeddable":true,"href":"https:\/\/internacional.umh.es\/en\/wp-json\/wp\/v2\/comments?post=13484"}],"version-history":[{"count":0,"href":"https:\/\/internacional.umh.es\/en\/wp-json\/wp\/v2\/posts\/13484\/revisions"}],"wp:attachment":[{"href":"https:\/\/internacional.umh.es\/en\/wp-json\/wp\/v2\/media?parent=13484"}],"wp:term":[{"taxonomy":"category","embeddable":true,"href":"https:\/\/internacional.umh.es\/en\/wp-json\/wp\/v2\/categories?post=13484"},{"taxonomy":"post_tag","embeddable":true,"href":"https:\/\/internacional.umh.es\/en\/wp-json\/wp\/v2\/tags?post=13484"}],"curies":[{"name":"wp","href":"https:\/\/api.w.org\/{rel}","templated":true}]}}