{"id":14036,"date":"2019-12-17T10:43:33","date_gmt":"2019-12-17T09:43:33","guid":{"rendered":"https:\/\/internacional.umh.es\/?p=14036"},"modified":"2019-12-17T12:33:48","modified_gmt":"2019-12-17T11:33:48","slug":"la-umh-renueva-acuerdos-con-universidades-peruanas-2","status":"publish","type":"post","link":"https:\/\/internacional.umh.es\/en\/2019\/12\/17\/la-umh-renueva-acuerdos-con-universidades-peruanas-2\/","title":{"rendered":"UMH STRENGTHENS ACADEMIC LINKS WITH PERUVIAN UNIVERSITIES"},"content":{"rendered":"<p><\/p>\n<p style=\"text-align: justify\"><a href=\"https:\/\/internacional.umh.es\/files\/2019\/12\/IMG_8098.jpg\"><img loading=\"lazy\" class=\"wp-image-14030 alignleft\" src=\"https:\/\/internacional.umh.es\/files\/2019\/12\/IMG_8098.jpg\" alt=\"\" width=\"287\" height=\"214\" srcset=\"https:\/\/internacional.umh.es\/files\/2019\/12\/IMG_8098.jpg 2016w, https:\/\/internacional.umh.es\/files\/2019\/12\/IMG_8098-300x225.jpg 300w, https:\/\/internacional.umh.es\/files\/2019\/12\/IMG_8098-768x576.jpg 768w, https:\/\/internacional.umh.es\/files\/2019\/12\/IMG_8098-1024x768.jpg 1024w\" sizes=\"(max-width: 287px) 100vw, 287px\" \/><\/a>Associate professor and Ibero-America Espejo Program Director at the Miguel Hern\u00e1ndez University of Elche (UMH), Joaqu\u00edn Juli\u00e1n Pastor P\u00e9rez, has traveled to the National Agrarian University &#8211; La Molina (UNALM) of Peru to renew for four years the five dual doctorates the UMH maintains with that South American university. Right now, there are three UNALM faculty enrolled in dual doctorate programs at the School of Engineering of Orihuela. Furthermore, during the previous four years, the UMH has received more than 50 UNALM students.<\/p>\n<p style=\"text-align: justify\">During his stay, the UMH professor participated in the inaugural National Congress of the Peruvian Network of Public University Graduate Schools. Attendants at this congress included managers of graduate schools at 21 Peruvian public universities. At the event, Pastor presented the inaugural conference, entitled \u201cInternationalization Processes of Masters and Doctorates at the Miguel Hern\u00e1ndez University of Elche, Spain, in Latin America. Graduate Training, Research Structures, and Scientific Productivity.\u201d Since this event, eight universities have contacted the UMH to explore future agreements and set graduate-level programs in motion with the Elche university.<\/p>\n<p><a href=\"https:\/\/internacional.umh.es\/files\/2019\/11\/IMG_2502.jpg\"><img loading=\"lazy\" class=\"wp-image-14031 aligncenter\" src=\"https:\/\/internacional.umh.es\/files\/2019\/11\/IMG_2502.jpg\" alt=\"\" width=\"239\" height=\"179\" srcset=\"https:\/\/internacional.umh.es\/files\/2019\/11\/IMG_2502.jpg 2016w, https:\/\/internacional.umh.es\/files\/2019\/11\/IMG_2502-300x225.jpg 300w, https:\/\/internacional.umh.es\/files\/2019\/11\/IMG_2502-768x576.jpg 768w, https:\/\/internacional.umh.es\/files\/2019\/11\/IMG_2502-1024x768.jpg 1024w\" sizes=\"(max-width: 239px) 100vw, 239px\" \/><\/a><\/p>","protected":false},"excerpt":{"rendered":"<p>Associate professor and Ibero-America Espejo Program Director at the Miguel Hern\u00e1ndez University of Elche (UMH), Joaqu\u00edn Juli\u00e1n Pastor P\u00e9rez, has traveled to the National Agrarian University &#8211; La Molina (UNALM) of Peru to renew for four years the five dual doctorates the UMH maintains with that South American university. Right now, there are three UNALM [&#8230;]<\/p>\n","protected":false},"author":4274,"featured_media":0,"comment_status":"closed","ping_status":"closed","sticky":false,"template":"","format":"standard","meta":{"ngg_post_thumbnail":0,"_links_to":"","_links_to_target":""},"categories":[283],"tags":[284935,73385],"yoast_head":"<!-- This site is optimized with the Yoast SEO plugin v17.5 - https:\/\/yoast.com\/wordpress\/plugins\/seo\/ -->\n<meta name=\"robots\" content=\"index, follow, max-snippet:-1, max-image-preview:large, max-video-preview:-1\" \/>\n<link rel=\"canonical\" href=\"https:\/\/internacional.umh.es\/en\/2019\/12\/17\/la-umh-renueva-acuerdos-con-universidades-peruanas-2\/\" \/>\n<meta property=\"og:locale\" content=\"en_US\" \/>\n<meta property=\"og:type\" content=\"article\" \/>\n<meta property=\"og:title\" content=\"LA UMH ESTRECHA V\u00cdNCULOS ACAD\u00c9MICOS CON UNIVERSIDADES PERUANASUMH STRENGTHENS ACADEMIC LINKS WITH PERUVIAN UNIVERSITIES - International Relations and Cooperation\" \/>\n<meta property=\"og:description\" content=\"Associate professor and Ibero-America Espejo Program Director at the Miguel Hern\u00e1ndez University of Elche (UMH), Joaqu\u00edn Juli\u00e1n Pastor P\u00e9rez, has traveled to the National Agrarian University &#8211; La Molina (UNALM) of Peru to renew for four years the five dual doctorates the UMH maintains with that South American university. Right now, there are three UNALM [...]\" \/>\n<meta property=\"og:url\" content=\"https:\/\/internacional.umh.es\/2019\/12\/17\/la-umh-renueva-acuerdos-con-universidades-peruanas-2\/\" \/>\n<meta property=\"og:site_name\" content=\"International Relations and Cooperation\" \/>\n<meta property=\"article:published_time\" content=\"2019-12-17T09:43:33+00:00\" \/>\n<meta property=\"article:modified_time\" content=\"2019-12-17T11:33:48+00:00\" \/>\n<meta property=\"og:image\" content=\"https:\/\/internacional.umh.es\/files\/2019\/12\/IMG_8098.jpg\" \/>\n<meta name=\"twitter:card\" content=\"summary_large_image\" \/>\n<meta name=\"twitter:label1\" content=\"Written by\" \/>\n\t<meta name=\"twitter:data1\" content=\"emoreno\" \/>\n\t<meta name=\"twitter:label2\" content=\"Est. reading time\" \/>\n\t<meta name=\"twitter:data2\" content=\"2 minutes\" \/>\n<script type=\"application\/ld+json\" class=\"yoast-schema-graph\">{\"@context\":\"https:\/\/schema.org\",\"@graph\":[{\"@type\":\"WebSite\",\"@id\":\"https:\/\/internacional.umh.es\/en\/#website\",\"url\":\"https:\/\/internacional.umh.es\/en\/\",\"name\":\"International Relations and Cooperation\",\"description\":\"Miguel Hernandez University of Elche\",\"potentialAction\":[{\"@type\":\"SearchAction\",\"target\":{\"@type\":\"EntryPoint\",\"urlTemplate\":\"https:\/\/internacional.umh.es\/en\/?s={search_term_string}\"},\"query-input\":\"required name=search_term_string\"}],\"inLanguage\":\"en-US\"},{\"@type\":\"ImageObject\",\"@id\":\"https:\/\/internacional.umh.es\/2019\/12\/17\/la-umh-renueva-acuerdos-con-universidades-peruanas-2\/#primaryimage\",\"inLanguage\":\"en-US\",\"url\":\"https:\/\/internacional.umh.es\/files\/2019\/12\/IMG_8098.jpg\",\"contentUrl\":\"https:\/\/internacional.umh.es\/files\/2019\/12\/IMG_8098.jpg\",\"width\":2016,\"height\":1512},{\"@type\":\"WebPage\",\"@id\":\"https:\/\/internacional.umh.es\/2019\/12\/17\/la-umh-renueva-acuerdos-con-universidades-peruanas-2\/#webpage\",\"url\":\"https:\/\/internacional.umh.es\/2019\/12\/17\/la-umh-renueva-acuerdos-con-universidades-peruanas-2\/\",\"name\":\"LA UMH ESTRECHA V\\u00cdNCULOS ACAD\\u00c9MICOS CON UNIVERSIDADES PERUANASUMH STRENGTHENS ACADEMIC LINKS WITH PERUVIAN UNIVERSITIES - International Relations and Cooperation\",\"isPartOf\":{\"@id\":\"https:\/\/internacional.umh.es\/en\/#website\"},\"primaryImageOfPage\":{\"@id\":\"https:\/\/internacional.umh.es\/2019\/12\/17\/la-umh-renueva-acuerdos-con-universidades-peruanas-2\/#primaryimage\"},\"datePublished\":\"2019-12-17T09:43:33+00:00\",\"dateModified\":\"2019-12-17T11:33:48+00:00\",\"author\":{\"@id\":\"https:\/\/internacional.umh.es\/en\/#\/schema\/person\/0e6db5a45fc02a9f27d66dd22bddd06e\"},\"breadcrumb\":{\"@id\":\"https:\/\/internacional.umh.es\/2019\/12\/17\/la-umh-renueva-acuerdos-con-universidades-peruanas-2\/#breadcrumb\"},\"inLanguage\":\"en-US\",\"potentialAction\":[{\"@type\":\"ReadAction\",\"target\":[\"https:\/\/internacional.umh.es\/2019\/12\/17\/la-umh-renueva-acuerdos-con-universidades-peruanas-2\/\"]}]},{\"@type\":\"BreadcrumbList\",\"@id\":\"https:\/\/internacional.umh.es\/2019\/12\/17\/la-umh-renueva-acuerdos-con-universidades-peruanas-2\/#breadcrumb\",\"itemListElement\":[{\"@type\":\"ListItem\",\"position\":1,\"name\":\"Home\",\"item\":\"https:\/\/internacional.umh.es\/en\/\"},{\"@type\":\"ListItem\",\"position\":2,\"name\":\"UMH STRENGTHENS ACADEMIC LINKS WITH PERUVIAN UNIVERSITIES\"}]},{\"@type\":\"Person\",\"@id\":\"https:\/\/internacional.umh.es\/en\/#\/schema\/person\/0e6db5a45fc02a9f27d66dd22bddd06e\",\"name\":\"emoreno\",\"image\":{\"@type\":\"ImageObject\",\"@id\":\"https:\/\/internacional.umh.es\/en\/#personlogo\",\"inLanguage\":\"en-US\",\"url\":\"https:\/\/secure.gravatar.com\/avatar\/0536aabb31c3dafcce408c4d467653b9?s=96&d=mm&r=g\",\"contentUrl\":\"https:\/\/secure.gravatar.com\/avatar\/0536aabb31c3dafcce408c4d467653b9?s=96&d=mm&r=g\",\"caption\":\"emoreno\"},\"url\":\"https:\/\/internacional.umh.es\/en\/author\/emoreno\/\"}]}<\/script>\n<!-- \/ Yoast SEO plugin. -->","yoast_head_json":{"robots":{"index":"index","follow":"follow","max-snippet":"max-snippet:-1","max-image-preview":"max-image-preview:large","max-video-preview":"max-video-preview:-1"},"canonical":"https:\/\/internacional.umh.es\/en\/2019\/12\/17\/la-umh-renueva-acuerdos-con-universidades-peruanas-2\/","og_locale":"en_US","og_type":"article","og_title":"LA UMH ESTRECHA V\u00cdNCULOS ACAD\u00c9MICOS CON UNIVERSIDADES PERUANASUMH STRENGTHENS ACADEMIC LINKS WITH PERUVIAN UNIVERSITIES - International Relations and Cooperation","og_description":"Associate professor and Ibero-America Espejo Program Director at the Miguel Hern\u00e1ndez University of Elche (UMH), Joaqu\u00edn Juli\u00e1n Pastor P\u00e9rez, has traveled to the National Agrarian University &#8211; La Molina (UNALM) of Peru to renew for four years the five dual doctorates the UMH maintains with that South American university. Right now, there are three UNALM [...]","og_url":"https:\/\/internacional.umh.es\/2019\/12\/17\/la-umh-renueva-acuerdos-con-universidades-peruanas-2\/","og_site_name":"International Relations and Cooperation","article_published_time":"2019-12-17T09:43:33+00:00","article_modified_time":"2019-12-17T11:33:48+00:00","og_image":[{"url":"https:\/\/internacional.umh.es\/files\/2019\/12\/IMG_8098.jpg"}],"twitter_card":"summary_large_image","twitter_misc":{"Written by":"emoreno","Est. reading time":"2 minutes"},"schema":{"@context":"https:\/\/schema.org","@graph":[{"@type":"WebSite","@id":"https:\/\/internacional.umh.es\/en\/#website","url":"https:\/\/internacional.umh.es\/en\/","name":"International Relations and Cooperation","description":"Miguel Hernandez University of Elche","potentialAction":[{"@type":"SearchAction","target":{"@type":"EntryPoint","urlTemplate":"https:\/\/internacional.umh.es\/en\/?s={search_term_string}"},"query-input":"required name=search_term_string"}],"inLanguage":"en-US"},{"@type":"ImageObject","@id":"https:\/\/internacional.umh.es\/2019\/12\/17\/la-umh-renueva-acuerdos-con-universidades-peruanas-2\/#primaryimage","inLanguage":"en-US","url":"https:\/\/internacional.umh.es\/files\/2019\/12\/IMG_8098.jpg","contentUrl":"https:\/\/internacional.umh.es\/files\/2019\/12\/IMG_8098.jpg","width":2016,"height":1512},{"@type":"WebPage","@id":"https:\/\/internacional.umh.es\/2019\/12\/17\/la-umh-renueva-acuerdos-con-universidades-peruanas-2\/#webpage","url":"https:\/\/internacional.umh.es\/2019\/12\/17\/la-umh-renueva-acuerdos-con-universidades-peruanas-2\/","name":"LA UMH ESTRECHA V\u00cdNCULOS ACAD\u00c9MICOS CON UNIVERSIDADES PERUANASUMH STRENGTHENS ACADEMIC LINKS WITH PERUVIAN UNIVERSITIES - International Relations and Cooperation","isPartOf":{"@id":"https:\/\/internacional.umh.es\/en\/#website"},"primaryImageOfPage":{"@id":"https:\/\/internacional.umh.es\/2019\/12\/17\/la-umh-renueva-acuerdos-con-universidades-peruanas-2\/#primaryimage"},"datePublished":"2019-12-17T09:43:33+00:00","dateModified":"2019-12-17T11:33:48+00:00","author":{"@id":"https:\/\/internacional.umh.es\/en\/#\/schema\/person\/0e6db5a45fc02a9f27d66dd22bddd06e"},"breadcrumb":{"@id":"https:\/\/internacional.umh.es\/2019\/12\/17\/la-umh-renueva-acuerdos-con-universidades-peruanas-2\/#breadcrumb"},"inLanguage":"en-US","potentialAction":[{"@type":"ReadAction","target":["https:\/\/internacional.umh.es\/2019\/12\/17\/la-umh-renueva-acuerdos-con-universidades-peruanas-2\/"]}]},{"@type":"BreadcrumbList","@id":"https:\/\/internacional.umh.es\/2019\/12\/17\/la-umh-renueva-acuerdos-con-universidades-peruanas-2\/#breadcrumb","itemListElement":[{"@type":"ListItem","position":1,"name":"Home","item":"https:\/\/internacional.umh.es\/en\/"},{"@type":"ListItem","position":2,"name":"UMH STRENGTHENS ACADEMIC LINKS WITH PERUVIAN UNIVERSITIES"}]},{"@type":"Person","@id":"https:\/\/internacional.umh.es\/en\/#\/schema\/person\/0e6db5a45fc02a9f27d66dd22bddd06e","name":"emoreno","image":{"@type":"ImageObject","@id":"https:\/\/internacional.umh.es\/en\/#personlogo","inLanguage":"en-US","url":"https:\/\/secure.gravatar.com\/avatar\/0536aabb31c3dafcce408c4d467653b9?s=96&d=mm&r=g","contentUrl":"https:\/\/secure.gravatar.com\/avatar\/0536aabb31c3dafcce408c4d467653b9?s=96&d=mm&r=g","caption":"emoreno"},"url":"https:\/\/internacional.umh.es\/en\/author\/emoreno\/"}]}},"_links":{"self":[{"href":"https:\/\/internacional.umh.es\/en\/wp-json\/wp\/v2\/posts\/14036"}],"collection":[{"href":"https:\/\/internacional.umh.es\/en\/wp-json\/wp\/v2\/posts"}],"about":[{"href":"https:\/\/internacional.umh.es\/en\/wp-json\/wp\/v2\/types\/post"}],"author":[{"embeddable":true,"href":"https:\/\/internacional.umh.es\/en\/wp-json\/wp\/v2\/users\/4274"}],"replies":[{"embeddable":true,"href":"https:\/\/internacional.umh.es\/en\/wp-json\/wp\/v2\/comments?post=14036"}],"version-history":[{"count":0,"href":"https:\/\/internacional.umh.es\/en\/wp-json\/wp\/v2\/posts\/14036\/revisions"}],"wp:attachment":[{"href":"https:\/\/internacional.umh.es\/en\/wp-json\/wp\/v2\/media?parent=14036"}],"wp:term":[{"taxonomy":"category","embeddable":true,"href":"https:\/\/internacional.umh.es\/en\/wp-json\/wp\/v2\/categories?post=14036"},{"taxonomy":"post_tag","embeddable":true,"href":"https:\/\/internacional.umh.es\/en\/wp-json\/wp\/v2\/tags?post=14036"}],"curies":[{"name":"wp","href":"https:\/\/api.w.org\/{rel}","templated":true}]}}