{"id":15539,"date":"2017-10-17T14:24:55","date_gmt":"2017-10-17T12:24:55","guid":{"rendered":"https:\/\/internacional.umh.es\/?p=15539"},"modified":"2020-06-30T14:46:34","modified_gmt":"2020-06-30T12:46:34","slug":"proyecto-cud-capacitacion-en-salud-publica-con-enfoque-de-igualdad-de-genero-para-tecnologos-de-trabajo-social-bajo-el-marco-de-los-ods-en-la-institucion-tecnologica-colegio-mayor-bolivar-de-cart","status":"publish","type":"post","link":"https:\/\/internacional.umh.es\/en\/2017\/10\/17\/proyecto-cud-capacitacion-en-salud-publica-con-enfoque-de-igualdad-de-genero-para-tecnologos-de-trabajo-social-bajo-el-marco-de-los-ods-en-la-institucion-tecnologica-colegio-mayor-bolivar-de-cart\/","title":{"rendered":"<span lang=\"es\">(Espa\u00f1ol) Proyecto (CUD): &#8220;Capacitaci\u00f3n en salud p\u00fablica con enfoque de igualdad de g\u00e9nero para tecn\u00f3logos de trabajo social bajo el marco de los ODS en la Instituci\u00f3n Tecnol\u00f3gica Colegio Mayor Bol\u00edvar de Cartagena de Indias (Colombia)\u201d<\/span>"},"content":{"rendered":"<p class=\"qtranxs-available-languages-message qtranxs-available-languages-message-en\">Sorry, this entry is only available in <a href=\"https:\/\/internacional.umh.es\/es\/wp-json\/wp\/v2\/posts\/15539\" class=\"qtranxs-available-language-link qtranxs-available-language-link-es\" title=\"Espa\u00f1ol\">European Spanish<\/a>.<\/p>","protected":false},"excerpt":{"rendered":"<p>Sorry, this entry is only available in European Spanish.<\/p>\n","protected":false},"author":105,"featured_media":0,"comment_status":"closed","ping_status":"closed","sticky":false,"template":"","format":"standard","meta":{"ngg_post_thumbnail":0,"_links_to":"","_links_to_target":""},"categories":[53429,20504,46075,296002],"tags":[53459,53468],"yoast_head":"<!-- This site is optimized with the Yoast SEO plugin v17.5 - https:\/\/yoast.com\/wordpress\/plugins\/seo\/ -->\n<meta name=\"robots\" content=\"index, follow, max-snippet:-1, max-image-preview:large, max-video-preview:-1\" \/>\n<link rel=\"canonical\" href=\"https:\/\/internacional.umh.es\/en\/2017\/10\/17\/proyecto-cud-capacitacion-en-salud-publica-con-enfoque-de-igualdad-de-genero-para-tecnologos-de-trabajo-social-bajo-el-marco-de-los-ods-en-la-institucion-tecnologica-colegio-mayor-bolivar-de-cart\/\" \/>\n<meta property=\"og:locale\" content=\"en_US\" \/>\n<meta property=\"og:type\" content=\"article\" \/>\n<meta property=\"og:title\" content=\"Proyecto (CUD): &quot;Capacitaci\u00f3n en salud p\u00fablica con enfoque de igualdad de g\u00e9nero para tecn\u00f3logos de trabajo social bajo el marco de los ODS en la Instituci\u00f3n Tecnol\u00f3gica Colegio Mayor Bol\u00edvar de Cartagena de Indias (Colombia)\u201d - International Relations and Cooperation\" \/>\n<meta property=\"og:description\" content=\"Sorry, this entry is only available in European Spanish.\" \/>\n<meta property=\"og:url\" content=\"https:\/\/internacional.umh.es\/ca\/2017\/10\/17\/proyecto-cud-capacitacion-en-salud-publica-con-enfoque-de-igualdad-de-genero-para-tecnologos-de-trabajo-social-bajo-el-marco-de-los-ods-en-la-institucion-tecnologica-colegio-mayor-bolivar-de-cart\/\" \/>\n<meta property=\"og:site_name\" content=\"International Relations and Cooperation\" \/>\n<meta property=\"article:published_time\" content=\"2017-10-17T12:24:55+00:00\" \/>\n<meta property=\"article:modified_time\" content=\"2020-06-30T12:46:34+00:00\" \/>\n<meta name=\"twitter:card\" content=\"summary_large_image\" \/>\n<meta name=\"twitter:label1\" content=\"Written by\" \/>\n\t<meta name=\"twitter:data1\" content=\"Balonga Rodriguez, Rosa Maria\" \/>\n\t<meta name=\"twitter:label2\" content=\"Est. reading time\" \/>\n\t<meta name=\"twitter:data2\" content=\"1 minute\" \/>\n<script type=\"application\/ld+json\" class=\"yoast-schema-graph\">{\"@context\":\"https:\/\/schema.org\",\"@graph\":[{\"@type\":\"WebSite\",\"@id\":\"https:\/\/internacional.umh.es\/en\/#website\",\"url\":\"https:\/\/internacional.umh.es\/en\/\",\"name\":\"International Relations and Cooperation\",\"description\":\"Miguel Hernandez University of Elche\",\"potentialAction\":[{\"@type\":\"SearchAction\",\"target\":{\"@type\":\"EntryPoint\",\"urlTemplate\":\"https:\/\/internacional.umh.es\/en\/?s={search_term_string}\"},\"query-input\":\"required name=search_term_string\"}],\"inLanguage\":\"en-US\"},{\"@type\":\"WebPage\",\"@id\":\"https:\/\/internacional.umh.es\/ca\/2017\/10\/17\/proyecto-cud-capacitacion-en-salud-publica-con-enfoque-de-igualdad-de-genero-para-tecnologos-de-trabajo-social-bajo-el-marco-de-los-ods-en-la-institucion-tecnologica-colegio-mayor-bolivar-de-cart\/#webpage\",\"url\":\"https:\/\/internacional.umh.es\/ca\/2017\/10\/17\/proyecto-cud-capacitacion-en-salud-publica-con-enfoque-de-igualdad-de-genero-para-tecnologos-de-trabajo-social-bajo-el-marco-de-los-ods-en-la-institucion-tecnologica-colegio-mayor-bolivar-de-cart\/\",\"name\":\"Proyecto (CUD): \\\"Capacitaci\\u00f3n en salud p\\u00fablica con enfoque de igualdad de g\\u00e9nero para tecn\\u00f3logos de trabajo social bajo el marco de los ODS en la Instituci\\u00f3n Tecnol\\u00f3gica Colegio Mayor Bol\\u00edvar de Cartagena de Indias (Colombia)\\u201d - International Relations and Cooperation\",\"isPartOf\":{\"@id\":\"https:\/\/internacional.umh.es\/en\/#website\"},\"datePublished\":\"2017-10-17T12:24:55+00:00\",\"dateModified\":\"2020-06-30T12:46:34+00:00\",\"author\":{\"@id\":\"https:\/\/internacional.umh.es\/en\/#\/schema\/person\/321cb176832fb128ea0197093719f10c\"},\"breadcrumb\":{\"@id\":\"https:\/\/internacional.umh.es\/ca\/2017\/10\/17\/proyecto-cud-capacitacion-en-salud-publica-con-enfoque-de-igualdad-de-genero-para-tecnologos-de-trabajo-social-bajo-el-marco-de-los-ods-en-la-institucion-tecnologica-colegio-mayor-bolivar-de-cart\/#breadcrumb\"},\"inLanguage\":\"en-US\",\"potentialAction\":[{\"@type\":\"ReadAction\",\"target\":[\"https:\/\/internacional.umh.es\/ca\/2017\/10\/17\/proyecto-cud-capacitacion-en-salud-publica-con-enfoque-de-igualdad-de-genero-para-tecnologos-de-trabajo-social-bajo-el-marco-de-los-ods-en-la-institucion-tecnologica-colegio-mayor-bolivar-de-cart\/\"]}]},{\"@type\":\"BreadcrumbList\",\"@id\":\"https:\/\/internacional.umh.es\/ca\/2017\/10\/17\/proyecto-cud-capacitacion-en-salud-publica-con-enfoque-de-igualdad-de-genero-para-tecnologos-de-trabajo-social-bajo-el-marco-de-los-ods-en-la-institucion-tecnologica-colegio-mayor-bolivar-de-cart\/#breadcrumb\",\"itemListElement\":[{\"@type\":\"ListItem\",\"position\":1,\"name\":\"Home\",\"item\":\"https:\/\/internacional.umh.es\/en\/\"},{\"@type\":\"ListItem\",\"position\":2,\"name\":\"(Espa\\u00f1ol) Proyecto (CUD): &#8220;Capacitaci\\u00f3n en salud p\\u00fablica con enfoque de igualdad de g\\u00e9nero para tecn\\u00f3logos de trabajo social bajo el marco de los ODS en la Instituci\\u00f3n Tecnol\\u00f3gica Colegio Mayor Bol\\u00edvar de Cartagena de Indias (Colombia)\\u201d\"}]},{\"@type\":\"Person\",\"@id\":\"https:\/\/internacional.umh.es\/en\/#\/schema\/person\/321cb176832fb128ea0197093719f10c\",\"name\":\"Balonga Rodriguez, Rosa Maria\",\"image\":{\"@type\":\"ImageObject\",\"@id\":\"https:\/\/internacional.umh.es\/en\/#personlogo\",\"inLanguage\":\"en-US\",\"url\":\"https:\/\/secure.gravatar.com\/avatar\/392ac6e3744e4aa0bc4418828cab5055?s=96&d=mm&r=g\",\"contentUrl\":\"https:\/\/secure.gravatar.com\/avatar\/392ac6e3744e4aa0bc4418828cab5055?s=96&d=mm&r=g\",\"caption\":\"Balonga Rodriguez, Rosa Maria\"},\"url\":\"https:\/\/internacional.umh.es\/en\/author\/rmbalonga\/\"}]}<\/script>\n<!-- \/ Yoast SEO plugin. -->","yoast_head_json":{"robots":{"index":"index","follow":"follow","max-snippet":"max-snippet:-1","max-image-preview":"max-image-preview:large","max-video-preview":"max-video-preview:-1"},"canonical":"https:\/\/internacional.umh.es\/en\/2017\/10\/17\/proyecto-cud-capacitacion-en-salud-publica-con-enfoque-de-igualdad-de-genero-para-tecnologos-de-trabajo-social-bajo-el-marco-de-los-ods-en-la-institucion-tecnologica-colegio-mayor-bolivar-de-cart\/","og_locale":"en_US","og_type":"article","og_title":"Proyecto (CUD): \"Capacitaci\u00f3n en salud p\u00fablica con enfoque de igualdad de g\u00e9nero para tecn\u00f3logos de trabajo social bajo el marco de los ODS en la Instituci\u00f3n Tecnol\u00f3gica Colegio Mayor Bol\u00edvar de Cartagena de Indias (Colombia)\u201d - International Relations and Cooperation","og_description":"Sorry, this entry is only available in European Spanish.","og_url":"https:\/\/internacional.umh.es\/ca\/2017\/10\/17\/proyecto-cud-capacitacion-en-salud-publica-con-enfoque-de-igualdad-de-genero-para-tecnologos-de-trabajo-social-bajo-el-marco-de-los-ods-en-la-institucion-tecnologica-colegio-mayor-bolivar-de-cart\/","og_site_name":"International Relations and Cooperation","article_published_time":"2017-10-17T12:24:55+00:00","article_modified_time":"2020-06-30T12:46:34+00:00","twitter_card":"summary_large_image","twitter_misc":{"Written by":"Balonga Rodriguez, Rosa Maria","Est. reading time":"1 minute"},"schema":{"@context":"https:\/\/schema.org","@graph":[{"@type":"WebSite","@id":"https:\/\/internacional.umh.es\/en\/#website","url":"https:\/\/internacional.umh.es\/en\/","name":"International Relations and Cooperation","description":"Miguel Hernandez University of Elche","potentialAction":[{"@type":"SearchAction","target":{"@type":"EntryPoint","urlTemplate":"https:\/\/internacional.umh.es\/en\/?s={search_term_string}"},"query-input":"required name=search_term_string"}],"inLanguage":"en-US"},{"@type":"WebPage","@id":"https:\/\/internacional.umh.es\/ca\/2017\/10\/17\/proyecto-cud-capacitacion-en-salud-publica-con-enfoque-de-igualdad-de-genero-para-tecnologos-de-trabajo-social-bajo-el-marco-de-los-ods-en-la-institucion-tecnologica-colegio-mayor-bolivar-de-cart\/#webpage","url":"https:\/\/internacional.umh.es\/ca\/2017\/10\/17\/proyecto-cud-capacitacion-en-salud-publica-con-enfoque-de-igualdad-de-genero-para-tecnologos-de-trabajo-social-bajo-el-marco-de-los-ods-en-la-institucion-tecnologica-colegio-mayor-bolivar-de-cart\/","name":"Proyecto (CUD): \"Capacitaci\u00f3n en salud p\u00fablica con enfoque de igualdad de g\u00e9nero para tecn\u00f3logos de trabajo social bajo el marco de los ODS en la Instituci\u00f3n Tecnol\u00f3gica Colegio Mayor Bol\u00edvar de Cartagena de Indias (Colombia)\u201d - International Relations and Cooperation","isPartOf":{"@id":"https:\/\/internacional.umh.es\/en\/#website"},"datePublished":"2017-10-17T12:24:55+00:00","dateModified":"2020-06-30T12:46:34+00:00","author":{"@id":"https:\/\/internacional.umh.es\/en\/#\/schema\/person\/321cb176832fb128ea0197093719f10c"},"breadcrumb":{"@id":"https:\/\/internacional.umh.es\/ca\/2017\/10\/17\/proyecto-cud-capacitacion-en-salud-publica-con-enfoque-de-igualdad-de-genero-para-tecnologos-de-trabajo-social-bajo-el-marco-de-los-ods-en-la-institucion-tecnologica-colegio-mayor-bolivar-de-cart\/#breadcrumb"},"inLanguage":"en-US","potentialAction":[{"@type":"ReadAction","target":["https:\/\/internacional.umh.es\/ca\/2017\/10\/17\/proyecto-cud-capacitacion-en-salud-publica-con-enfoque-de-igualdad-de-genero-para-tecnologos-de-trabajo-social-bajo-el-marco-de-los-ods-en-la-institucion-tecnologica-colegio-mayor-bolivar-de-cart\/"]}]},{"@type":"BreadcrumbList","@id":"https:\/\/internacional.umh.es\/ca\/2017\/10\/17\/proyecto-cud-capacitacion-en-salud-publica-con-enfoque-de-igualdad-de-genero-para-tecnologos-de-trabajo-social-bajo-el-marco-de-los-ods-en-la-institucion-tecnologica-colegio-mayor-bolivar-de-cart\/#breadcrumb","itemListElement":[{"@type":"ListItem","position":1,"name":"Home","item":"https:\/\/internacional.umh.es\/en\/"},{"@type":"ListItem","position":2,"name":"(Espa\u00f1ol) Proyecto (CUD): &#8220;Capacitaci\u00f3n en salud p\u00fablica con enfoque de igualdad de g\u00e9nero para tecn\u00f3logos de trabajo social bajo el marco de los ODS en la Instituci\u00f3n Tecnol\u00f3gica Colegio Mayor Bol\u00edvar de Cartagena de Indias (Colombia)\u201d"}]},{"@type":"Person","@id":"https:\/\/internacional.umh.es\/en\/#\/schema\/person\/321cb176832fb128ea0197093719f10c","name":"Balonga Rodriguez, Rosa Maria","image":{"@type":"ImageObject","@id":"https:\/\/internacional.umh.es\/en\/#personlogo","inLanguage":"en-US","url":"https:\/\/secure.gravatar.com\/avatar\/392ac6e3744e4aa0bc4418828cab5055?s=96&d=mm&r=g","contentUrl":"https:\/\/secure.gravatar.com\/avatar\/392ac6e3744e4aa0bc4418828cab5055?s=96&d=mm&r=g","caption":"Balonga Rodriguez, Rosa Maria"},"url":"https:\/\/internacional.umh.es\/en\/author\/rmbalonga\/"}]}},"_links":{"self":[{"href":"https:\/\/internacional.umh.es\/en\/wp-json\/wp\/v2\/posts\/15539"}],"collection":[{"href":"https:\/\/internacional.umh.es\/en\/wp-json\/wp\/v2\/posts"}],"about":[{"href":"https:\/\/internacional.umh.es\/en\/wp-json\/wp\/v2\/types\/post"}],"author":[{"embeddable":true,"href":"https:\/\/internacional.umh.es\/en\/wp-json\/wp\/v2\/users\/105"}],"replies":[{"embeddable":true,"href":"https:\/\/internacional.umh.es\/en\/wp-json\/wp\/v2\/comments?post=15539"}],"version-history":[{"count":0,"href":"https:\/\/internacional.umh.es\/en\/wp-json\/wp\/v2\/posts\/15539\/revisions"}],"wp:attachment":[{"href":"https:\/\/internacional.umh.es\/en\/wp-json\/wp\/v2\/media?parent=15539"}],"wp:term":[{"taxonomy":"category","embeddable":true,"href":"https:\/\/internacional.umh.es\/en\/wp-json\/wp\/v2\/categories?post=15539"},{"taxonomy":"post_tag","embeddable":true,"href":"https:\/\/internacional.umh.es\/en\/wp-json\/wp\/v2\/tags?post=15539"}],"curies":[{"name":"wp","href":"https:\/\/api.w.org\/{rel}","templated":true}]}}