{"id":17607,"date":"2020-12-17T10:00:42","date_gmt":"2020-12-17T09:00:42","guid":{"rendered":"https:\/\/internacional.umh.es\/?p=17607"},"modified":"2021-02-03T14:32:42","modified_gmt":"2021-02-03T13:32:42","slug":"curso-semipresencial-sostenibilidad-ambiental-desde-la-vision-de-los-ods","status":"publish","type":"post","link":"https:\/\/internacional.umh.es\/en\/2020\/12\/17\/curso-semipresencial-sostenibilidad-ambiental-desde-la-vision-de-los-ods\/","title":{"rendered":"Blended Course on Environmental Sustainability from the SDG Point of View"},"content":{"rendered":"<p><\/p>\n<p style=\"text-align: justify\"><strong><a href=\"https:\/\/internacional.umh.es\/files\/2020\/12\/Taller-_Oportunidades-de-financiaci\u00f3n-de-proyectos-de-cooperaci\u00f3n-al-desarrollo_.png\"><img loading=\"lazy\" class=\"size-medium wp-image-17610 alignleft\" src=\"https:\/\/internacional.umh.es\/files\/2020\/12\/Taller-_Oportunidades-de-financiaci\u00f3n-de-proyectos-de-cooperaci\u00f3n-al-desarrollo_-300x300.png\" alt=\"\" width=\"300\" height=\"300\" srcset=\"https:\/\/internacional.umh.es\/files\/2020\/12\/Taller-_Oportunidades-de-financiaci\u00f3n-de-proyectos-de-cooperaci\u00f3n-al-desarrollo_-300x300.png 300w, https:\/\/internacional.umh.es\/files\/2020\/12\/Taller-_Oportunidades-de-financiaci\u00f3n-de-proyectos-de-cooperaci\u00f3n-al-desarrollo_-150x150.png 150w, https:\/\/internacional.umh.es\/files\/2020\/12\/Taller-_Oportunidades-de-financiaci\u00f3n-de-proyectos-de-cooperaci\u00f3n-al-desarrollo_-768x768.png 768w, https:\/\/internacional.umh.es\/files\/2020\/12\/Taller-_Oportunidades-de-financiaci\u00f3n-de-proyectos-de-cooperaci\u00f3n-al-desarrollo_-1024x1024.png 1024w, https:\/\/internacional.umh.es\/files\/2020\/12\/Taller-_Oportunidades-de-financiaci\u00f3n-de-proyectos-de-cooperaci\u00f3n-al-desarrollo_-32x32.png 32w, https:\/\/internacional.umh.es\/files\/2020\/12\/Taller-_Oportunidades-de-financiaci\u00f3n-de-proyectos-de-cooperaci\u00f3n-al-desarrollo_-64x64.png 64w, https:\/\/internacional.umh.es\/files\/2020\/12\/Taller-_Oportunidades-de-financiaci\u00f3n-de-proyectos-de-cooperaci\u00f3n-al-desarrollo_-96x96.png 96w, https:\/\/internacional.umh.es\/files\/2020\/12\/Taller-_Oportunidades-de-financiaci\u00f3n-de-proyectos-de-cooperaci\u00f3n-al-desarrollo_-128x128.png 128w, https:\/\/internacional.umh.es\/files\/2020\/12\/Taller-_Oportunidades-de-financiaci\u00f3n-de-proyectos-de-cooperaci\u00f3n-al-desarrollo_.png 1080w\" sizes=\"(max-width: 300px) 100vw, 300px\" \/><\/a><\/strong>The registration period for the Environmental Sustainability from the SDG Point of View course, set for February 1-3, 2021, is now open. This course has a blended format, with both face-to-face and virtual components. The course program may be consulted at the following link:<\/p>\n<p style=\"text-align: justify\"><a href=\"https:\/\/internacional.umh.es\/files\/2020\/12\/Planificacion-Curso-formativo-ODS-y-Medio-Ambiente-del-1-al-3-de-febrero-1.pdf\">Environmental Sustainability from the SDG Point of View course program<\/a><\/p>\n<p style=\"text-align: justify\">This course addresses understanding and assessing the importance of fulfilling the Sustainable Development Goals related to environmental sustainability, carrying out actions to achieve them within university settings, and becoming able to transmit and spread the importance of fulfilling the SDG to transform the world.<\/p>\n<p style=\"text-align: justify\">Registration for this course is free, and applicants are admitted in the order that they register for it. If you are interesting in participating, open the below link, click the <em>COOPERACI\u00d3N AL DESARROLLO Y VOLUNTARIADO<\/em> option in <em>Tipo de ense\u00f1anza<\/em>, then click <em>Sostenibilidad ambiental desde la vision de los ODS<\/em> from <em>Ense\u00f1anza<\/em>. &nbsp;&nbsp;&nbsp;<\/p>\n<p style=\"text-align: justify\"><a href=\"http:\/\/universite.umh.es\/fpogestion\/aspx\/Preinscripcion\/Preinscripcion.aspx\">Link for the Environmental sustainability from the SDG Perspective course<\/a><\/p>\n<p style=\"text-align: justify\">This course is included within the catalog of activities whose participation is recognized with transversal credits. Upon conclusion, participants visit a UMH campus management center (CEGECA) for their recognition.<\/p>\n<p style=\"text-align: justify\">This event forms part of the UMH Development Cooperation and Volunteerism program that is supported financially by the Directorate General of Cooperation and Solidarity at the Conselleria of Transparency, Social Responsibility, Participation and Cooperation of the Generalitat Valenciana.<\/p>\n<p><\/p>","protected":false},"excerpt":{"rendered":"<p>The registration period for the Environmental Sustainability from the SDG Point of View course, set for February 1-3, 2021, is now open. This course has a blended format, with both face-to-face and virtual components. The course program may be consulted at the following link:<br \/>\nEnvironmental Sustainability from the SDG Point of View course program<br \/>\nThis course addresses [&#8230;]<\/p>\n","protected":false},"author":5216,"featured_media":0,"comment_status":"closed","ping_status":"closed","sticky":false,"template":"","format":"standard","meta":{"ngg_post_thumbnail":0,"_links_to":"","_links_to_target":""},"categories":[20504,164,20486,20482],"tags":[286874],"yoast_head":"<!-- This site is optimized with the Yoast SEO plugin v17.5 - https:\/\/yoast.com\/wordpress\/plugins\/seo\/ -->\n<meta name=\"robots\" content=\"index, follow, max-snippet:-1, max-image-preview:large, max-video-preview:-1\" \/>\n<link rel=\"canonical\" href=\"https:\/\/internacional.umh.es\/en\/2020\/12\/17\/curso-semipresencial-sostenibilidad-ambiental-desde-la-vision-de-los-ods\/\" \/>\n<meta property=\"og:locale\" content=\"en_US\" \/>\n<meta property=\"og:type\" content=\"article\" \/>\n<meta property=\"og:title\" content=\"CURSO SEMIPRESENCIAL, SOSTENIBILIDAD AMBIENTAL DESDE LA VISI\u00d3N DE LOS ODSCurs semipresencial: sostenibilidad ambiental desde la visi\u00f3 dels ODSBlended Course on Environmental Sustainability from the SDG Point of View - International Relations and Cooperation\" \/>\n<meta property=\"og:description\" content=\"The registration period for the Environmental Sustainability from the SDG Point of View course, set for February 1-3, 2021, is now open. This course has a blended format, with both face-to-face and virtual components. The course program may be consulted at the following link: Environmental Sustainability from the SDG Point of View course program This course addresses [...]\" \/>\n<meta property=\"og:url\" content=\"https:\/\/internacional.umh.es\/en\/2020\/12\/17\/curso-semipresencial-sostenibilidad-ambiental-desde-la-vision-de-los-ods\/\" \/>\n<meta property=\"og:site_name\" content=\"International Relations and Cooperation\" \/>\n<meta property=\"article:published_time\" content=\"2020-12-17T09:00:42+00:00\" \/>\n<meta property=\"article:modified_time\" content=\"2021-02-03T13:32:42+00:00\" \/>\n<meta property=\"og:image\" content=\"https:\/\/internacional.umh.es\/files\/2020\/12\/Taller-_Oportunidades-de-financiaci\u00f3n-de-proyectos-de-cooperaci\u00f3n-al-desarrollo_-300x300.png\" \/>\n<meta name=\"twitter:card\" content=\"summary_large_image\" \/>\n<meta name=\"twitter:label1\" content=\"Written by\" \/>\n\t<meta name=\"twitter:data1\" content=\"vgodoy\" \/>\n\t<meta name=\"twitter:label2\" content=\"Est. reading time\" \/>\n\t<meta name=\"twitter:data2\" content=\"2 minutes\" \/>\n<script type=\"application\/ld+json\" class=\"yoast-schema-graph\">{\"@context\":\"https:\/\/schema.org\",\"@graph\":[{\"@type\":\"WebSite\",\"@id\":\"https:\/\/internacional.umh.es\/en\/#website\",\"url\":\"https:\/\/internacional.umh.es\/en\/\",\"name\":\"International Relations and Cooperation\",\"description\":\"Miguel Hernandez University of Elche\",\"potentialAction\":[{\"@type\":\"SearchAction\",\"target\":{\"@type\":\"EntryPoint\",\"urlTemplate\":\"https:\/\/internacional.umh.es\/en\/?s={search_term_string}\"},\"query-input\":\"required name=search_term_string\"}],\"inLanguage\":\"en-US\"},{\"@type\":\"ImageObject\",\"@id\":\"https:\/\/internacional.umh.es\/en\/2020\/12\/17\/curso-semipresencial-sostenibilidad-ambiental-desde-la-vision-de-los-ods\/#primaryimage\",\"inLanguage\":\"en-US\",\"url\":\"https:\/\/internacional.umh.es\/files\/2020\/12\/Taller-_Oportunidades-de-financiaci\\u00f3n-de-proyectos-de-cooperaci\\u00f3n-al-desarrollo_.png\",\"contentUrl\":\"https:\/\/internacional.umh.es\/files\/2020\/12\/Taller-_Oportunidades-de-financiaci\\u00f3n-de-proyectos-de-cooperaci\\u00f3n-al-desarrollo_.png\",\"width\":1080,\"height\":1080,\"caption\":\"Curso sostenibilidad ambiental desde la visi\\u00f3n de los ODS\"},{\"@type\":\"WebPage\",\"@id\":\"https:\/\/internacional.umh.es\/en\/2020\/12\/17\/curso-semipresencial-sostenibilidad-ambiental-desde-la-vision-de-los-ods\/#webpage\",\"url\":\"https:\/\/internacional.umh.es\/en\/2020\/12\/17\/curso-semipresencial-sostenibilidad-ambiental-desde-la-vision-de-los-ods\/\",\"name\":\"CURSO SEMIPRESENCIAL, SOSTENIBILIDAD AMBIENTAL DESDE LA VISI\\u00d3N DE LOS ODSCurs semipresencial: sostenibilidad ambiental desde la visi\\u00f3 dels ODSBlended Course on Environmental Sustainability from the SDG Point of View - International Relations and Cooperation\",\"isPartOf\":{\"@id\":\"https:\/\/internacional.umh.es\/en\/#website\"},\"primaryImageOfPage\":{\"@id\":\"https:\/\/internacional.umh.es\/en\/2020\/12\/17\/curso-semipresencial-sostenibilidad-ambiental-desde-la-vision-de-los-ods\/#primaryimage\"},\"datePublished\":\"2020-12-17T09:00:42+00:00\",\"dateModified\":\"2021-02-03T13:32:42+00:00\",\"author\":{\"@id\":\"https:\/\/internacional.umh.es\/en\/#\/schema\/person\/6b54fc879bc8d5b4ed360472e19cca1d\"},\"breadcrumb\":{\"@id\":\"https:\/\/internacional.umh.es\/en\/2020\/12\/17\/curso-semipresencial-sostenibilidad-ambiental-desde-la-vision-de-los-ods\/#breadcrumb\"},\"inLanguage\":\"en-US\",\"potentialAction\":[{\"@type\":\"ReadAction\",\"target\":[\"https:\/\/internacional.umh.es\/en\/2020\/12\/17\/curso-semipresencial-sostenibilidad-ambiental-desde-la-vision-de-los-ods\/\"]}]},{\"@type\":\"BreadcrumbList\",\"@id\":\"https:\/\/internacional.umh.es\/en\/2020\/12\/17\/curso-semipresencial-sostenibilidad-ambiental-desde-la-vision-de-los-ods\/#breadcrumb\",\"itemListElement\":[{\"@type\":\"ListItem\",\"position\":1,\"name\":\"Home\",\"item\":\"https:\/\/internacional.umh.es\/en\/\"},{\"@type\":\"ListItem\",\"position\":2,\"name\":\"Blended Course on Environmental Sustainability from the SDG Point of View\"}]},{\"@type\":\"Person\",\"@id\":\"https:\/\/internacional.umh.es\/en\/#\/schema\/person\/6b54fc879bc8d5b4ed360472e19cca1d\",\"name\":\"vgodoy\",\"image\":{\"@type\":\"ImageObject\",\"@id\":\"https:\/\/internacional.umh.es\/en\/#personlogo\",\"inLanguage\":\"en-US\",\"url\":\"https:\/\/secure.gravatar.com\/avatar\/5ee02b95215a691c74aac5849d06041e?s=96&d=mm&r=g\",\"contentUrl\":\"https:\/\/secure.gravatar.com\/avatar\/5ee02b95215a691c74aac5849d06041e?s=96&d=mm&r=g\",\"caption\":\"vgodoy\"},\"url\":\"https:\/\/internacional.umh.es\/en\/author\/vgodoy\/\"}]}<\/script>\n<!-- \/ Yoast SEO plugin. -->","yoast_head_json":{"robots":{"index":"index","follow":"follow","max-snippet":"max-snippet:-1","max-image-preview":"max-image-preview:large","max-video-preview":"max-video-preview:-1"},"canonical":"https:\/\/internacional.umh.es\/en\/2020\/12\/17\/curso-semipresencial-sostenibilidad-ambiental-desde-la-vision-de-los-ods\/","og_locale":"en_US","og_type":"article","og_title":"CURSO SEMIPRESENCIAL, SOSTENIBILIDAD AMBIENTAL DESDE LA VISI\u00d3N DE LOS ODSCurs semipresencial: sostenibilidad ambiental desde la visi\u00f3 dels ODSBlended Course on Environmental Sustainability from the SDG Point of View - International Relations and Cooperation","og_description":"The registration period for the Environmental Sustainability from the SDG Point of View course, set for February 1-3, 2021, is now open. This course has a blended format, with both face-to-face and virtual components. The course program may be consulted at the following link: Environmental Sustainability from the SDG Point of View course program This course addresses [...]","og_url":"https:\/\/internacional.umh.es\/en\/2020\/12\/17\/curso-semipresencial-sostenibilidad-ambiental-desde-la-vision-de-los-ods\/","og_site_name":"International Relations and Cooperation","article_published_time":"2020-12-17T09:00:42+00:00","article_modified_time":"2021-02-03T13:32:42+00:00","og_image":[{"url":"https:\/\/internacional.umh.es\/files\/2020\/12\/Taller-_Oportunidades-de-financiaci\u00f3n-de-proyectos-de-cooperaci\u00f3n-al-desarrollo_-300x300.png"}],"twitter_card":"summary_large_image","twitter_misc":{"Written by":"vgodoy","Est. reading time":"2 minutes"},"schema":{"@context":"https:\/\/schema.org","@graph":[{"@type":"WebSite","@id":"https:\/\/internacional.umh.es\/en\/#website","url":"https:\/\/internacional.umh.es\/en\/","name":"International Relations and Cooperation","description":"Miguel Hernandez University of Elche","potentialAction":[{"@type":"SearchAction","target":{"@type":"EntryPoint","urlTemplate":"https:\/\/internacional.umh.es\/en\/?s={search_term_string}"},"query-input":"required name=search_term_string"}],"inLanguage":"en-US"},{"@type":"ImageObject","@id":"https:\/\/internacional.umh.es\/en\/2020\/12\/17\/curso-semipresencial-sostenibilidad-ambiental-desde-la-vision-de-los-ods\/#primaryimage","inLanguage":"en-US","url":"https:\/\/internacional.umh.es\/files\/2020\/12\/Taller-_Oportunidades-de-financiaci\u00f3n-de-proyectos-de-cooperaci\u00f3n-al-desarrollo_.png","contentUrl":"https:\/\/internacional.umh.es\/files\/2020\/12\/Taller-_Oportunidades-de-financiaci\u00f3n-de-proyectos-de-cooperaci\u00f3n-al-desarrollo_.png","width":1080,"height":1080,"caption":"Curso sostenibilidad ambiental desde la visi\u00f3n de los ODS"},{"@type":"WebPage","@id":"https:\/\/internacional.umh.es\/en\/2020\/12\/17\/curso-semipresencial-sostenibilidad-ambiental-desde-la-vision-de-los-ods\/#webpage","url":"https:\/\/internacional.umh.es\/en\/2020\/12\/17\/curso-semipresencial-sostenibilidad-ambiental-desde-la-vision-de-los-ods\/","name":"CURSO SEMIPRESENCIAL, SOSTENIBILIDAD AMBIENTAL DESDE LA VISI\u00d3N DE LOS ODSCurs semipresencial: sostenibilidad ambiental desde la visi\u00f3 dels ODSBlended Course on Environmental Sustainability from the SDG Point of View - International Relations and Cooperation","isPartOf":{"@id":"https:\/\/internacional.umh.es\/en\/#website"},"primaryImageOfPage":{"@id":"https:\/\/internacional.umh.es\/en\/2020\/12\/17\/curso-semipresencial-sostenibilidad-ambiental-desde-la-vision-de-los-ods\/#primaryimage"},"datePublished":"2020-12-17T09:00:42+00:00","dateModified":"2021-02-03T13:32:42+00:00","author":{"@id":"https:\/\/internacional.umh.es\/en\/#\/schema\/person\/6b54fc879bc8d5b4ed360472e19cca1d"},"breadcrumb":{"@id":"https:\/\/internacional.umh.es\/en\/2020\/12\/17\/curso-semipresencial-sostenibilidad-ambiental-desde-la-vision-de-los-ods\/#breadcrumb"},"inLanguage":"en-US","potentialAction":[{"@type":"ReadAction","target":["https:\/\/internacional.umh.es\/en\/2020\/12\/17\/curso-semipresencial-sostenibilidad-ambiental-desde-la-vision-de-los-ods\/"]}]},{"@type":"BreadcrumbList","@id":"https:\/\/internacional.umh.es\/en\/2020\/12\/17\/curso-semipresencial-sostenibilidad-ambiental-desde-la-vision-de-los-ods\/#breadcrumb","itemListElement":[{"@type":"ListItem","position":1,"name":"Home","item":"https:\/\/internacional.umh.es\/en\/"},{"@type":"ListItem","position":2,"name":"Blended Course on Environmental Sustainability from the SDG Point of View"}]},{"@type":"Person","@id":"https:\/\/internacional.umh.es\/en\/#\/schema\/person\/6b54fc879bc8d5b4ed360472e19cca1d","name":"vgodoy","image":{"@type":"ImageObject","@id":"https:\/\/internacional.umh.es\/en\/#personlogo","inLanguage":"en-US","url":"https:\/\/secure.gravatar.com\/avatar\/5ee02b95215a691c74aac5849d06041e?s=96&d=mm&r=g","contentUrl":"https:\/\/secure.gravatar.com\/avatar\/5ee02b95215a691c74aac5849d06041e?s=96&d=mm&r=g","caption":"vgodoy"},"url":"https:\/\/internacional.umh.es\/en\/author\/vgodoy\/"}]}},"_links":{"self":[{"href":"https:\/\/internacional.umh.es\/en\/wp-json\/wp\/v2\/posts\/17607"}],"collection":[{"href":"https:\/\/internacional.umh.es\/en\/wp-json\/wp\/v2\/posts"}],"about":[{"href":"https:\/\/internacional.umh.es\/en\/wp-json\/wp\/v2\/types\/post"}],"author":[{"embeddable":true,"href":"https:\/\/internacional.umh.es\/en\/wp-json\/wp\/v2\/users\/5216"}],"replies":[{"embeddable":true,"href":"https:\/\/internacional.umh.es\/en\/wp-json\/wp\/v2\/comments?post=17607"}],"version-history":[{"count":0,"href":"https:\/\/internacional.umh.es\/en\/wp-json\/wp\/v2\/posts\/17607\/revisions"}],"wp:attachment":[{"href":"https:\/\/internacional.umh.es\/en\/wp-json\/wp\/v2\/media?parent=17607"}],"wp:term":[{"taxonomy":"category","embeddable":true,"href":"https:\/\/internacional.umh.es\/en\/wp-json\/wp\/v2\/categories?post=17607"},{"taxonomy":"post_tag","embeddable":true,"href":"https:\/\/internacional.umh.es\/en\/wp-json\/wp\/v2\/tags?post=17607"}],"curies":[{"name":"wp","href":"https:\/\/api.w.org\/{rel}","templated":true}]}}