{"id":18882,"date":"2018-04-24T09:01:16","date_gmt":"2018-04-24T07:01:16","guid":{"rendered":"https:\/\/internacional.umh.es\/?p=18882"},"modified":"2021-05-04T13:49:49","modified_gmt":"2021-05-04T11:49:49","slug":"curso-necesidad-de-la-igualdad-de-genero-para-transformar-nuestro-mundo","status":"publish","type":"post","link":"https:\/\/internacional.umh.es\/en\/2018\/04\/24\/curso-necesidad-de-la-igualdad-de-genero-para-transformar-nuestro-mundo\/","title":{"rendered":"CURSO NECESIDAD DE LA IGUALDAD DE G\u00c9NERO PARA TRANSFORMAR NUESTRO MUNDO"},"content":{"rendered":"<p class=\"qtranxs-available-languages-message qtranxs-available-languages-message-en\">Sorry, this entry is only available in <a href=\"https:\/\/internacional.umh.es\/es\/wp-json\/wp\/v2\/posts\/18882\" class=\"qtranxs-available-language-link qtranxs-available-language-link-es\" title=\"Espa\u00f1ol\">European Spanish<\/a> and <a href=\"https:\/\/internacional.umh.es\/ca\/wp-json\/wp\/v2\/posts\/18882\" class=\"qtranxs-available-language-link qtranxs-available-language-link-ca\" title=\"Valenci\u00e0\">Catalan<\/a>.<\/p>","protected":false},"excerpt":{"rendered":"<p>Sorry, this entry is only available in European Spanish and Catalan.<\/p>\n","protected":false},"author":3107,"featured_media":0,"comment_status":"closed","ping_status":"closed","sticky":false,"template":"","format":"standard","meta":{"ngg_post_thumbnail":0,"_links_to":"","_links_to_target":""},"categories":[20504,20486],"tags":[68399,247,68948,2105,2104,40897,402442],"yoast_head":"<!-- This site is optimized with the Yoast SEO plugin v17.5 - https:\/\/yoast.com\/wordpress\/plugins\/seo\/ -->\n<meta name=\"description\" content=\"El Curso Necesidad de la igualdad de g\u00e9nero para transformar nuestro mundo, una lucha por erradicar toda forma de discriminaci\u00f3n contra las mujeres y ni\u00f1as\" \/>\n<meta name=\"robots\" content=\"index, follow, max-snippet:-1, max-image-preview:large, max-video-preview:-1\" \/>\n<link rel=\"canonical\" href=\"https:\/\/internacional.umh.es\/en\/2018\/04\/24\/curso-necesidad-de-la-igualdad-de-genero-para-transformar-nuestro-mundo\/\" \/>\n<meta property=\"og:locale\" content=\"en_US\" \/>\n<meta property=\"og:type\" content=\"article\" \/>\n<meta property=\"og:title\" content=\"CURSO NECESIDAD DE LA IGUALDAD DE G\u00c9NERO PARA TRANSFORMAR NUESTRO MUNDOCURS NECESSITAT DE LA IGUALTAT DE G\u00c8NERE PER A TRANSFORMAR EL NOSTRE M\u00d3NCURSO NECESIDAD DE LA IGUALDAD DE G\u00c9NERO PARA TRANSFORMAR NUESTRO MUNDO - International Relations and Cooperation\" \/>\n<meta property=\"og:description\" content=\"El Curso Necesidad de la igualdad de g\u00e9nero para transformar nuestro mundo, una lucha por erradicar toda forma de discriminaci\u00f3n contra las mujeres y ni\u00f1as\" \/>\n<meta property=\"og:url\" content=\"https:\/\/internacional.umh.es\/en\/2018\/04\/24\/curso-necesidad-de-la-igualdad-de-genero-para-transformar-nuestro-mundo\/\" \/>\n<meta property=\"og:site_name\" content=\"International Relations and Cooperation\" \/>\n<meta property=\"article:published_time\" content=\"2018-04-24T07:01:16+00:00\" \/>\n<meta property=\"article:modified_time\" content=\"2021-05-04T11:49:49+00:00\" \/>\n<meta property=\"og:image\" content=\"https:\/\/internacional.umh.es\/files\/2018\/04\/Cartel-Necesidad-de-Igualdad-de-genero-UMH-212x300.jpg\" \/>\n<meta name=\"twitter:card\" content=\"summary_large_image\" \/>\n<meta name=\"twitter:label1\" content=\"Written by\" \/>\n\t<meta name=\"twitter:data1\" content=\"juan.torresg\" \/>\n\t<meta name=\"twitter:label2\" content=\"Est. reading time\" \/>\n\t<meta name=\"twitter:data2\" content=\"2 minutes\" \/>\n<script type=\"application\/ld+json\" class=\"yoast-schema-graph\">{\"@context\":\"https:\/\/schema.org\",\"@graph\":[{\"@type\":\"WebSite\",\"@id\":\"https:\/\/internacional.umh.es\/en\/#website\",\"url\":\"https:\/\/internacional.umh.es\/en\/\",\"name\":\"International Relations and Cooperation\",\"description\":\"Miguel Hernandez University of Elche\",\"potentialAction\":[{\"@type\":\"SearchAction\",\"target\":{\"@type\":\"EntryPoint\",\"urlTemplate\":\"https:\/\/internacional.umh.es\/en\/?s={search_term_string}\"},\"query-input\":\"required name=search_term_string\"}],\"inLanguage\":\"en-US\"},{\"@type\":\"ImageObject\",\"@id\":\"https:\/\/internacional.umh.es\/en\/2018\/04\/24\/curso-necesidad-de-la-igualdad-de-genero-para-transformar-nuestro-mundo\/#primaryimage\",\"inLanguage\":\"en-US\",\"url\":\"https:\/\/internacional.umh.es\/files\/2018\/04\/Cartel-Necesidad-de-Igualdad-de-genero-UMH.jpg\",\"contentUrl\":\"https:\/\/internacional.umh.es\/files\/2018\/04\/Cartel-Necesidad-de-Igualdad-de-genero-UMH.jpg\",\"width\":566,\"height\":800,\"caption\":\"Cartel Necesidad de Igualdad de g\\u00e9nero UMH\"},{\"@type\":\"WebPage\",\"@id\":\"https:\/\/internacional.umh.es\/en\/2018\/04\/24\/curso-necesidad-de-la-igualdad-de-genero-para-transformar-nuestro-mundo\/#webpage\",\"url\":\"https:\/\/internacional.umh.es\/en\/2018\/04\/24\/curso-necesidad-de-la-igualdad-de-genero-para-transformar-nuestro-mundo\/\",\"name\":\"CURSO NECESIDAD DE LA IGUALDAD DE G\\u00c9NERO PARA TRANSFORMAR NUESTRO MUNDOCURS NECESSITAT DE LA IGUALTAT DE G\\u00c8NERE PER A TRANSFORMAR EL NOSTRE M\\u00d3NCURSO NECESIDAD DE LA IGUALDAD DE G\\u00c9NERO PARA TRANSFORMAR NUESTRO MUNDO - International Relations and Cooperation\",\"isPartOf\":{\"@id\":\"https:\/\/internacional.umh.es\/en\/#website\"},\"primaryImageOfPage\":{\"@id\":\"https:\/\/internacional.umh.es\/en\/2018\/04\/24\/curso-necesidad-de-la-igualdad-de-genero-para-transformar-nuestro-mundo\/#primaryimage\"},\"datePublished\":\"2018-04-24T07:01:16+00:00\",\"dateModified\":\"2021-05-04T11:49:49+00:00\",\"author\":{\"@id\":\"https:\/\/internacional.umh.es\/en\/#\/schema\/person\/b5eb1c3427fa071575e2067be339abff\"},\"description\":\"El Curso Necesidad de la igualdad de g\\u00e9nero para transformar nuestro mundo, una lucha por erradicar toda forma de discriminaci\\u00f3n contra las mujeres y ni\\u00f1as\",\"breadcrumb\":{\"@id\":\"https:\/\/internacional.umh.es\/en\/2018\/04\/24\/curso-necesidad-de-la-igualdad-de-genero-para-transformar-nuestro-mundo\/#breadcrumb\"},\"inLanguage\":\"en-US\",\"potentialAction\":[{\"@type\":\"ReadAction\",\"target\":[\"https:\/\/internacional.umh.es\/en\/2018\/04\/24\/curso-necesidad-de-la-igualdad-de-genero-para-transformar-nuestro-mundo\/\"]}]},{\"@type\":\"BreadcrumbList\",\"@id\":\"https:\/\/internacional.umh.es\/en\/2018\/04\/24\/curso-necesidad-de-la-igualdad-de-genero-para-transformar-nuestro-mundo\/#breadcrumb\",\"itemListElement\":[{\"@type\":\"ListItem\",\"position\":1,\"name\":\"Home\",\"item\":\"https:\/\/internacional.umh.es\/en\/\"},{\"@type\":\"ListItem\",\"position\":2,\"name\":\"CURSO NECESIDAD DE LA IGUALDAD DE G\\u00c9NERO PARA TRANSFORMAR NUESTRO MUNDO\"}]},{\"@type\":\"Person\",\"@id\":\"https:\/\/internacional.umh.es\/en\/#\/schema\/person\/b5eb1c3427fa071575e2067be339abff\",\"name\":\"juan.torresg\",\"image\":{\"@type\":\"ImageObject\",\"@id\":\"https:\/\/internacional.umh.es\/en\/#personlogo\",\"inLanguage\":\"en-US\",\"url\":\"https:\/\/secure.gravatar.com\/avatar\/2d49f32f8cb81918e740433e7190ba39?s=96&d=mm&r=g\",\"contentUrl\":\"https:\/\/secure.gravatar.com\/avatar\/2d49f32f8cb81918e740433e7190ba39?s=96&d=mm&r=g\",\"caption\":\"juan.torresg\"},\"url\":\"https:\/\/internacional.umh.es\/en\/author\/juan-torresg\/\"}]}<\/script>\n<!-- \/ Yoast SEO plugin. -->","yoast_head_json":{"description":"El Curso Necesidad de la igualdad de g\u00e9nero para transformar nuestro mundo, una lucha por erradicar toda forma de discriminaci\u00f3n contra las mujeres y ni\u00f1as","robots":{"index":"index","follow":"follow","max-snippet":"max-snippet:-1","max-image-preview":"max-image-preview:large","max-video-preview":"max-video-preview:-1"},"canonical":"https:\/\/internacional.umh.es\/en\/2018\/04\/24\/curso-necesidad-de-la-igualdad-de-genero-para-transformar-nuestro-mundo\/","og_locale":"en_US","og_type":"article","og_title":"CURSO NECESIDAD DE LA IGUALDAD DE G\u00c9NERO PARA TRANSFORMAR NUESTRO MUNDOCURS NECESSITAT DE LA IGUALTAT DE G\u00c8NERE PER A TRANSFORMAR EL NOSTRE M\u00d3NCURSO NECESIDAD DE LA IGUALDAD DE G\u00c9NERO PARA TRANSFORMAR NUESTRO MUNDO - International Relations and Cooperation","og_description":"El Curso Necesidad de la igualdad de g\u00e9nero para transformar nuestro mundo, una lucha por erradicar toda forma de discriminaci\u00f3n contra las mujeres y ni\u00f1as","og_url":"https:\/\/internacional.umh.es\/en\/2018\/04\/24\/curso-necesidad-de-la-igualdad-de-genero-para-transformar-nuestro-mundo\/","og_site_name":"International Relations and Cooperation","article_published_time":"2018-04-24T07:01:16+00:00","article_modified_time":"2021-05-04T11:49:49+00:00","og_image":[{"url":"https:\/\/internacional.umh.es\/files\/2018\/04\/Cartel-Necesidad-de-Igualdad-de-genero-UMH-212x300.jpg"}],"twitter_card":"summary_large_image","twitter_misc":{"Written by":"juan.torresg","Est. reading time":"2 minutes"},"schema":{"@context":"https:\/\/schema.org","@graph":[{"@type":"WebSite","@id":"https:\/\/internacional.umh.es\/en\/#website","url":"https:\/\/internacional.umh.es\/en\/","name":"International Relations and Cooperation","description":"Miguel Hernandez University of Elche","potentialAction":[{"@type":"SearchAction","target":{"@type":"EntryPoint","urlTemplate":"https:\/\/internacional.umh.es\/en\/?s={search_term_string}"},"query-input":"required name=search_term_string"}],"inLanguage":"en-US"},{"@type":"ImageObject","@id":"https:\/\/internacional.umh.es\/en\/2018\/04\/24\/curso-necesidad-de-la-igualdad-de-genero-para-transformar-nuestro-mundo\/#primaryimage","inLanguage":"en-US","url":"https:\/\/internacional.umh.es\/files\/2018\/04\/Cartel-Necesidad-de-Igualdad-de-genero-UMH.jpg","contentUrl":"https:\/\/internacional.umh.es\/files\/2018\/04\/Cartel-Necesidad-de-Igualdad-de-genero-UMH.jpg","width":566,"height":800,"caption":"Cartel Necesidad de Igualdad de g\u00e9nero UMH"},{"@type":"WebPage","@id":"https:\/\/internacional.umh.es\/en\/2018\/04\/24\/curso-necesidad-de-la-igualdad-de-genero-para-transformar-nuestro-mundo\/#webpage","url":"https:\/\/internacional.umh.es\/en\/2018\/04\/24\/curso-necesidad-de-la-igualdad-de-genero-para-transformar-nuestro-mundo\/","name":"CURSO NECESIDAD DE LA IGUALDAD DE G\u00c9NERO PARA TRANSFORMAR NUESTRO MUNDOCURS NECESSITAT DE LA IGUALTAT DE G\u00c8NERE PER A TRANSFORMAR EL NOSTRE M\u00d3NCURSO NECESIDAD DE LA IGUALDAD DE G\u00c9NERO PARA TRANSFORMAR NUESTRO MUNDO - International Relations and Cooperation","isPartOf":{"@id":"https:\/\/internacional.umh.es\/en\/#website"},"primaryImageOfPage":{"@id":"https:\/\/internacional.umh.es\/en\/2018\/04\/24\/curso-necesidad-de-la-igualdad-de-genero-para-transformar-nuestro-mundo\/#primaryimage"},"datePublished":"2018-04-24T07:01:16+00:00","dateModified":"2021-05-04T11:49:49+00:00","author":{"@id":"https:\/\/internacional.umh.es\/en\/#\/schema\/person\/b5eb1c3427fa071575e2067be339abff"},"description":"El Curso Necesidad de la igualdad de g\u00e9nero para transformar nuestro mundo, una lucha por erradicar toda forma de discriminaci\u00f3n contra las mujeres y ni\u00f1as","breadcrumb":{"@id":"https:\/\/internacional.umh.es\/en\/2018\/04\/24\/curso-necesidad-de-la-igualdad-de-genero-para-transformar-nuestro-mundo\/#breadcrumb"},"inLanguage":"en-US","potentialAction":[{"@type":"ReadAction","target":["https:\/\/internacional.umh.es\/en\/2018\/04\/24\/curso-necesidad-de-la-igualdad-de-genero-para-transformar-nuestro-mundo\/"]}]},{"@type":"BreadcrumbList","@id":"https:\/\/internacional.umh.es\/en\/2018\/04\/24\/curso-necesidad-de-la-igualdad-de-genero-para-transformar-nuestro-mundo\/#breadcrumb","itemListElement":[{"@type":"ListItem","position":1,"name":"Home","item":"https:\/\/internacional.umh.es\/en\/"},{"@type":"ListItem","position":2,"name":"CURSO NECESIDAD DE LA IGUALDAD DE G\u00c9NERO PARA TRANSFORMAR NUESTRO MUNDO"}]},{"@type":"Person","@id":"https:\/\/internacional.umh.es\/en\/#\/schema\/person\/b5eb1c3427fa071575e2067be339abff","name":"juan.torresg","image":{"@type":"ImageObject","@id":"https:\/\/internacional.umh.es\/en\/#personlogo","inLanguage":"en-US","url":"https:\/\/secure.gravatar.com\/avatar\/2d49f32f8cb81918e740433e7190ba39?s=96&d=mm&r=g","contentUrl":"https:\/\/secure.gravatar.com\/avatar\/2d49f32f8cb81918e740433e7190ba39?s=96&d=mm&r=g","caption":"juan.torresg"},"url":"https:\/\/internacional.umh.es\/en\/author\/juan-torresg\/"}]}},"_links":{"self":[{"href":"https:\/\/internacional.umh.es\/en\/wp-json\/wp\/v2\/posts\/18882"}],"collection":[{"href":"https:\/\/internacional.umh.es\/en\/wp-json\/wp\/v2\/posts"}],"about":[{"href":"https:\/\/internacional.umh.es\/en\/wp-json\/wp\/v2\/types\/post"}],"author":[{"embeddable":true,"href":"https:\/\/internacional.umh.es\/en\/wp-json\/wp\/v2\/users\/3107"}],"replies":[{"embeddable":true,"href":"https:\/\/internacional.umh.es\/en\/wp-json\/wp\/v2\/comments?post=18882"}],"version-history":[{"count":0,"href":"https:\/\/internacional.umh.es\/en\/wp-json\/wp\/v2\/posts\/18882\/revisions"}],"wp:attachment":[{"href":"https:\/\/internacional.umh.es\/en\/wp-json\/wp\/v2\/media?parent=18882"}],"wp:term":[{"taxonomy":"category","embeddable":true,"href":"https:\/\/internacional.umh.es\/en\/wp-json\/wp\/v2\/categories?post=18882"},{"taxonomy":"post_tag","embeddable":true,"href":"https:\/\/internacional.umh.es\/en\/wp-json\/wp\/v2\/tags?post=18882"}],"curies":[{"name":"wp","href":"https:\/\/api.w.org\/{rel}","templated":true}]}}