{"id":22617,"date":"2021-09-23T14:18:57","date_gmt":"2021-09-23T12:18:57","guid":{"rendered":"https:\/\/internacional.umh.es\/?p=22617"},"modified":"2021-09-24T09:36:35","modified_gmt":"2021-09-24T07:36:35","slug":"la-umh-celebra-un-taller-sobre-la-agenda-2030-con-asociaciones-de-la-provincia-de-alicante","status":"publish","type":"post","link":"https:\/\/internacional.umh.es\/en\/2021\/09\/23\/la-umh-celebra-un-taller-sobre-la-agenda-2030-con-asociaciones-de-la-provincia-de-alicante\/","title":{"rendered":"UMH hosts workshop on 2030 Agenda with associations from the Province of Alicante"},"content":{"rendered":"<p><\/p>\n<p style=\"text-align: justify\"><span style=\"font-weight: 400\"><a href=\"https:\/\/internacional.umh.es\/files\/2021\/09\/NP-23_09_2021-taller-asociaciones.jpeg\"><img loading=\"lazy\" class=\"size-medium wp-image-22623 alignleft\" src=\"https:\/\/internacional.umh.es\/files\/2021\/09\/NP-23_09_2021-taller-asociaciones-300x169.jpeg\" alt=\"\" width=\"300\" height=\"169\" srcset=\"https:\/\/internacional.umh.es\/files\/2021\/09\/NP-23_09_2021-taller-asociaciones-300x169.jpeg 300w, https:\/\/internacional.umh.es\/files\/2021\/09\/NP-23_09_2021-taller-asociaciones-768x432.jpeg 768w, https:\/\/internacional.umh.es\/files\/2021\/09\/NP-23_09_2021-taller-asociaciones-1024x576.jpeg 1024w\" sizes=\"(max-width: 300px) 100vw, 300px\" \/><\/a><\/span>The Miguel Hern\u00e1ndez University of Elche (UMH) has held a workshop-meeting with associations from around the Province of Alicante.<\/p>\n<p style=\"text-align: justify\">This workshop, led by Development Cooperation and Volunteerism Director, Juan Jos\u00e9 Ballesta, aimed to show these associations how they can implement the 2030 Agenda, and thus, the Sustainable Development Goals, as well as them reflecting the SDGs in documentation that may later be required by governmental agencies. Moreover, this event also served as a meeting point to strengthen current and future ties of cooperation. &nbsp;&nbsp;<\/p>\n<p style=\"text-align: justify\">Participating associations in this workshop-meeting included Fundaci\u00f3n Elche Acoge, C\u00e1ritas Elche, Fundaci\u00f3n Salud Infantil Elche, Plataforma de Ayuda a Personas Refugiadas de Elche, Plataforma del Voluntariat de la Comunitat Valenciana, Asociaci\u00f3n de Voluntarios ENFERSER, and the Asociaci\u00f3n de Padres de Ni\u00f1os con C\u00e1ncer de la Comunidad Valenciana (ASPANION).<\/p>\n<p><span style=\"font-weight: 400\"><a href=\"https:\/\/internacional.umh.es\/files\/2021\/09\/1632396703730.jpeg\"><img loading=\"lazy\" class=\"size-medium wp-image-22620 aligncenter\" src=\"https:\/\/internacional.umh.es\/files\/2021\/09\/1632396703730-300x169.jpeg\" alt=\"\" width=\"300\" height=\"169\" srcset=\"https:\/\/internacional.umh.es\/files\/2021\/09\/1632396703730-300x169.jpeg 300w, https:\/\/internacional.umh.es\/files\/2021\/09\/1632396703730-768x431.jpeg 768w, https:\/\/internacional.umh.es\/files\/2021\/09\/1632396703730-1024x575.jpeg 1024w\" sizes=\"(max-width: 300px) 100vw, 300px\" \/><\/a><\/span><\/p>","protected":false},"excerpt":{"rendered":"<p>The Miguel Hern\u00e1ndez University of Elche (UMH) has held a workshop-meeting with associations from around the Province of Alicante.<br \/>\nThis workshop, led by Development Cooperation and Volunteerism Director, Juan Jos\u00e9 Ballesta, aimed to show these associations how they can implement the 2030 Agenda, and thus, the Sustainable Development Goals, as well as them reflecting the SDGs [&#8230;]<\/p>\n","protected":false},"author":4886,"featured_media":0,"comment_status":"closed","ping_status":"closed","sticky":false,"template":"","format":"standard","meta":{"ngg_post_thumbnail":0,"_links_to":"","_links_to_target":""},"categories":[20504,46075,164],"tags":[],"yoast_head":"<!-- This site is optimized with the Yoast SEO plugin v17.5 - https:\/\/yoast.com\/wordpress\/plugins\/seo\/ -->\n<meta name=\"robots\" content=\"index, follow, max-snippet:-1, max-image-preview:large, max-video-preview:-1\" \/>\n<link rel=\"canonical\" href=\"https:\/\/internacional.umh.es\/en\/2021\/09\/23\/la-umh-celebra-un-taller-sobre-la-agenda-2030-con-asociaciones-de-la-provincia-de-alicante\/\" \/>\n<meta property=\"og:locale\" content=\"en_US\" \/>\n<meta property=\"og:type\" content=\"article\" \/>\n<meta property=\"og:title\" content=\"LA UMH CELEBRA UN TALLER SOBRE LA AGENDA 2030 CON ASOCIACIONES DE LA PROVINCIA DE ALICANTEUMH hosts workshop on 2030 Agenda with associations from the Province of Alicante - International Relations and Cooperation\" \/>\n<meta property=\"og:description\" content=\"The Miguel Hern\u00e1ndez University of Elche (UMH) has held a workshop-meeting with associations from around the Province of Alicante. This workshop, led by Development Cooperation and Volunteerism Director, Juan Jos\u00e9 Ballesta, aimed to show these associations how they can implement the 2030 Agenda, and thus, the Sustainable Development Goals, as well as them reflecting the SDGs [...]\" \/>\n<meta property=\"og:url\" content=\"https:\/\/internacional.umh.es\/en\/2021\/09\/23\/la-umh-celebra-un-taller-sobre-la-agenda-2030-con-asociaciones-de-la-provincia-de-alicante\/\" \/>\n<meta property=\"og:site_name\" content=\"International Relations and Cooperation\" \/>\n<meta property=\"article:published_time\" content=\"2021-09-23T12:18:57+00:00\" \/>\n<meta property=\"article:modified_time\" content=\"2021-09-24T07:36:35+00:00\" \/>\n<meta property=\"og:image\" content=\"https:\/\/internacional.umh.es\/files\/2021\/09\/NP-23_09_2021-taller-asociaciones-300x169.jpeg\" \/>\n<meta name=\"twitter:card\" content=\"summary_large_image\" \/>\n<meta name=\"twitter:label1\" content=\"Written by\" \/>\n\t<meta name=\"twitter:data1\" content=\"smurillo\" \/>\n\t<meta name=\"twitter:label2\" content=\"Est. reading time\" \/>\n\t<meta name=\"twitter:data2\" content=\"1 minute\" \/>\n<script type=\"application\/ld+json\" class=\"yoast-schema-graph\">{\"@context\":\"https:\/\/schema.org\",\"@graph\":[{\"@type\":\"WebSite\",\"@id\":\"https:\/\/internacional.umh.es\/en\/#website\",\"url\":\"https:\/\/internacional.umh.es\/en\/\",\"name\":\"International Relations and Cooperation\",\"description\":\"Miguel Hernandez University of Elche\",\"potentialAction\":[{\"@type\":\"SearchAction\",\"target\":{\"@type\":\"EntryPoint\",\"urlTemplate\":\"https:\/\/internacional.umh.es\/en\/?s={search_term_string}\"},\"query-input\":\"required name=search_term_string\"}],\"inLanguage\":\"en-US\"},{\"@type\":\"ImageObject\",\"@id\":\"https:\/\/internacional.umh.es\/en\/2021\/09\/23\/la-umh-celebra-un-taller-sobre-la-agenda-2030-con-asociaciones-de-la-provincia-de-alicante\/#primaryimage\",\"inLanguage\":\"en-US\",\"url\":\"https:\/\/internacional.umh.es\/files\/2021\/09\/NP-23_09_2021-taller-asociaciones.jpeg\",\"contentUrl\":\"https:\/\/internacional.umh.es\/files\/2021\/09\/NP-23_09_2021-taller-asociaciones.jpeg\",\"width\":3365,\"height\":1893},{\"@type\":\"WebPage\",\"@id\":\"https:\/\/internacional.umh.es\/en\/2021\/09\/23\/la-umh-celebra-un-taller-sobre-la-agenda-2030-con-asociaciones-de-la-provincia-de-alicante\/#webpage\",\"url\":\"https:\/\/internacional.umh.es\/en\/2021\/09\/23\/la-umh-celebra-un-taller-sobre-la-agenda-2030-con-asociaciones-de-la-provincia-de-alicante\/\",\"name\":\"LA UMH CELEBRA UN TALLER SOBRE LA AGENDA 2030 CON ASOCIACIONES DE LA PROVINCIA DE ALICANTEUMH hosts workshop on 2030 Agenda with associations from the Province of Alicante - International Relations and Cooperation\",\"isPartOf\":{\"@id\":\"https:\/\/internacional.umh.es\/en\/#website\"},\"primaryImageOfPage\":{\"@id\":\"https:\/\/internacional.umh.es\/en\/2021\/09\/23\/la-umh-celebra-un-taller-sobre-la-agenda-2030-con-asociaciones-de-la-provincia-de-alicante\/#primaryimage\"},\"datePublished\":\"2021-09-23T12:18:57+00:00\",\"dateModified\":\"2021-09-24T07:36:35+00:00\",\"author\":{\"@id\":\"https:\/\/internacional.umh.es\/en\/#\/schema\/person\/78c5babbc457df6e3300b14cb25e2097\"},\"breadcrumb\":{\"@id\":\"https:\/\/internacional.umh.es\/en\/2021\/09\/23\/la-umh-celebra-un-taller-sobre-la-agenda-2030-con-asociaciones-de-la-provincia-de-alicante\/#breadcrumb\"},\"inLanguage\":\"en-US\",\"potentialAction\":[{\"@type\":\"ReadAction\",\"target\":[\"https:\/\/internacional.umh.es\/en\/2021\/09\/23\/la-umh-celebra-un-taller-sobre-la-agenda-2030-con-asociaciones-de-la-provincia-de-alicante\/\"]}]},{\"@type\":\"BreadcrumbList\",\"@id\":\"https:\/\/internacional.umh.es\/en\/2021\/09\/23\/la-umh-celebra-un-taller-sobre-la-agenda-2030-con-asociaciones-de-la-provincia-de-alicante\/#breadcrumb\",\"itemListElement\":[{\"@type\":\"ListItem\",\"position\":1,\"name\":\"Home\",\"item\":\"https:\/\/internacional.umh.es\/en\/\"},{\"@type\":\"ListItem\",\"position\":2,\"name\":\"UMH hosts workshop on 2030 Agenda with associations from the Province of Alicante\"}]},{\"@type\":\"Person\",\"@id\":\"https:\/\/internacional.umh.es\/en\/#\/schema\/person\/78c5babbc457df6e3300b14cb25e2097\",\"name\":\"smurillo\",\"image\":{\"@type\":\"ImageObject\",\"@id\":\"https:\/\/internacional.umh.es\/en\/#personlogo\",\"inLanguage\":\"en-US\",\"url\":\"https:\/\/secure.gravatar.com\/avatar\/4d9ea5eb60e211829996b933fcfd12a2?s=96&d=mm&r=g\",\"contentUrl\":\"https:\/\/secure.gravatar.com\/avatar\/4d9ea5eb60e211829996b933fcfd12a2?s=96&d=mm&r=g\",\"caption\":\"smurillo\"},\"url\":\"https:\/\/internacional.umh.es\/en\/author\/smurillo\/\"}]}<\/script>\n<!-- \/ Yoast SEO plugin. -->","yoast_head_json":{"robots":{"index":"index","follow":"follow","max-snippet":"max-snippet:-1","max-image-preview":"max-image-preview:large","max-video-preview":"max-video-preview:-1"},"canonical":"https:\/\/internacional.umh.es\/en\/2021\/09\/23\/la-umh-celebra-un-taller-sobre-la-agenda-2030-con-asociaciones-de-la-provincia-de-alicante\/","og_locale":"en_US","og_type":"article","og_title":"LA UMH CELEBRA UN TALLER SOBRE LA AGENDA 2030 CON ASOCIACIONES DE LA PROVINCIA DE ALICANTEUMH hosts workshop on 2030 Agenda with associations from the Province of Alicante - International Relations and Cooperation","og_description":"The Miguel Hern\u00e1ndez University of Elche (UMH) has held a workshop-meeting with associations from around the Province of Alicante. This workshop, led by Development Cooperation and Volunteerism Director, Juan Jos\u00e9 Ballesta, aimed to show these associations how they can implement the 2030 Agenda, and thus, the Sustainable Development Goals, as well as them reflecting the SDGs [...]","og_url":"https:\/\/internacional.umh.es\/en\/2021\/09\/23\/la-umh-celebra-un-taller-sobre-la-agenda-2030-con-asociaciones-de-la-provincia-de-alicante\/","og_site_name":"International Relations and Cooperation","article_published_time":"2021-09-23T12:18:57+00:00","article_modified_time":"2021-09-24T07:36:35+00:00","og_image":[{"url":"https:\/\/internacional.umh.es\/files\/2021\/09\/NP-23_09_2021-taller-asociaciones-300x169.jpeg"}],"twitter_card":"summary_large_image","twitter_misc":{"Written by":"smurillo","Est. reading time":"1 minute"},"schema":{"@context":"https:\/\/schema.org","@graph":[{"@type":"WebSite","@id":"https:\/\/internacional.umh.es\/en\/#website","url":"https:\/\/internacional.umh.es\/en\/","name":"International Relations and Cooperation","description":"Miguel Hernandez University of Elche","potentialAction":[{"@type":"SearchAction","target":{"@type":"EntryPoint","urlTemplate":"https:\/\/internacional.umh.es\/en\/?s={search_term_string}"},"query-input":"required name=search_term_string"}],"inLanguage":"en-US"},{"@type":"ImageObject","@id":"https:\/\/internacional.umh.es\/en\/2021\/09\/23\/la-umh-celebra-un-taller-sobre-la-agenda-2030-con-asociaciones-de-la-provincia-de-alicante\/#primaryimage","inLanguage":"en-US","url":"https:\/\/internacional.umh.es\/files\/2021\/09\/NP-23_09_2021-taller-asociaciones.jpeg","contentUrl":"https:\/\/internacional.umh.es\/files\/2021\/09\/NP-23_09_2021-taller-asociaciones.jpeg","width":3365,"height":1893},{"@type":"WebPage","@id":"https:\/\/internacional.umh.es\/en\/2021\/09\/23\/la-umh-celebra-un-taller-sobre-la-agenda-2030-con-asociaciones-de-la-provincia-de-alicante\/#webpage","url":"https:\/\/internacional.umh.es\/en\/2021\/09\/23\/la-umh-celebra-un-taller-sobre-la-agenda-2030-con-asociaciones-de-la-provincia-de-alicante\/","name":"LA UMH CELEBRA UN TALLER SOBRE LA AGENDA 2030 CON ASOCIACIONES DE LA PROVINCIA DE ALICANTEUMH hosts workshop on 2030 Agenda with associations from the Province of Alicante - International Relations and Cooperation","isPartOf":{"@id":"https:\/\/internacional.umh.es\/en\/#website"},"primaryImageOfPage":{"@id":"https:\/\/internacional.umh.es\/en\/2021\/09\/23\/la-umh-celebra-un-taller-sobre-la-agenda-2030-con-asociaciones-de-la-provincia-de-alicante\/#primaryimage"},"datePublished":"2021-09-23T12:18:57+00:00","dateModified":"2021-09-24T07:36:35+00:00","author":{"@id":"https:\/\/internacional.umh.es\/en\/#\/schema\/person\/78c5babbc457df6e3300b14cb25e2097"},"breadcrumb":{"@id":"https:\/\/internacional.umh.es\/en\/2021\/09\/23\/la-umh-celebra-un-taller-sobre-la-agenda-2030-con-asociaciones-de-la-provincia-de-alicante\/#breadcrumb"},"inLanguage":"en-US","potentialAction":[{"@type":"ReadAction","target":["https:\/\/internacional.umh.es\/en\/2021\/09\/23\/la-umh-celebra-un-taller-sobre-la-agenda-2030-con-asociaciones-de-la-provincia-de-alicante\/"]}]},{"@type":"BreadcrumbList","@id":"https:\/\/internacional.umh.es\/en\/2021\/09\/23\/la-umh-celebra-un-taller-sobre-la-agenda-2030-con-asociaciones-de-la-provincia-de-alicante\/#breadcrumb","itemListElement":[{"@type":"ListItem","position":1,"name":"Home","item":"https:\/\/internacional.umh.es\/en\/"},{"@type":"ListItem","position":2,"name":"UMH hosts workshop on 2030 Agenda with associations from the Province of Alicante"}]},{"@type":"Person","@id":"https:\/\/internacional.umh.es\/en\/#\/schema\/person\/78c5babbc457df6e3300b14cb25e2097","name":"smurillo","image":{"@type":"ImageObject","@id":"https:\/\/internacional.umh.es\/en\/#personlogo","inLanguage":"en-US","url":"https:\/\/secure.gravatar.com\/avatar\/4d9ea5eb60e211829996b933fcfd12a2?s=96&d=mm&r=g","contentUrl":"https:\/\/secure.gravatar.com\/avatar\/4d9ea5eb60e211829996b933fcfd12a2?s=96&d=mm&r=g","caption":"smurillo"},"url":"https:\/\/internacional.umh.es\/en\/author\/smurillo\/"}]}},"_links":{"self":[{"href":"https:\/\/internacional.umh.es\/en\/wp-json\/wp\/v2\/posts\/22617"}],"collection":[{"href":"https:\/\/internacional.umh.es\/en\/wp-json\/wp\/v2\/posts"}],"about":[{"href":"https:\/\/internacional.umh.es\/en\/wp-json\/wp\/v2\/types\/post"}],"author":[{"embeddable":true,"href":"https:\/\/internacional.umh.es\/en\/wp-json\/wp\/v2\/users\/4886"}],"replies":[{"embeddable":true,"href":"https:\/\/internacional.umh.es\/en\/wp-json\/wp\/v2\/comments?post=22617"}],"version-history":[{"count":0,"href":"https:\/\/internacional.umh.es\/en\/wp-json\/wp\/v2\/posts\/22617\/revisions"}],"wp:attachment":[{"href":"https:\/\/internacional.umh.es\/en\/wp-json\/wp\/v2\/media?parent=22617"}],"wp:term":[{"taxonomy":"category","embeddable":true,"href":"https:\/\/internacional.umh.es\/en\/wp-json\/wp\/v2\/categories?post=22617"},{"taxonomy":"post_tag","embeddable":true,"href":"https:\/\/internacional.umh.es\/en\/wp-json\/wp\/v2\/tags?post=22617"}],"curies":[{"name":"wp","href":"https:\/\/api.w.org\/{rel}","templated":true}]}}