{"id":22858,"date":"2021-10-13T13:32:41","date_gmt":"2021-10-13T11:32:41","guid":{"rendered":"https:\/\/internacional.umh.es\/?p=22858"},"modified":"2021-10-13T14:50:38","modified_gmt":"2021-10-13T12:50:38","slug":"la-umh-y-la-universidad-de-san-buenaventura-seccional-medellin-colombia-firman-un-convenio-de-doble-master-internacional","status":"publish","type":"post","link":"https:\/\/internacional.umh.es\/en\/2021\/10\/13\/la-umh-y-la-universidad-de-san-buenaventura-seccional-medellin-colombia-firman-un-convenio-de-doble-master-internacional\/","title":{"rendered":"UMH and Medell\u00edn Campus at the University of San Buenaventura in Colombia sign dual international master\u2019s agreement"},"content":{"rendered":"<p><\/p>\n<p style=\"text-align: justify\"><a href=\"https:\/\/internacional.umh.es\/files\/2021\/10\/131021-CONVENIO-DOBLE-MASTER-2.jpg\"><img loading=\"lazy\" class=\"alignleft size-medium wp-image-22861\" src=\"https:\/\/internacional.umh.es\/files\/2021\/10\/131021-CONVENIO-DOBLE-MASTER-2-300x207.jpg\" alt=\"\" width=\"300\" height=\"207\" srcset=\"https:\/\/internacional.umh.es\/files\/2021\/10\/131021-CONVENIO-DOBLE-MASTER-2-300x207.jpg 300w, https:\/\/internacional.umh.es\/files\/2021\/10\/131021-CONVENIO-DOBLE-MASTER-2-768x529.jpg 768w, https:\/\/internacional.umh.es\/files\/2021\/10\/131021-CONVENIO-DOBLE-MASTER-2-1024x706.jpg 1024w\" sizes=\"(max-width: 300px) 100vw, 300px\" \/><\/a>The Miguel Hern\u00e1ndez University of Elche (UMH) and the Medell\u00edn Campus at the University of San Buenaventura (USBMED; Colombia), signed a dual international master\u2019s agreement this morning. This agreement paves the way for setting the conditions for subsequent exchanges by UMH students in the Master&#8217;s in Human Resources Management, Work and Organizations and students in the Master\u2019s in Organizational and Work Psychology at the USBMED.<\/p>\n<p style=\"text-align: justify\">Vice Rector for International Relations, Vicente Micol, signed the agreement on behalf of the UMH. Representing the USBMED was the director of the Master\u2019s in Organizational and Work Psychology, Lina Marcela Guevara, on behalf of the USBMED rector, Luis Fernando Ben\u00edtez Arias. Other attendees at the signing of the agreement included UMH professor, \u00c1ngel Solanes, and UMH Director of Internationalization, Jos\u00e9 Manuel Blanes.<\/p>\n<p style=\"text-align: justify\">The two individuals responsible for this dual master will be the coordinator of the Master&#8217;s in Human Resources Management, Work and Organizations at the UMH, \u00c1ngel Solanes, and professor Lina Marcela Guevara. This agreement will enable as many as five students from each institution to take part in the dual master every year, following their admission into the UMH and USBMED programs.<\/p>\n<p><\/p>","protected":false},"excerpt":{"rendered":"<p>The Miguel Hern\u00e1ndez University of Elche (UMH) and the Medell\u00edn Campus at the University of San Buenaventura (USBMED; Colombia), signed a dual international master\u2019s agreement this morning. This agreement paves the way for setting the conditions for subsequent exchanges by UMH students in the Master&#8217;s in Human Resources Management, Work and Organizations and students in [&#8230;]<\/p>\n","protected":false},"author":5216,"featured_media":0,"comment_status":"closed","ping_status":"closed","sticky":false,"template":"","format":"standard","meta":{"ngg_post_thumbnail":0,"_links_to":"","_links_to_target":""},"categories":[402481,53411,3742,20486],"tags":[570],"yoast_head":"<!-- This site is optimized with the Yoast SEO plugin v17.5 - https:\/\/yoast.com\/wordpress\/plugins\/seo\/ -->\n<meta name=\"robots\" content=\"index, follow, max-snippet:-1, max-image-preview:large, max-video-preview:-1\" \/>\n<link rel=\"canonical\" href=\"https:\/\/internacional.umh.es\/en\/2021\/10\/13\/la-umh-y-la-universidad-de-san-buenaventura-seccional-medellin-colombia-firman-un-convenio-de-doble-master-internacional\/\" \/>\n<meta property=\"og:locale\" content=\"en_US\" \/>\n<meta property=\"og:type\" content=\"article\" \/>\n<meta property=\"og:title\" content=\"La UMH y la Universidad de San Buenaventura, seccional Medell\u00edn (Colombia), firman un convenio de doble m\u00e1ster internacionalUMH and Medell\u00edn Campus at the University of San Buenaventura in Colombia sign dual international master\u2019s agreement - International Relations and Cooperation\" \/>\n<meta property=\"og:description\" content=\"The Miguel Hern\u00e1ndez University of Elche (UMH) and the Medell\u00edn Campus at the University of San Buenaventura (USBMED; Colombia), signed a dual international master\u2019s agreement this morning. This agreement paves the way for setting the conditions for subsequent exchanges by UMH students in the Master&#8217;s in Human Resources Management, Work and Organizations and students in [...]\" \/>\n<meta property=\"og:url\" content=\"https:\/\/internacional.umh.es\/2021\/10\/13\/la-umh-y-la-universidad-de-san-buenaventura-seccional-medellin-colombia-firman-un-convenio-de-doble-master-internacional\/\" \/>\n<meta property=\"og:site_name\" content=\"International Relations and Cooperation\" \/>\n<meta property=\"article:published_time\" content=\"2021-10-13T11:32:41+00:00\" \/>\n<meta property=\"article:modified_time\" content=\"2021-10-13T12:50:38+00:00\" \/>\n<meta property=\"og:image\" content=\"https:\/\/internacional.umh.es\/files\/2021\/10\/131021-CONVENIO-DOBLE-MASTER-2-300x207.jpg\" \/>\n<meta name=\"twitter:card\" content=\"summary_large_image\" \/>\n<meta name=\"twitter:label1\" content=\"Written by\" \/>\n\t<meta name=\"twitter:data1\" content=\"vgodoy\" \/>\n\t<meta name=\"twitter:label2\" content=\"Est. reading time\" \/>\n\t<meta name=\"twitter:data2\" content=\"2 minutes\" \/>\n<script type=\"application\/ld+json\" class=\"yoast-schema-graph\">{\"@context\":\"https:\/\/schema.org\",\"@graph\":[{\"@type\":\"WebSite\",\"@id\":\"https:\/\/internacional.umh.es\/en\/#website\",\"url\":\"https:\/\/internacional.umh.es\/en\/\",\"name\":\"International Relations and Cooperation\",\"description\":\"Miguel Hernandez University of Elche\",\"potentialAction\":[{\"@type\":\"SearchAction\",\"target\":{\"@type\":\"EntryPoint\",\"urlTemplate\":\"https:\/\/internacional.umh.es\/en\/?s={search_term_string}\"},\"query-input\":\"required name=search_term_string\"}],\"inLanguage\":\"en-US\"},{\"@type\":\"ImageObject\",\"@id\":\"https:\/\/internacional.umh.es\/2021\/10\/13\/la-umh-y-la-universidad-de-san-buenaventura-seccional-medellin-colombia-firman-un-convenio-de-doble-master-internacional\/#primaryimage\",\"inLanguage\":\"en-US\",\"url\":\"https:\/\/internacional.umh.es\/files\/2021\/10\/131021-CONVENIO-DOBLE-MASTER-2.jpg\",\"contentUrl\":\"https:\/\/internacional.umh.es\/files\/2021\/10\/131021-CONVENIO-DOBLE-MASTER-2.jpg\",\"width\":5568,\"height\":3838},{\"@type\":\"WebPage\",\"@id\":\"https:\/\/internacional.umh.es\/2021\/10\/13\/la-umh-y-la-universidad-de-san-buenaventura-seccional-medellin-colombia-firman-un-convenio-de-doble-master-internacional\/#webpage\",\"url\":\"https:\/\/internacional.umh.es\/2021\/10\/13\/la-umh-y-la-universidad-de-san-buenaventura-seccional-medellin-colombia-firman-un-convenio-de-doble-master-internacional\/\",\"name\":\"La UMH y la Universidad de San Buenaventura, seccional Medell\\u00edn (Colombia), firman un convenio de doble m\\u00e1ster internacionalUMH and Medell\\u00edn Campus at the University of San Buenaventura in Colombia sign dual international master\\u2019s agreement - International Relations and Cooperation\",\"isPartOf\":{\"@id\":\"https:\/\/internacional.umh.es\/en\/#website\"},\"primaryImageOfPage\":{\"@id\":\"https:\/\/internacional.umh.es\/2021\/10\/13\/la-umh-y-la-universidad-de-san-buenaventura-seccional-medellin-colombia-firman-un-convenio-de-doble-master-internacional\/#primaryimage\"},\"datePublished\":\"2021-10-13T11:32:41+00:00\",\"dateModified\":\"2021-10-13T12:50:38+00:00\",\"author\":{\"@id\":\"https:\/\/internacional.umh.es\/en\/#\/schema\/person\/6b54fc879bc8d5b4ed360472e19cca1d\"},\"breadcrumb\":{\"@id\":\"https:\/\/internacional.umh.es\/2021\/10\/13\/la-umh-y-la-universidad-de-san-buenaventura-seccional-medellin-colombia-firman-un-convenio-de-doble-master-internacional\/#breadcrumb\"},\"inLanguage\":\"en-US\",\"potentialAction\":[{\"@type\":\"ReadAction\",\"target\":[\"https:\/\/internacional.umh.es\/2021\/10\/13\/la-umh-y-la-universidad-de-san-buenaventura-seccional-medellin-colombia-firman-un-convenio-de-doble-master-internacional\/\"]}]},{\"@type\":\"BreadcrumbList\",\"@id\":\"https:\/\/internacional.umh.es\/2021\/10\/13\/la-umh-y-la-universidad-de-san-buenaventura-seccional-medellin-colombia-firman-un-convenio-de-doble-master-internacional\/#breadcrumb\",\"itemListElement\":[{\"@type\":\"ListItem\",\"position\":1,\"name\":\"Home\",\"item\":\"https:\/\/internacional.umh.es\/en\/\"},{\"@type\":\"ListItem\",\"position\":2,\"name\":\"UMH and Medell\\u00edn Campus at the University of San Buenaventura in Colombia sign dual international master\\u2019s agreement\"}]},{\"@type\":\"Person\",\"@id\":\"https:\/\/internacional.umh.es\/en\/#\/schema\/person\/6b54fc879bc8d5b4ed360472e19cca1d\",\"name\":\"vgodoy\",\"image\":{\"@type\":\"ImageObject\",\"@id\":\"https:\/\/internacional.umh.es\/en\/#personlogo\",\"inLanguage\":\"en-US\",\"url\":\"https:\/\/secure.gravatar.com\/avatar\/5ee02b95215a691c74aac5849d06041e?s=96&d=mm&r=g\",\"contentUrl\":\"https:\/\/secure.gravatar.com\/avatar\/5ee02b95215a691c74aac5849d06041e?s=96&d=mm&r=g\",\"caption\":\"vgodoy\"},\"url\":\"https:\/\/internacional.umh.es\/en\/author\/vgodoy\/\"}]}<\/script>\n<!-- \/ Yoast SEO plugin. -->","yoast_head_json":{"robots":{"index":"index","follow":"follow","max-snippet":"max-snippet:-1","max-image-preview":"max-image-preview:large","max-video-preview":"max-video-preview:-1"},"canonical":"https:\/\/internacional.umh.es\/en\/2021\/10\/13\/la-umh-y-la-universidad-de-san-buenaventura-seccional-medellin-colombia-firman-un-convenio-de-doble-master-internacional\/","og_locale":"en_US","og_type":"article","og_title":"La UMH y la Universidad de San Buenaventura, seccional Medell\u00edn (Colombia), firman un convenio de doble m\u00e1ster internacionalUMH and Medell\u00edn Campus at the University of San Buenaventura in Colombia sign dual international master\u2019s agreement - International Relations and Cooperation","og_description":"The Miguel Hern\u00e1ndez University of Elche (UMH) and the Medell\u00edn Campus at the University of San Buenaventura (USBMED; Colombia), signed a dual international master\u2019s agreement this morning. This agreement paves the way for setting the conditions for subsequent exchanges by UMH students in the Master&#8217;s in Human Resources Management, Work and Organizations and students in [...]","og_url":"https:\/\/internacional.umh.es\/2021\/10\/13\/la-umh-y-la-universidad-de-san-buenaventura-seccional-medellin-colombia-firman-un-convenio-de-doble-master-internacional\/","og_site_name":"International Relations and Cooperation","article_published_time":"2021-10-13T11:32:41+00:00","article_modified_time":"2021-10-13T12:50:38+00:00","og_image":[{"url":"https:\/\/internacional.umh.es\/files\/2021\/10\/131021-CONVENIO-DOBLE-MASTER-2-300x207.jpg"}],"twitter_card":"summary_large_image","twitter_misc":{"Written by":"vgodoy","Est. reading time":"2 minutes"},"schema":{"@context":"https:\/\/schema.org","@graph":[{"@type":"WebSite","@id":"https:\/\/internacional.umh.es\/en\/#website","url":"https:\/\/internacional.umh.es\/en\/","name":"International Relations and Cooperation","description":"Miguel Hernandez University of Elche","potentialAction":[{"@type":"SearchAction","target":{"@type":"EntryPoint","urlTemplate":"https:\/\/internacional.umh.es\/en\/?s={search_term_string}"},"query-input":"required name=search_term_string"}],"inLanguage":"en-US"},{"@type":"ImageObject","@id":"https:\/\/internacional.umh.es\/2021\/10\/13\/la-umh-y-la-universidad-de-san-buenaventura-seccional-medellin-colombia-firman-un-convenio-de-doble-master-internacional\/#primaryimage","inLanguage":"en-US","url":"https:\/\/internacional.umh.es\/files\/2021\/10\/131021-CONVENIO-DOBLE-MASTER-2.jpg","contentUrl":"https:\/\/internacional.umh.es\/files\/2021\/10\/131021-CONVENIO-DOBLE-MASTER-2.jpg","width":5568,"height":3838},{"@type":"WebPage","@id":"https:\/\/internacional.umh.es\/2021\/10\/13\/la-umh-y-la-universidad-de-san-buenaventura-seccional-medellin-colombia-firman-un-convenio-de-doble-master-internacional\/#webpage","url":"https:\/\/internacional.umh.es\/2021\/10\/13\/la-umh-y-la-universidad-de-san-buenaventura-seccional-medellin-colombia-firman-un-convenio-de-doble-master-internacional\/","name":"La UMH y la Universidad de San Buenaventura, seccional Medell\u00edn (Colombia), firman un convenio de doble m\u00e1ster internacionalUMH and Medell\u00edn Campus at the University of San Buenaventura in Colombia sign dual international master\u2019s agreement - International Relations and Cooperation","isPartOf":{"@id":"https:\/\/internacional.umh.es\/en\/#website"},"primaryImageOfPage":{"@id":"https:\/\/internacional.umh.es\/2021\/10\/13\/la-umh-y-la-universidad-de-san-buenaventura-seccional-medellin-colombia-firman-un-convenio-de-doble-master-internacional\/#primaryimage"},"datePublished":"2021-10-13T11:32:41+00:00","dateModified":"2021-10-13T12:50:38+00:00","author":{"@id":"https:\/\/internacional.umh.es\/en\/#\/schema\/person\/6b54fc879bc8d5b4ed360472e19cca1d"},"breadcrumb":{"@id":"https:\/\/internacional.umh.es\/2021\/10\/13\/la-umh-y-la-universidad-de-san-buenaventura-seccional-medellin-colombia-firman-un-convenio-de-doble-master-internacional\/#breadcrumb"},"inLanguage":"en-US","potentialAction":[{"@type":"ReadAction","target":["https:\/\/internacional.umh.es\/2021\/10\/13\/la-umh-y-la-universidad-de-san-buenaventura-seccional-medellin-colombia-firman-un-convenio-de-doble-master-internacional\/"]}]},{"@type":"BreadcrumbList","@id":"https:\/\/internacional.umh.es\/2021\/10\/13\/la-umh-y-la-universidad-de-san-buenaventura-seccional-medellin-colombia-firman-un-convenio-de-doble-master-internacional\/#breadcrumb","itemListElement":[{"@type":"ListItem","position":1,"name":"Home","item":"https:\/\/internacional.umh.es\/en\/"},{"@type":"ListItem","position":2,"name":"UMH and Medell\u00edn Campus at the University of San Buenaventura in Colombia sign dual international master\u2019s agreement"}]},{"@type":"Person","@id":"https:\/\/internacional.umh.es\/en\/#\/schema\/person\/6b54fc879bc8d5b4ed360472e19cca1d","name":"vgodoy","image":{"@type":"ImageObject","@id":"https:\/\/internacional.umh.es\/en\/#personlogo","inLanguage":"en-US","url":"https:\/\/secure.gravatar.com\/avatar\/5ee02b95215a691c74aac5849d06041e?s=96&d=mm&r=g","contentUrl":"https:\/\/secure.gravatar.com\/avatar\/5ee02b95215a691c74aac5849d06041e?s=96&d=mm&r=g","caption":"vgodoy"},"url":"https:\/\/internacional.umh.es\/en\/author\/vgodoy\/"}]}},"_links":{"self":[{"href":"https:\/\/internacional.umh.es\/en\/wp-json\/wp\/v2\/posts\/22858"}],"collection":[{"href":"https:\/\/internacional.umh.es\/en\/wp-json\/wp\/v2\/posts"}],"about":[{"href":"https:\/\/internacional.umh.es\/en\/wp-json\/wp\/v2\/types\/post"}],"author":[{"embeddable":true,"href":"https:\/\/internacional.umh.es\/en\/wp-json\/wp\/v2\/users\/5216"}],"replies":[{"embeddable":true,"href":"https:\/\/internacional.umh.es\/en\/wp-json\/wp\/v2\/comments?post=22858"}],"version-history":[{"count":0,"href":"https:\/\/internacional.umh.es\/en\/wp-json\/wp\/v2\/posts\/22858\/revisions"}],"wp:attachment":[{"href":"https:\/\/internacional.umh.es\/en\/wp-json\/wp\/v2\/media?parent=22858"}],"wp:term":[{"taxonomy":"category","embeddable":true,"href":"https:\/\/internacional.umh.es\/en\/wp-json\/wp\/v2\/categories?post=22858"},{"taxonomy":"post_tag","embeddable":true,"href":"https:\/\/internacional.umh.es\/en\/wp-json\/wp\/v2\/tags?post=22858"}],"curies":[{"name":"wp","href":"https:\/\/api.w.org\/{rel}","templated":true}]}}