{"id":22909,"date":"2021-10-21T08:50:01","date_gmt":"2021-10-21T06:50:01","guid":{"rendered":"https:\/\/internacional.umh.es\/?p=22909"},"modified":"2021-10-21T10:45:11","modified_gmt":"2021-10-21T08:45:11","slug":"ya-esta-operativa-la-nueva-web-de-las-iii-jornadas-sobre-promocion-internacional-del-sistema-universitario-espanol-sue","status":"publish","type":"post","link":"https:\/\/internacional.umh.es\/en\/2021\/10\/21\/ya-esta-operativa-la-nueva-web-de-las-iii-jornadas-sobre-promocion-internacional-del-sistema-universitario-espanol-sue\/","title":{"rendered":"New website for third Conference on International Promotion of Spanish Higher Education operational"},"content":{"rendered":"<p><\/p>\n<p style=\"text-align: justify\"><span style=\"font-weight: 400\"><a href=\"https:\/\/internacional.umh.es\/files\/2021\/10\/Publicaciones-Instagram-16.png\"><img loading=\"lazy\" class=\"alignleft size-medium wp-image-22912\" src=\"https:\/\/internacional.umh.es\/files\/2021\/10\/Publicaciones-Instagram-16-300x300.png\" alt=\"\" width=\"300\" height=\"300\" srcset=\"https:\/\/internacional.umh.es\/files\/2021\/10\/Publicaciones-Instagram-16-300x300.png 300w, https:\/\/internacional.umh.es\/files\/2021\/10\/Publicaciones-Instagram-16-150x150.png 150w, https:\/\/internacional.umh.es\/files\/2021\/10\/Publicaciones-Instagram-16-768x768.png 768w, https:\/\/internacional.umh.es\/files\/2021\/10\/Publicaciones-Instagram-16-1024x1024.png 1024w, https:\/\/internacional.umh.es\/files\/2021\/10\/Publicaciones-Instagram-16-32x32.png 32w, https:\/\/internacional.umh.es\/files\/2021\/10\/Publicaciones-Instagram-16-64x64.png 64w, https:\/\/internacional.umh.es\/files\/2021\/10\/Publicaciones-Instagram-16-96x96.png 96w, https:\/\/internacional.umh.es\/files\/2021\/10\/Publicaciones-Instagram-16-128x128.png 128w, https:\/\/internacional.umh.es\/files\/2021\/10\/Publicaciones-Instagram-16.png 1080w\" sizes=\"(max-width: 300px) 100vw, 300px\" \/><\/a><\/span>The Vice Rectorate for International Relations has launched the website for the third Conference on International Promotion of Spanish Higher Education. The website offers information on speakers at the conference, the program schedule, accommodations, plus how to register for it. Event organizers include the Internationalization and Cooperation unit at the Conference of Rectors of Spanish Universities along with the Vice Rectorate for International Relations at the Miguel Hern\u00e1ndez University of Elche (UMH).<\/p>\n<p style=\"text-align: justify\">The UMH is hosting the current edition of the conference, which will be held in person on November 26, 2021, inside the Auditorium of the Rectorado &amp; Consejo Social Building on the Elche Campus. The conference is featuring presentations and debates on four main topics related to international promotion of Spanish higher education: travel visas, tools for international promotion, access to Spanish higher education, and international appeal of Spanish higher education.<\/p>\n<p style=\"text-align: justify\">Registration for the conference is through the newly launched website, <a href=\"https:\/\/internacionalizacionsue.umh.es\/\">https:\/\/internacionalizacionsue.umh.es\/<\/a>.<\/p>\n<p><\/p>","protected":false},"excerpt":{"rendered":"<p>The Vice Rectorate for International Relations has launched the website for the third Conference on International Promotion of Spanish Higher Education. The website offers information on speakers at the conference, the program schedule, accommodations, plus how to register for it. Event organizers include the Internationalization and Cooperation unit at the Conference of Rectors of Spanish [&#8230;]<\/p>\n","protected":false},"author":5216,"featured_media":0,"comment_status":"closed","ping_status":"closed","sticky":false,"template":"","format":"standard","meta":{"ngg_post_thumbnail":0,"_links_to":"","_links_to_target":""},"categories":[3742,339593,2139],"tags":[860968],"yoast_head":"<!-- This site is optimized with the Yoast SEO plugin v17.5 - https:\/\/yoast.com\/wordpress\/plugins\/seo\/ -->\n<meta name=\"description\" content=\"El Vicerrectorado de Relaciones Internacionales lanza la web de las III Jornadas sobre Promoci\u00f3n Internacional del Sistema Universitario Espa\u00f1ol (SUE).\" \/>\n<meta name=\"robots\" content=\"index, follow, max-snippet:-1, max-image-preview:large, max-video-preview:-1\" \/>\n<link rel=\"canonical\" href=\"https:\/\/internacional.umh.es\/en\/2021\/10\/21\/ya-esta-operativa-la-nueva-web-de-las-iii-jornadas-sobre-promocion-internacional-del-sistema-universitario-espanol-sue\/\" \/>\n<meta property=\"og:locale\" content=\"en_US\" \/>\n<meta property=\"og:type\" content=\"article\" \/>\n<meta property=\"og:title\" content=\"Ya est\u00e1 operativa la nueva web de las III Jornadas sobre Promoci\u00f3n Internacional del Sistema Universitario Espa\u00f1ol (SUE)New website for third Conference on International Promotion of Spanish Higher Education operational  - International Relations and Cooperation\" \/>\n<meta property=\"og:description\" content=\"El Vicerrectorado de Relaciones Internacionales lanza la web de las III Jornadas sobre Promoci\u00f3n Internacional del Sistema Universitario Espa\u00f1ol (SUE).\" \/>\n<meta property=\"og:url\" content=\"https:\/\/internacional.umh.es\/2021\/10\/21\/ya-esta-operativa-la-nueva-web-de-las-iii-jornadas-sobre-promocion-internacional-del-sistema-universitario-espanol-sue\/\" \/>\n<meta property=\"og:site_name\" content=\"International Relations and Cooperation\" \/>\n<meta property=\"article:published_time\" content=\"2021-10-21T06:50:01+00:00\" \/>\n<meta property=\"article:modified_time\" content=\"2021-10-21T08:45:11+00:00\" \/>\n<meta property=\"og:image\" content=\"https:\/\/internacional.umh.es\/files\/2021\/10\/Publicaciones-Instagram-16-300x300.png\" \/>\n<meta name=\"twitter:card\" content=\"summary_large_image\" \/>\n<meta name=\"twitter:label1\" content=\"Written by\" \/>\n\t<meta name=\"twitter:data1\" content=\"vgodoy\" \/>\n\t<meta name=\"twitter:label2\" content=\"Est. reading time\" \/>\n\t<meta name=\"twitter:data2\" content=\"2 minutes\" \/>\n<script type=\"application\/ld+json\" class=\"yoast-schema-graph\">{\"@context\":\"https:\/\/schema.org\",\"@graph\":[{\"@type\":\"WebSite\",\"@id\":\"https:\/\/internacional.umh.es\/en\/#website\",\"url\":\"https:\/\/internacional.umh.es\/en\/\",\"name\":\"International Relations and Cooperation\",\"description\":\"Miguel Hernandez University of Elche\",\"potentialAction\":[{\"@type\":\"SearchAction\",\"target\":{\"@type\":\"EntryPoint\",\"urlTemplate\":\"https:\/\/internacional.umh.es\/en\/?s={search_term_string}\"},\"query-input\":\"required name=search_term_string\"}],\"inLanguage\":\"en-US\"},{\"@type\":\"ImageObject\",\"@id\":\"https:\/\/internacional.umh.es\/2021\/10\/21\/ya-esta-operativa-la-nueva-web-de-las-iii-jornadas-sobre-promocion-internacional-del-sistema-universitario-espanol-sue\/#primaryimage\",\"inLanguage\":\"en-US\",\"url\":\"https:\/\/internacional.umh.es\/files\/2021\/10\/Publicaciones-Instagram-16.png\",\"contentUrl\":\"https:\/\/internacional.umh.es\/files\/2021\/10\/Publicaciones-Instagram-16.png\",\"width\":1080,\"height\":1080},{\"@type\":\"WebPage\",\"@id\":\"https:\/\/internacional.umh.es\/2021\/10\/21\/ya-esta-operativa-la-nueva-web-de-las-iii-jornadas-sobre-promocion-internacional-del-sistema-universitario-espanol-sue\/#webpage\",\"url\":\"https:\/\/internacional.umh.es\/2021\/10\/21\/ya-esta-operativa-la-nueva-web-de-las-iii-jornadas-sobre-promocion-internacional-del-sistema-universitario-espanol-sue\/\",\"name\":\"Ya est\\u00e1 operativa la nueva web de las III Jornadas sobre Promoci\\u00f3n Internacional del Sistema Universitario Espa\\u00f1ol (SUE)New website for third Conference on International Promotion of Spanish Higher Education operational - International Relations and Cooperation\",\"isPartOf\":{\"@id\":\"https:\/\/internacional.umh.es\/en\/#website\"},\"primaryImageOfPage\":{\"@id\":\"https:\/\/internacional.umh.es\/2021\/10\/21\/ya-esta-operativa-la-nueva-web-de-las-iii-jornadas-sobre-promocion-internacional-del-sistema-universitario-espanol-sue\/#primaryimage\"},\"datePublished\":\"2021-10-21T06:50:01+00:00\",\"dateModified\":\"2021-10-21T08:45:11+00:00\",\"author\":{\"@id\":\"https:\/\/internacional.umh.es\/en\/#\/schema\/person\/6b54fc879bc8d5b4ed360472e19cca1d\"},\"description\":\"El Vicerrectorado de Relaciones Internacionales lanza la web de las III Jornadas sobre Promoci\\u00f3n Internacional del Sistema Universitario Espa\\u00f1ol (SUE).\",\"breadcrumb\":{\"@id\":\"https:\/\/internacional.umh.es\/2021\/10\/21\/ya-esta-operativa-la-nueva-web-de-las-iii-jornadas-sobre-promocion-internacional-del-sistema-universitario-espanol-sue\/#breadcrumb\"},\"inLanguage\":\"en-US\",\"potentialAction\":[{\"@type\":\"ReadAction\",\"target\":[\"https:\/\/internacional.umh.es\/2021\/10\/21\/ya-esta-operativa-la-nueva-web-de-las-iii-jornadas-sobre-promocion-internacional-del-sistema-universitario-espanol-sue\/\"]}]},{\"@type\":\"BreadcrumbList\",\"@id\":\"https:\/\/internacional.umh.es\/2021\/10\/21\/ya-esta-operativa-la-nueva-web-de-las-iii-jornadas-sobre-promocion-internacional-del-sistema-universitario-espanol-sue\/#breadcrumb\",\"itemListElement\":[{\"@type\":\"ListItem\",\"position\":1,\"name\":\"Home\",\"item\":\"https:\/\/internacional.umh.es\/en\/\"},{\"@type\":\"ListItem\",\"position\":2,\"name\":\"New website for third Conference on International Promotion of Spanish Higher Education operational\"}]},{\"@type\":\"Person\",\"@id\":\"https:\/\/internacional.umh.es\/en\/#\/schema\/person\/6b54fc879bc8d5b4ed360472e19cca1d\",\"name\":\"vgodoy\",\"image\":{\"@type\":\"ImageObject\",\"@id\":\"https:\/\/internacional.umh.es\/en\/#personlogo\",\"inLanguage\":\"en-US\",\"url\":\"https:\/\/secure.gravatar.com\/avatar\/5ee02b95215a691c74aac5849d06041e?s=96&d=mm&r=g\",\"contentUrl\":\"https:\/\/secure.gravatar.com\/avatar\/5ee02b95215a691c74aac5849d06041e?s=96&d=mm&r=g\",\"caption\":\"vgodoy\"},\"url\":\"https:\/\/internacional.umh.es\/en\/author\/vgodoy\/\"}]}<\/script>\n<!-- \/ Yoast SEO plugin. -->","yoast_head_json":{"description":"El Vicerrectorado de Relaciones Internacionales lanza la web de las III Jornadas sobre Promoci\u00f3n Internacional del Sistema Universitario Espa\u00f1ol (SUE).","robots":{"index":"index","follow":"follow","max-snippet":"max-snippet:-1","max-image-preview":"max-image-preview:large","max-video-preview":"max-video-preview:-1"},"canonical":"https:\/\/internacional.umh.es\/en\/2021\/10\/21\/ya-esta-operativa-la-nueva-web-de-las-iii-jornadas-sobre-promocion-internacional-del-sistema-universitario-espanol-sue\/","og_locale":"en_US","og_type":"article","og_title":"Ya est\u00e1 operativa la nueva web de las III Jornadas sobre Promoci\u00f3n Internacional del Sistema Universitario Espa\u00f1ol (SUE)New website for third Conference on International Promotion of Spanish Higher Education operational  - International Relations and Cooperation","og_description":"El Vicerrectorado de Relaciones Internacionales lanza la web de las III Jornadas sobre Promoci\u00f3n Internacional del Sistema Universitario Espa\u00f1ol (SUE).","og_url":"https:\/\/internacional.umh.es\/2021\/10\/21\/ya-esta-operativa-la-nueva-web-de-las-iii-jornadas-sobre-promocion-internacional-del-sistema-universitario-espanol-sue\/","og_site_name":"International Relations and Cooperation","article_published_time":"2021-10-21T06:50:01+00:00","article_modified_time":"2021-10-21T08:45:11+00:00","og_image":[{"url":"https:\/\/internacional.umh.es\/files\/2021\/10\/Publicaciones-Instagram-16-300x300.png"}],"twitter_card":"summary_large_image","twitter_misc":{"Written by":"vgodoy","Est. reading time":"2 minutes"},"schema":{"@context":"https:\/\/schema.org","@graph":[{"@type":"WebSite","@id":"https:\/\/internacional.umh.es\/en\/#website","url":"https:\/\/internacional.umh.es\/en\/","name":"International Relations and Cooperation","description":"Miguel Hernandez University of Elche","potentialAction":[{"@type":"SearchAction","target":{"@type":"EntryPoint","urlTemplate":"https:\/\/internacional.umh.es\/en\/?s={search_term_string}"},"query-input":"required name=search_term_string"}],"inLanguage":"en-US"},{"@type":"ImageObject","@id":"https:\/\/internacional.umh.es\/2021\/10\/21\/ya-esta-operativa-la-nueva-web-de-las-iii-jornadas-sobre-promocion-internacional-del-sistema-universitario-espanol-sue\/#primaryimage","inLanguage":"en-US","url":"https:\/\/internacional.umh.es\/files\/2021\/10\/Publicaciones-Instagram-16.png","contentUrl":"https:\/\/internacional.umh.es\/files\/2021\/10\/Publicaciones-Instagram-16.png","width":1080,"height":1080},{"@type":"WebPage","@id":"https:\/\/internacional.umh.es\/2021\/10\/21\/ya-esta-operativa-la-nueva-web-de-las-iii-jornadas-sobre-promocion-internacional-del-sistema-universitario-espanol-sue\/#webpage","url":"https:\/\/internacional.umh.es\/2021\/10\/21\/ya-esta-operativa-la-nueva-web-de-las-iii-jornadas-sobre-promocion-internacional-del-sistema-universitario-espanol-sue\/","name":"Ya est\u00e1 operativa la nueva web de las III Jornadas sobre Promoci\u00f3n Internacional del Sistema Universitario Espa\u00f1ol (SUE)New website for third Conference on International Promotion of Spanish Higher Education operational - International Relations and Cooperation","isPartOf":{"@id":"https:\/\/internacional.umh.es\/en\/#website"},"primaryImageOfPage":{"@id":"https:\/\/internacional.umh.es\/2021\/10\/21\/ya-esta-operativa-la-nueva-web-de-las-iii-jornadas-sobre-promocion-internacional-del-sistema-universitario-espanol-sue\/#primaryimage"},"datePublished":"2021-10-21T06:50:01+00:00","dateModified":"2021-10-21T08:45:11+00:00","author":{"@id":"https:\/\/internacional.umh.es\/en\/#\/schema\/person\/6b54fc879bc8d5b4ed360472e19cca1d"},"description":"El Vicerrectorado de Relaciones Internacionales lanza la web de las III Jornadas sobre Promoci\u00f3n Internacional del Sistema Universitario Espa\u00f1ol (SUE).","breadcrumb":{"@id":"https:\/\/internacional.umh.es\/2021\/10\/21\/ya-esta-operativa-la-nueva-web-de-las-iii-jornadas-sobre-promocion-internacional-del-sistema-universitario-espanol-sue\/#breadcrumb"},"inLanguage":"en-US","potentialAction":[{"@type":"ReadAction","target":["https:\/\/internacional.umh.es\/2021\/10\/21\/ya-esta-operativa-la-nueva-web-de-las-iii-jornadas-sobre-promocion-internacional-del-sistema-universitario-espanol-sue\/"]}]},{"@type":"BreadcrumbList","@id":"https:\/\/internacional.umh.es\/2021\/10\/21\/ya-esta-operativa-la-nueva-web-de-las-iii-jornadas-sobre-promocion-internacional-del-sistema-universitario-espanol-sue\/#breadcrumb","itemListElement":[{"@type":"ListItem","position":1,"name":"Home","item":"https:\/\/internacional.umh.es\/en\/"},{"@type":"ListItem","position":2,"name":"New website for third Conference on International Promotion of Spanish Higher Education operational"}]},{"@type":"Person","@id":"https:\/\/internacional.umh.es\/en\/#\/schema\/person\/6b54fc879bc8d5b4ed360472e19cca1d","name":"vgodoy","image":{"@type":"ImageObject","@id":"https:\/\/internacional.umh.es\/en\/#personlogo","inLanguage":"en-US","url":"https:\/\/secure.gravatar.com\/avatar\/5ee02b95215a691c74aac5849d06041e?s=96&d=mm&r=g","contentUrl":"https:\/\/secure.gravatar.com\/avatar\/5ee02b95215a691c74aac5849d06041e?s=96&d=mm&r=g","caption":"vgodoy"},"url":"https:\/\/internacional.umh.es\/en\/author\/vgodoy\/"}]}},"_links":{"self":[{"href":"https:\/\/internacional.umh.es\/en\/wp-json\/wp\/v2\/posts\/22909"}],"collection":[{"href":"https:\/\/internacional.umh.es\/en\/wp-json\/wp\/v2\/posts"}],"about":[{"href":"https:\/\/internacional.umh.es\/en\/wp-json\/wp\/v2\/types\/post"}],"author":[{"embeddable":true,"href":"https:\/\/internacional.umh.es\/en\/wp-json\/wp\/v2\/users\/5216"}],"replies":[{"embeddable":true,"href":"https:\/\/internacional.umh.es\/en\/wp-json\/wp\/v2\/comments?post=22909"}],"version-history":[{"count":0,"href":"https:\/\/internacional.umh.es\/en\/wp-json\/wp\/v2\/posts\/22909\/revisions"}],"wp:attachment":[{"href":"https:\/\/internacional.umh.es\/en\/wp-json\/wp\/v2\/media?parent=22909"}],"wp:term":[{"taxonomy":"category","embeddable":true,"href":"https:\/\/internacional.umh.es\/en\/wp-json\/wp\/v2\/categories?post=22909"},{"taxonomy":"post_tag","embeddable":true,"href":"https:\/\/internacional.umh.es\/en\/wp-json\/wp\/v2\/tags?post=22909"}],"curies":[{"name":"wp","href":"https:\/\/api.w.org\/{rel}","templated":true}]}}