{"id":23374,"date":"2021-11-25T09:27:05","date_gmt":"2021-11-25T08:27:05","guid":{"rendered":"https:\/\/internacional.umh.es\/?p=23374"},"modified":"2021-11-25T13:40:12","modified_gmt":"2021-11-25T12:40:12","slug":"la-umh-recibe-la-visita-de-la-viceministra-de-relaciones-internacionales-de-republica-dominicana","status":"publish","type":"post","link":"https:\/\/internacional.umh.es\/en\/2021\/11\/25\/la-umh-recibe-la-visita-de-la-viceministra-de-relaciones-internacionales-de-republica-dominicana\/","title":{"rendered":"UMH welcomes Deputy Minister of International Relations from the Dominican Republic"},"content":{"rendered":"<p><\/p>\n<p style=\"text-align: justify\"><span style=\"font-weight: 400\"><a href=\"https:\/\/internacional.umh.es\/files\/2021\/11\/1.jpg\"><img loading=\"lazy\" class=\"size-medium wp-image-23377 alignleft\" src=\"https:\/\/internacional.umh.es\/files\/2021\/11\/1-300x200.jpg\" alt=\"\" width=\"300\" height=\"200\" srcset=\"https:\/\/internacional.umh.es\/files\/2021\/11\/1-300x200.jpg 300w, https:\/\/internacional.umh.es\/files\/2021\/11\/1-1024x683.jpg 1024w, https:\/\/internacional.umh.es\/files\/2021\/11\/1-768x512.jpg 768w, https:\/\/internacional.umh.es\/files\/2021\/11\/1.jpg 1080w\" sizes=\"(max-width: 300px) 100vw, 300px\" \/><\/a><\/span>The Miguel Hern\u00e1ndez University of Elche (UMH) has received representatives from the Ministry of Higher Education, Science and Technology (MESCyT) from the Dominican Republic. Meetings were held November 22-24, which aimed to continue forging closer ties between both institutions, tour UMH installations, and learn better firsthand about the Spanish higher education system.<\/p>\n<p style=\"text-align: justify\">On November 23, UMH Rector, Juan Jos\u00e9 Ruiz Mart\u00ednez, extended the welcome and held a strategic meeting with the Dominican Deputy Minister of International Relations, Paula Mercedes Disla Acosta, and the Director of the Department of Faculty and Student Mobility, Olga Sosa de Novas. This meeting served to introduce the UMH, and also featured its academics on offer, facilities, projects, and programs. Its participants also emphasized their intention of continuing to strengthen ties between the two institutions.<\/p>\n<p style=\"text-align: justify\">Other participants at this meeting included the Vice Rector for International Relations, Vicente Micol; Vice Rector for Academic Affairs, Susana Fern\u00e1ndez de \u00c1vila; Vice Rector for Research, Domingo Orozco; Ibero-America Espejo Program Director, Joaqu\u00edn Juli\u00e1n Pastor; plus the Director of the Virtual Learning Platform, Fernando Borr\u00e1s.<\/p>\n<p style=\"text-align: justify\">Following their meeting, the MESCyT delegation toured the university grounds and granted interviews at the UMH Radio Studios for the program of the Vice Rectorate for International Relations, <em>Global UMH<\/em>. Then, they visited the Industrial Park to learn of the innovation strategy that the entity is implementing and to see some of the companies based there, including PLD Space, Huerto Gourmet, and MistWall Studio, in addition to the spin-off, AntalGenics.<\/p>\n<p style=\"text-align: justify\">On the morning of Wednesday, November 24, they visited the Sant Joan d\u2019Alacant Campus and met there with Associate Dean of International Relations and Quality Control from the Faculty of Medicine, Diego Echeverr\u00eda, and again with Vice Rector Domingo Orozco. The also saw the facilities of the CYBORG Institute and met with its representatives. Next, they met with \u00c1ngel Barco, who is Director of the Institute of Neurosciences, a joint research center between the UMH and the Spanish National Research Council (CSIC), and with the researcher leading UMH efforts in the Neurotech<sup>EU<\/sup> endeavor, Juana Gallar. Finally yet importantly, they also met with the president of the UMH Board of Trustees, Joaqu\u00edn P\u00e9rez V\u00e1zquez.<\/p>\n<p style=\"text-align: justify\">For several years now, the UMH and MESCyT have been growing ties with the Espejo program, which fosters participation by UMH faculty in masters and doctoral programs in Latin America, as well as promoting relationships so American students can study at our university.<\/p>\n<p><a href=\"https:\/\/internacional.umh.es\/files\/2021\/11\/2.jpg\"><img loading=\"lazy\" class=\"alignnone size-medium wp-image-23380\" src=\"https:\/\/internacional.umh.es\/files\/2021\/11\/2-300x200.jpg\" alt=\"\" width=\"300\" height=\"200\" srcset=\"https:\/\/internacional.umh.es\/files\/2021\/11\/2-300x200.jpg 300w, https:\/\/internacional.umh.es\/files\/2021\/11\/2-1024x683.jpg 1024w, https:\/\/internacional.umh.es\/files\/2021\/11\/2-768x512.jpg 768w, https:\/\/internacional.umh.es\/files\/2021\/11\/2.jpg 1080w\" sizes=\"(max-width: 300px) 100vw, 300px\" \/><\/a> <a href=\"https:\/\/internacional.umh.es\/files\/2021\/11\/3.jpg\"><img loading=\"lazy\" class=\"alignnone size-medium wp-image-23383\" src=\"https:\/\/internacional.umh.es\/files\/2021\/11\/3-300x200.jpg\" alt=\"\" width=\"300\" height=\"200\" srcset=\"https:\/\/internacional.umh.es\/files\/2021\/11\/3-300x200.jpg 300w, https:\/\/internacional.umh.es\/files\/2021\/11\/3-1024x683.jpg 1024w, https:\/\/internacional.umh.es\/files\/2021\/11\/3-768x512.jpg 768w, https:\/\/internacional.umh.es\/files\/2021\/11\/3.jpg 1080w\" sizes=\"(max-width: 300px) 100vw, 300px\" \/><\/a><\/p>\n<p><a href=\"https:\/\/internacional.umh.es\/files\/2021\/11\/5.jpg\"><img loading=\"lazy\" class=\"alignnone size-medium wp-image-23386\" src=\"https:\/\/internacional.umh.es\/files\/2021\/11\/5-300x200.jpg\" alt=\"\" width=\"300\" height=\"200\" srcset=\"https:\/\/internacional.umh.es\/files\/2021\/11\/5-300x200.jpg 300w, https:\/\/internacional.umh.es\/files\/2021\/11\/5-1024x683.jpg 1024w, https:\/\/internacional.umh.es\/files\/2021\/11\/5-768x512.jpg 768w, https:\/\/internacional.umh.es\/files\/2021\/11\/5.jpg 1080w\" sizes=\"(max-width: 300px) 100vw, 300px\" \/><\/a> <a href=\"https:\/\/internacional.umh.es\/files\/2021\/11\/6-1.jpg\"><img loading=\"lazy\" class=\"alignnone size-medium wp-image-23392\" src=\"https:\/\/internacional.umh.es\/files\/2021\/11\/6-1-300x200.jpg\" alt=\"\" width=\"300\" height=\"200\" srcset=\"https:\/\/internacional.umh.es\/files\/2021\/11\/6-1-300x200.jpg 300w, https:\/\/internacional.umh.es\/files\/2021\/11\/6-1-1024x683.jpg 1024w, https:\/\/internacional.umh.es\/files\/2021\/11\/6-1-768x512.jpg 768w, https:\/\/internacional.umh.es\/files\/2021\/11\/6-1.jpg 1080w\" sizes=\"(max-width: 300px) 100vw, 300px\" \/><\/a><\/p>","protected":false},"excerpt":{"rendered":"<p>The Miguel Hern\u00e1ndez University of Elche (UMH) has received representatives from the Ministry of Higher Education, Science and Technology (MESCyT) from the Dominican Republic. Meetings were held November 22-24, which aimed to continue forging closer ties between both institutions, tour UMH installations, and learn better firsthand about the Spanish higher education system.<br \/>\nOn November 23, UMH [&#8230;]<\/p>\n","protected":false},"author":4886,"featured_media":0,"comment_status":"closed","ping_status":"closed","sticky":false,"template":"","format":"standard","meta":{"ngg_post_thumbnail":0,"_links_to":"","_links_to_target":""},"categories":[3742,284935],"tags":[],"yoast_head":"<!-- This site is optimized with the Yoast SEO plugin v17.5 - https:\/\/yoast.com\/wordpress\/plugins\/seo\/ -->\n<meta name=\"robots\" content=\"index, follow, max-snippet:-1, max-image-preview:large, max-video-preview:-1\" \/>\n<link rel=\"canonical\" href=\"https:\/\/internacional.umh.es\/en\/2021\/11\/25\/la-umh-recibe-la-visita-de-la-viceministra-de-relaciones-internacionales-de-republica-dominicana\/\" \/>\n<meta property=\"og:locale\" content=\"en_US\" \/>\n<meta property=\"og:type\" content=\"article\" \/>\n<meta property=\"og:title\" content=\"UMH welcomes Deputy Minister of International Relations from the Dominican Republic - International Relations and Cooperation\" \/>\n<meta property=\"og:description\" content=\"The Miguel Hern\u00e1ndez University of Elche (UMH) has received representatives from the Ministry of Higher Education, Science and Technology (MESCyT) from the Dominican Republic. Meetings were held November 22-24, which aimed to continue forging closer ties between both institutions, tour UMH installations, and learn better firsthand about the Spanish higher education system. On November 23, UMH [...]\" \/>\n<meta property=\"og:url\" content=\"https:\/\/internacional.umh.es\/ca\/2021\/11\/25\/la-umh-recibe-la-visita-de-la-viceministra-de-relaciones-internacionales-de-republica-dominicana\/\" \/>\n<meta property=\"og:site_name\" content=\"International Relations and Cooperation\" \/>\n<meta property=\"article:published_time\" content=\"2021-11-25T08:27:05+00:00\" \/>\n<meta property=\"article:modified_time\" content=\"2021-11-25T12:40:12+00:00\" \/>\n<meta property=\"og:image\" content=\"https:\/\/internacional.umh.es\/files\/2021\/11\/1-300x200.jpg\" \/>\n<meta name=\"twitter:card\" content=\"summary_large_image\" \/>\n<meta name=\"twitter:label1\" content=\"Written by\" \/>\n\t<meta name=\"twitter:data1\" content=\"smurillo\" \/>\n\t<meta name=\"twitter:label2\" content=\"Est. reading time\" \/>\n\t<meta name=\"twitter:data2\" content=\"4 minutes\" \/>\n<script type=\"application\/ld+json\" class=\"yoast-schema-graph\">{\"@context\":\"https:\/\/schema.org\",\"@graph\":[{\"@type\":\"WebSite\",\"@id\":\"https:\/\/internacional.umh.es\/en\/#website\",\"url\":\"https:\/\/internacional.umh.es\/en\/\",\"name\":\"International Relations and Cooperation\",\"description\":\"Miguel Hernandez University of Elche\",\"potentialAction\":[{\"@type\":\"SearchAction\",\"target\":{\"@type\":\"EntryPoint\",\"urlTemplate\":\"https:\/\/internacional.umh.es\/en\/?s={search_term_string}\"},\"query-input\":\"required name=search_term_string\"}],\"inLanguage\":\"en-US\"},{\"@type\":\"ImageObject\",\"@id\":\"https:\/\/internacional.umh.es\/ca\/2021\/11\/25\/la-umh-recibe-la-visita-de-la-viceministra-de-relaciones-internacionales-de-republica-dominicana\/#primaryimage\",\"inLanguage\":\"en-US\",\"url\":\"https:\/\/internacional.umh.es\/files\/2021\/11\/1.jpg\",\"contentUrl\":\"https:\/\/internacional.umh.es\/files\/2021\/11\/1.jpg\",\"width\":1080,\"height\":720},{\"@type\":\"WebPage\",\"@id\":\"https:\/\/internacional.umh.es\/ca\/2021\/11\/25\/la-umh-recibe-la-visita-de-la-viceministra-de-relaciones-internacionales-de-republica-dominicana\/#webpage\",\"url\":\"https:\/\/internacional.umh.es\/ca\/2021\/11\/25\/la-umh-recibe-la-visita-de-la-viceministra-de-relaciones-internacionales-de-republica-dominicana\/\",\"name\":\"UMH welcomes Deputy Minister of International Relations from the Dominican Republic - International Relations and Cooperation\",\"isPartOf\":{\"@id\":\"https:\/\/internacional.umh.es\/en\/#website\"},\"primaryImageOfPage\":{\"@id\":\"https:\/\/internacional.umh.es\/ca\/2021\/11\/25\/la-umh-recibe-la-visita-de-la-viceministra-de-relaciones-internacionales-de-republica-dominicana\/#primaryimage\"},\"datePublished\":\"2021-11-25T08:27:05+00:00\",\"dateModified\":\"2021-11-25T12:40:12+00:00\",\"author\":{\"@id\":\"https:\/\/internacional.umh.es\/en\/#\/schema\/person\/78c5babbc457df6e3300b14cb25e2097\"},\"breadcrumb\":{\"@id\":\"https:\/\/internacional.umh.es\/ca\/2021\/11\/25\/la-umh-recibe-la-visita-de-la-viceministra-de-relaciones-internacionales-de-republica-dominicana\/#breadcrumb\"},\"inLanguage\":\"en-US\",\"potentialAction\":[{\"@type\":\"ReadAction\",\"target\":[\"https:\/\/internacional.umh.es\/ca\/2021\/11\/25\/la-umh-recibe-la-visita-de-la-viceministra-de-relaciones-internacionales-de-republica-dominicana\/\"]}]},{\"@type\":\"BreadcrumbList\",\"@id\":\"https:\/\/internacional.umh.es\/ca\/2021\/11\/25\/la-umh-recibe-la-visita-de-la-viceministra-de-relaciones-internacionales-de-republica-dominicana\/#breadcrumb\",\"itemListElement\":[{\"@type\":\"ListItem\",\"position\":1,\"name\":\"Home\",\"item\":\"https:\/\/internacional.umh.es\/en\/\"},{\"@type\":\"ListItem\",\"position\":2,\"name\":\"UMH welcomes Deputy Minister of International Relations from the Dominican Republic\"}]},{\"@type\":\"Person\",\"@id\":\"https:\/\/internacional.umh.es\/en\/#\/schema\/person\/78c5babbc457df6e3300b14cb25e2097\",\"name\":\"smurillo\",\"image\":{\"@type\":\"ImageObject\",\"@id\":\"https:\/\/internacional.umh.es\/en\/#personlogo\",\"inLanguage\":\"en-US\",\"url\":\"https:\/\/secure.gravatar.com\/avatar\/4d9ea5eb60e211829996b933fcfd12a2?s=96&d=mm&r=g\",\"contentUrl\":\"https:\/\/secure.gravatar.com\/avatar\/4d9ea5eb60e211829996b933fcfd12a2?s=96&d=mm&r=g\",\"caption\":\"smurillo\"},\"url\":\"https:\/\/internacional.umh.es\/en\/author\/smurillo\/\"}]}<\/script>\n<!-- \/ Yoast SEO plugin. -->","yoast_head_json":{"robots":{"index":"index","follow":"follow","max-snippet":"max-snippet:-1","max-image-preview":"max-image-preview:large","max-video-preview":"max-video-preview:-1"},"canonical":"https:\/\/internacional.umh.es\/en\/2021\/11\/25\/la-umh-recibe-la-visita-de-la-viceministra-de-relaciones-internacionales-de-republica-dominicana\/","og_locale":"en_US","og_type":"article","og_title":"UMH welcomes Deputy Minister of International Relations from the Dominican Republic - International Relations and Cooperation","og_description":"The Miguel Hern\u00e1ndez University of Elche (UMH) has received representatives from the Ministry of Higher Education, Science and Technology (MESCyT) from the Dominican Republic. Meetings were held November 22-24, which aimed to continue forging closer ties between both institutions, tour UMH installations, and learn better firsthand about the Spanish higher education system. On November 23, UMH [...]","og_url":"https:\/\/internacional.umh.es\/ca\/2021\/11\/25\/la-umh-recibe-la-visita-de-la-viceministra-de-relaciones-internacionales-de-republica-dominicana\/","og_site_name":"International Relations and Cooperation","article_published_time":"2021-11-25T08:27:05+00:00","article_modified_time":"2021-11-25T12:40:12+00:00","og_image":[{"url":"https:\/\/internacional.umh.es\/files\/2021\/11\/1-300x200.jpg"}],"twitter_card":"summary_large_image","twitter_misc":{"Written by":"smurillo","Est. reading time":"4 minutes"},"schema":{"@context":"https:\/\/schema.org","@graph":[{"@type":"WebSite","@id":"https:\/\/internacional.umh.es\/en\/#website","url":"https:\/\/internacional.umh.es\/en\/","name":"International Relations and Cooperation","description":"Miguel Hernandez University of Elche","potentialAction":[{"@type":"SearchAction","target":{"@type":"EntryPoint","urlTemplate":"https:\/\/internacional.umh.es\/en\/?s={search_term_string}"},"query-input":"required name=search_term_string"}],"inLanguage":"en-US"},{"@type":"ImageObject","@id":"https:\/\/internacional.umh.es\/ca\/2021\/11\/25\/la-umh-recibe-la-visita-de-la-viceministra-de-relaciones-internacionales-de-republica-dominicana\/#primaryimage","inLanguage":"en-US","url":"https:\/\/internacional.umh.es\/files\/2021\/11\/1.jpg","contentUrl":"https:\/\/internacional.umh.es\/files\/2021\/11\/1.jpg","width":1080,"height":720},{"@type":"WebPage","@id":"https:\/\/internacional.umh.es\/ca\/2021\/11\/25\/la-umh-recibe-la-visita-de-la-viceministra-de-relaciones-internacionales-de-republica-dominicana\/#webpage","url":"https:\/\/internacional.umh.es\/ca\/2021\/11\/25\/la-umh-recibe-la-visita-de-la-viceministra-de-relaciones-internacionales-de-republica-dominicana\/","name":"UMH welcomes Deputy Minister of International Relations from the Dominican Republic - International Relations and Cooperation","isPartOf":{"@id":"https:\/\/internacional.umh.es\/en\/#website"},"primaryImageOfPage":{"@id":"https:\/\/internacional.umh.es\/ca\/2021\/11\/25\/la-umh-recibe-la-visita-de-la-viceministra-de-relaciones-internacionales-de-republica-dominicana\/#primaryimage"},"datePublished":"2021-11-25T08:27:05+00:00","dateModified":"2021-11-25T12:40:12+00:00","author":{"@id":"https:\/\/internacional.umh.es\/en\/#\/schema\/person\/78c5babbc457df6e3300b14cb25e2097"},"breadcrumb":{"@id":"https:\/\/internacional.umh.es\/ca\/2021\/11\/25\/la-umh-recibe-la-visita-de-la-viceministra-de-relaciones-internacionales-de-republica-dominicana\/#breadcrumb"},"inLanguage":"en-US","potentialAction":[{"@type":"ReadAction","target":["https:\/\/internacional.umh.es\/ca\/2021\/11\/25\/la-umh-recibe-la-visita-de-la-viceministra-de-relaciones-internacionales-de-republica-dominicana\/"]}]},{"@type":"BreadcrumbList","@id":"https:\/\/internacional.umh.es\/ca\/2021\/11\/25\/la-umh-recibe-la-visita-de-la-viceministra-de-relaciones-internacionales-de-republica-dominicana\/#breadcrumb","itemListElement":[{"@type":"ListItem","position":1,"name":"Home","item":"https:\/\/internacional.umh.es\/en\/"},{"@type":"ListItem","position":2,"name":"UMH welcomes Deputy Minister of International Relations from the Dominican Republic"}]},{"@type":"Person","@id":"https:\/\/internacional.umh.es\/en\/#\/schema\/person\/78c5babbc457df6e3300b14cb25e2097","name":"smurillo","image":{"@type":"ImageObject","@id":"https:\/\/internacional.umh.es\/en\/#personlogo","inLanguage":"en-US","url":"https:\/\/secure.gravatar.com\/avatar\/4d9ea5eb60e211829996b933fcfd12a2?s=96&d=mm&r=g","contentUrl":"https:\/\/secure.gravatar.com\/avatar\/4d9ea5eb60e211829996b933fcfd12a2?s=96&d=mm&r=g","caption":"smurillo"},"url":"https:\/\/internacional.umh.es\/en\/author\/smurillo\/"}]}},"_links":{"self":[{"href":"https:\/\/internacional.umh.es\/en\/wp-json\/wp\/v2\/posts\/23374"}],"collection":[{"href":"https:\/\/internacional.umh.es\/en\/wp-json\/wp\/v2\/posts"}],"about":[{"href":"https:\/\/internacional.umh.es\/en\/wp-json\/wp\/v2\/types\/post"}],"author":[{"embeddable":true,"href":"https:\/\/internacional.umh.es\/en\/wp-json\/wp\/v2\/users\/4886"}],"replies":[{"embeddable":true,"href":"https:\/\/internacional.umh.es\/en\/wp-json\/wp\/v2\/comments?post=23374"}],"version-history":[{"count":0,"href":"https:\/\/internacional.umh.es\/en\/wp-json\/wp\/v2\/posts\/23374\/revisions"}],"wp:attachment":[{"href":"https:\/\/internacional.umh.es\/en\/wp-json\/wp\/v2\/media?parent=23374"}],"wp:term":[{"taxonomy":"category","embeddable":true,"href":"https:\/\/internacional.umh.es\/en\/wp-json\/wp\/v2\/categories?post=23374"},{"taxonomy":"post_tag","embeddable":true,"href":"https:\/\/internacional.umh.es\/en\/wp-json\/wp\/v2\/tags?post=23374"}],"curies":[{"name":"wp","href":"https:\/\/api.w.org\/{rel}","templated":true}]}}