{"id":25579,"date":"2022-03-29T12:37:59","date_gmt":"2022-03-29T10:37:59","guid":{"rendered":"https:\/\/internacional.umh.es\/?p=25579"},"modified":"2022-03-30T09:39:47","modified_gmt":"2022-03-30T07:39:47","slug":"la-fundacion-cyd-destaca-el-papel-de-la-universidad-miguel-hernandez-en-la-lucha-contra-el-cambio-climatico","status":"publish","type":"post","link":"https:\/\/internacional.umh.es\/en\/2022\/03\/29\/la-fundacion-cyd-destaca-el-papel-de-la-universidad-miguel-hernandez-en-la-lucha-contra-el-cambio-climatico\/","title":{"rendered":"CYD Foundation highlights role of Miguel Hern\u00e1ndez University in fight against climate change"},"content":{"rendered":"<p><\/p>\n<p style=\"text-align: justify\"><a href=\"https:\/\/internacional.umh.es\/files\/2022\/03\/Clima-Fundacion-CYD.png\"><img loading=\"lazy\" class=\"size-medium wp-image-25582 alignleft\" src=\"https:\/\/internacional.umh.es\/files\/2022\/03\/Clima-Fundacion-CYD-300x173.png\" alt=\"\" width=\"300\" height=\"173\" srcset=\"https:\/\/internacional.umh.es\/files\/2022\/03\/Clima-Fundacion-CYD-300x173.png 300w, https:\/\/internacional.umh.es\/files\/2022\/03\/Clima-Fundacion-CYD-1024x591.png 1024w, https:\/\/internacional.umh.es\/files\/2022\/03\/Clima-Fundacion-CYD-768x443.png 768w, https:\/\/internacional.umh.es\/files\/2022\/03\/Clima-Fundacion-CYD-1536x887.png 1536w, https:\/\/internacional.umh.es\/files\/2022\/03\/Clima-Fundacion-CYD.png 2048w\" sizes=\"(max-width: 300px) 100vw, 300px\" \/><\/a>To commemorate World Climate Day, the <em>Fundaci\u00f3n Conocimiento y Desarrollo<\/em> (Knowledge and Development Foundation, or CYD) analyzed the commitment by Spanish universities in the fight against climate change. The CYD report highlights the role of the Miguel Hern\u00e1ndez University of Elche (UMH) as one of the Spanish institutions that received the highest marks in the Impact Ranking produced by Times Higher Education.<\/p>\n<p style=\"text-align: justify\">This foundation, which is led by Ana Bot\u00edn, has the mission of analyzing and responding to the realities of Spanish universities. Its analysis underscored the role of the UMH in the promotion of Sustainable Development Goals 8 and 13 (Decent Work &amp; Economic Growth and Climate Action, respectively), because the UMH focuses its university policies on responsible production and consumption, with sustainability the main axis of this policy and the central point in its new strategic plan.<\/p>\n<p style=\"text-align: justify\">Along these lines, the CYD highlighted the UMH 2030 Plan of Energy Efficiency and Decarbonization, the calculation and registration of its carbon footprint and the capture of carbon dioxide, the gradual substitution of air conditioning equipment (adapting them to newer regulations that require the use of equipment with fewer greenhouse gases), its energy savings plan with measures such as automatic control of electricity consumption on all premises, forestation and environmental awareness activities, in addition to the UMH initiative of more sustainable mobility via a mobile app for sharing vehicles and promoting bicycles.<\/p>\n<p style=\"text-align: justify\">What\u2019s more, the CYD Foundation also emphasized the possibilities the UMH offers in terms of training in this area, as the university already provides training on the Sustainable Development Goals and the 2030 UN Agenda for the entire university community. The UMH also teachers various undergraduate and master\u2019s programs on environmental sciences that form future professionals in the area of sustainable intervention to contribute to caring for the environment in all means of action.<\/p>\n<p style=\"text-align: justify\">These training opportunities include the undergraduate programs of Environmental Science and that of Agro-Food and Agro-Environmental Engineering; the Master&#8217;s in Agroecology, Rural Development and Agro-Tourism; Master&#8217;s in Automation and Remote Control for Water and Energy Resources Management; Master&#8217;s in Solar and Renewable Energy; plus the Master&#8217;s in Management, Treatment and Use of Organic Waste, among others.<\/p>\n<p style=\"text-align: justify\">The UMH is currently among the top 200 of the world\u2019s universities according to the Times Higher Education Impact Rankings. These are the only global performance tables that assess universities versus the Sustainable Development Goals of the United Nations. Using carefully calibrated indicators, the Impact Rankings provide complete and balanced comparisons in four broad areas: research, stewardship, outreach, and teaching.<\/p>\n<p><\/p>","protected":false},"excerpt":{"rendered":"<p>To commemorate World Climate Day, the Fundaci\u00f3n Conocimiento y Desarrollo (Knowledge and Development Foundation, or CYD) analyzed the commitment by Spanish universities in the fight against climate change. The CYD report highlights the role of the Miguel Hern\u00e1ndez University of Elche (UMH) as one of the Spanish institutions that received the highest marks in the [&#8230;]<\/p>\n","protected":false},"author":4886,"featured_media":0,"comment_status":"closed","ping_status":"closed","sticky":false,"template":"","format":"standard","meta":{"ngg_post_thumbnail":0,"_links_to":"","_links_to_target":""},"categories":[20504,20486],"tags":[286809],"yoast_head":"<!-- This site is optimized with the Yoast SEO plugin v17.5 - https:\/\/yoast.com\/wordpress\/plugins\/seo\/ -->\n<meta name=\"description\" content=\"Con motivo del D\u00eda Mundial del Clima, la Fundaci\u00f3n CYD ha querido analizar el compromiso de las universidades frente al cambio clim\u00e1tico.\" \/>\n<meta name=\"robots\" content=\"index, follow, max-snippet:-1, max-image-preview:large, max-video-preview:-1\" \/>\n<link rel=\"canonical\" href=\"https:\/\/internacional.umh.es\/en\/2022\/03\/29\/la-fundacion-cyd-destaca-el-papel-de-la-universidad-miguel-hernandez-en-la-lucha-contra-el-cambio-climatico\/\" \/>\n<meta property=\"og:locale\" content=\"en_US\" \/>\n<meta property=\"og:type\" content=\"article\" \/>\n<meta property=\"og:title\" content=\"La Fundaci\u00f3n CYD destaca el papel de la UMH en la lucha por el clima\" \/>\n<meta property=\"og:description\" content=\"Con motivo del D\u00eda Mundial del Clima, la Fundaci\u00f3n CYD ha querido analizar el compromiso de las universidades frente al cambio clim\u00e1tico.\" \/>\n<meta property=\"og:url\" content=\"https:\/\/internacional.umh.es\/2022\/03\/29\/la-fundacion-cyd-destaca-el-papel-de-la-universidad-miguel-hernandez-en-la-lucha-contra-el-cambio-climatico\/\" \/>\n<meta property=\"og:site_name\" content=\"International Relations and Cooperation\" \/>\n<meta property=\"article:published_time\" content=\"2022-03-29T10:37:59+00:00\" \/>\n<meta property=\"article:modified_time\" content=\"2022-03-30T07:39:47+00:00\" \/>\n<meta property=\"og:image\" content=\"https:\/\/internacional.umh.es\/files\/2022\/03\/Clima-Fundacion-CYD-300x173.png\" \/>\n<meta name=\"twitter:card\" content=\"summary_large_image\" \/>\n<meta name=\"twitter:label1\" content=\"Written by\" \/>\n\t<meta name=\"twitter:data1\" content=\"smurillo\" \/>\n\t<meta name=\"twitter:label2\" content=\"Est. reading time\" \/>\n\t<meta name=\"twitter:data2\" content=\"3 minutes\" \/>\n<script type=\"application\/ld+json\" class=\"yoast-schema-graph\">{\"@context\":\"https:\/\/schema.org\",\"@graph\":[{\"@type\":\"WebSite\",\"@id\":\"https:\/\/internacional.umh.es\/en\/#website\",\"url\":\"https:\/\/internacional.umh.es\/en\/\",\"name\":\"International Relations and Cooperation\",\"description\":\"Miguel Hernandez University of Elche\",\"potentialAction\":[{\"@type\":\"SearchAction\",\"target\":{\"@type\":\"EntryPoint\",\"urlTemplate\":\"https:\/\/internacional.umh.es\/en\/?s={search_term_string}\"},\"query-input\":\"required name=search_term_string\"}],\"inLanguage\":\"en-US\"},{\"@type\":\"ImageObject\",\"@id\":\"https:\/\/internacional.umh.es\/2022\/03\/29\/la-fundacion-cyd-destaca-el-papel-de-la-universidad-miguel-hernandez-en-la-lucha-contra-el-cambio-climatico\/#primaryimage\",\"inLanguage\":\"en-US\",\"url\":\"https:\/\/internacional.umh.es\/files\/2022\/03\/Clima-Fundacion-CYD.png\",\"contentUrl\":\"https:\/\/internacional.umh.es\/files\/2022\/03\/Clima-Fundacion-CYD.png\",\"width\":2048,\"height\":1182},{\"@type\":\"WebPage\",\"@id\":\"https:\/\/internacional.umh.es\/2022\/03\/29\/la-fundacion-cyd-destaca-el-papel-de-la-universidad-miguel-hernandez-en-la-lucha-contra-el-cambio-climatico\/#webpage\",\"url\":\"https:\/\/internacional.umh.es\/2022\/03\/29\/la-fundacion-cyd-destaca-el-papel-de-la-universidad-miguel-hernandez-en-la-lucha-contra-el-cambio-climatico\/\",\"name\":\"La Fundaci\\u00f3n CYD destaca el papel de la UMH en la lucha por el clima\",\"isPartOf\":{\"@id\":\"https:\/\/internacional.umh.es\/en\/#website\"},\"primaryImageOfPage\":{\"@id\":\"https:\/\/internacional.umh.es\/2022\/03\/29\/la-fundacion-cyd-destaca-el-papel-de-la-universidad-miguel-hernandez-en-la-lucha-contra-el-cambio-climatico\/#primaryimage\"},\"datePublished\":\"2022-03-29T10:37:59+00:00\",\"dateModified\":\"2022-03-30T07:39:47+00:00\",\"author\":{\"@id\":\"https:\/\/internacional.umh.es\/en\/#\/schema\/person\/78c5babbc457df6e3300b14cb25e2097\"},\"description\":\"Con motivo del D\\u00eda Mundial del Clima, la Fundaci\\u00f3n CYD ha querido analizar el compromiso de las universidades frente al cambio clim\\u00e1tico.\",\"breadcrumb\":{\"@id\":\"https:\/\/internacional.umh.es\/2022\/03\/29\/la-fundacion-cyd-destaca-el-papel-de-la-universidad-miguel-hernandez-en-la-lucha-contra-el-cambio-climatico\/#breadcrumb\"},\"inLanguage\":\"en-US\",\"potentialAction\":[{\"@type\":\"ReadAction\",\"target\":[\"https:\/\/internacional.umh.es\/2022\/03\/29\/la-fundacion-cyd-destaca-el-papel-de-la-universidad-miguel-hernandez-en-la-lucha-contra-el-cambio-climatico\/\"]}]},{\"@type\":\"BreadcrumbList\",\"@id\":\"https:\/\/internacional.umh.es\/2022\/03\/29\/la-fundacion-cyd-destaca-el-papel-de-la-universidad-miguel-hernandez-en-la-lucha-contra-el-cambio-climatico\/#breadcrumb\",\"itemListElement\":[{\"@type\":\"ListItem\",\"position\":1,\"name\":\"Home\",\"item\":\"https:\/\/internacional.umh.es\/en\/\"},{\"@type\":\"ListItem\",\"position\":2,\"name\":\"CYD Foundation highlights role of Miguel Hern\\u00e1ndez University in fight against climate change\"}]},{\"@type\":\"Person\",\"@id\":\"https:\/\/internacional.umh.es\/en\/#\/schema\/person\/78c5babbc457df6e3300b14cb25e2097\",\"name\":\"smurillo\",\"image\":{\"@type\":\"ImageObject\",\"@id\":\"https:\/\/internacional.umh.es\/en\/#personlogo\",\"inLanguage\":\"en-US\",\"url\":\"https:\/\/secure.gravatar.com\/avatar\/4d9ea5eb60e211829996b933fcfd12a2?s=96&d=mm&r=g\",\"contentUrl\":\"https:\/\/secure.gravatar.com\/avatar\/4d9ea5eb60e211829996b933fcfd12a2?s=96&d=mm&r=g\",\"caption\":\"smurillo\"},\"url\":\"https:\/\/internacional.umh.es\/en\/author\/smurillo\/\"}]}<\/script>\n<!-- \/ Yoast SEO plugin. -->","yoast_head_json":{"description":"Con motivo del D\u00eda Mundial del Clima, la Fundaci\u00f3n CYD ha querido analizar el compromiso de las universidades frente al cambio clim\u00e1tico.","robots":{"index":"index","follow":"follow","max-snippet":"max-snippet:-1","max-image-preview":"max-image-preview:large","max-video-preview":"max-video-preview:-1"},"canonical":"https:\/\/internacional.umh.es\/en\/2022\/03\/29\/la-fundacion-cyd-destaca-el-papel-de-la-universidad-miguel-hernandez-en-la-lucha-contra-el-cambio-climatico\/","og_locale":"en_US","og_type":"article","og_title":"La Fundaci\u00f3n CYD destaca el papel de la UMH en la lucha por el clima","og_description":"Con motivo del D\u00eda Mundial del Clima, la Fundaci\u00f3n CYD ha querido analizar el compromiso de las universidades frente al cambio clim\u00e1tico.","og_url":"https:\/\/internacional.umh.es\/2022\/03\/29\/la-fundacion-cyd-destaca-el-papel-de-la-universidad-miguel-hernandez-en-la-lucha-contra-el-cambio-climatico\/","og_site_name":"International Relations and Cooperation","article_published_time":"2022-03-29T10:37:59+00:00","article_modified_time":"2022-03-30T07:39:47+00:00","og_image":[{"url":"https:\/\/internacional.umh.es\/files\/2022\/03\/Clima-Fundacion-CYD-300x173.png"}],"twitter_card":"summary_large_image","twitter_misc":{"Written by":"smurillo","Est. reading time":"3 minutes"},"schema":{"@context":"https:\/\/schema.org","@graph":[{"@type":"WebSite","@id":"https:\/\/internacional.umh.es\/en\/#website","url":"https:\/\/internacional.umh.es\/en\/","name":"International Relations and Cooperation","description":"Miguel Hernandez University of Elche","potentialAction":[{"@type":"SearchAction","target":{"@type":"EntryPoint","urlTemplate":"https:\/\/internacional.umh.es\/en\/?s={search_term_string}"},"query-input":"required name=search_term_string"}],"inLanguage":"en-US"},{"@type":"ImageObject","@id":"https:\/\/internacional.umh.es\/2022\/03\/29\/la-fundacion-cyd-destaca-el-papel-de-la-universidad-miguel-hernandez-en-la-lucha-contra-el-cambio-climatico\/#primaryimage","inLanguage":"en-US","url":"https:\/\/internacional.umh.es\/files\/2022\/03\/Clima-Fundacion-CYD.png","contentUrl":"https:\/\/internacional.umh.es\/files\/2022\/03\/Clima-Fundacion-CYD.png","width":2048,"height":1182},{"@type":"WebPage","@id":"https:\/\/internacional.umh.es\/2022\/03\/29\/la-fundacion-cyd-destaca-el-papel-de-la-universidad-miguel-hernandez-en-la-lucha-contra-el-cambio-climatico\/#webpage","url":"https:\/\/internacional.umh.es\/2022\/03\/29\/la-fundacion-cyd-destaca-el-papel-de-la-universidad-miguel-hernandez-en-la-lucha-contra-el-cambio-climatico\/","name":"La Fundaci\u00f3n CYD destaca el papel de la UMH en la lucha por el clima","isPartOf":{"@id":"https:\/\/internacional.umh.es\/en\/#website"},"primaryImageOfPage":{"@id":"https:\/\/internacional.umh.es\/2022\/03\/29\/la-fundacion-cyd-destaca-el-papel-de-la-universidad-miguel-hernandez-en-la-lucha-contra-el-cambio-climatico\/#primaryimage"},"datePublished":"2022-03-29T10:37:59+00:00","dateModified":"2022-03-30T07:39:47+00:00","author":{"@id":"https:\/\/internacional.umh.es\/en\/#\/schema\/person\/78c5babbc457df6e3300b14cb25e2097"},"description":"Con motivo del D\u00eda Mundial del Clima, la Fundaci\u00f3n CYD ha querido analizar el compromiso de las universidades frente al cambio clim\u00e1tico.","breadcrumb":{"@id":"https:\/\/internacional.umh.es\/2022\/03\/29\/la-fundacion-cyd-destaca-el-papel-de-la-universidad-miguel-hernandez-en-la-lucha-contra-el-cambio-climatico\/#breadcrumb"},"inLanguage":"en-US","potentialAction":[{"@type":"ReadAction","target":["https:\/\/internacional.umh.es\/2022\/03\/29\/la-fundacion-cyd-destaca-el-papel-de-la-universidad-miguel-hernandez-en-la-lucha-contra-el-cambio-climatico\/"]}]},{"@type":"BreadcrumbList","@id":"https:\/\/internacional.umh.es\/2022\/03\/29\/la-fundacion-cyd-destaca-el-papel-de-la-universidad-miguel-hernandez-en-la-lucha-contra-el-cambio-climatico\/#breadcrumb","itemListElement":[{"@type":"ListItem","position":1,"name":"Home","item":"https:\/\/internacional.umh.es\/en\/"},{"@type":"ListItem","position":2,"name":"CYD Foundation highlights role of Miguel Hern\u00e1ndez University in fight against climate change"}]},{"@type":"Person","@id":"https:\/\/internacional.umh.es\/en\/#\/schema\/person\/78c5babbc457df6e3300b14cb25e2097","name":"smurillo","image":{"@type":"ImageObject","@id":"https:\/\/internacional.umh.es\/en\/#personlogo","inLanguage":"en-US","url":"https:\/\/secure.gravatar.com\/avatar\/4d9ea5eb60e211829996b933fcfd12a2?s=96&d=mm&r=g","contentUrl":"https:\/\/secure.gravatar.com\/avatar\/4d9ea5eb60e211829996b933fcfd12a2?s=96&d=mm&r=g","caption":"smurillo"},"url":"https:\/\/internacional.umh.es\/en\/author\/smurillo\/"}]}},"_links":{"self":[{"href":"https:\/\/internacional.umh.es\/en\/wp-json\/wp\/v2\/posts\/25579"}],"collection":[{"href":"https:\/\/internacional.umh.es\/en\/wp-json\/wp\/v2\/posts"}],"about":[{"href":"https:\/\/internacional.umh.es\/en\/wp-json\/wp\/v2\/types\/post"}],"author":[{"embeddable":true,"href":"https:\/\/internacional.umh.es\/en\/wp-json\/wp\/v2\/users\/4886"}],"replies":[{"embeddable":true,"href":"https:\/\/internacional.umh.es\/en\/wp-json\/wp\/v2\/comments?post=25579"}],"version-history":[{"count":0,"href":"https:\/\/internacional.umh.es\/en\/wp-json\/wp\/v2\/posts\/25579\/revisions"}],"wp:attachment":[{"href":"https:\/\/internacional.umh.es\/en\/wp-json\/wp\/v2\/media?parent=25579"}],"wp:term":[{"taxonomy":"category","embeddable":true,"href":"https:\/\/internacional.umh.es\/en\/wp-json\/wp\/v2\/categories?post=25579"},{"taxonomy":"post_tag","embeddable":true,"href":"https:\/\/internacional.umh.es\/en\/wp-json\/wp\/v2\/tags?post=25579"}],"curies":[{"name":"wp","href":"https:\/\/api.w.org\/{rel}","templated":true}]}}