{"id":25813,"date":"2022-04-11T12:49:13","date_gmt":"2022-04-11T10:49:13","guid":{"rendered":"https:\/\/internacional.umh.es\/?p=25813"},"modified":"2022-04-28T09:58:34","modified_gmt":"2022-04-28T07:58:34","slug":"un-proyecto-de-cooperacion-de-la-umh-avanza-en-el-estudio-del-impacto-economico-del-parque-empresarial-de-holguin-cuba","status":"publish","type":"post","link":"https:\/\/internacional.umh.es\/en\/2022\/04\/11\/un-proyecto-de-cooperacion-de-la-umh-avanza-en-el-estudio-del-impacto-economico-del-parque-empresarial-de-holguin-cuba\/","title":{"rendered":"UMH cooperation project advances the economic impact study of the Holgu\u00edn Business Park in Cuba"},"content":{"rendered":"<p><\/p>\n<p style=\"text-align: justify\"><span style=\"font-weight: 400\"><a href=\"https:\/\/internacional.umh.es\/2022\/04\/11\/un-proyecto-de-cooperacion-de-la-umh-avanza-en-el-estudio-del-impacto-economico-del-parque-empresarial-de-holguin-cuba\/img-20220215-wa0006\/\" rel=\"attachment wp-att-25816\"><img loading=\"lazy\" class=\"size-medium wp-image-25816 alignleft\" src=\"https:\/\/internacional.umh.es\/files\/2022\/04\/IMG-20220215-WA0006-300x142.jpg\" alt=\"\" width=\"300\" height=\"142\" srcset=\"https:\/\/internacional.umh.es\/files\/2022\/04\/IMG-20220215-WA0006-300x142.jpg 300w, https:\/\/internacional.umh.es\/files\/2022\/04\/IMG-20220215-WA0006-768x363.jpg 768w, https:\/\/internacional.umh.es\/files\/2022\/04\/IMG-20220215-WA0006.jpg 956w\" sizes=\"(max-width: 300px) 100vw, 300px\" \/><\/a><\/span><\/p>\n<p style=\"text-align: justify\">The \u201cEconomic Impact Study of a Business Park in the Region of Holgu\u00edn, Cuba\u201d research project examines the financial repercussions of the Holgu\u00edn Business Park on that region\u2019s economics, and it also strives to foster Sustainable Development Goal 8 (promote sustained, inclusive and sustainable economic growth), SDG 9 (build resilient infrastructure, promote inclusive and sustainable industrialization and foster innovation), and SDG 10 (reduce inequality within and among countries of Latin America and the Caribbean).<\/p>\n<p style=\"text-align: justify\">Participants in this project include UMH professor, Luis Francisco Brotons, and professor and manager of the project, Carmen Victoria Escolano. Representatives from the University of Holg\u00edn are professor Jenny Ruiz de la Pe\u00f1a, along with professor Ana de Lourdes Torralbas Blazqu\u00e9z, who is the leader for the creation of the Business Park in Holguin.<\/p>\n<p style=\"text-align: justify\">This project began in October 2021, and it has since completed several activities. Standing out among these is the <a href=\"https:\/\/internacional.umh.es\/2022\/02\/18\/proyecto-impacto-economico-de-un-parque-empresarial-en-la-region-de-holguin-cuba\/\">reunion held with representatives<\/a> from the Cuban Ministry of Industry, Its Ministry of Science and Technology, university faculty, business leaders, and other financial stakeholders from the park. In the meeting, ideas were shared and there was reflection on the profile that the Holgu\u00edn Business Park should acquire to aid in its promotion. During the meeting, the UMH faculty presented the main indicators and characteristics that Spanish scientific and technological parks possess, which may be of help to lay the foundations for the future Scientific and Technological Park of Holgu\u00edn.<\/p>\n<p style=\"text-align: justify\">The researchers are currently conducting surveys from business leaders and stakeholders of the Cuban park to determine its needs and to efficiently outline the creation of the Holgu\u00edn business park.<\/p>\n<p style=\"text-align: justify\">This project was one of those selected in the call for <a href=\"https:\/\/internacional.umh.es\/cooperacion-y-voluntariado\/cooperacion-al-desarrollo\/convenio-cooperacion-universitaria-al-desarrollo\/convenio-2020\/#investigacion\">international research projects<\/a> to achieve the Sustainable Development Goals from the Agenda 2030 of the United Nations that was announced by the UMH and funded by the Generalitat Valenciana Regional Government.<\/p>\n<p><\/p>","protected":false},"excerpt":{"rendered":"<p>The \u201cEconomic Impact Study of a Business Park in the Region of Holgu\u00edn, Cuba\u201d research project examines the financial repercussions of the Holgu\u00edn Business Park on that region\u2019s economics, and it also strives to foster Sustainable Development Goal 8 (promote sustained, inclusive and sustainable economic growth), SDG 9 (build resilient infrastructure, promote inclusive and sustainable [&#8230;]<\/p>\n","protected":false},"author":5216,"featured_media":0,"comment_status":"closed","ping_status":"closed","sticky":false,"template":"","format":"standard","meta":{"ngg_post_thumbnail":0,"_links_to":"","_links_to_target":""},"categories":[20504,46075,20486,296002],"tags":[],"yoast_head":"<!-- This site is optimized with the Yoast SEO plugin v17.5 - https:\/\/yoast.com\/wordpress\/plugins\/seo\/ -->\n<meta name=\"robots\" content=\"index, follow, max-snippet:-1, max-image-preview:large, max-video-preview:-1\" \/>\n<link rel=\"canonical\" href=\"https:\/\/internacional.umh.es\/en\/2022\/04\/11\/un-proyecto-de-cooperacion-de-la-umh-avanza-en-el-estudio-del-impacto-economico-del-parque-empresarial-de-holguin-cuba\/\" \/>\n<meta property=\"og:locale\" content=\"en_US\" \/>\n<meta property=\"og:type\" content=\"article\" \/>\n<meta property=\"og:title\" content=\"UMH cooperation project advances the economic impact study of the Holgu\u00edn Business Park in Cuba - International Relations and Cooperation\" \/>\n<meta property=\"og:description\" content=\"The \u201cEconomic Impact Study of a Business Park in the Region of Holgu\u00edn, Cuba\u201d research project examines the financial repercussions of the Holgu\u00edn Business Park on that region\u2019s economics, and it also strives to foster Sustainable Development Goal 8 (promote sustained, inclusive and sustainable economic growth), SDG 9 (build resilient infrastructure, promote inclusive and sustainable [...]\" \/>\n<meta property=\"og:url\" content=\"https:\/\/internacional.umh.es\/en\/2022\/04\/11\/un-proyecto-de-cooperacion-de-la-umh-avanza-en-el-estudio-del-impacto-economico-del-parque-empresarial-de-holguin-cuba\/\" \/>\n<meta property=\"og:site_name\" content=\"International Relations and Cooperation\" \/>\n<meta property=\"article:published_time\" content=\"2022-04-11T10:49:13+00:00\" \/>\n<meta property=\"article:modified_time\" content=\"2022-04-28T07:58:34+00:00\" \/>\n<meta property=\"og:image\" content=\"https:\/\/internacional.umh.es\/files\/2022\/04\/IMG-20220215-WA0006-300x142.jpg\" \/>\n<meta name=\"twitter:card\" content=\"summary_large_image\" \/>\n<meta name=\"twitter:label1\" content=\"Written by\" \/>\n\t<meta name=\"twitter:data1\" content=\"vgodoy\" \/>\n\t<meta name=\"twitter:label2\" content=\"Est. reading time\" \/>\n\t<meta name=\"twitter:data2\" content=\"2 minutes\" \/>\n<script type=\"application\/ld+json\" class=\"yoast-schema-graph\">{\"@context\":\"https:\/\/schema.org\",\"@graph\":[{\"@type\":\"WebSite\",\"@id\":\"https:\/\/internacional.umh.es\/en\/#website\",\"url\":\"https:\/\/internacional.umh.es\/en\/\",\"name\":\"International Relations and Cooperation\",\"description\":\"Miguel Hernandez University of Elche\",\"potentialAction\":[{\"@type\":\"SearchAction\",\"target\":{\"@type\":\"EntryPoint\",\"urlTemplate\":\"https:\/\/internacional.umh.es\/en\/?s={search_term_string}\"},\"query-input\":\"required name=search_term_string\"}],\"inLanguage\":\"en-US\"},{\"@type\":\"ImageObject\",\"@id\":\"https:\/\/internacional.umh.es\/en\/2022\/04\/11\/un-proyecto-de-cooperacion-de-la-umh-avanza-en-el-estudio-del-impacto-economico-del-parque-empresarial-de-holguin-cuba\/#primaryimage\",\"inLanguage\":\"en-US\",\"url\":\"https:\/\/internacional.umh.es\/files\/2022\/04\/IMG-20220215-WA0006.jpg\",\"contentUrl\":\"https:\/\/internacional.umh.es\/files\/2022\/04\/IMG-20220215-WA0006.jpg\",\"width\":956,\"height\":452},{\"@type\":\"WebPage\",\"@id\":\"https:\/\/internacional.umh.es\/en\/2022\/04\/11\/un-proyecto-de-cooperacion-de-la-umh-avanza-en-el-estudio-del-impacto-economico-del-parque-empresarial-de-holguin-cuba\/#webpage\",\"url\":\"https:\/\/internacional.umh.es\/en\/2022\/04\/11\/un-proyecto-de-cooperacion-de-la-umh-avanza-en-el-estudio-del-impacto-economico-del-parque-empresarial-de-holguin-cuba\/\",\"name\":\"UMH cooperation project advances the economic impact study of the Holgu\\u00edn Business Park in Cuba - International Relations and Cooperation\",\"isPartOf\":{\"@id\":\"https:\/\/internacional.umh.es\/en\/#website\"},\"primaryImageOfPage\":{\"@id\":\"https:\/\/internacional.umh.es\/en\/2022\/04\/11\/un-proyecto-de-cooperacion-de-la-umh-avanza-en-el-estudio-del-impacto-economico-del-parque-empresarial-de-holguin-cuba\/#primaryimage\"},\"datePublished\":\"2022-04-11T10:49:13+00:00\",\"dateModified\":\"2022-04-28T07:58:34+00:00\",\"author\":{\"@id\":\"https:\/\/internacional.umh.es\/en\/#\/schema\/person\/6b54fc879bc8d5b4ed360472e19cca1d\"},\"breadcrumb\":{\"@id\":\"https:\/\/internacional.umh.es\/en\/2022\/04\/11\/un-proyecto-de-cooperacion-de-la-umh-avanza-en-el-estudio-del-impacto-economico-del-parque-empresarial-de-holguin-cuba\/#breadcrumb\"},\"inLanguage\":\"en-US\",\"potentialAction\":[{\"@type\":\"ReadAction\",\"target\":[\"https:\/\/internacional.umh.es\/en\/2022\/04\/11\/un-proyecto-de-cooperacion-de-la-umh-avanza-en-el-estudio-del-impacto-economico-del-parque-empresarial-de-holguin-cuba\/\"]}]},{\"@type\":\"BreadcrumbList\",\"@id\":\"https:\/\/internacional.umh.es\/en\/2022\/04\/11\/un-proyecto-de-cooperacion-de-la-umh-avanza-en-el-estudio-del-impacto-economico-del-parque-empresarial-de-holguin-cuba\/#breadcrumb\",\"itemListElement\":[{\"@type\":\"ListItem\",\"position\":1,\"name\":\"Home\",\"item\":\"https:\/\/internacional.umh.es\/en\/\"},{\"@type\":\"ListItem\",\"position\":2,\"name\":\"UMH cooperation project advances the economic impact study of the Holgu\\u00edn Business Park in Cuba\"}]},{\"@type\":\"Person\",\"@id\":\"https:\/\/internacional.umh.es\/en\/#\/schema\/person\/6b54fc879bc8d5b4ed360472e19cca1d\",\"name\":\"vgodoy\",\"image\":{\"@type\":\"ImageObject\",\"@id\":\"https:\/\/internacional.umh.es\/en\/#personlogo\",\"inLanguage\":\"en-US\",\"url\":\"https:\/\/secure.gravatar.com\/avatar\/5ee02b95215a691c74aac5849d06041e?s=96&d=mm&r=g\",\"contentUrl\":\"https:\/\/secure.gravatar.com\/avatar\/5ee02b95215a691c74aac5849d06041e?s=96&d=mm&r=g\",\"caption\":\"vgodoy\"},\"url\":\"https:\/\/internacional.umh.es\/en\/author\/vgodoy\/\"}]}<\/script>\n<!-- \/ Yoast SEO plugin. -->","yoast_head_json":{"robots":{"index":"index","follow":"follow","max-snippet":"max-snippet:-1","max-image-preview":"max-image-preview:large","max-video-preview":"max-video-preview:-1"},"canonical":"https:\/\/internacional.umh.es\/en\/2022\/04\/11\/un-proyecto-de-cooperacion-de-la-umh-avanza-en-el-estudio-del-impacto-economico-del-parque-empresarial-de-holguin-cuba\/","og_locale":"en_US","og_type":"article","og_title":"UMH cooperation project advances the economic impact study of the Holgu\u00edn Business Park in Cuba - International Relations and Cooperation","og_description":"The \u201cEconomic Impact Study of a Business Park in the Region of Holgu\u00edn, Cuba\u201d research project examines the financial repercussions of the Holgu\u00edn Business Park on that region\u2019s economics, and it also strives to foster Sustainable Development Goal 8 (promote sustained, inclusive and sustainable economic growth), SDG 9 (build resilient infrastructure, promote inclusive and sustainable [...]","og_url":"https:\/\/internacional.umh.es\/en\/2022\/04\/11\/un-proyecto-de-cooperacion-de-la-umh-avanza-en-el-estudio-del-impacto-economico-del-parque-empresarial-de-holguin-cuba\/","og_site_name":"International Relations and Cooperation","article_published_time":"2022-04-11T10:49:13+00:00","article_modified_time":"2022-04-28T07:58:34+00:00","og_image":[{"url":"https:\/\/internacional.umh.es\/files\/2022\/04\/IMG-20220215-WA0006-300x142.jpg"}],"twitter_card":"summary_large_image","twitter_misc":{"Written by":"vgodoy","Est. reading time":"2 minutes"},"schema":{"@context":"https:\/\/schema.org","@graph":[{"@type":"WebSite","@id":"https:\/\/internacional.umh.es\/en\/#website","url":"https:\/\/internacional.umh.es\/en\/","name":"International Relations and Cooperation","description":"Miguel Hernandez University of Elche","potentialAction":[{"@type":"SearchAction","target":{"@type":"EntryPoint","urlTemplate":"https:\/\/internacional.umh.es\/en\/?s={search_term_string}"},"query-input":"required name=search_term_string"}],"inLanguage":"en-US"},{"@type":"ImageObject","@id":"https:\/\/internacional.umh.es\/en\/2022\/04\/11\/un-proyecto-de-cooperacion-de-la-umh-avanza-en-el-estudio-del-impacto-economico-del-parque-empresarial-de-holguin-cuba\/#primaryimage","inLanguage":"en-US","url":"https:\/\/internacional.umh.es\/files\/2022\/04\/IMG-20220215-WA0006.jpg","contentUrl":"https:\/\/internacional.umh.es\/files\/2022\/04\/IMG-20220215-WA0006.jpg","width":956,"height":452},{"@type":"WebPage","@id":"https:\/\/internacional.umh.es\/en\/2022\/04\/11\/un-proyecto-de-cooperacion-de-la-umh-avanza-en-el-estudio-del-impacto-economico-del-parque-empresarial-de-holguin-cuba\/#webpage","url":"https:\/\/internacional.umh.es\/en\/2022\/04\/11\/un-proyecto-de-cooperacion-de-la-umh-avanza-en-el-estudio-del-impacto-economico-del-parque-empresarial-de-holguin-cuba\/","name":"UMH cooperation project advances the economic impact study of the Holgu\u00edn Business Park in Cuba - International Relations and Cooperation","isPartOf":{"@id":"https:\/\/internacional.umh.es\/en\/#website"},"primaryImageOfPage":{"@id":"https:\/\/internacional.umh.es\/en\/2022\/04\/11\/un-proyecto-de-cooperacion-de-la-umh-avanza-en-el-estudio-del-impacto-economico-del-parque-empresarial-de-holguin-cuba\/#primaryimage"},"datePublished":"2022-04-11T10:49:13+00:00","dateModified":"2022-04-28T07:58:34+00:00","author":{"@id":"https:\/\/internacional.umh.es\/en\/#\/schema\/person\/6b54fc879bc8d5b4ed360472e19cca1d"},"breadcrumb":{"@id":"https:\/\/internacional.umh.es\/en\/2022\/04\/11\/un-proyecto-de-cooperacion-de-la-umh-avanza-en-el-estudio-del-impacto-economico-del-parque-empresarial-de-holguin-cuba\/#breadcrumb"},"inLanguage":"en-US","potentialAction":[{"@type":"ReadAction","target":["https:\/\/internacional.umh.es\/en\/2022\/04\/11\/un-proyecto-de-cooperacion-de-la-umh-avanza-en-el-estudio-del-impacto-economico-del-parque-empresarial-de-holguin-cuba\/"]}]},{"@type":"BreadcrumbList","@id":"https:\/\/internacional.umh.es\/en\/2022\/04\/11\/un-proyecto-de-cooperacion-de-la-umh-avanza-en-el-estudio-del-impacto-economico-del-parque-empresarial-de-holguin-cuba\/#breadcrumb","itemListElement":[{"@type":"ListItem","position":1,"name":"Home","item":"https:\/\/internacional.umh.es\/en\/"},{"@type":"ListItem","position":2,"name":"UMH cooperation project advances the economic impact study of the Holgu\u00edn Business Park in Cuba"}]},{"@type":"Person","@id":"https:\/\/internacional.umh.es\/en\/#\/schema\/person\/6b54fc879bc8d5b4ed360472e19cca1d","name":"vgodoy","image":{"@type":"ImageObject","@id":"https:\/\/internacional.umh.es\/en\/#personlogo","inLanguage":"en-US","url":"https:\/\/secure.gravatar.com\/avatar\/5ee02b95215a691c74aac5849d06041e?s=96&d=mm&r=g","contentUrl":"https:\/\/secure.gravatar.com\/avatar\/5ee02b95215a691c74aac5849d06041e?s=96&d=mm&r=g","caption":"vgodoy"},"url":"https:\/\/internacional.umh.es\/en\/author\/vgodoy\/"}]}},"_links":{"self":[{"href":"https:\/\/internacional.umh.es\/en\/wp-json\/wp\/v2\/posts\/25813"}],"collection":[{"href":"https:\/\/internacional.umh.es\/en\/wp-json\/wp\/v2\/posts"}],"about":[{"href":"https:\/\/internacional.umh.es\/en\/wp-json\/wp\/v2\/types\/post"}],"author":[{"embeddable":true,"href":"https:\/\/internacional.umh.es\/en\/wp-json\/wp\/v2\/users\/5216"}],"replies":[{"embeddable":true,"href":"https:\/\/internacional.umh.es\/en\/wp-json\/wp\/v2\/comments?post=25813"}],"version-history":[{"count":0,"href":"https:\/\/internacional.umh.es\/en\/wp-json\/wp\/v2\/posts\/25813\/revisions"}],"wp:attachment":[{"href":"https:\/\/internacional.umh.es\/en\/wp-json\/wp\/v2\/media?parent=25813"}],"wp:term":[{"taxonomy":"category","embeddable":true,"href":"https:\/\/internacional.umh.es\/en\/wp-json\/wp\/v2\/categories?post=25813"},{"taxonomy":"post_tag","embeddable":true,"href":"https:\/\/internacional.umh.es\/en\/wp-json\/wp\/v2\/tags?post=25813"}],"curies":[{"name":"wp","href":"https:\/\/api.w.org\/{rel}","templated":true}]}}