{"id":25840,"date":"2022-04-26T13:54:48","date_gmt":"2022-04-26T11:54:48","guid":{"rendered":"https:\/\/internacional.umh.es\/?p=25840"},"modified":"2022-04-27T10:49:33","modified_gmt":"2022-04-27T08:49:33","slug":"un-proyecto-de-cooperacion-de-la-umh-avanza-en-el-estudio-de-la-prevalencia-del-sindrome-de-sensibilidad-quimica-multiple-sqm-en-colectivos-de-trabajadores","status":"publish","type":"post","link":"https:\/\/internacional.umh.es\/en\/2022\/04\/26\/un-proyecto-de-cooperacion-de-la-umh-avanza-en-el-estudio-de-la-prevalencia-del-sindrome-de-sensibilidad-quimica-multiple-sqm-en-colectivos-de-trabajadores\/","title":{"rendered":"UMH cooperation project advances research on the prevalence of multiple chemical sensitivity (MCS) on groups of workers"},"content":{"rendered":"<p><\/p>\n<p style=\"text-align: justify\"><span style=\"font-weight: 400\"><a href=\"https:\/\/internacional.umh.es\/2022\/04\/12\/un-proyecto-de-cooperacion-de-la-umh-avanza-en-el-estudio-de-la-prevalencia-del-sindrome-de-sensibilidad-quimica-multiple-sqm-en-colectivos-de-trabajadores\/imagen-reunion-espana-venezuela\/\" rel=\"attachment wp-att-25846\"><img loading=\"lazy\" class=\"size-medium wp-image-25846 alignleft\" src=\"https:\/\/internacional.umh.es\/files\/2022\/04\/IMAGEN-REUNION-ESPANA-VENEZUELA-300x196.jpg\" alt=\"\" width=\"300\" height=\"196\" srcset=\"https:\/\/internacional.umh.es\/files\/2022\/04\/IMAGEN-REUNION-ESPANA-VENEZUELA-300x196.jpg 300w, https:\/\/internacional.umh.es\/files\/2022\/04\/IMAGEN-REUNION-ESPANA-VENEZUELA-768x502.jpg 768w, https:\/\/internacional.umh.es\/files\/2022\/04\/IMAGEN-REUNION-ESPANA-VENEZUELA.jpg 931w\" sizes=\"(max-width: 300px) 100vw, 300px\" \/><\/a><\/span>The Miguel Hern\u00e1ndez University of Elche research project, \u201cAdaptation of Jobs for People with Reduced Functionality (MCS Adapts),\u201d aims to examine the prevalence of multiple chemical sensitivity (MCS) in different groups of workers, develop guidelines for adapting jobs based on the analysis of frequent conditions, as well as develop formal plans for employees of human resources units. The interest in MCS is in response to its growing incidence and repercussion on our society, as it is estimated that 5% of the population might be affected by more or less severe types of this pathology.<\/p>\n<p style=\"text-align: justify\">This project began on September 30, 2021, and since that time, several meetings have been held over multiple channels of communication to lay the foundations between the people and institutions that are part of the project. Participants from the UMH include associate professor and project coordinator, &nbsp;\u00c1ngel Solanes Puchol; in addition to researchers, Beatriz Mart\u00edn del R\u00edo, Juan P\u00e9rez Crespo, Rafael Lobato Ca\u00f1\u00f3n, Yordhana G\u00f3mez S\u00e1nchez, plus Inmaculada Pons Ferr\u00e1ndez. Collaborators from the University of Carabobo (Venezuela) include professors and researchers Benito Hamidian, Dalia Josefina Correa, and Paola Lamenta.<\/p>\n<p style=\"text-align: justify\">In addition to the meetings, a survey on multiple chemical sensitivity was created for and given to gardeners, and an analysis of the variables was completed on the sampling for inclusion in the job adaptation questionnaire. Now, an application is being developed and details are being finalized to begin the training process.<\/p>\n<p style=\"text-align: justify\">People diagnosed with MCS suffer a range of symptoms related to exposure to various chemical products in very low doses that interfere with their daily and work life. These often mean that job adaptation, reinsertion, or relocation does not take place, forcing the affected person to leave the job, thus depriving them of the income received from it. This way, the study seeks to facilitate ways to avoid falling into poverty through access to adapted, fulltime and inclusive positions, in accordance to the person&#8217;s abilities; improve the health and well-being of workers; and reduce the gender gap. What\u2019s more, including Venezuelan populations that are affected by MCS and technicians alike facilitates access to quality education, in addition to contributing to reducing inequalities and forging alliances. This way it strives to promote the Sustainable Development Goals 1, 3, 4, 8, 10, and 17.<\/p>\n<p style=\"text-align: justify\">This project was selected in the call for international research projects from a 2020 agreement to fulfill the Sustainable Development Goals of the United Nations 2030 Agenda, which was announced by the UMH and funded by the Generalitat Valenciana.<\/p>\n<p>&nbsp;<br \/>\n<a href=\"https:\/\/internacional.umh.es\/cooperacion-y-voluntariado\/compromiso-ods\/ods\/\" rel=\"attachment wp-att-8117\"><img loading=\"lazy\" class=\"alignnone wp-image-8117\" src=\"https:\/\/internacional.umh.es\/files\/2018\/10\/ODS-300x300.png\" alt=\"\" width=\"191\" height=\"191\" srcset=\"https:\/\/internacional.umh.es\/files\/2018\/10\/ODS-300x300.png 300w, https:\/\/internacional.umh.es\/files\/2018\/10\/ODS-150x150.png 150w, https:\/\/internacional.umh.es\/files\/2018\/10\/ODS-768x768.png 768w, https:\/\/internacional.umh.es\/files\/2018\/10\/ODS-32x32.png 32w, https:\/\/internacional.umh.es\/files\/2018\/10\/ODS-64x64.png 64w, https:\/\/internacional.umh.es\/files\/2018\/10\/ODS-96x96.png 96w, https:\/\/internacional.umh.es\/files\/2018\/10\/ODS-128x128.png 128w, https:\/\/internacional.umh.es\/files\/2018\/10\/ODS.png 800w\" sizes=\"(max-width: 191px) 100vw, 191px\" \/><\/a><a href=\"https:\/\/internacional.umh.es\/2018\/03\/24\/convocatoria-ayudas-umh-para-el-trabajo-fin-de-master-en-el-marco-de-promocion-de-los-ods\/logo-generalitat-valenciana\/\" rel=\"attachment wp-att-18997\"><img loading=\"lazy\" class=\"alignnone wp-image-18997\" src=\"https:\/\/internacional.umh.es\/files\/2021\/03\/Logo-Generalitat-Valenciana-300x152.jpg\" alt=\"Logo Generalitat Valenciana\" width=\"255\" height=\"129\"><\/a><a href=\"https:\/\/internacional.umh.es\/2022\/04\/12\/un-proyecto-de-cooperacion-de-la-umh-avanza-en-el-estudio-de-la-prevalencia-del-sindrome-de-sensibilidad-quimica-multiple-sqm-en-colectivos-de-trabajadores\/2-logo-umh-1\/\" rel=\"attachment wp-att-25843\"><img loading=\"lazy\" class=\"alignnone wp-image-25843\" src=\"https:\/\/internacional.umh.es\/files\/2022\/04\/2.-LOGO-UMH-1-300x93.png\" alt=\"\" width=\"241\" height=\"74\" srcset=\"https:\/\/internacional.umh.es\/files\/2022\/04\/2.-LOGO-UMH-1-300x93.png 300w, https:\/\/internacional.umh.es\/files\/2022\/04\/2.-LOGO-UMH-1-768x237.png 768w, https:\/\/internacional.umh.es\/files\/2022\/04\/2.-LOGO-UMH-1.png 786w\" sizes=\"(max-width: 241px) 100vw, 241px\" \/><\/a><\/p>","protected":false},"excerpt":{"rendered":"<p>The Miguel Hern\u00e1ndez University of Elche research project, \u201cAdaptation of Jobs for People with Reduced Functionality (MCS Adapts),\u201d aims to examine the prevalence of multiple chemical sensitivity (MCS) in different groups of workers, develop guidelines for adapting jobs based on the analysis of frequent conditions, as well as develop formal plans for employees of human [&#8230;]<\/p>\n","protected":false},"author":5216,"featured_media":0,"comment_status":"closed","ping_status":"closed","sticky":false,"template":"","format":"standard","meta":{"ngg_post_thumbnail":0,"_links_to":"","_links_to_target":""},"categories":[20504,46075,20486,296002],"tags":[861095,95],"yoast_head":"<!-- This site is optimized with the Yoast SEO plugin v17.5 - https:\/\/yoast.com\/wordpress\/plugins\/seo\/ -->\n<meta name=\"description\" content=\"Un proyecto de investigaci\u00f3n de la Universidad Miguel Hern\u00e1ndez (UMH) de Elche &quot;Adaptaci\u00f3n de puestos de trabajo para personas con funcionalidad reducida (SQM Adapta)&quot; pretende estudiar la prevalencia del s\u00edndrome de Sensibilidad Qu\u00edmica M\u00faltiple (SQM)\" \/>\n<meta name=\"robots\" content=\"index, follow, max-snippet:-1, max-image-preview:large, max-video-preview:-1\" \/>\n<link rel=\"canonical\" href=\"https:\/\/internacional.umh.es\/en\/2022\/04\/26\/un-proyecto-de-cooperacion-de-la-umh-avanza-en-el-estudio-de-la-prevalencia-del-sindrome-de-sensibilidad-quimica-multiple-sqm-en-colectivos-de-trabajadores\/\" \/>\n<meta property=\"og:locale\" content=\"en_US\" \/>\n<meta property=\"og:type\" content=\"article\" \/>\n<meta property=\"og:title\" content=\"UMH cooperation project advances research on the prevalence of multiple chemical sensitivity (MCS) on groups of workers - International Relations and Cooperation\" \/>\n<meta property=\"og:description\" content=\"Un proyecto de investigaci\u00f3n de la Universidad Miguel Hern\u00e1ndez (UMH) de Elche &quot;Adaptaci\u00f3n de puestos de trabajo para personas con funcionalidad reducida (SQM Adapta)&quot; pretende estudiar la prevalencia del s\u00edndrome de Sensibilidad Qu\u00edmica M\u00faltiple (SQM)\" \/>\n<meta property=\"og:url\" content=\"https:\/\/internacional.umh.es\/en\/2022\/04\/26\/un-proyecto-de-cooperacion-de-la-umh-avanza-en-el-estudio-de-la-prevalencia-del-sindrome-de-sensibilidad-quimica-multiple-sqm-en-colectivos-de-trabajadores\/\" \/>\n<meta property=\"og:site_name\" content=\"International Relations and Cooperation\" \/>\n<meta property=\"article:published_time\" content=\"2022-04-26T11:54:48+00:00\" \/>\n<meta property=\"article:modified_time\" content=\"2022-04-27T08:49:33+00:00\" \/>\n<meta property=\"og:image\" content=\"https:\/\/internacional.umh.es\/files\/2022\/04\/IMAGEN-REUNION-ESPANA-VENEZUELA-300x196.jpg\" \/>\n<meta name=\"twitter:card\" content=\"summary_large_image\" \/>\n<meta name=\"twitter:label1\" content=\"Written by\" \/>\n\t<meta name=\"twitter:data1\" content=\"vgodoy\" \/>\n\t<meta name=\"twitter:label2\" content=\"Est. reading time\" \/>\n\t<meta name=\"twitter:data2\" content=\"3 minutes\" \/>\n<script type=\"application\/ld+json\" class=\"yoast-schema-graph\">{\"@context\":\"https:\/\/schema.org\",\"@graph\":[{\"@type\":\"WebSite\",\"@id\":\"https:\/\/internacional.umh.es\/en\/#website\",\"url\":\"https:\/\/internacional.umh.es\/en\/\",\"name\":\"International Relations and Cooperation\",\"description\":\"Miguel Hernandez University of Elche\",\"potentialAction\":[{\"@type\":\"SearchAction\",\"target\":{\"@type\":\"EntryPoint\",\"urlTemplate\":\"https:\/\/internacional.umh.es\/en\/?s={search_term_string}\"},\"query-input\":\"required name=search_term_string\"}],\"inLanguage\":\"en-US\"},{\"@type\":\"ImageObject\",\"@id\":\"https:\/\/internacional.umh.es\/en\/2022\/04\/26\/un-proyecto-de-cooperacion-de-la-umh-avanza-en-el-estudio-de-la-prevalencia-del-sindrome-de-sensibilidad-quimica-multiple-sqm-en-colectivos-de-trabajadores\/#primaryimage\",\"inLanguage\":\"en-US\",\"url\":\"https:\/\/internacional.umh.es\/files\/2022\/04\/IMAGEN-REUNION-ESPANA-VENEZUELA.jpg\",\"contentUrl\":\"https:\/\/internacional.umh.es\/files\/2022\/04\/IMAGEN-REUNION-ESPANA-VENEZUELA.jpg\",\"width\":931,\"height\":608},{\"@type\":\"WebPage\",\"@id\":\"https:\/\/internacional.umh.es\/en\/2022\/04\/26\/un-proyecto-de-cooperacion-de-la-umh-avanza-en-el-estudio-de-la-prevalencia-del-sindrome-de-sensibilidad-quimica-multiple-sqm-en-colectivos-de-trabajadores\/#webpage\",\"url\":\"https:\/\/internacional.umh.es\/en\/2022\/04\/26\/un-proyecto-de-cooperacion-de-la-umh-avanza-en-el-estudio-de-la-prevalencia-del-sindrome-de-sensibilidad-quimica-multiple-sqm-en-colectivos-de-trabajadores\/\",\"name\":\"UMH cooperation project advances research on the prevalence of multiple chemical sensitivity (MCS) on groups of workers - International Relations and Cooperation\",\"isPartOf\":{\"@id\":\"https:\/\/internacional.umh.es\/en\/#website\"},\"primaryImageOfPage\":{\"@id\":\"https:\/\/internacional.umh.es\/en\/2022\/04\/26\/un-proyecto-de-cooperacion-de-la-umh-avanza-en-el-estudio-de-la-prevalencia-del-sindrome-de-sensibilidad-quimica-multiple-sqm-en-colectivos-de-trabajadores\/#primaryimage\"},\"datePublished\":\"2022-04-26T11:54:48+00:00\",\"dateModified\":\"2022-04-27T08:49:33+00:00\",\"author\":{\"@id\":\"https:\/\/internacional.umh.es\/en\/#\/schema\/person\/6b54fc879bc8d5b4ed360472e19cca1d\"},\"description\":\"Un proyecto de investigaci\\u00f3n de la Universidad Miguel Hern\\u00e1ndez (UMH) de Elche \\\"Adaptaci\\u00f3n de puestos de trabajo para personas con funcionalidad reducida (SQM Adapta)\\\" pretende estudiar la prevalencia del s\\u00edndrome de Sensibilidad Qu\\u00edmica M\\u00faltiple (SQM)\",\"breadcrumb\":{\"@id\":\"https:\/\/internacional.umh.es\/en\/2022\/04\/26\/un-proyecto-de-cooperacion-de-la-umh-avanza-en-el-estudio-de-la-prevalencia-del-sindrome-de-sensibilidad-quimica-multiple-sqm-en-colectivos-de-trabajadores\/#breadcrumb\"},\"inLanguage\":\"en-US\",\"potentialAction\":[{\"@type\":\"ReadAction\",\"target\":[\"https:\/\/internacional.umh.es\/en\/2022\/04\/26\/un-proyecto-de-cooperacion-de-la-umh-avanza-en-el-estudio-de-la-prevalencia-del-sindrome-de-sensibilidad-quimica-multiple-sqm-en-colectivos-de-trabajadores\/\"]}]},{\"@type\":\"BreadcrumbList\",\"@id\":\"https:\/\/internacional.umh.es\/en\/2022\/04\/26\/un-proyecto-de-cooperacion-de-la-umh-avanza-en-el-estudio-de-la-prevalencia-del-sindrome-de-sensibilidad-quimica-multiple-sqm-en-colectivos-de-trabajadores\/#breadcrumb\",\"itemListElement\":[{\"@type\":\"ListItem\",\"position\":1,\"name\":\"Home\",\"item\":\"https:\/\/internacional.umh.es\/en\/\"},{\"@type\":\"ListItem\",\"position\":2,\"name\":\"UMH cooperation project advances research on the prevalence of multiple chemical sensitivity (MCS) on groups of workers\"}]},{\"@type\":\"Person\",\"@id\":\"https:\/\/internacional.umh.es\/en\/#\/schema\/person\/6b54fc879bc8d5b4ed360472e19cca1d\",\"name\":\"vgodoy\",\"image\":{\"@type\":\"ImageObject\",\"@id\":\"https:\/\/internacional.umh.es\/en\/#personlogo\",\"inLanguage\":\"en-US\",\"url\":\"https:\/\/secure.gravatar.com\/avatar\/5ee02b95215a691c74aac5849d06041e?s=96&d=mm&r=g\",\"contentUrl\":\"https:\/\/secure.gravatar.com\/avatar\/5ee02b95215a691c74aac5849d06041e?s=96&d=mm&r=g\",\"caption\":\"vgodoy\"},\"url\":\"https:\/\/internacional.umh.es\/en\/author\/vgodoy\/\"}]}<\/script>\n<!-- \/ Yoast SEO plugin. -->","yoast_head_json":{"description":"Un proyecto de investigaci\u00f3n de la Universidad Miguel Hern\u00e1ndez (UMH) de Elche \"Adaptaci\u00f3n de puestos de trabajo para personas con funcionalidad reducida (SQM Adapta)\" pretende estudiar la prevalencia del s\u00edndrome de Sensibilidad Qu\u00edmica M\u00faltiple (SQM)","robots":{"index":"index","follow":"follow","max-snippet":"max-snippet:-1","max-image-preview":"max-image-preview:large","max-video-preview":"max-video-preview:-1"},"canonical":"https:\/\/internacional.umh.es\/en\/2022\/04\/26\/un-proyecto-de-cooperacion-de-la-umh-avanza-en-el-estudio-de-la-prevalencia-del-sindrome-de-sensibilidad-quimica-multiple-sqm-en-colectivos-de-trabajadores\/","og_locale":"en_US","og_type":"article","og_title":"UMH cooperation project advances research on the prevalence of multiple chemical sensitivity (MCS) on groups of workers - International Relations and Cooperation","og_description":"Un proyecto de investigaci\u00f3n de la Universidad Miguel Hern\u00e1ndez (UMH) de Elche \"Adaptaci\u00f3n de puestos de trabajo para personas con funcionalidad reducida (SQM Adapta)\" pretende estudiar la prevalencia del s\u00edndrome de Sensibilidad Qu\u00edmica M\u00faltiple (SQM)","og_url":"https:\/\/internacional.umh.es\/en\/2022\/04\/26\/un-proyecto-de-cooperacion-de-la-umh-avanza-en-el-estudio-de-la-prevalencia-del-sindrome-de-sensibilidad-quimica-multiple-sqm-en-colectivos-de-trabajadores\/","og_site_name":"International Relations and Cooperation","article_published_time":"2022-04-26T11:54:48+00:00","article_modified_time":"2022-04-27T08:49:33+00:00","og_image":[{"url":"https:\/\/internacional.umh.es\/files\/2022\/04\/IMAGEN-REUNION-ESPANA-VENEZUELA-300x196.jpg"}],"twitter_card":"summary_large_image","twitter_misc":{"Written by":"vgodoy","Est. reading time":"3 minutes"},"schema":{"@context":"https:\/\/schema.org","@graph":[{"@type":"WebSite","@id":"https:\/\/internacional.umh.es\/en\/#website","url":"https:\/\/internacional.umh.es\/en\/","name":"International Relations and Cooperation","description":"Miguel Hernandez University of Elche","potentialAction":[{"@type":"SearchAction","target":{"@type":"EntryPoint","urlTemplate":"https:\/\/internacional.umh.es\/en\/?s={search_term_string}"},"query-input":"required name=search_term_string"}],"inLanguage":"en-US"},{"@type":"ImageObject","@id":"https:\/\/internacional.umh.es\/en\/2022\/04\/26\/un-proyecto-de-cooperacion-de-la-umh-avanza-en-el-estudio-de-la-prevalencia-del-sindrome-de-sensibilidad-quimica-multiple-sqm-en-colectivos-de-trabajadores\/#primaryimage","inLanguage":"en-US","url":"https:\/\/internacional.umh.es\/files\/2022\/04\/IMAGEN-REUNION-ESPANA-VENEZUELA.jpg","contentUrl":"https:\/\/internacional.umh.es\/files\/2022\/04\/IMAGEN-REUNION-ESPANA-VENEZUELA.jpg","width":931,"height":608},{"@type":"WebPage","@id":"https:\/\/internacional.umh.es\/en\/2022\/04\/26\/un-proyecto-de-cooperacion-de-la-umh-avanza-en-el-estudio-de-la-prevalencia-del-sindrome-de-sensibilidad-quimica-multiple-sqm-en-colectivos-de-trabajadores\/#webpage","url":"https:\/\/internacional.umh.es\/en\/2022\/04\/26\/un-proyecto-de-cooperacion-de-la-umh-avanza-en-el-estudio-de-la-prevalencia-del-sindrome-de-sensibilidad-quimica-multiple-sqm-en-colectivos-de-trabajadores\/","name":"UMH cooperation project advances research on the prevalence of multiple chemical sensitivity (MCS) on groups of workers - International Relations and Cooperation","isPartOf":{"@id":"https:\/\/internacional.umh.es\/en\/#website"},"primaryImageOfPage":{"@id":"https:\/\/internacional.umh.es\/en\/2022\/04\/26\/un-proyecto-de-cooperacion-de-la-umh-avanza-en-el-estudio-de-la-prevalencia-del-sindrome-de-sensibilidad-quimica-multiple-sqm-en-colectivos-de-trabajadores\/#primaryimage"},"datePublished":"2022-04-26T11:54:48+00:00","dateModified":"2022-04-27T08:49:33+00:00","author":{"@id":"https:\/\/internacional.umh.es\/en\/#\/schema\/person\/6b54fc879bc8d5b4ed360472e19cca1d"},"description":"Un proyecto de investigaci\u00f3n de la Universidad Miguel Hern\u00e1ndez (UMH) de Elche \"Adaptaci\u00f3n de puestos de trabajo para personas con funcionalidad reducida (SQM Adapta)\" pretende estudiar la prevalencia del s\u00edndrome de Sensibilidad Qu\u00edmica M\u00faltiple (SQM)","breadcrumb":{"@id":"https:\/\/internacional.umh.es\/en\/2022\/04\/26\/un-proyecto-de-cooperacion-de-la-umh-avanza-en-el-estudio-de-la-prevalencia-del-sindrome-de-sensibilidad-quimica-multiple-sqm-en-colectivos-de-trabajadores\/#breadcrumb"},"inLanguage":"en-US","potentialAction":[{"@type":"ReadAction","target":["https:\/\/internacional.umh.es\/en\/2022\/04\/26\/un-proyecto-de-cooperacion-de-la-umh-avanza-en-el-estudio-de-la-prevalencia-del-sindrome-de-sensibilidad-quimica-multiple-sqm-en-colectivos-de-trabajadores\/"]}]},{"@type":"BreadcrumbList","@id":"https:\/\/internacional.umh.es\/en\/2022\/04\/26\/un-proyecto-de-cooperacion-de-la-umh-avanza-en-el-estudio-de-la-prevalencia-del-sindrome-de-sensibilidad-quimica-multiple-sqm-en-colectivos-de-trabajadores\/#breadcrumb","itemListElement":[{"@type":"ListItem","position":1,"name":"Home","item":"https:\/\/internacional.umh.es\/en\/"},{"@type":"ListItem","position":2,"name":"UMH cooperation project advances research on the prevalence of multiple chemical sensitivity (MCS) on groups of workers"}]},{"@type":"Person","@id":"https:\/\/internacional.umh.es\/en\/#\/schema\/person\/6b54fc879bc8d5b4ed360472e19cca1d","name":"vgodoy","image":{"@type":"ImageObject","@id":"https:\/\/internacional.umh.es\/en\/#personlogo","inLanguage":"en-US","url":"https:\/\/secure.gravatar.com\/avatar\/5ee02b95215a691c74aac5849d06041e?s=96&d=mm&r=g","contentUrl":"https:\/\/secure.gravatar.com\/avatar\/5ee02b95215a691c74aac5849d06041e?s=96&d=mm&r=g","caption":"vgodoy"},"url":"https:\/\/internacional.umh.es\/en\/author\/vgodoy\/"}]}},"_links":{"self":[{"href":"https:\/\/internacional.umh.es\/en\/wp-json\/wp\/v2\/posts\/25840"}],"collection":[{"href":"https:\/\/internacional.umh.es\/en\/wp-json\/wp\/v2\/posts"}],"about":[{"href":"https:\/\/internacional.umh.es\/en\/wp-json\/wp\/v2\/types\/post"}],"author":[{"embeddable":true,"href":"https:\/\/internacional.umh.es\/en\/wp-json\/wp\/v2\/users\/5216"}],"replies":[{"embeddable":true,"href":"https:\/\/internacional.umh.es\/en\/wp-json\/wp\/v2\/comments?post=25840"}],"version-history":[{"count":0,"href":"https:\/\/internacional.umh.es\/en\/wp-json\/wp\/v2\/posts\/25840\/revisions"}],"wp:attachment":[{"href":"https:\/\/internacional.umh.es\/en\/wp-json\/wp\/v2\/media?parent=25840"}],"wp:term":[{"taxonomy":"category","embeddable":true,"href":"https:\/\/internacional.umh.es\/en\/wp-json\/wp\/v2\/categories?post=25840"},{"taxonomy":"post_tag","embeddable":true,"href":"https:\/\/internacional.umh.es\/en\/wp-json\/wp\/v2\/tags?post=25840"}],"curies":[{"name":"wp","href":"https:\/\/api.w.org\/{rel}","templated":true}]}}