{"id":26105,"date":"2022-05-02T09:17:19","date_gmt":"2022-05-02T07:17:19","guid":{"rendered":"https:\/\/internacional.umh.es\/?p=26105"},"modified":"2022-05-02T14:29:10","modified_gmt":"2022-05-02T12:29:10","slug":"la-umh-se-suma-al-evento-study-buenos-aires","status":"publish","type":"post","link":"https:\/\/internacional.umh.es\/en\/2022\/05\/02\/la-umh-se-suma-al-evento-study-buenos-aires\/","title":{"rendered":"UMH takes part in Study Buenos Aires"},"content":{"rendered":"<p><\/p>\n<p style=\"text-align: justify\"><a href=\"https:\/\/internacional.umh.es\/files\/2022\/05\/UNPAZ-frente.jpg\"><img loading=\"lazy\" class=\"size-medium wp-image-26108 alignleft\" src=\"https:\/\/internacional.umh.es\/files\/2022\/05\/UNPAZ-frente-300x171.jpg\" alt=\"\" width=\"300\" height=\"171\" srcset=\"https:\/\/internacional.umh.es\/files\/2022\/05\/UNPAZ-frente-300x171.jpg 300w, https:\/\/internacional.umh.es\/files\/2022\/05\/UNPAZ-frente.jpg 650w\" sizes=\"(max-width: 300px) 100vw, 300px\" \/><\/a>The Miguel Hern\u00e1ndez University of Elche (UMH) has taken part in the \u201cStudy Buenos Aires\u201d internationalization event, which was organized by SEPIE (Spanish Service for the Internationalization of Education) in conjunction with the education managers at the Argentinian Embassy in Spain, who also coordinate these meeting spaces in Chile and Uruguay.<\/p>\n<p style=\"text-align: justify\">Following a short seminar organized by Argentinian colleagues, bilateral meetings were held between Spanish universities and universities from the Buenos Aires metropolitan area. Intervening on behalf of the UMH was Deputy Vice Rector for International Relations \u2013 International Projection, Jos\u00e9 Luis Gonz\u00e1lez, who met with managers from the services of internationalization at National University of Jos\u00e9 Clemente Paz (UNPAZ) and the University of Flores (UFLO) in addition to other academic authorities from these Argentinian universities.<\/p>\n<p style=\"text-align: justify\">This introductory meeting served to advance the signings of framework agreements to allow increasing international mobility between both countries. The National University of Jos\u00e9 Clemente Paz and the University of Flores are both young universities, which are expanding throughout not only Buenos Aires, but also growing in terms of education and research, and they consider the UMH a good partner to improve their standards of internationalization.<\/p>\n<p><\/p>","protected":false},"excerpt":{"rendered":"<p>The Miguel Hern\u00e1ndez University of Elche (UMH) has taken part in the \u201cStudy Buenos Aires\u201d internationalization event, which was organized by SEPIE (Spanish Service for the Internationalization of Education) in conjunction with the education managers at the Argentinian Embassy in Spain, who also coordinate these meeting spaces in Chile and Uruguay.<br \/>\nFollowing a short seminar organized [&#8230;]<\/p>\n","protected":false},"author":408,"featured_media":0,"comment_status":"closed","ping_status":"closed","sticky":false,"template":"","format":"standard","meta":{"ngg_post_thumbnail":0,"_links_to":"","_links_to_target":""},"categories":[283],"tags":[],"yoast_head":"<!-- This site is optimized with the Yoast SEO plugin v17.5 - https:\/\/yoast.com\/wordpress\/plugins\/seo\/ -->\n<meta name=\"robots\" content=\"index, follow, max-snippet:-1, max-image-preview:large, max-video-preview:-1\" \/>\n<link rel=\"canonical\" href=\"https:\/\/internacional.umh.es\/en\/2022\/05\/02\/la-umh-se-suma-al-evento-study-buenos-aires\/\" \/>\n<meta property=\"og:locale\" content=\"en_US\" \/>\n<meta property=\"og:type\" content=\"article\" \/>\n<meta property=\"og:title\" content=\"UMH takes part in Study Buenos Aires - International Relations and Cooperation\" \/>\n<meta property=\"og:description\" content=\"The Miguel Hern\u00e1ndez University of Elche (UMH) has taken part in the \u201cStudy Buenos Aires\u201d internationalization event, which was organized by SEPIE (Spanish Service for the Internationalization of Education) in conjunction with the education managers at the Argentinian Embassy in Spain, who also coordinate these meeting spaces in Chile and Uruguay. Following a short seminar organized [...]\" \/>\n<meta property=\"og:url\" content=\"https:\/\/internacional.umh.es\/en\/2022\/05\/02\/la-umh-se-suma-al-evento-study-buenos-aires\/\" \/>\n<meta property=\"og:site_name\" content=\"International Relations and Cooperation\" \/>\n<meta property=\"article:published_time\" content=\"2022-05-02T07:17:19+00:00\" \/>\n<meta property=\"article:modified_time\" content=\"2022-05-02T12:29:10+00:00\" \/>\n<meta property=\"og:image\" content=\"https:\/\/internacional.umh.es\/files\/2022\/05\/UNPAZ-frente-300x171.jpg\" \/>\n<meta name=\"twitter:card\" content=\"summary_large_image\" \/>\n<meta name=\"twitter:label1\" content=\"Written by\" \/>\n\t<meta name=\"twitter:data1\" content=\"Paul Nordstrom\" \/>\n\t<meta name=\"twitter:label2\" content=\"Est. reading time\" \/>\n\t<meta name=\"twitter:data2\" content=\"2 minutes\" \/>\n<script type=\"application\/ld+json\" class=\"yoast-schema-graph\">{\"@context\":\"https:\/\/schema.org\",\"@graph\":[{\"@type\":\"WebSite\",\"@id\":\"https:\/\/internacional.umh.es\/en\/#website\",\"url\":\"https:\/\/internacional.umh.es\/en\/\",\"name\":\"International Relations and Cooperation\",\"description\":\"Miguel Hernandez University of Elche\",\"potentialAction\":[{\"@type\":\"SearchAction\",\"target\":{\"@type\":\"EntryPoint\",\"urlTemplate\":\"https:\/\/internacional.umh.es\/en\/?s={search_term_string}\"},\"query-input\":\"required name=search_term_string\"}],\"inLanguage\":\"en-US\"},{\"@type\":\"ImageObject\",\"@id\":\"https:\/\/internacional.umh.es\/en\/2022\/05\/02\/la-umh-se-suma-al-evento-study-buenos-aires\/#primaryimage\",\"inLanguage\":\"en-US\",\"url\":\"https:\/\/internacional.umh.es\/files\/2022\/05\/UNPAZ-frente.jpg\",\"contentUrl\":\"https:\/\/internacional.umh.es\/files\/2022\/05\/UNPAZ-frente.jpg\",\"width\":650,\"height\":371},{\"@type\":\"WebPage\",\"@id\":\"https:\/\/internacional.umh.es\/en\/2022\/05\/02\/la-umh-se-suma-al-evento-study-buenos-aires\/#webpage\",\"url\":\"https:\/\/internacional.umh.es\/en\/2022\/05\/02\/la-umh-se-suma-al-evento-study-buenos-aires\/\",\"name\":\"UMH takes part in Study Buenos Aires - International Relations and Cooperation\",\"isPartOf\":{\"@id\":\"https:\/\/internacional.umh.es\/en\/#website\"},\"primaryImageOfPage\":{\"@id\":\"https:\/\/internacional.umh.es\/en\/2022\/05\/02\/la-umh-se-suma-al-evento-study-buenos-aires\/#primaryimage\"},\"datePublished\":\"2022-05-02T07:17:19+00:00\",\"dateModified\":\"2022-05-02T12:29:10+00:00\",\"author\":{\"@id\":\"https:\/\/internacional.umh.es\/en\/#\/schema\/person\/06ad8f19ed011683797bbaea34757912\"},\"breadcrumb\":{\"@id\":\"https:\/\/internacional.umh.es\/en\/2022\/05\/02\/la-umh-se-suma-al-evento-study-buenos-aires\/#breadcrumb\"},\"inLanguage\":\"en-US\",\"potentialAction\":[{\"@type\":\"ReadAction\",\"target\":[\"https:\/\/internacional.umh.es\/en\/2022\/05\/02\/la-umh-se-suma-al-evento-study-buenos-aires\/\"]}]},{\"@type\":\"BreadcrumbList\",\"@id\":\"https:\/\/internacional.umh.es\/en\/2022\/05\/02\/la-umh-se-suma-al-evento-study-buenos-aires\/#breadcrumb\",\"itemListElement\":[{\"@type\":\"ListItem\",\"position\":1,\"name\":\"Home\",\"item\":\"https:\/\/internacional.umh.es\/en\/\"},{\"@type\":\"ListItem\",\"position\":2,\"name\":\"UMH takes part in Study Buenos Aires\"}]},{\"@type\":\"Person\",\"@id\":\"https:\/\/internacional.umh.es\/en\/#\/schema\/person\/06ad8f19ed011683797bbaea34757912\",\"name\":\"Paul Nordstrom\",\"image\":{\"@type\":\"ImageObject\",\"@id\":\"https:\/\/internacional.umh.es\/en\/#personlogo\",\"inLanguage\":\"en-US\",\"url\":\"https:\/\/secure.gravatar.com\/avatar\/f0407012c6b2a1afeb509131f7f55c4e?s=96&d=mm&r=g\",\"contentUrl\":\"https:\/\/secure.gravatar.com\/avatar\/f0407012c6b2a1afeb509131f7f55c4e?s=96&d=mm&r=g\",\"caption\":\"Paul Nordstrom\"},\"url\":\"https:\/\/internacional.umh.es\/en\/author\/paul\/\"}]}<\/script>\n<!-- \/ Yoast SEO plugin. -->","yoast_head_json":{"robots":{"index":"index","follow":"follow","max-snippet":"max-snippet:-1","max-image-preview":"max-image-preview:large","max-video-preview":"max-video-preview:-1"},"canonical":"https:\/\/internacional.umh.es\/en\/2022\/05\/02\/la-umh-se-suma-al-evento-study-buenos-aires\/","og_locale":"en_US","og_type":"article","og_title":"UMH takes part in Study Buenos Aires - International Relations and Cooperation","og_description":"The Miguel Hern\u00e1ndez University of Elche (UMH) has taken part in the \u201cStudy Buenos Aires\u201d internationalization event, which was organized by SEPIE (Spanish Service for the Internationalization of Education) in conjunction with the education managers at the Argentinian Embassy in Spain, who also coordinate these meeting spaces in Chile and Uruguay. Following a short seminar organized [...]","og_url":"https:\/\/internacional.umh.es\/en\/2022\/05\/02\/la-umh-se-suma-al-evento-study-buenos-aires\/","og_site_name":"International Relations and Cooperation","article_published_time":"2022-05-02T07:17:19+00:00","article_modified_time":"2022-05-02T12:29:10+00:00","og_image":[{"url":"https:\/\/internacional.umh.es\/files\/2022\/05\/UNPAZ-frente-300x171.jpg"}],"twitter_card":"summary_large_image","twitter_misc":{"Written by":"Paul Nordstrom","Est. reading time":"2 minutes"},"schema":{"@context":"https:\/\/schema.org","@graph":[{"@type":"WebSite","@id":"https:\/\/internacional.umh.es\/en\/#website","url":"https:\/\/internacional.umh.es\/en\/","name":"International Relations and Cooperation","description":"Miguel Hernandez University of Elche","potentialAction":[{"@type":"SearchAction","target":{"@type":"EntryPoint","urlTemplate":"https:\/\/internacional.umh.es\/en\/?s={search_term_string}"},"query-input":"required name=search_term_string"}],"inLanguage":"en-US"},{"@type":"ImageObject","@id":"https:\/\/internacional.umh.es\/en\/2022\/05\/02\/la-umh-se-suma-al-evento-study-buenos-aires\/#primaryimage","inLanguage":"en-US","url":"https:\/\/internacional.umh.es\/files\/2022\/05\/UNPAZ-frente.jpg","contentUrl":"https:\/\/internacional.umh.es\/files\/2022\/05\/UNPAZ-frente.jpg","width":650,"height":371},{"@type":"WebPage","@id":"https:\/\/internacional.umh.es\/en\/2022\/05\/02\/la-umh-se-suma-al-evento-study-buenos-aires\/#webpage","url":"https:\/\/internacional.umh.es\/en\/2022\/05\/02\/la-umh-se-suma-al-evento-study-buenos-aires\/","name":"UMH takes part in Study Buenos Aires - International Relations and Cooperation","isPartOf":{"@id":"https:\/\/internacional.umh.es\/en\/#website"},"primaryImageOfPage":{"@id":"https:\/\/internacional.umh.es\/en\/2022\/05\/02\/la-umh-se-suma-al-evento-study-buenos-aires\/#primaryimage"},"datePublished":"2022-05-02T07:17:19+00:00","dateModified":"2022-05-02T12:29:10+00:00","author":{"@id":"https:\/\/internacional.umh.es\/en\/#\/schema\/person\/06ad8f19ed011683797bbaea34757912"},"breadcrumb":{"@id":"https:\/\/internacional.umh.es\/en\/2022\/05\/02\/la-umh-se-suma-al-evento-study-buenos-aires\/#breadcrumb"},"inLanguage":"en-US","potentialAction":[{"@type":"ReadAction","target":["https:\/\/internacional.umh.es\/en\/2022\/05\/02\/la-umh-se-suma-al-evento-study-buenos-aires\/"]}]},{"@type":"BreadcrumbList","@id":"https:\/\/internacional.umh.es\/en\/2022\/05\/02\/la-umh-se-suma-al-evento-study-buenos-aires\/#breadcrumb","itemListElement":[{"@type":"ListItem","position":1,"name":"Home","item":"https:\/\/internacional.umh.es\/en\/"},{"@type":"ListItem","position":2,"name":"UMH takes part in Study Buenos Aires"}]},{"@type":"Person","@id":"https:\/\/internacional.umh.es\/en\/#\/schema\/person\/06ad8f19ed011683797bbaea34757912","name":"Paul Nordstrom","image":{"@type":"ImageObject","@id":"https:\/\/internacional.umh.es\/en\/#personlogo","inLanguage":"en-US","url":"https:\/\/secure.gravatar.com\/avatar\/f0407012c6b2a1afeb509131f7f55c4e?s=96&d=mm&r=g","contentUrl":"https:\/\/secure.gravatar.com\/avatar\/f0407012c6b2a1afeb509131f7f55c4e?s=96&d=mm&r=g","caption":"Paul Nordstrom"},"url":"https:\/\/internacional.umh.es\/en\/author\/paul\/"}]}},"_links":{"self":[{"href":"https:\/\/internacional.umh.es\/en\/wp-json\/wp\/v2\/posts\/26105"}],"collection":[{"href":"https:\/\/internacional.umh.es\/en\/wp-json\/wp\/v2\/posts"}],"about":[{"href":"https:\/\/internacional.umh.es\/en\/wp-json\/wp\/v2\/types\/post"}],"author":[{"embeddable":true,"href":"https:\/\/internacional.umh.es\/en\/wp-json\/wp\/v2\/users\/408"}],"replies":[{"embeddable":true,"href":"https:\/\/internacional.umh.es\/en\/wp-json\/wp\/v2\/comments?post=26105"}],"version-history":[{"count":0,"href":"https:\/\/internacional.umh.es\/en\/wp-json\/wp\/v2\/posts\/26105\/revisions"}],"wp:attachment":[{"href":"https:\/\/internacional.umh.es\/en\/wp-json\/wp\/v2\/media?parent=26105"}],"wp:term":[{"taxonomy":"category","embeddable":true,"href":"https:\/\/internacional.umh.es\/en\/wp-json\/wp\/v2\/categories?post=26105"},{"taxonomy":"post_tag","embeddable":true,"href":"https:\/\/internacional.umh.es\/en\/wp-json\/wp\/v2\/tags?post=26105"}],"curies":[{"name":"wp","href":"https:\/\/api.w.org\/{rel}","templated":true}]}}