{"id":26168,"date":"2022-05-05T12:09:45","date_gmt":"2022-05-05T10:09:45","guid":{"rendered":"https:\/\/internacional.umh.es\/?p=26168"},"modified":"2022-05-06T09:43:38","modified_gmt":"2022-05-06T07:43:38","slug":"un-proyecto-de-la-umh-proporciona-herramientas-para-promover-la-calidad-de-vida-de-personas-con-discapacidad-en-ecuador","status":"publish","type":"post","link":"https:\/\/internacional.umh.es\/en\/2022\/05\/05\/un-proyecto-de-la-umh-proporciona-herramientas-para-promover-la-calidad-de-vida-de-personas-con-discapacidad-en-ecuador\/","title":{"rendered":"UMH project provides tools to enhance the quality of life in people with disabilities in Ecuador"},"content":{"rendered":"<p><\/p>\n<p style=\"text-align: justify\"><span style=\"font-weight: 400\"><a href=\"https:\/\/internacional.umh.es\/2022\/05\/05\/un-proyecto-de-la-umh-proporciona-herramientas-para-promover-la-calidad-de-vida-de-personas-con-discapacidad-en-ecuador\/whatsapp-image-2022-05-03-at-12-51-03-am\/\" rel=\"attachment wp-att-26171\"><img loading=\"lazy\" class=\"alignleft wp-image-26171 size-medium\" src=\"https:\/\/internacional.umh.es\/files\/2022\/05\/WhatsApp-Image-2022-05-03-at-12.51.03-AM-300x225.jpeg\" alt=\"\" width=\"300\" height=\"225\" srcset=\"https:\/\/internacional.umh.es\/files\/2022\/05\/WhatsApp-Image-2022-05-03-at-12.51.03-AM-300x225.jpeg 300w, https:\/\/internacional.umh.es\/files\/2022\/05\/WhatsApp-Image-2022-05-03-at-12.51.03-AM-1024x768.jpeg 1024w, https:\/\/internacional.umh.es\/files\/2022\/05\/WhatsApp-Image-2022-05-03-at-12.51.03-AM-768x576.jpeg 768w, https:\/\/internacional.umh.es\/files\/2022\/05\/WhatsApp-Image-2022-05-03-at-12.51.03-AM-1536x1152.jpeg 1536w, https:\/\/internacional.umh.es\/files\/2022\/05\/WhatsApp-Image-2022-05-03-at-12.51.03-AM.jpeg 1600w\" sizes=\"(max-width: 300px) 100vw, 300px\" \/><\/a><\/span><\/p>\n<p style=\"text-align: justify\">\u201cProvision of Tools to Orient and Enhance the Quality of Life in People with Disabilities in Ecuador\u201d is the name of a cooperation project at the Miguel Hern\u00e1ndez University of Elche (UMH) that carries out actions to foster the inclusion of people with disabilities via the assessment of their states of health and the perception of their quality of life (QOL).<\/p>\n<p style=\"text-align: justify\">In Ecuador, people with disabilities continue being subjected to bias in terms of rights, and one of the necessary steps for facilitating their full inclusion is to learn of their states of health and to evaluate how they perceive their quality of life to be. In so doing, this study aims to validate the World Health Organization Quality of Life Disabilities questionnaire (WHOQOL-DIS), since no validated QOL measurements exist. The data that is obtained may then contribute to the development of measures that improve the conditions of people with disabilities in a co-creation workshop, by making them protagonists and empowering them in decision-making.<\/p>\n<p style=\"text-align: justify\">Work is currently ongoing in Quito with disabled individuals, their families, and with caregivers from institutions through the FINE Foundation, Association of Parents of Ecuadorian People on the Autism Spectrum (APADA), Vida Quinti Movement, and the Organization of Care and Services for People with Disabilities (CONADIS).<\/p>\n<p style=\"text-align: justify\">Project participants from the UMH include faculty members and researchers Lucy Anne Parker, Elisa Chilet Rosell, Ikram Benazizi Dahbi, and Mar\u00eda Luc\u00eda L\u00f3pez Moreno. Their American collaborators include Ana Luc\u00eda Torres, Yolanda Ortiz Carranco, and Carlos Jimenez, who are faculty from the Pontifical Catholic University of Ecuador (PUCE).<\/p>\n<p style=\"text-align: justify\">This research promotes tools to put an end to the inequalities of disadvantaged and marginalized populations, particularly in people with disabilities. Thus, it will contribute to achieving Sustainable Development Goal 3, Ensure healthy lives and promote well-being for all at all ages; SDG 10, Reduce inequality within and among countries; and SDG 17, Strengthen the means of implementation and revitalize the global partnership for sustainable development.<\/p>\n<p style=\"text-align: justify\">This project was chosen in the <a href=\"https:\/\/internacional.umh.es\/cooperacion-y-voluntariado\/cooperacionaldesarrollo\/convenio-cooperacion-universitaria-al-desarrollo\/convenio-2020\/\">call for international research projects to achieve the SDGs<\/a> from the United Nations 2030 Agenda, which was called by the UMH Vice Rectorate for International Relations and funded by the Generalitat Valenciana (Conv. GVA-UMH Solcif. 2020\/0005).<\/p>\n<p><\/p>","protected":false},"excerpt":{"rendered":"<p>\u201cProvision of Tools to Orient and Enhance the Quality of Life in People with Disabilities in Ecuador\u201d is the name of a cooperation project at the Miguel Hern\u00e1ndez University of Elche (UMH) that carries out actions to foster the inclusion of people with disabilities via the assessment of their states of health and the perception [&#8230;]<\/p>\n","protected":false},"author":5216,"featured_media":0,"comment_status":"closed","ping_status":"closed","sticky":false,"template":"","format":"standard","meta":{"ngg_post_thumbnail":0,"_links_to":"","_links_to_target":""},"categories":[20504,46075,20486,296002],"tags":[95],"yoast_head":"<!-- This site is optimized with the Yoast SEO plugin v17.5 - https:\/\/yoast.com\/wordpress\/plugins\/seo\/ -->\n<meta name=\"description\" content=\"\u201cProvisi\u00f3n de herramientas para la orientaci\u00f3n y la potenciaci\u00f3n de la calidad de vida de personas con discapacidad en Ecuador\u201d es el t\u00edtulo de un proyecto de cooperaci\u00f3n de la Universidad Miguel Hern\u00e1ndez (UMH) de Elche que desarrolla acciones para promover la inclusi\u00f3n de personas con discapacidad mediante la evaluaci\u00f3n de su estado de salud y la percepci\u00f3n de su calidad de vida\" \/>\n<meta name=\"robots\" content=\"index, follow, max-snippet:-1, max-image-preview:large, max-video-preview:-1\" \/>\n<link rel=\"canonical\" href=\"https:\/\/internacional.umh.es\/en\/2022\/05\/05\/un-proyecto-de-la-umh-proporciona-herramientas-para-promover-la-calidad-de-vida-de-personas-con-discapacidad-en-ecuador\/\" \/>\n<meta property=\"og:locale\" content=\"en_US\" \/>\n<meta property=\"og:type\" content=\"article\" \/>\n<meta property=\"og:title\" content=\"UMH project provides tools to enhance the quality of life in people with disabilities in Ecuador - International Relations and Cooperation\" \/>\n<meta property=\"og:description\" content=\"\u201cProvisi\u00f3n de herramientas para la orientaci\u00f3n y la potenciaci\u00f3n de la calidad de vida de personas con discapacidad en Ecuador\u201d es el t\u00edtulo de un proyecto de cooperaci\u00f3n de la Universidad Miguel Hern\u00e1ndez (UMH) de Elche que desarrolla acciones para promover la inclusi\u00f3n de personas con discapacidad mediante la evaluaci\u00f3n de su estado de salud y la percepci\u00f3n de su calidad de vida\" \/>\n<meta property=\"og:url\" content=\"https:\/\/internacional.umh.es\/en\/2022\/05\/05\/un-proyecto-de-la-umh-proporciona-herramientas-para-promover-la-calidad-de-vida-de-personas-con-discapacidad-en-ecuador\/\" \/>\n<meta property=\"og:site_name\" content=\"International Relations and Cooperation\" \/>\n<meta property=\"article:published_time\" content=\"2022-05-05T10:09:45+00:00\" \/>\n<meta property=\"article:modified_time\" content=\"2022-05-06T07:43:38+00:00\" \/>\n<meta property=\"og:image\" content=\"https:\/\/internacional.umh.es\/files\/2022\/05\/WhatsApp-Image-2022-05-03-at-12.51.03-AM-300x225.jpeg\" \/>\n<meta name=\"twitter:card\" content=\"summary_large_image\" \/>\n<meta name=\"twitter:label1\" content=\"Written by\" \/>\n\t<meta name=\"twitter:data1\" content=\"vgodoy\" \/>\n\t<meta name=\"twitter:label2\" content=\"Est. reading time\" \/>\n\t<meta name=\"twitter:data2\" content=\"3 minutes\" \/>\n<script type=\"application\/ld+json\" class=\"yoast-schema-graph\">{\"@context\":\"https:\/\/schema.org\",\"@graph\":[{\"@type\":\"WebSite\",\"@id\":\"https:\/\/internacional.umh.es\/en\/#website\",\"url\":\"https:\/\/internacional.umh.es\/en\/\",\"name\":\"International Relations and Cooperation\",\"description\":\"Miguel Hernandez University of Elche\",\"potentialAction\":[{\"@type\":\"SearchAction\",\"target\":{\"@type\":\"EntryPoint\",\"urlTemplate\":\"https:\/\/internacional.umh.es\/en\/?s={search_term_string}\"},\"query-input\":\"required name=search_term_string\"}],\"inLanguage\":\"en-US\"},{\"@type\":\"ImageObject\",\"@id\":\"https:\/\/internacional.umh.es\/en\/2022\/05\/05\/un-proyecto-de-la-umh-proporciona-herramientas-para-promover-la-calidad-de-vida-de-personas-con-discapacidad-en-ecuador\/#primaryimage\",\"inLanguage\":\"en-US\",\"url\":\"https:\/\/internacional.umh.es\/files\/2022\/05\/WhatsApp-Image-2022-05-03-at-12.51.03-AM.jpeg\",\"contentUrl\":\"https:\/\/internacional.umh.es\/files\/2022\/05\/WhatsApp-Image-2022-05-03-at-12.51.03-AM.jpeg\",\"width\":1600,\"height\":1200},{\"@type\":\"WebPage\",\"@id\":\"https:\/\/internacional.umh.es\/en\/2022\/05\/05\/un-proyecto-de-la-umh-proporciona-herramientas-para-promover-la-calidad-de-vida-de-personas-con-discapacidad-en-ecuador\/#webpage\",\"url\":\"https:\/\/internacional.umh.es\/en\/2022\/05\/05\/un-proyecto-de-la-umh-proporciona-herramientas-para-promover-la-calidad-de-vida-de-personas-con-discapacidad-en-ecuador\/\",\"name\":\"UMH project provides tools to enhance the quality of life in people with disabilities in Ecuador - International Relations and Cooperation\",\"isPartOf\":{\"@id\":\"https:\/\/internacional.umh.es\/en\/#website\"},\"primaryImageOfPage\":{\"@id\":\"https:\/\/internacional.umh.es\/en\/2022\/05\/05\/un-proyecto-de-la-umh-proporciona-herramientas-para-promover-la-calidad-de-vida-de-personas-con-discapacidad-en-ecuador\/#primaryimage\"},\"datePublished\":\"2022-05-05T10:09:45+00:00\",\"dateModified\":\"2022-05-06T07:43:38+00:00\",\"author\":{\"@id\":\"https:\/\/internacional.umh.es\/en\/#\/schema\/person\/6b54fc879bc8d5b4ed360472e19cca1d\"},\"description\":\"\\u201cProvisi\\u00f3n de herramientas para la orientaci\\u00f3n y la potenciaci\\u00f3n de la calidad de vida de personas con discapacidad en Ecuador\\u201d es el t\\u00edtulo de un proyecto de cooperaci\\u00f3n de la Universidad Miguel Hern\\u00e1ndez (UMH) de Elche que desarrolla acciones para promover la inclusi\\u00f3n de personas con discapacidad mediante la evaluaci\\u00f3n de su estado de salud y la percepci\\u00f3n de su calidad de vida\",\"breadcrumb\":{\"@id\":\"https:\/\/internacional.umh.es\/en\/2022\/05\/05\/un-proyecto-de-la-umh-proporciona-herramientas-para-promover-la-calidad-de-vida-de-personas-con-discapacidad-en-ecuador\/#breadcrumb\"},\"inLanguage\":\"en-US\",\"potentialAction\":[{\"@type\":\"ReadAction\",\"target\":[\"https:\/\/internacional.umh.es\/en\/2022\/05\/05\/un-proyecto-de-la-umh-proporciona-herramientas-para-promover-la-calidad-de-vida-de-personas-con-discapacidad-en-ecuador\/\"]}]},{\"@type\":\"BreadcrumbList\",\"@id\":\"https:\/\/internacional.umh.es\/en\/2022\/05\/05\/un-proyecto-de-la-umh-proporciona-herramientas-para-promover-la-calidad-de-vida-de-personas-con-discapacidad-en-ecuador\/#breadcrumb\",\"itemListElement\":[{\"@type\":\"ListItem\",\"position\":1,\"name\":\"Home\",\"item\":\"https:\/\/internacional.umh.es\/en\/\"},{\"@type\":\"ListItem\",\"position\":2,\"name\":\"UMH project provides tools to enhance the quality of life in people with disabilities in Ecuador\"}]},{\"@type\":\"Person\",\"@id\":\"https:\/\/internacional.umh.es\/en\/#\/schema\/person\/6b54fc879bc8d5b4ed360472e19cca1d\",\"name\":\"vgodoy\",\"image\":{\"@type\":\"ImageObject\",\"@id\":\"https:\/\/internacional.umh.es\/en\/#personlogo\",\"inLanguage\":\"en-US\",\"url\":\"https:\/\/secure.gravatar.com\/avatar\/5ee02b95215a691c74aac5849d06041e?s=96&d=mm&r=g\",\"contentUrl\":\"https:\/\/secure.gravatar.com\/avatar\/5ee02b95215a691c74aac5849d06041e?s=96&d=mm&r=g\",\"caption\":\"vgodoy\"},\"url\":\"https:\/\/internacional.umh.es\/en\/author\/vgodoy\/\"}]}<\/script>\n<!-- \/ Yoast SEO plugin. -->","yoast_head_json":{"description":"\u201cProvisi\u00f3n de herramientas para la orientaci\u00f3n y la potenciaci\u00f3n de la calidad de vida de personas con discapacidad en Ecuador\u201d es el t\u00edtulo de un proyecto de cooperaci\u00f3n de la Universidad Miguel Hern\u00e1ndez (UMH) de Elche que desarrolla acciones para promover la inclusi\u00f3n de personas con discapacidad mediante la evaluaci\u00f3n de su estado de salud y la percepci\u00f3n de su calidad de vida","robots":{"index":"index","follow":"follow","max-snippet":"max-snippet:-1","max-image-preview":"max-image-preview:large","max-video-preview":"max-video-preview:-1"},"canonical":"https:\/\/internacional.umh.es\/en\/2022\/05\/05\/un-proyecto-de-la-umh-proporciona-herramientas-para-promover-la-calidad-de-vida-de-personas-con-discapacidad-en-ecuador\/","og_locale":"en_US","og_type":"article","og_title":"UMH project provides tools to enhance the quality of life in people with disabilities in Ecuador - International Relations and Cooperation","og_description":"\u201cProvisi\u00f3n de herramientas para la orientaci\u00f3n y la potenciaci\u00f3n de la calidad de vida de personas con discapacidad en Ecuador\u201d es el t\u00edtulo de un proyecto de cooperaci\u00f3n de la Universidad Miguel Hern\u00e1ndez (UMH) de Elche que desarrolla acciones para promover la inclusi\u00f3n de personas con discapacidad mediante la evaluaci\u00f3n de su estado de salud y la percepci\u00f3n de su calidad de vida","og_url":"https:\/\/internacional.umh.es\/en\/2022\/05\/05\/un-proyecto-de-la-umh-proporciona-herramientas-para-promover-la-calidad-de-vida-de-personas-con-discapacidad-en-ecuador\/","og_site_name":"International Relations and Cooperation","article_published_time":"2022-05-05T10:09:45+00:00","article_modified_time":"2022-05-06T07:43:38+00:00","og_image":[{"url":"https:\/\/internacional.umh.es\/files\/2022\/05\/WhatsApp-Image-2022-05-03-at-12.51.03-AM-300x225.jpeg"}],"twitter_card":"summary_large_image","twitter_misc":{"Written by":"vgodoy","Est. reading time":"3 minutes"},"schema":{"@context":"https:\/\/schema.org","@graph":[{"@type":"WebSite","@id":"https:\/\/internacional.umh.es\/en\/#website","url":"https:\/\/internacional.umh.es\/en\/","name":"International Relations and Cooperation","description":"Miguel Hernandez University of Elche","potentialAction":[{"@type":"SearchAction","target":{"@type":"EntryPoint","urlTemplate":"https:\/\/internacional.umh.es\/en\/?s={search_term_string}"},"query-input":"required name=search_term_string"}],"inLanguage":"en-US"},{"@type":"ImageObject","@id":"https:\/\/internacional.umh.es\/en\/2022\/05\/05\/un-proyecto-de-la-umh-proporciona-herramientas-para-promover-la-calidad-de-vida-de-personas-con-discapacidad-en-ecuador\/#primaryimage","inLanguage":"en-US","url":"https:\/\/internacional.umh.es\/files\/2022\/05\/WhatsApp-Image-2022-05-03-at-12.51.03-AM.jpeg","contentUrl":"https:\/\/internacional.umh.es\/files\/2022\/05\/WhatsApp-Image-2022-05-03-at-12.51.03-AM.jpeg","width":1600,"height":1200},{"@type":"WebPage","@id":"https:\/\/internacional.umh.es\/en\/2022\/05\/05\/un-proyecto-de-la-umh-proporciona-herramientas-para-promover-la-calidad-de-vida-de-personas-con-discapacidad-en-ecuador\/#webpage","url":"https:\/\/internacional.umh.es\/en\/2022\/05\/05\/un-proyecto-de-la-umh-proporciona-herramientas-para-promover-la-calidad-de-vida-de-personas-con-discapacidad-en-ecuador\/","name":"UMH project provides tools to enhance the quality of life in people with disabilities in Ecuador - International Relations and Cooperation","isPartOf":{"@id":"https:\/\/internacional.umh.es\/en\/#website"},"primaryImageOfPage":{"@id":"https:\/\/internacional.umh.es\/en\/2022\/05\/05\/un-proyecto-de-la-umh-proporciona-herramientas-para-promover-la-calidad-de-vida-de-personas-con-discapacidad-en-ecuador\/#primaryimage"},"datePublished":"2022-05-05T10:09:45+00:00","dateModified":"2022-05-06T07:43:38+00:00","author":{"@id":"https:\/\/internacional.umh.es\/en\/#\/schema\/person\/6b54fc879bc8d5b4ed360472e19cca1d"},"description":"\u201cProvisi\u00f3n de herramientas para la orientaci\u00f3n y la potenciaci\u00f3n de la calidad de vida de personas con discapacidad en Ecuador\u201d es el t\u00edtulo de un proyecto de cooperaci\u00f3n de la Universidad Miguel Hern\u00e1ndez (UMH) de Elche que desarrolla acciones para promover la inclusi\u00f3n de personas con discapacidad mediante la evaluaci\u00f3n de su estado de salud y la percepci\u00f3n de su calidad de vida","breadcrumb":{"@id":"https:\/\/internacional.umh.es\/en\/2022\/05\/05\/un-proyecto-de-la-umh-proporciona-herramientas-para-promover-la-calidad-de-vida-de-personas-con-discapacidad-en-ecuador\/#breadcrumb"},"inLanguage":"en-US","potentialAction":[{"@type":"ReadAction","target":["https:\/\/internacional.umh.es\/en\/2022\/05\/05\/un-proyecto-de-la-umh-proporciona-herramientas-para-promover-la-calidad-de-vida-de-personas-con-discapacidad-en-ecuador\/"]}]},{"@type":"BreadcrumbList","@id":"https:\/\/internacional.umh.es\/en\/2022\/05\/05\/un-proyecto-de-la-umh-proporciona-herramientas-para-promover-la-calidad-de-vida-de-personas-con-discapacidad-en-ecuador\/#breadcrumb","itemListElement":[{"@type":"ListItem","position":1,"name":"Home","item":"https:\/\/internacional.umh.es\/en\/"},{"@type":"ListItem","position":2,"name":"UMH project provides tools to enhance the quality of life in people with disabilities in Ecuador"}]},{"@type":"Person","@id":"https:\/\/internacional.umh.es\/en\/#\/schema\/person\/6b54fc879bc8d5b4ed360472e19cca1d","name":"vgodoy","image":{"@type":"ImageObject","@id":"https:\/\/internacional.umh.es\/en\/#personlogo","inLanguage":"en-US","url":"https:\/\/secure.gravatar.com\/avatar\/5ee02b95215a691c74aac5849d06041e?s=96&d=mm&r=g","contentUrl":"https:\/\/secure.gravatar.com\/avatar\/5ee02b95215a691c74aac5849d06041e?s=96&d=mm&r=g","caption":"vgodoy"},"url":"https:\/\/internacional.umh.es\/en\/author\/vgodoy\/"}]}},"_links":{"self":[{"href":"https:\/\/internacional.umh.es\/en\/wp-json\/wp\/v2\/posts\/26168"}],"collection":[{"href":"https:\/\/internacional.umh.es\/en\/wp-json\/wp\/v2\/posts"}],"about":[{"href":"https:\/\/internacional.umh.es\/en\/wp-json\/wp\/v2\/types\/post"}],"author":[{"embeddable":true,"href":"https:\/\/internacional.umh.es\/en\/wp-json\/wp\/v2\/users\/5216"}],"replies":[{"embeddable":true,"href":"https:\/\/internacional.umh.es\/en\/wp-json\/wp\/v2\/comments?post=26168"}],"version-history":[{"count":0,"href":"https:\/\/internacional.umh.es\/en\/wp-json\/wp\/v2\/posts\/26168\/revisions"}],"wp:attachment":[{"href":"https:\/\/internacional.umh.es\/en\/wp-json\/wp\/v2\/media?parent=26168"}],"wp:term":[{"taxonomy":"category","embeddable":true,"href":"https:\/\/internacional.umh.es\/en\/wp-json\/wp\/v2\/categories?post=26168"},{"taxonomy":"post_tag","embeddable":true,"href":"https:\/\/internacional.umh.es\/en\/wp-json\/wp\/v2\/tags?post=26168"}],"curies":[{"name":"wp","href":"https:\/\/api.w.org\/{rel}","templated":true}]}}