{"id":26454,"date":"2022-05-23T10:25:22","date_gmt":"2022-05-23T08:25:22","guid":{"rendered":"https:\/\/internacional.umh.es\/?p=26454"},"modified":"2022-05-23T11:02:37","modified_gmt":"2022-05-23T09:02:37","slug":"una-delegacion-de-la-umh-visita-la-universidad-cubana-de-holguin-en-el-marco-de-un-proyecto-de-cooperacion-internacional","status":"publish","type":"post","link":"https:\/\/internacional.umh.es\/en\/2022\/05\/23\/una-delegacion-de-la-umh-visita-la-universidad-cubana-de-holguin-en-el-marco-de-un-proyecto-de-cooperacion-internacional\/","title":{"rendered":"Delegation from UMH visits Cuban University of Holgu\u00edn on an international cooperation project"},"content":{"rendered":"<p><\/p>\n<p style=\"text-align: justify\"><span style=\"font-weight: 400\"><a href=\"https:\/\/internacional.umh.es\/files\/2022\/05\/holguin-1.png\"><img loading=\"lazy\" class=\"size-medium wp-image-26460 alignleft\" src=\"https:\/\/internacional.umh.es\/files\/2022\/05\/holguin-1-140x300.png\" alt=\"Visita de Carmen Escolano y Francisco Brotons a Holgu\u00edn\" width=\"140\" height=\"300\" srcset=\"https:\/\/internacional.umh.es\/files\/2022\/05\/holguin-1-140x300.png 140w, https:\/\/internacional.umh.es\/files\/2022\/05\/holguin-1.png 291w\" sizes=\"(max-width: 140px) 100vw, 140px\" \/><\/a><\/span>Luis F. Brotons and Carmen V. Escolano, professors from the Miguel Hern\u00e1ndez University of Elche (UMH), have visited the University of Holgu\u00edn in Cuba. The UMH and its Cuban counterpart have signed a framework agreement and both have collaboration in the preparation of an international cooperation agreement funded by the Generalitat Valencian to study the economic impact from the creation of a business park in the Holgu\u00edn region.<\/p>\n<p style=\"text-align: justify\">During their visit to the University of Holgu\u00edn, which took place May 16-21, professors Brotons and Escolano met with fellow faculty from that university and with representatives from various public institutions, ministries, and chambers of commerce in order to learn of the characteristics of the Cuban economy and of the business structure of the region of Holgu\u00edn. They also visited the Scientific and Technological Park of Havana.<\/p>\n<p style=\"text-align: justify\">For their part, University of Holgu\u00edn professors Ana de Lourdes Torralbas Bl\u00e1zquez and Jenny Ruiz de la Pe\u00f1a, visited the UMH on May 2-7. While here, they toured the UMH Scientific Park, Business Park of Elche and the Scientific Park of the University of Valencia for insight into Spanish parks and the distinct management styles at them.<\/p>\n<p style=\"text-align: justify\">This project was selected in the call for international research projects from a 2020 agreement to fulfill the Sustainable Development Goals of the United Nations 2030 Agenda, which was announced by the UMH Vice Rectorate for International Relations and funded by the Generalitat Valenciana (Conv. GVA-UMH Solcif. 2020\/0005).<\/p>\n<p><span style=\"font-weight: 400\"><a href=\"https:\/\/internacional.umh.es\/files\/2022\/05\/holguin-2.png\"><img loading=\"lazy\" class=\"size-medium wp-image-26457 alignleft\" src=\"https:\/\/internacional.umh.es\/files\/2022\/05\/holguin-2-300x141.png\" alt=\"Visita de Carmen Escolano y Francisco Brotons a Holgu\u00edn\" width=\"300\" height=\"141\" srcset=\"https:\/\/internacional.umh.es\/files\/2022\/05\/holguin-2-300x141.png 300w, https:\/\/internacional.umh.es\/files\/2022\/05\/holguin-2.png 686w\" sizes=\"(max-width: 300px) 100vw, 300px\" \/><\/a><\/span><\/p>\n<p>&nbsp;<\/p>\n<p>&nbsp;<\/p>","protected":false},"excerpt":{"rendered":"<p>Luis F. Brotons and Carmen V. Escolano, professors from the Miguel Hern\u00e1ndez University of Elche (UMH), have visited the University of Holgu\u00edn in Cuba. The UMH and its Cuban counterpart have signed a framework agreement and both have collaboration in the preparation of an international cooperation agreement funded by the Generalitat Valencian to study the [&#8230;]<\/p>\n","protected":false},"author":408,"featured_media":0,"comment_status":"closed","ping_status":"closed","sticky":false,"template":"","format":"standard","meta":{"ngg_post_thumbnail":0,"_links_to":"","_links_to_target":""},"categories":[20504,46075,20486,296002],"tags":[861095],"yoast_head":"<!-- This site is optimized with the Yoast SEO plugin v17.5 - https:\/\/yoast.com\/wordpress\/plugins\/seo\/ -->\n<meta name=\"robots\" content=\"index, follow, max-snippet:-1, max-image-preview:large, max-video-preview:-1\" \/>\n<link rel=\"canonical\" href=\"https:\/\/internacional.umh.es\/en\/2022\/05\/23\/una-delegacion-de-la-umh-visita-la-universidad-cubana-de-holguin-en-el-marco-de-un-proyecto-de-cooperacion-internacional\/\" \/>\n<meta property=\"og:locale\" content=\"en_US\" \/>\n<meta property=\"og:type\" content=\"article\" \/>\n<meta property=\"og:title\" content=\"Delegation from UMH visits Cuban University of Holgu\u00edn on an international cooperation project - International Relations and Cooperation\" \/>\n<meta property=\"og:description\" content=\"Luis F. Brotons and Carmen V. Escolano, professors from the Miguel Hern\u00e1ndez University of Elche (UMH), have visited the University of Holgu\u00edn in Cuba. The UMH and its Cuban counterpart have signed a framework agreement and both have collaboration in the preparation of an international cooperation agreement funded by the Generalitat Valencian to study the [...]\" \/>\n<meta property=\"og:url\" content=\"https:\/\/internacional.umh.es\/ca\/2022\/05\/23\/una-delegacion-de-la-umh-visita-la-universidad-cubana-de-holguin-en-el-marco-de-un-proyecto-de-cooperacion-internacional\/\" \/>\n<meta property=\"og:site_name\" content=\"International Relations and Cooperation\" \/>\n<meta property=\"article:published_time\" content=\"2022-05-23T08:25:22+00:00\" \/>\n<meta property=\"article:modified_time\" content=\"2022-05-23T09:02:37+00:00\" \/>\n<meta property=\"og:image\" content=\"https:\/\/internacional.umh.es\/files\/2022\/05\/holguin-1-140x300.png\" \/>\n<meta name=\"twitter:card\" content=\"summary_large_image\" \/>\n<meta name=\"twitter:label1\" content=\"Written by\" \/>\n\t<meta name=\"twitter:data1\" content=\"Paul Nordstrom\" \/>\n\t<meta name=\"twitter:label2\" content=\"Est. reading time\" \/>\n\t<meta name=\"twitter:data2\" content=\"3 minutes\" \/>\n<script type=\"application\/ld+json\" class=\"yoast-schema-graph\">{\"@context\":\"https:\/\/schema.org\",\"@graph\":[{\"@type\":\"WebSite\",\"@id\":\"https:\/\/internacional.umh.es\/en\/#website\",\"url\":\"https:\/\/internacional.umh.es\/en\/\",\"name\":\"International Relations and Cooperation\",\"description\":\"Miguel Hernandez University of Elche\",\"potentialAction\":[{\"@type\":\"SearchAction\",\"target\":{\"@type\":\"EntryPoint\",\"urlTemplate\":\"https:\/\/internacional.umh.es\/en\/?s={search_term_string}\"},\"query-input\":\"required name=search_term_string\"}],\"inLanguage\":\"en-US\"},{\"@type\":\"ImageObject\",\"@id\":\"https:\/\/internacional.umh.es\/ca\/2022\/05\/23\/una-delegacion-de-la-umh-visita-la-universidad-cubana-de-holguin-en-el-marco-de-un-proyecto-de-cooperacion-internacional\/#primaryimage\",\"inLanguage\":\"en-US\",\"url\":\"https:\/\/internacional.umh.es\/files\/2022\/05\/holguin-1.png\",\"contentUrl\":\"https:\/\/internacional.umh.es\/files\/2022\/05\/holguin-1.png\",\"width\":291,\"height\":625,\"caption\":\"Visita de Carmen Escolano y Francisco Brotons a Holgu\\u00edn\"},{\"@type\":\"WebPage\",\"@id\":\"https:\/\/internacional.umh.es\/ca\/2022\/05\/23\/una-delegacion-de-la-umh-visita-la-universidad-cubana-de-holguin-en-el-marco-de-un-proyecto-de-cooperacion-internacional\/#webpage\",\"url\":\"https:\/\/internacional.umh.es\/ca\/2022\/05\/23\/una-delegacion-de-la-umh-visita-la-universidad-cubana-de-holguin-en-el-marco-de-un-proyecto-de-cooperacion-internacional\/\",\"name\":\"Delegation from UMH visits Cuban University of Holgu\\u00edn on an international cooperation project - International Relations and Cooperation\",\"isPartOf\":{\"@id\":\"https:\/\/internacional.umh.es\/en\/#website\"},\"primaryImageOfPage\":{\"@id\":\"https:\/\/internacional.umh.es\/ca\/2022\/05\/23\/una-delegacion-de-la-umh-visita-la-universidad-cubana-de-holguin-en-el-marco-de-un-proyecto-de-cooperacion-internacional\/#primaryimage\"},\"datePublished\":\"2022-05-23T08:25:22+00:00\",\"dateModified\":\"2022-05-23T09:02:37+00:00\",\"author\":{\"@id\":\"https:\/\/internacional.umh.es\/en\/#\/schema\/person\/06ad8f19ed011683797bbaea34757912\"},\"breadcrumb\":{\"@id\":\"https:\/\/internacional.umh.es\/ca\/2022\/05\/23\/una-delegacion-de-la-umh-visita-la-universidad-cubana-de-holguin-en-el-marco-de-un-proyecto-de-cooperacion-internacional\/#breadcrumb\"},\"inLanguage\":\"en-US\",\"potentialAction\":[{\"@type\":\"ReadAction\",\"target\":[\"https:\/\/internacional.umh.es\/ca\/2022\/05\/23\/una-delegacion-de-la-umh-visita-la-universidad-cubana-de-holguin-en-el-marco-de-un-proyecto-de-cooperacion-internacional\/\"]}]},{\"@type\":\"BreadcrumbList\",\"@id\":\"https:\/\/internacional.umh.es\/ca\/2022\/05\/23\/una-delegacion-de-la-umh-visita-la-universidad-cubana-de-holguin-en-el-marco-de-un-proyecto-de-cooperacion-internacional\/#breadcrumb\",\"itemListElement\":[{\"@type\":\"ListItem\",\"position\":1,\"name\":\"Home\",\"item\":\"https:\/\/internacional.umh.es\/en\/\"},{\"@type\":\"ListItem\",\"position\":2,\"name\":\"Delegation from UMH visits Cuban University of Holgu\\u00edn on an international cooperation project\"}]},{\"@type\":\"Person\",\"@id\":\"https:\/\/internacional.umh.es\/en\/#\/schema\/person\/06ad8f19ed011683797bbaea34757912\",\"name\":\"Paul Nordstrom\",\"image\":{\"@type\":\"ImageObject\",\"@id\":\"https:\/\/internacional.umh.es\/en\/#personlogo\",\"inLanguage\":\"en-US\",\"url\":\"https:\/\/secure.gravatar.com\/avatar\/f0407012c6b2a1afeb509131f7f55c4e?s=96&d=mm&r=g\",\"contentUrl\":\"https:\/\/secure.gravatar.com\/avatar\/f0407012c6b2a1afeb509131f7f55c4e?s=96&d=mm&r=g\",\"caption\":\"Paul Nordstrom\"},\"url\":\"https:\/\/internacional.umh.es\/en\/author\/paul\/\"}]}<\/script>\n<!-- \/ Yoast SEO plugin. -->","yoast_head_json":{"robots":{"index":"index","follow":"follow","max-snippet":"max-snippet:-1","max-image-preview":"max-image-preview:large","max-video-preview":"max-video-preview:-1"},"canonical":"https:\/\/internacional.umh.es\/en\/2022\/05\/23\/una-delegacion-de-la-umh-visita-la-universidad-cubana-de-holguin-en-el-marco-de-un-proyecto-de-cooperacion-internacional\/","og_locale":"en_US","og_type":"article","og_title":"Delegation from UMH visits Cuban University of Holgu\u00edn on an international cooperation project - International Relations and Cooperation","og_description":"Luis F. Brotons and Carmen V. Escolano, professors from the Miguel Hern\u00e1ndez University of Elche (UMH), have visited the University of Holgu\u00edn in Cuba. The UMH and its Cuban counterpart have signed a framework agreement and both have collaboration in the preparation of an international cooperation agreement funded by the Generalitat Valencian to study the [...]","og_url":"https:\/\/internacional.umh.es\/ca\/2022\/05\/23\/una-delegacion-de-la-umh-visita-la-universidad-cubana-de-holguin-en-el-marco-de-un-proyecto-de-cooperacion-internacional\/","og_site_name":"International Relations and Cooperation","article_published_time":"2022-05-23T08:25:22+00:00","article_modified_time":"2022-05-23T09:02:37+00:00","og_image":[{"url":"https:\/\/internacional.umh.es\/files\/2022\/05\/holguin-1-140x300.png"}],"twitter_card":"summary_large_image","twitter_misc":{"Written by":"Paul Nordstrom","Est. reading time":"3 minutes"},"schema":{"@context":"https:\/\/schema.org","@graph":[{"@type":"WebSite","@id":"https:\/\/internacional.umh.es\/en\/#website","url":"https:\/\/internacional.umh.es\/en\/","name":"International Relations and Cooperation","description":"Miguel Hernandez University of Elche","potentialAction":[{"@type":"SearchAction","target":{"@type":"EntryPoint","urlTemplate":"https:\/\/internacional.umh.es\/en\/?s={search_term_string}"},"query-input":"required name=search_term_string"}],"inLanguage":"en-US"},{"@type":"ImageObject","@id":"https:\/\/internacional.umh.es\/ca\/2022\/05\/23\/una-delegacion-de-la-umh-visita-la-universidad-cubana-de-holguin-en-el-marco-de-un-proyecto-de-cooperacion-internacional\/#primaryimage","inLanguage":"en-US","url":"https:\/\/internacional.umh.es\/files\/2022\/05\/holguin-1.png","contentUrl":"https:\/\/internacional.umh.es\/files\/2022\/05\/holguin-1.png","width":291,"height":625,"caption":"Visita de Carmen Escolano y Francisco Brotons a Holgu\u00edn"},{"@type":"WebPage","@id":"https:\/\/internacional.umh.es\/ca\/2022\/05\/23\/una-delegacion-de-la-umh-visita-la-universidad-cubana-de-holguin-en-el-marco-de-un-proyecto-de-cooperacion-internacional\/#webpage","url":"https:\/\/internacional.umh.es\/ca\/2022\/05\/23\/una-delegacion-de-la-umh-visita-la-universidad-cubana-de-holguin-en-el-marco-de-un-proyecto-de-cooperacion-internacional\/","name":"Delegation from UMH visits Cuban University of Holgu\u00edn on an international cooperation project - International Relations and Cooperation","isPartOf":{"@id":"https:\/\/internacional.umh.es\/en\/#website"},"primaryImageOfPage":{"@id":"https:\/\/internacional.umh.es\/ca\/2022\/05\/23\/una-delegacion-de-la-umh-visita-la-universidad-cubana-de-holguin-en-el-marco-de-un-proyecto-de-cooperacion-internacional\/#primaryimage"},"datePublished":"2022-05-23T08:25:22+00:00","dateModified":"2022-05-23T09:02:37+00:00","author":{"@id":"https:\/\/internacional.umh.es\/en\/#\/schema\/person\/06ad8f19ed011683797bbaea34757912"},"breadcrumb":{"@id":"https:\/\/internacional.umh.es\/ca\/2022\/05\/23\/una-delegacion-de-la-umh-visita-la-universidad-cubana-de-holguin-en-el-marco-de-un-proyecto-de-cooperacion-internacional\/#breadcrumb"},"inLanguage":"en-US","potentialAction":[{"@type":"ReadAction","target":["https:\/\/internacional.umh.es\/ca\/2022\/05\/23\/una-delegacion-de-la-umh-visita-la-universidad-cubana-de-holguin-en-el-marco-de-un-proyecto-de-cooperacion-internacional\/"]}]},{"@type":"BreadcrumbList","@id":"https:\/\/internacional.umh.es\/ca\/2022\/05\/23\/una-delegacion-de-la-umh-visita-la-universidad-cubana-de-holguin-en-el-marco-de-un-proyecto-de-cooperacion-internacional\/#breadcrumb","itemListElement":[{"@type":"ListItem","position":1,"name":"Home","item":"https:\/\/internacional.umh.es\/en\/"},{"@type":"ListItem","position":2,"name":"Delegation from UMH visits Cuban University of Holgu\u00edn on an international cooperation project"}]},{"@type":"Person","@id":"https:\/\/internacional.umh.es\/en\/#\/schema\/person\/06ad8f19ed011683797bbaea34757912","name":"Paul Nordstrom","image":{"@type":"ImageObject","@id":"https:\/\/internacional.umh.es\/en\/#personlogo","inLanguage":"en-US","url":"https:\/\/secure.gravatar.com\/avatar\/f0407012c6b2a1afeb509131f7f55c4e?s=96&d=mm&r=g","contentUrl":"https:\/\/secure.gravatar.com\/avatar\/f0407012c6b2a1afeb509131f7f55c4e?s=96&d=mm&r=g","caption":"Paul Nordstrom"},"url":"https:\/\/internacional.umh.es\/en\/author\/paul\/"}]}},"_links":{"self":[{"href":"https:\/\/internacional.umh.es\/en\/wp-json\/wp\/v2\/posts\/26454"}],"collection":[{"href":"https:\/\/internacional.umh.es\/en\/wp-json\/wp\/v2\/posts"}],"about":[{"href":"https:\/\/internacional.umh.es\/en\/wp-json\/wp\/v2\/types\/post"}],"author":[{"embeddable":true,"href":"https:\/\/internacional.umh.es\/en\/wp-json\/wp\/v2\/users\/408"}],"replies":[{"embeddable":true,"href":"https:\/\/internacional.umh.es\/en\/wp-json\/wp\/v2\/comments?post=26454"}],"version-history":[{"count":0,"href":"https:\/\/internacional.umh.es\/en\/wp-json\/wp\/v2\/posts\/26454\/revisions"}],"wp:attachment":[{"href":"https:\/\/internacional.umh.es\/en\/wp-json\/wp\/v2\/media?parent=26454"}],"wp:term":[{"taxonomy":"category","embeddable":true,"href":"https:\/\/internacional.umh.es\/en\/wp-json\/wp\/v2\/categories?post=26454"},{"taxonomy":"post_tag","embeddable":true,"href":"https:\/\/internacional.umh.es\/en\/wp-json\/wp\/v2\/tags?post=26454"}],"curies":[{"name":"wp","href":"https:\/\/api.w.org\/{rel}","templated":true}]}}