{"id":27066,"date":"2022-06-27T13:57:23","date_gmt":"2022-06-27T11:57:23","guid":{"rendered":"https:\/\/internacional.umh.es\/?p=27066"},"modified":"2022-06-27T17:00:30","modified_gmt":"2022-06-27T15:00:30","slug":"la-umh-recibe-la-visita-de-una-delegacion-de-la-universidad-nacional-del-litoral-en-argentina","status":"publish","type":"post","link":"https:\/\/internacional.umh.es\/en\/2022\/06\/27\/la-umh-recibe-la-visita-de-una-delegacion-de-la-universidad-nacional-del-litoral-en-argentina\/","title":{"rendered":"UMH receives visit from a delegation from the National University of the Litoral in Argentina"},"content":{"rendered":"<p><\/p>\n<p style=\"text-align: justify\"><span style=\"font-weight: 400\"><a href=\"https:\/\/internacional.umh.es\/files\/2022\/06\/WhatsApp-Image-2022-06-27-at-12.07.17.jpeg\"><img loading=\"lazy\" class=\"size-medium wp-image-27069 alignleft\" src=\"https:\/\/internacional.umh.es\/files\/2022\/06\/WhatsApp-Image-2022-06-27-at-12.07.17-300x225.jpeg\" alt=\"Reuni\u00f3n con la UNL\" width=\"300\" height=\"225\" srcset=\"https:\/\/internacional.umh.es\/files\/2022\/06\/WhatsApp-Image-2022-06-27-at-12.07.17-300x225.jpeg 300w, https:\/\/internacional.umh.es\/files\/2022\/06\/WhatsApp-Image-2022-06-27-at-12.07.17-1024x768.jpeg 1024w, https:\/\/internacional.umh.es\/files\/2022\/06\/WhatsApp-Image-2022-06-27-at-12.07.17-768x576.jpeg 768w, https:\/\/internacional.umh.es\/files\/2022\/06\/WhatsApp-Image-2022-06-27-at-12.07.17-1536x1152.jpeg 1536w, https:\/\/internacional.umh.es\/files\/2022\/06\/WhatsApp-Image-2022-06-27-at-12.07.17.jpeg 2000w\" sizes=\"(max-width: 300px) 100vw, 300px\" \/><\/a><\/span>The Miguel Hern\u00e1ndez University of Elche (UMH) has received representatives from the National University of the Litoral (UNL) of Argentina. This visit is taking place June 27 \u2013 28, aiming to bring both institutions closer together, visiting UMH installations, and getting to know the departments of Legal Science and Economic &amp; Financial Studies at the UMH.<\/p>\n<p style=\"text-align: justify\">On Monday, June 27, UMH Vice Rector for International Relations, Vicente Micol Molina, met with professor of private law and Secretary of Institutional Relations at the UNL Javier Francisco Aga; and professor of criminal law with criminal and electoral competencies of Paran\u00e1 \u2013 Provincia de Entre R\u00edos, Leandro Dami\u00e1n R\u00edos. In this meeting, the figure of international educator on behalf of the UNL and the programs of Internationalization at Home PRODIC-UMH and Ibero-America Espejo on behalf of the UMH were featured. The possibilities for collaboration for implementing dual international programs between both institutions were also examined.<\/p>\n<p style=\"text-align: justify\">Others in attendance at the meeting included the Dean of the Faculty of Social and Legal Sciences of Elche, Carmen Victoria Escolano Asensi; Internationalization Director, Jos\u00e9 Manuel Blanes Mart\u00ednez; Ibero-America Espejo Program Director, Joaqu\u00edn Juli\u00e1n Pastor P\u00e9rez; Associate Dean of the Bachelor&#8217;s in Law, Alfonso Ortega Gim\u00e9nez; and Associate Dean of Coordination and Mobility, Rafael Dom\u00e9nech S\u00e1nchez.<\/p>\n<p style=\"text-align: justify\">Visits for the morning of June 28 include meetings with the faculty from the areas of Social and Legal Sciences and Financial Studies to present lines of research and collaboration possibilities between both institutions in this area. Then, they will visit the Cr\u00edmina Center, where its director, Fernando Mir\u00f3 Llinares, presented the activities ongoing there and its lines of research.<\/p>\n<p><\/p>","protected":false},"excerpt":{"rendered":"<p>The Miguel Hern\u00e1ndez University of Elche (UMH) has received representatives from the National University of the Litoral (UNL) of Argentina. This visit is taking place June 27 \u2013 28, aiming to bring both institutions closer together, visiting UMH installations, and getting to know the departments of Legal Science and Economic &amp; Financial Studies at the [&#8230;]<\/p>\n","protected":false},"author":408,"featured_media":0,"comment_status":"closed","ping_status":"closed","sticky":false,"template":"","format":"standard","meta":{"ngg_post_thumbnail":0,"_links_to":"","_links_to_target":""},"categories":[3742],"tags":[],"yoast_head":"<!-- This site is optimized with the Yoast SEO plugin v17.5 - https:\/\/yoast.com\/wordpress\/plugins\/seo\/ -->\n<meta name=\"robots\" content=\"index, follow, max-snippet:-1, max-image-preview:large, max-video-preview:-1\" \/>\n<link rel=\"canonical\" href=\"https:\/\/internacional.umh.es\/en\/2022\/06\/27\/la-umh-recibe-la-visita-de-una-delegacion-de-la-universidad-nacional-del-litoral-en-argentina\/\" \/>\n<meta property=\"og:locale\" content=\"en_US\" \/>\n<meta property=\"og:type\" content=\"article\" \/>\n<meta property=\"og:title\" content=\"UMH receives visit from a delegation from the National University of the Litoral in Argentina - International Relations and Cooperation\" \/>\n<meta property=\"og:description\" content=\"The Miguel Hern\u00e1ndez University of Elche (UMH) has received representatives from the National University of the Litoral (UNL) of Argentina. This visit is taking place June 27 \u2013 28, aiming to bring both institutions closer together, visiting UMH installations, and getting to know the departments of Legal Science and Economic &amp; Financial Studies at the [...]\" \/>\n<meta property=\"og:url\" content=\"https:\/\/internacional.umh.es\/en\/2022\/06\/27\/la-umh-recibe-la-visita-de-una-delegacion-de-la-universidad-nacional-del-litoral-en-argentina\/\" \/>\n<meta property=\"og:site_name\" content=\"International Relations and Cooperation\" \/>\n<meta property=\"article:published_time\" content=\"2022-06-27T11:57:23+00:00\" \/>\n<meta property=\"article:modified_time\" content=\"2022-06-27T15:00:30+00:00\" \/>\n<meta property=\"og:image\" content=\"https:\/\/internacional.umh.es\/files\/2022\/06\/WhatsApp-Image-2022-06-27-at-12.07.17-300x225.jpeg\" \/>\n<meta name=\"twitter:card\" content=\"summary_large_image\" \/>\n<meta name=\"twitter:label1\" content=\"Written by\" \/>\n\t<meta name=\"twitter:data1\" content=\"Paul Nordstrom\" \/>\n\t<meta name=\"twitter:label2\" content=\"Est. reading time\" \/>\n\t<meta name=\"twitter:data2\" content=\"2 minutes\" \/>\n<script type=\"application\/ld+json\" class=\"yoast-schema-graph\">{\"@context\":\"https:\/\/schema.org\",\"@graph\":[{\"@type\":\"WebSite\",\"@id\":\"https:\/\/internacional.umh.es\/en\/#website\",\"url\":\"https:\/\/internacional.umh.es\/en\/\",\"name\":\"International Relations and Cooperation\",\"description\":\"Miguel Hernandez University of Elche\",\"potentialAction\":[{\"@type\":\"SearchAction\",\"target\":{\"@type\":\"EntryPoint\",\"urlTemplate\":\"https:\/\/internacional.umh.es\/en\/?s={search_term_string}\"},\"query-input\":\"required name=search_term_string\"}],\"inLanguage\":\"en-US\"},{\"@type\":\"ImageObject\",\"@id\":\"https:\/\/internacional.umh.es\/en\/2022\/06\/27\/la-umh-recibe-la-visita-de-una-delegacion-de-la-universidad-nacional-del-litoral-en-argentina\/#primaryimage\",\"inLanguage\":\"en-US\",\"url\":\"https:\/\/internacional.umh.es\/files\/2022\/06\/WhatsApp-Image-2022-06-27-at-12.07.17.jpeg\",\"contentUrl\":\"https:\/\/internacional.umh.es\/files\/2022\/06\/WhatsApp-Image-2022-06-27-at-12.07.17.jpeg\",\"width\":2000,\"height\":1500,\"caption\":\"Reuni\\u00f3n con la UNL\"},{\"@type\":\"WebPage\",\"@id\":\"https:\/\/internacional.umh.es\/en\/2022\/06\/27\/la-umh-recibe-la-visita-de-una-delegacion-de-la-universidad-nacional-del-litoral-en-argentina\/#webpage\",\"url\":\"https:\/\/internacional.umh.es\/en\/2022\/06\/27\/la-umh-recibe-la-visita-de-una-delegacion-de-la-universidad-nacional-del-litoral-en-argentina\/\",\"name\":\"UMH receives visit from a delegation from the National University of the Litoral in Argentina - International Relations and Cooperation\",\"isPartOf\":{\"@id\":\"https:\/\/internacional.umh.es\/en\/#website\"},\"primaryImageOfPage\":{\"@id\":\"https:\/\/internacional.umh.es\/en\/2022\/06\/27\/la-umh-recibe-la-visita-de-una-delegacion-de-la-universidad-nacional-del-litoral-en-argentina\/#primaryimage\"},\"datePublished\":\"2022-06-27T11:57:23+00:00\",\"dateModified\":\"2022-06-27T15:00:30+00:00\",\"author\":{\"@id\":\"https:\/\/internacional.umh.es\/en\/#\/schema\/person\/06ad8f19ed011683797bbaea34757912\"},\"breadcrumb\":{\"@id\":\"https:\/\/internacional.umh.es\/en\/2022\/06\/27\/la-umh-recibe-la-visita-de-una-delegacion-de-la-universidad-nacional-del-litoral-en-argentina\/#breadcrumb\"},\"inLanguage\":\"en-US\",\"potentialAction\":[{\"@type\":\"ReadAction\",\"target\":[\"https:\/\/internacional.umh.es\/en\/2022\/06\/27\/la-umh-recibe-la-visita-de-una-delegacion-de-la-universidad-nacional-del-litoral-en-argentina\/\"]}]},{\"@type\":\"BreadcrumbList\",\"@id\":\"https:\/\/internacional.umh.es\/en\/2022\/06\/27\/la-umh-recibe-la-visita-de-una-delegacion-de-la-universidad-nacional-del-litoral-en-argentina\/#breadcrumb\",\"itemListElement\":[{\"@type\":\"ListItem\",\"position\":1,\"name\":\"Home\",\"item\":\"https:\/\/internacional.umh.es\/en\/\"},{\"@type\":\"ListItem\",\"position\":2,\"name\":\"UMH receives visit from a delegation from the National University of the Litoral in Argentina\"}]},{\"@type\":\"Person\",\"@id\":\"https:\/\/internacional.umh.es\/en\/#\/schema\/person\/06ad8f19ed011683797bbaea34757912\",\"name\":\"Paul Nordstrom\",\"image\":{\"@type\":\"ImageObject\",\"@id\":\"https:\/\/internacional.umh.es\/en\/#personlogo\",\"inLanguage\":\"en-US\",\"url\":\"https:\/\/secure.gravatar.com\/avatar\/f0407012c6b2a1afeb509131f7f55c4e?s=96&d=mm&r=g\",\"contentUrl\":\"https:\/\/secure.gravatar.com\/avatar\/f0407012c6b2a1afeb509131f7f55c4e?s=96&d=mm&r=g\",\"caption\":\"Paul Nordstrom\"},\"url\":\"https:\/\/internacional.umh.es\/en\/author\/paul\/\"}]}<\/script>\n<!-- \/ Yoast SEO plugin. -->","yoast_head_json":{"robots":{"index":"index","follow":"follow","max-snippet":"max-snippet:-1","max-image-preview":"max-image-preview:large","max-video-preview":"max-video-preview:-1"},"canonical":"https:\/\/internacional.umh.es\/en\/2022\/06\/27\/la-umh-recibe-la-visita-de-una-delegacion-de-la-universidad-nacional-del-litoral-en-argentina\/","og_locale":"en_US","og_type":"article","og_title":"UMH receives visit from a delegation from the National University of the Litoral in Argentina - International Relations and Cooperation","og_description":"The Miguel Hern\u00e1ndez University of Elche (UMH) has received representatives from the National University of the Litoral (UNL) of Argentina. This visit is taking place June 27 \u2013 28, aiming to bring both institutions closer together, visiting UMH installations, and getting to know the departments of Legal Science and Economic &amp; Financial Studies at the [...]","og_url":"https:\/\/internacional.umh.es\/en\/2022\/06\/27\/la-umh-recibe-la-visita-de-una-delegacion-de-la-universidad-nacional-del-litoral-en-argentina\/","og_site_name":"International Relations and Cooperation","article_published_time":"2022-06-27T11:57:23+00:00","article_modified_time":"2022-06-27T15:00:30+00:00","og_image":[{"url":"https:\/\/internacional.umh.es\/files\/2022\/06\/WhatsApp-Image-2022-06-27-at-12.07.17-300x225.jpeg"}],"twitter_card":"summary_large_image","twitter_misc":{"Written by":"Paul Nordstrom","Est. reading time":"2 minutes"},"schema":{"@context":"https:\/\/schema.org","@graph":[{"@type":"WebSite","@id":"https:\/\/internacional.umh.es\/en\/#website","url":"https:\/\/internacional.umh.es\/en\/","name":"International Relations and Cooperation","description":"Miguel Hernandez University of Elche","potentialAction":[{"@type":"SearchAction","target":{"@type":"EntryPoint","urlTemplate":"https:\/\/internacional.umh.es\/en\/?s={search_term_string}"},"query-input":"required name=search_term_string"}],"inLanguage":"en-US"},{"@type":"ImageObject","@id":"https:\/\/internacional.umh.es\/en\/2022\/06\/27\/la-umh-recibe-la-visita-de-una-delegacion-de-la-universidad-nacional-del-litoral-en-argentina\/#primaryimage","inLanguage":"en-US","url":"https:\/\/internacional.umh.es\/files\/2022\/06\/WhatsApp-Image-2022-06-27-at-12.07.17.jpeg","contentUrl":"https:\/\/internacional.umh.es\/files\/2022\/06\/WhatsApp-Image-2022-06-27-at-12.07.17.jpeg","width":2000,"height":1500,"caption":"Reuni\u00f3n con la UNL"},{"@type":"WebPage","@id":"https:\/\/internacional.umh.es\/en\/2022\/06\/27\/la-umh-recibe-la-visita-de-una-delegacion-de-la-universidad-nacional-del-litoral-en-argentina\/#webpage","url":"https:\/\/internacional.umh.es\/en\/2022\/06\/27\/la-umh-recibe-la-visita-de-una-delegacion-de-la-universidad-nacional-del-litoral-en-argentina\/","name":"UMH receives visit from a delegation from the National University of the Litoral in Argentina - International Relations and Cooperation","isPartOf":{"@id":"https:\/\/internacional.umh.es\/en\/#website"},"primaryImageOfPage":{"@id":"https:\/\/internacional.umh.es\/en\/2022\/06\/27\/la-umh-recibe-la-visita-de-una-delegacion-de-la-universidad-nacional-del-litoral-en-argentina\/#primaryimage"},"datePublished":"2022-06-27T11:57:23+00:00","dateModified":"2022-06-27T15:00:30+00:00","author":{"@id":"https:\/\/internacional.umh.es\/en\/#\/schema\/person\/06ad8f19ed011683797bbaea34757912"},"breadcrumb":{"@id":"https:\/\/internacional.umh.es\/en\/2022\/06\/27\/la-umh-recibe-la-visita-de-una-delegacion-de-la-universidad-nacional-del-litoral-en-argentina\/#breadcrumb"},"inLanguage":"en-US","potentialAction":[{"@type":"ReadAction","target":["https:\/\/internacional.umh.es\/en\/2022\/06\/27\/la-umh-recibe-la-visita-de-una-delegacion-de-la-universidad-nacional-del-litoral-en-argentina\/"]}]},{"@type":"BreadcrumbList","@id":"https:\/\/internacional.umh.es\/en\/2022\/06\/27\/la-umh-recibe-la-visita-de-una-delegacion-de-la-universidad-nacional-del-litoral-en-argentina\/#breadcrumb","itemListElement":[{"@type":"ListItem","position":1,"name":"Home","item":"https:\/\/internacional.umh.es\/en\/"},{"@type":"ListItem","position":2,"name":"UMH receives visit from a delegation from the National University of the Litoral in Argentina"}]},{"@type":"Person","@id":"https:\/\/internacional.umh.es\/en\/#\/schema\/person\/06ad8f19ed011683797bbaea34757912","name":"Paul Nordstrom","image":{"@type":"ImageObject","@id":"https:\/\/internacional.umh.es\/en\/#personlogo","inLanguage":"en-US","url":"https:\/\/secure.gravatar.com\/avatar\/f0407012c6b2a1afeb509131f7f55c4e?s=96&d=mm&r=g","contentUrl":"https:\/\/secure.gravatar.com\/avatar\/f0407012c6b2a1afeb509131f7f55c4e?s=96&d=mm&r=g","caption":"Paul Nordstrom"},"url":"https:\/\/internacional.umh.es\/en\/author\/paul\/"}]}},"_links":{"self":[{"href":"https:\/\/internacional.umh.es\/en\/wp-json\/wp\/v2\/posts\/27066"}],"collection":[{"href":"https:\/\/internacional.umh.es\/en\/wp-json\/wp\/v2\/posts"}],"about":[{"href":"https:\/\/internacional.umh.es\/en\/wp-json\/wp\/v2\/types\/post"}],"author":[{"embeddable":true,"href":"https:\/\/internacional.umh.es\/en\/wp-json\/wp\/v2\/users\/408"}],"replies":[{"embeddable":true,"href":"https:\/\/internacional.umh.es\/en\/wp-json\/wp\/v2\/comments?post=27066"}],"version-history":[{"count":0,"href":"https:\/\/internacional.umh.es\/en\/wp-json\/wp\/v2\/posts\/27066\/revisions"}],"wp:attachment":[{"href":"https:\/\/internacional.umh.es\/en\/wp-json\/wp\/v2\/media?parent=27066"}],"wp:term":[{"taxonomy":"category","embeddable":true,"href":"https:\/\/internacional.umh.es\/en\/wp-json\/wp\/v2\/categories?post=27066"},{"taxonomy":"post_tag","embeddable":true,"href":"https:\/\/internacional.umh.es\/en\/wp-json\/wp\/v2\/tags?post=27066"}],"curies":[{"name":"wp","href":"https:\/\/api.w.org\/{rel}","templated":true}]}}