{"id":27215,"date":"2022-07-05T08:40:12","date_gmt":"2022-07-05T06:40:12","guid":{"rendered":"https:\/\/internacional.umh.es\/?p=27215"},"modified":"2022-07-05T09:37:37","modified_gmt":"2022-07-05T07:37:37","slug":"una-delegacion-de-la-iowa-state-university-visita-la-umh-para-definir-acuerdos-academicos-entre-ambas-instituciones","status":"publish","type":"post","link":"https:\/\/internacional.umh.es\/en\/2022\/07\/05\/una-delegacion-de-la-iowa-state-university-visita-la-umh-para-definir-acuerdos-academicos-entre-ambas-instituciones\/","title":{"rendered":"Delegation from Iowa State University visits UMH to establish academic agreements between both institutions"},"content":{"rendered":"<p><\/p>\n<p style=\"text-align: justify\"><span style=\"font-weight: 400\"><a href=\"https:\/\/internacional.umh.es\/files\/2022\/07\/WhatsApp-Image-2022-07-05-at-08.38.00.jpeg\"><img loading=\"lazy\" class=\"size-medium wp-image-27218 alignleft\" src=\"https:\/\/internacional.umh.es\/files\/2022\/07\/WhatsApp-Image-2022-07-05-at-08.38.00-300x225.jpeg\" alt=\"\" width=\"300\" height=\"225\" srcset=\"https:\/\/internacional.umh.es\/files\/2022\/07\/WhatsApp-Image-2022-07-05-at-08.38.00-300x225.jpeg 300w, https:\/\/internacional.umh.es\/files\/2022\/07\/WhatsApp-Image-2022-07-05-at-08.38.00-1024x768.jpeg 1024w, https:\/\/internacional.umh.es\/files\/2022\/07\/WhatsApp-Image-2022-07-05-at-08.38.00-768x576.jpeg 768w, https:\/\/internacional.umh.es\/files\/2022\/07\/WhatsApp-Image-2022-07-05-at-08.38.00-1536x1152.jpeg 1536w, https:\/\/internacional.umh.es\/files\/2022\/07\/WhatsApp-Image-2022-07-05-at-08.38.00.jpeg 1600w\" sizes=\"(max-width: 300px) 100vw, 300px\" \/><\/a><\/span>This morning, the Vice Rector for International Relations at the Miguel Hern\u00e1ndez University of Elche (UMH), Vicente Micol Molina, welcomed Mercedes Serracin, who is the Director of Study Abroad from the College of Liberal Arts and Sciences at Iowa State University (ISU).<\/p>\n<p style=\"text-align: justify\">Other participants in their meeting included Deputy Vice Rector for International Relations \u2013 International Projection, Jos\u00e9 Luis Gonz\u00e1lez; Professor Jos\u00e9 \u00c1ngel P\u00e9rez \u00c1lvarez, and Iowa State University associate professor, Rodrigo Tart\u00e9.<\/p>\n<p style=\"text-align: justify\">During their meeting, they began talks to offer joint graduate training with mobility for students between both universities.<\/p>\n<p style=\"text-align: justify\">P\u00e9rez \u00c1lvarez and Tart\u00e9 have collaborated for several years, and this served as a catalyst for this morning\u2019s meeting, which represents stepping stones for a successful relationship between the UMH and ISU.<\/p>\n<p><\/p>","protected":false},"excerpt":{"rendered":"<p>This morning, the Vice Rector for International Relations at the Miguel Hern\u00e1ndez University of Elche (UMH), Vicente Micol Molina, welcomed Mercedes Serracin, who is the Director of Study Abroad from the College of Liberal Arts and Sciences at Iowa State University (ISU).<br \/>\nOther participants in their meeting included Deputy Vice Rector for International Relations \u2013 International [&#8230;]<\/p>\n","protected":false},"author":408,"featured_media":0,"comment_status":"closed","ping_status":"closed","sticky":false,"template":"","format":"standard","meta":{"ngg_post_thumbnail":0,"_links_to":"","_links_to_target":""},"categories":[283],"tags":[],"yoast_head":"<!-- This site is optimized with the Yoast SEO plugin v17.5 - https:\/\/yoast.com\/wordpress\/plugins\/seo\/ -->\n<meta name=\"robots\" content=\"index, follow, max-snippet:-1, max-image-preview:large, max-video-preview:-1\" \/>\n<link rel=\"canonical\" href=\"https:\/\/internacional.umh.es\/en\/2022\/07\/05\/una-delegacion-de-la-iowa-state-university-visita-la-umh-para-definir-acuerdos-academicos-entre-ambas-instituciones\/\" \/>\n<meta property=\"og:locale\" content=\"en_US\" \/>\n<meta property=\"og:type\" content=\"article\" \/>\n<meta property=\"og:title\" content=\"Delegation from Iowa State University visits UMH to establish academic agreements between both institutions - International Relations and Cooperation\" \/>\n<meta property=\"og:description\" content=\"This morning, the Vice Rector for International Relations at the Miguel Hern\u00e1ndez University of Elche (UMH), Vicente Micol Molina, welcomed Mercedes Serracin, who is the Director of Study Abroad from the College of Liberal Arts and Sciences at Iowa State University (ISU). Other participants in their meeting included Deputy Vice Rector for International Relations \u2013 International [...]\" \/>\n<meta property=\"og:url\" content=\"https:\/\/internacional.umh.es\/en\/2022\/07\/05\/una-delegacion-de-la-iowa-state-university-visita-la-umh-para-definir-acuerdos-academicos-entre-ambas-instituciones\/\" \/>\n<meta property=\"og:site_name\" content=\"International Relations and Cooperation\" \/>\n<meta property=\"article:published_time\" content=\"2022-07-05T06:40:12+00:00\" \/>\n<meta property=\"article:modified_time\" content=\"2022-07-05T07:37:37+00:00\" \/>\n<meta property=\"og:image\" content=\"https:\/\/internacional.umh.es\/files\/2022\/07\/WhatsApp-Image-2022-07-05-at-08.38.00-300x225.jpeg\" \/>\n<meta name=\"twitter:card\" content=\"summary_large_image\" \/>\n<meta name=\"twitter:label1\" content=\"Written by\" \/>\n\t<meta name=\"twitter:data1\" content=\"Paul Nordstrom\" \/>\n\t<meta name=\"twitter:label2\" content=\"Est. reading time\" \/>\n\t<meta name=\"twitter:data2\" content=\"1 minute\" \/>\n<script type=\"application\/ld+json\" class=\"yoast-schema-graph\">{\"@context\":\"https:\/\/schema.org\",\"@graph\":[{\"@type\":\"WebSite\",\"@id\":\"https:\/\/internacional.umh.es\/en\/#website\",\"url\":\"https:\/\/internacional.umh.es\/en\/\",\"name\":\"International Relations and Cooperation\",\"description\":\"Miguel Hernandez University of Elche\",\"potentialAction\":[{\"@type\":\"SearchAction\",\"target\":{\"@type\":\"EntryPoint\",\"urlTemplate\":\"https:\/\/internacional.umh.es\/en\/?s={search_term_string}\"},\"query-input\":\"required name=search_term_string\"}],\"inLanguage\":\"en-US\"},{\"@type\":\"ImageObject\",\"@id\":\"https:\/\/internacional.umh.es\/en\/2022\/07\/05\/una-delegacion-de-la-iowa-state-university-visita-la-umh-para-definir-acuerdos-academicos-entre-ambas-instituciones\/#primaryimage\",\"inLanguage\":\"en-US\",\"url\":\"https:\/\/internacional.umh.es\/files\/2022\/07\/WhatsApp-Image-2022-07-05-at-08.38.00.jpeg\",\"contentUrl\":\"https:\/\/internacional.umh.es\/files\/2022\/07\/WhatsApp-Image-2022-07-05-at-08.38.00.jpeg\",\"width\":1600,\"height\":1200},{\"@type\":\"WebPage\",\"@id\":\"https:\/\/internacional.umh.es\/en\/2022\/07\/05\/una-delegacion-de-la-iowa-state-university-visita-la-umh-para-definir-acuerdos-academicos-entre-ambas-instituciones\/#webpage\",\"url\":\"https:\/\/internacional.umh.es\/en\/2022\/07\/05\/una-delegacion-de-la-iowa-state-university-visita-la-umh-para-definir-acuerdos-academicos-entre-ambas-instituciones\/\",\"name\":\"Delegation from Iowa State University visits UMH to establish academic agreements between both institutions - International Relations and Cooperation\",\"isPartOf\":{\"@id\":\"https:\/\/internacional.umh.es\/en\/#website\"},\"primaryImageOfPage\":{\"@id\":\"https:\/\/internacional.umh.es\/en\/2022\/07\/05\/una-delegacion-de-la-iowa-state-university-visita-la-umh-para-definir-acuerdos-academicos-entre-ambas-instituciones\/#primaryimage\"},\"datePublished\":\"2022-07-05T06:40:12+00:00\",\"dateModified\":\"2022-07-05T07:37:37+00:00\",\"author\":{\"@id\":\"https:\/\/internacional.umh.es\/en\/#\/schema\/person\/06ad8f19ed011683797bbaea34757912\"},\"breadcrumb\":{\"@id\":\"https:\/\/internacional.umh.es\/en\/2022\/07\/05\/una-delegacion-de-la-iowa-state-university-visita-la-umh-para-definir-acuerdos-academicos-entre-ambas-instituciones\/#breadcrumb\"},\"inLanguage\":\"en-US\",\"potentialAction\":[{\"@type\":\"ReadAction\",\"target\":[\"https:\/\/internacional.umh.es\/en\/2022\/07\/05\/una-delegacion-de-la-iowa-state-university-visita-la-umh-para-definir-acuerdos-academicos-entre-ambas-instituciones\/\"]}]},{\"@type\":\"BreadcrumbList\",\"@id\":\"https:\/\/internacional.umh.es\/en\/2022\/07\/05\/una-delegacion-de-la-iowa-state-university-visita-la-umh-para-definir-acuerdos-academicos-entre-ambas-instituciones\/#breadcrumb\",\"itemListElement\":[{\"@type\":\"ListItem\",\"position\":1,\"name\":\"Home\",\"item\":\"https:\/\/internacional.umh.es\/en\/\"},{\"@type\":\"ListItem\",\"position\":2,\"name\":\"Una delegaci\\u00f3n de la Iowa State University visita la UMH para definir acuerdos acad\\u00e9micos entre ambas instituciones\"}]},{\"@type\":\"Person\",\"@id\":\"https:\/\/internacional.umh.es\/en\/#\/schema\/person\/06ad8f19ed011683797bbaea34757912\",\"name\":\"Paul Nordstrom\",\"image\":{\"@type\":\"ImageObject\",\"@id\":\"https:\/\/internacional.umh.es\/en\/#personlogo\",\"inLanguage\":\"en-US\",\"url\":\"https:\/\/secure.gravatar.com\/avatar\/f0407012c6b2a1afeb509131f7f55c4e?s=96&d=mm&r=g\",\"contentUrl\":\"https:\/\/secure.gravatar.com\/avatar\/f0407012c6b2a1afeb509131f7f55c4e?s=96&d=mm&r=g\",\"caption\":\"Paul Nordstrom\"},\"url\":\"https:\/\/internacional.umh.es\/en\/author\/paul\/\"}]}<\/script>\n<!-- \/ Yoast SEO plugin. -->","yoast_head_json":{"robots":{"index":"index","follow":"follow","max-snippet":"max-snippet:-1","max-image-preview":"max-image-preview:large","max-video-preview":"max-video-preview:-1"},"canonical":"https:\/\/internacional.umh.es\/en\/2022\/07\/05\/una-delegacion-de-la-iowa-state-university-visita-la-umh-para-definir-acuerdos-academicos-entre-ambas-instituciones\/","og_locale":"en_US","og_type":"article","og_title":"Delegation from Iowa State University visits UMH to establish academic agreements between both institutions - International Relations and Cooperation","og_description":"This morning, the Vice Rector for International Relations at the Miguel Hern\u00e1ndez University of Elche (UMH), Vicente Micol Molina, welcomed Mercedes Serracin, who is the Director of Study Abroad from the College of Liberal Arts and Sciences at Iowa State University (ISU). Other participants in their meeting included Deputy Vice Rector for International Relations \u2013 International [...]","og_url":"https:\/\/internacional.umh.es\/en\/2022\/07\/05\/una-delegacion-de-la-iowa-state-university-visita-la-umh-para-definir-acuerdos-academicos-entre-ambas-instituciones\/","og_site_name":"International Relations and Cooperation","article_published_time":"2022-07-05T06:40:12+00:00","article_modified_time":"2022-07-05T07:37:37+00:00","og_image":[{"url":"https:\/\/internacional.umh.es\/files\/2022\/07\/WhatsApp-Image-2022-07-05-at-08.38.00-300x225.jpeg"}],"twitter_card":"summary_large_image","twitter_misc":{"Written by":"Paul Nordstrom","Est. reading time":"1 minute"},"schema":{"@context":"https:\/\/schema.org","@graph":[{"@type":"WebSite","@id":"https:\/\/internacional.umh.es\/en\/#website","url":"https:\/\/internacional.umh.es\/en\/","name":"International Relations and Cooperation","description":"Miguel Hernandez University of Elche","potentialAction":[{"@type":"SearchAction","target":{"@type":"EntryPoint","urlTemplate":"https:\/\/internacional.umh.es\/en\/?s={search_term_string}"},"query-input":"required name=search_term_string"}],"inLanguage":"en-US"},{"@type":"ImageObject","@id":"https:\/\/internacional.umh.es\/en\/2022\/07\/05\/una-delegacion-de-la-iowa-state-university-visita-la-umh-para-definir-acuerdos-academicos-entre-ambas-instituciones\/#primaryimage","inLanguage":"en-US","url":"https:\/\/internacional.umh.es\/files\/2022\/07\/WhatsApp-Image-2022-07-05-at-08.38.00.jpeg","contentUrl":"https:\/\/internacional.umh.es\/files\/2022\/07\/WhatsApp-Image-2022-07-05-at-08.38.00.jpeg","width":1600,"height":1200},{"@type":"WebPage","@id":"https:\/\/internacional.umh.es\/en\/2022\/07\/05\/una-delegacion-de-la-iowa-state-university-visita-la-umh-para-definir-acuerdos-academicos-entre-ambas-instituciones\/#webpage","url":"https:\/\/internacional.umh.es\/en\/2022\/07\/05\/una-delegacion-de-la-iowa-state-university-visita-la-umh-para-definir-acuerdos-academicos-entre-ambas-instituciones\/","name":"Delegation from Iowa State University visits UMH to establish academic agreements between both institutions - International Relations and Cooperation","isPartOf":{"@id":"https:\/\/internacional.umh.es\/en\/#website"},"primaryImageOfPage":{"@id":"https:\/\/internacional.umh.es\/en\/2022\/07\/05\/una-delegacion-de-la-iowa-state-university-visita-la-umh-para-definir-acuerdos-academicos-entre-ambas-instituciones\/#primaryimage"},"datePublished":"2022-07-05T06:40:12+00:00","dateModified":"2022-07-05T07:37:37+00:00","author":{"@id":"https:\/\/internacional.umh.es\/en\/#\/schema\/person\/06ad8f19ed011683797bbaea34757912"},"breadcrumb":{"@id":"https:\/\/internacional.umh.es\/en\/2022\/07\/05\/una-delegacion-de-la-iowa-state-university-visita-la-umh-para-definir-acuerdos-academicos-entre-ambas-instituciones\/#breadcrumb"},"inLanguage":"en-US","potentialAction":[{"@type":"ReadAction","target":["https:\/\/internacional.umh.es\/en\/2022\/07\/05\/una-delegacion-de-la-iowa-state-university-visita-la-umh-para-definir-acuerdos-academicos-entre-ambas-instituciones\/"]}]},{"@type":"BreadcrumbList","@id":"https:\/\/internacional.umh.es\/en\/2022\/07\/05\/una-delegacion-de-la-iowa-state-university-visita-la-umh-para-definir-acuerdos-academicos-entre-ambas-instituciones\/#breadcrumb","itemListElement":[{"@type":"ListItem","position":1,"name":"Home","item":"https:\/\/internacional.umh.es\/en\/"},{"@type":"ListItem","position":2,"name":"Una delegaci\u00f3n de la Iowa State University visita la UMH para definir acuerdos acad\u00e9micos entre ambas instituciones"}]},{"@type":"Person","@id":"https:\/\/internacional.umh.es\/en\/#\/schema\/person\/06ad8f19ed011683797bbaea34757912","name":"Paul Nordstrom","image":{"@type":"ImageObject","@id":"https:\/\/internacional.umh.es\/en\/#personlogo","inLanguage":"en-US","url":"https:\/\/secure.gravatar.com\/avatar\/f0407012c6b2a1afeb509131f7f55c4e?s=96&d=mm&r=g","contentUrl":"https:\/\/secure.gravatar.com\/avatar\/f0407012c6b2a1afeb509131f7f55c4e?s=96&d=mm&r=g","caption":"Paul Nordstrom"},"url":"https:\/\/internacional.umh.es\/en\/author\/paul\/"}]}},"_links":{"self":[{"href":"https:\/\/internacional.umh.es\/en\/wp-json\/wp\/v2\/posts\/27215"}],"collection":[{"href":"https:\/\/internacional.umh.es\/en\/wp-json\/wp\/v2\/posts"}],"about":[{"href":"https:\/\/internacional.umh.es\/en\/wp-json\/wp\/v2\/types\/post"}],"author":[{"embeddable":true,"href":"https:\/\/internacional.umh.es\/en\/wp-json\/wp\/v2\/users\/408"}],"replies":[{"embeddable":true,"href":"https:\/\/internacional.umh.es\/en\/wp-json\/wp\/v2\/comments?post=27215"}],"version-history":[{"count":0,"href":"https:\/\/internacional.umh.es\/en\/wp-json\/wp\/v2\/posts\/27215\/revisions"}],"wp:attachment":[{"href":"https:\/\/internacional.umh.es\/en\/wp-json\/wp\/v2\/media?parent=27215"}],"wp:term":[{"taxonomy":"category","embeddable":true,"href":"https:\/\/internacional.umh.es\/en\/wp-json\/wp\/v2\/categories?post=27215"},{"taxonomy":"post_tag","embeddable":true,"href":"https:\/\/internacional.umh.es\/en\/wp-json\/wp\/v2\/tags?post=27215"}],"curies":[{"name":"wp","href":"https:\/\/api.w.org\/{rel}","templated":true}]}}