{"id":27374,"date":"2022-09-05T13:23:08","date_gmt":"2022-09-05T11:23:08","guid":{"rendered":"https:\/\/internacional.umh.es\/?p=27374"},"modified":"2022-09-12T12:04:35","modified_gmt":"2022-09-12T10:04:35","slug":"abierto-el-plazo-de-inscripcion-para-el-xxi-encuentro-de-rectores-del-grupo-tordesillas","status":"publish","type":"post","link":"https:\/\/internacional.umh.es\/en\/2022\/09\/05\/abierto-el-plazo-de-inscripcion-para-el-xxi-encuentro-de-rectores-del-grupo-tordesillas\/","title":{"rendered":"Registration period for 21st Meeting of Rectors of the Tordesillas Group open"},"content":{"rendered":"<p><\/p>\n<p style=\"text-align: justify\"><strong><b><a href=\"https:\/\/internacional.umh.es\/files\/2022\/09\/TORDESILLAS-REDES.png\"><img loading=\"lazy\" class=\"size-medium wp-image-27377 alignleft\" src=\"https:\/\/internacional.umh.es\/files\/2022\/09\/TORDESILLAS-REDES-300x300.png\" alt=\"\" width=\"300\" height=\"300\" srcset=\"https:\/\/internacional.umh.es\/files\/2022\/09\/TORDESILLAS-REDES-300x300.png 300w, https:\/\/internacional.umh.es\/files\/2022\/09\/TORDESILLAS-REDES-1024x1024.png 1024w, https:\/\/internacional.umh.es\/files\/2022\/09\/TORDESILLAS-REDES-150x150.png 150w, https:\/\/internacional.umh.es\/files\/2022\/09\/TORDESILLAS-REDES-768x768.png 768w, https:\/\/internacional.umh.es\/files\/2022\/09\/TORDESILLAS-REDES-1536x1536.png 1536w, https:\/\/internacional.umh.es\/files\/2022\/09\/TORDESILLAS-REDES-2048x2048.png 2048w\" sizes=\"(max-width: 300px) 100vw, 300px\" \/><\/a><\/b>The meeting will bring together rectors from Spanish, Portuguese, and Brazilian universities<\/strong><\/p>\n<p style=\"text-align: justify\">On November 6 \u2013 8, 2022, the Miguel Hern\u00e1ndez University of Elche (UMH) is hosting the <strong>21st Meeting of Rectors of the Tordesillas Group<\/strong>, of which the Elche university currently holds this group\u2019s presidency. This meeting, whose registration period has now opened, is featuring a comprehensive academic and social program for its attendees.<\/p>\n<p style=\"text-align: justify\">The inaugural address and welcome will be presided over by UMH rector, Juan Jos\u00e9 Ru\u00edz Mart\u00ednez, along with participation by the rector from the University of Brasilia, M\u00e1rcia Abrah\u00e3o Moura, who is to be this group\u2019s next president. Other participants in this address include the rectors from the universities of Rio de Janeiro, Lisbon, and Valladolid.<\/p>\n<p style=\"text-align: justify\">Experts on open science are participating in this meeting, and included among them are Eloy Rodrigues, from the University of Minho, in addition to Bianca Amaro, president of LA Referencia. This meeting will then culminate with the closing conference presented by researcher from the Center for Humanities and Social Sciences at the Spanish National Research Council (CSIC), Antonio Lafuente Garc\u00eda.<\/p>\n<p style=\"text-align: justify\">This academic program is being held under the slogan of \u201cOpen Science: A Step towards Accessible, Global and Democratic Knowledge,\u201d and it also offers an extensive social program that consists of cultural and tourist visits around the city of Elche.<\/p>\n<p style=\"text-align: justify\">This event affords significant visibility for and international projection of the UMH, and it coincides with this university\u2019s 25th anniversary. To take full advantage of this opportunity, the city of Elche, along with its historical and cultural heritage, will also be showcased for event participants.<\/p>\n<p style=\"text-align: justify\">Complete program information for this meeting and registration for it is available at https:\/\/www.grupotordesillas.net\/.<\/p>\n<p><\/p>","protected":false},"excerpt":{"rendered":"<p>The meeting will bring together rectors from Spanish, Portuguese, and Brazilian universities<br \/>\nOn November 6 \u2013 8, 2022, the Miguel Hern\u00e1ndez University of Elche (UMH) is hosting the 21st Meeting of Rectors of the Tordesillas Group, of which the Elche university currently holds this group\u2019s presidency. This meeting, whose registration period has now opened, is featuring [&#8230;]<\/p>\n","protected":false},"author":6508,"featured_media":0,"comment_status":"closed","ping_status":"closed","sticky":false,"template":"","format":"standard","meta":{"ngg_post_thumbnail":0,"_links_to":"","_links_to_target":""},"categories":[68465],"tags":[],"yoast_head":"<!-- This site is optimized with the Yoast SEO plugin v17.5 - https:\/\/yoast.com\/wordpress\/plugins\/seo\/ -->\n<meta name=\"robots\" content=\"index, follow, max-snippet:-1, max-image-preview:large, max-video-preview:-1\" \/>\n<link rel=\"canonical\" href=\"https:\/\/internacional.umh.es\/en\/2022\/09\/05\/abierto-el-plazo-de-inscripcion-para-el-xxi-encuentro-de-rectores-del-grupo-tordesillas\/\" \/>\n<meta property=\"og:locale\" content=\"en_US\" \/>\n<meta property=\"og:type\" content=\"article\" \/>\n<meta property=\"og:title\" content=\"Registration period for 21st Meeting of Rectors of the Tordesillas Group open - International Relations and Cooperation\" \/>\n<meta property=\"og:description\" content=\"The meeting will bring together rectors from Spanish, Portuguese, and Brazilian universities On November 6 \u2013 8, 2022, the Miguel Hern\u00e1ndez University of Elche (UMH) is hosting the 21st Meeting of Rectors of the Tordesillas Group, of which the Elche university currently holds this group\u2019s presidency. This meeting, whose registration period has now opened, is featuring [...]\" \/>\n<meta property=\"og:url\" content=\"https:\/\/internacional.umh.es\/en\/2022\/09\/05\/abierto-el-plazo-de-inscripcion-para-el-xxi-encuentro-de-rectores-del-grupo-tordesillas\/\" \/>\n<meta property=\"og:site_name\" content=\"International Relations and Cooperation\" \/>\n<meta property=\"article:published_time\" content=\"2022-09-05T11:23:08+00:00\" \/>\n<meta property=\"article:modified_time\" content=\"2022-09-12T10:04:35+00:00\" \/>\n<meta property=\"og:image\" content=\"https:\/\/internacional.umh.es\/files\/2022\/09\/TORDESILLAS-REDES-300x300.png\" \/>\n<meta name=\"twitter:card\" content=\"summary_large_image\" \/>\n<meta name=\"twitter:label1\" content=\"Written by\" \/>\n\t<meta name=\"twitter:data1\" content=\"l.sempere\" \/>\n\t<meta name=\"twitter:label2\" content=\"Est. reading time\" \/>\n\t<meta name=\"twitter:data2\" content=\"2 minutes\" \/>\n<script type=\"application\/ld+json\" class=\"yoast-schema-graph\">{\"@context\":\"https:\/\/schema.org\",\"@graph\":[{\"@type\":\"WebSite\",\"@id\":\"https:\/\/internacional.umh.es\/en\/#website\",\"url\":\"https:\/\/internacional.umh.es\/en\/\",\"name\":\"International Relations and Cooperation\",\"description\":\"Miguel Hernandez University of Elche\",\"potentialAction\":[{\"@type\":\"SearchAction\",\"target\":{\"@type\":\"EntryPoint\",\"urlTemplate\":\"https:\/\/internacional.umh.es\/en\/?s={search_term_string}\"},\"query-input\":\"required name=search_term_string\"}],\"inLanguage\":\"en-US\"},{\"@type\":\"ImageObject\",\"@id\":\"https:\/\/internacional.umh.es\/en\/2022\/09\/05\/abierto-el-plazo-de-inscripcion-para-el-xxi-encuentro-de-rectores-del-grupo-tordesillas\/#primaryimage\",\"inLanguage\":\"en-US\",\"url\":\"https:\/\/internacional.umh.es\/files\/2022\/09\/TORDESILLAS-REDES.png\",\"contentUrl\":\"https:\/\/internacional.umh.es\/files\/2022\/09\/TORDESILLAS-REDES.png\",\"width\":6667,\"height\":6667},{\"@type\":\"WebPage\",\"@id\":\"https:\/\/internacional.umh.es\/en\/2022\/09\/05\/abierto-el-plazo-de-inscripcion-para-el-xxi-encuentro-de-rectores-del-grupo-tordesillas\/#webpage\",\"url\":\"https:\/\/internacional.umh.es\/en\/2022\/09\/05\/abierto-el-plazo-de-inscripcion-para-el-xxi-encuentro-de-rectores-del-grupo-tordesillas\/\",\"name\":\"Registration period for 21st Meeting of Rectors of the Tordesillas Group open - International Relations and Cooperation\",\"isPartOf\":{\"@id\":\"https:\/\/internacional.umh.es\/en\/#website\"},\"primaryImageOfPage\":{\"@id\":\"https:\/\/internacional.umh.es\/en\/2022\/09\/05\/abierto-el-plazo-de-inscripcion-para-el-xxi-encuentro-de-rectores-del-grupo-tordesillas\/#primaryimage\"},\"datePublished\":\"2022-09-05T11:23:08+00:00\",\"dateModified\":\"2022-09-12T10:04:35+00:00\",\"author\":{\"@id\":\"https:\/\/internacional.umh.es\/en\/#\/schema\/person\/fd81c4b213566f3add82d0f214928dfa\"},\"breadcrumb\":{\"@id\":\"https:\/\/internacional.umh.es\/en\/2022\/09\/05\/abierto-el-plazo-de-inscripcion-para-el-xxi-encuentro-de-rectores-del-grupo-tordesillas\/#breadcrumb\"},\"inLanguage\":\"en-US\",\"potentialAction\":[{\"@type\":\"ReadAction\",\"target\":[\"https:\/\/internacional.umh.es\/en\/2022\/09\/05\/abierto-el-plazo-de-inscripcion-para-el-xxi-encuentro-de-rectores-del-grupo-tordesillas\/\"]}]},{\"@type\":\"BreadcrumbList\",\"@id\":\"https:\/\/internacional.umh.es\/en\/2022\/09\/05\/abierto-el-plazo-de-inscripcion-para-el-xxi-encuentro-de-rectores-del-grupo-tordesillas\/#breadcrumb\",\"itemListElement\":[{\"@type\":\"ListItem\",\"position\":1,\"name\":\"Home\",\"item\":\"https:\/\/internacional.umh.es\/en\/\"},{\"@type\":\"ListItem\",\"position\":2,\"name\":\"Registration period for 21st Meeting of Rectors of the Tordesillas Group open\"}]},{\"@type\":\"Person\",\"@id\":\"https:\/\/internacional.umh.es\/en\/#\/schema\/person\/fd81c4b213566f3add82d0f214928dfa\",\"name\":\"l.sempere\",\"image\":{\"@type\":\"ImageObject\",\"@id\":\"https:\/\/internacional.umh.es\/en\/#personlogo\",\"inLanguage\":\"en-US\",\"url\":\"https:\/\/secure.gravatar.com\/avatar\/1f9861c855fb90ab758094a71cf6e565?s=96&d=mm&r=g\",\"contentUrl\":\"https:\/\/secure.gravatar.com\/avatar\/1f9861c855fb90ab758094a71cf6e565?s=96&d=mm&r=g\",\"caption\":\"l.sempere\"},\"url\":\"https:\/\/internacional.umh.es\/en\/author\/l-sempere\/\"}]}<\/script>\n<!-- \/ Yoast SEO plugin. -->","yoast_head_json":{"robots":{"index":"index","follow":"follow","max-snippet":"max-snippet:-1","max-image-preview":"max-image-preview:large","max-video-preview":"max-video-preview:-1"},"canonical":"https:\/\/internacional.umh.es\/en\/2022\/09\/05\/abierto-el-plazo-de-inscripcion-para-el-xxi-encuentro-de-rectores-del-grupo-tordesillas\/","og_locale":"en_US","og_type":"article","og_title":"Registration period for 21st Meeting of Rectors of the Tordesillas Group open - International Relations and Cooperation","og_description":"The meeting will bring together rectors from Spanish, Portuguese, and Brazilian universities On November 6 \u2013 8, 2022, the Miguel Hern\u00e1ndez University of Elche (UMH) is hosting the 21st Meeting of Rectors of the Tordesillas Group, of which the Elche university currently holds this group\u2019s presidency. This meeting, whose registration period has now opened, is featuring [...]","og_url":"https:\/\/internacional.umh.es\/en\/2022\/09\/05\/abierto-el-plazo-de-inscripcion-para-el-xxi-encuentro-de-rectores-del-grupo-tordesillas\/","og_site_name":"International Relations and Cooperation","article_published_time":"2022-09-05T11:23:08+00:00","article_modified_time":"2022-09-12T10:04:35+00:00","og_image":[{"url":"https:\/\/internacional.umh.es\/files\/2022\/09\/TORDESILLAS-REDES-300x300.png"}],"twitter_card":"summary_large_image","twitter_misc":{"Written by":"l.sempere","Est. reading time":"2 minutes"},"schema":{"@context":"https:\/\/schema.org","@graph":[{"@type":"WebSite","@id":"https:\/\/internacional.umh.es\/en\/#website","url":"https:\/\/internacional.umh.es\/en\/","name":"International Relations and Cooperation","description":"Miguel Hernandez University of Elche","potentialAction":[{"@type":"SearchAction","target":{"@type":"EntryPoint","urlTemplate":"https:\/\/internacional.umh.es\/en\/?s={search_term_string}"},"query-input":"required name=search_term_string"}],"inLanguage":"en-US"},{"@type":"ImageObject","@id":"https:\/\/internacional.umh.es\/en\/2022\/09\/05\/abierto-el-plazo-de-inscripcion-para-el-xxi-encuentro-de-rectores-del-grupo-tordesillas\/#primaryimage","inLanguage":"en-US","url":"https:\/\/internacional.umh.es\/files\/2022\/09\/TORDESILLAS-REDES.png","contentUrl":"https:\/\/internacional.umh.es\/files\/2022\/09\/TORDESILLAS-REDES.png","width":6667,"height":6667},{"@type":"WebPage","@id":"https:\/\/internacional.umh.es\/en\/2022\/09\/05\/abierto-el-plazo-de-inscripcion-para-el-xxi-encuentro-de-rectores-del-grupo-tordesillas\/#webpage","url":"https:\/\/internacional.umh.es\/en\/2022\/09\/05\/abierto-el-plazo-de-inscripcion-para-el-xxi-encuentro-de-rectores-del-grupo-tordesillas\/","name":"Registration period for 21st Meeting of Rectors of the Tordesillas Group open - International Relations and Cooperation","isPartOf":{"@id":"https:\/\/internacional.umh.es\/en\/#website"},"primaryImageOfPage":{"@id":"https:\/\/internacional.umh.es\/en\/2022\/09\/05\/abierto-el-plazo-de-inscripcion-para-el-xxi-encuentro-de-rectores-del-grupo-tordesillas\/#primaryimage"},"datePublished":"2022-09-05T11:23:08+00:00","dateModified":"2022-09-12T10:04:35+00:00","author":{"@id":"https:\/\/internacional.umh.es\/en\/#\/schema\/person\/fd81c4b213566f3add82d0f214928dfa"},"breadcrumb":{"@id":"https:\/\/internacional.umh.es\/en\/2022\/09\/05\/abierto-el-plazo-de-inscripcion-para-el-xxi-encuentro-de-rectores-del-grupo-tordesillas\/#breadcrumb"},"inLanguage":"en-US","potentialAction":[{"@type":"ReadAction","target":["https:\/\/internacional.umh.es\/en\/2022\/09\/05\/abierto-el-plazo-de-inscripcion-para-el-xxi-encuentro-de-rectores-del-grupo-tordesillas\/"]}]},{"@type":"BreadcrumbList","@id":"https:\/\/internacional.umh.es\/en\/2022\/09\/05\/abierto-el-plazo-de-inscripcion-para-el-xxi-encuentro-de-rectores-del-grupo-tordesillas\/#breadcrumb","itemListElement":[{"@type":"ListItem","position":1,"name":"Home","item":"https:\/\/internacional.umh.es\/en\/"},{"@type":"ListItem","position":2,"name":"Registration period for 21st Meeting of Rectors of the Tordesillas Group open"}]},{"@type":"Person","@id":"https:\/\/internacional.umh.es\/en\/#\/schema\/person\/fd81c4b213566f3add82d0f214928dfa","name":"l.sempere","image":{"@type":"ImageObject","@id":"https:\/\/internacional.umh.es\/en\/#personlogo","inLanguage":"en-US","url":"https:\/\/secure.gravatar.com\/avatar\/1f9861c855fb90ab758094a71cf6e565?s=96&d=mm&r=g","contentUrl":"https:\/\/secure.gravatar.com\/avatar\/1f9861c855fb90ab758094a71cf6e565?s=96&d=mm&r=g","caption":"l.sempere"},"url":"https:\/\/internacional.umh.es\/en\/author\/l-sempere\/"}]}},"_links":{"self":[{"href":"https:\/\/internacional.umh.es\/en\/wp-json\/wp\/v2\/posts\/27374"}],"collection":[{"href":"https:\/\/internacional.umh.es\/en\/wp-json\/wp\/v2\/posts"}],"about":[{"href":"https:\/\/internacional.umh.es\/en\/wp-json\/wp\/v2\/types\/post"}],"author":[{"embeddable":true,"href":"https:\/\/internacional.umh.es\/en\/wp-json\/wp\/v2\/users\/6508"}],"replies":[{"embeddable":true,"href":"https:\/\/internacional.umh.es\/en\/wp-json\/wp\/v2\/comments?post=27374"}],"version-history":[{"count":0,"href":"https:\/\/internacional.umh.es\/en\/wp-json\/wp\/v2\/posts\/27374\/revisions"}],"wp:attachment":[{"href":"https:\/\/internacional.umh.es\/en\/wp-json\/wp\/v2\/media?parent=27374"}],"wp:term":[{"taxonomy":"category","embeddable":true,"href":"https:\/\/internacional.umh.es\/en\/wp-json\/wp\/v2\/categories?post=27374"},{"taxonomy":"post_tag","embeddable":true,"href":"https:\/\/internacional.umh.es\/en\/wp-json\/wp\/v2\/tags?post=27374"}],"curies":[{"name":"wp","href":"https:\/\/api.w.org\/{rel}","templated":true}]}}