{"id":28192,"date":"2022-11-23T13:39:14","date_gmt":"2022-11-23T12:39:14","guid":{"rendered":"https:\/\/internacional.umh.es\/?p=28192"},"modified":"2022-11-24T13:18:59","modified_gmt":"2022-11-24T12:18:59","slug":"chihuahua-acogio-el-x-seminario-internacional-ryszard-kapuscinski-de-periodismo-derechos-humanos-migracion-y-fronteras","status":"publish","type":"post","link":"https:\/\/internacional.umh.es\/en\/2022\/11\/23\/chihuahua-acogio-el-x-seminario-internacional-ryszard-kapuscinski-de-periodismo-derechos-humanos-migracion-y-fronteras\/","title":{"rendered":"Chihuahua, Mexico hosts tenth edition of the Ryszard Kapuscinski International Seminar on Journalism, Human Rights, Migration and Borders"},"content":{"rendered":"<p><\/p>\n<p style=\"text-align: justify\"><a href=\"https:\/\/internacional.umh.es\/files\/2022\/11\/conferencia-inaugural-y-lectura-manifesto.jpg\"><img loading=\"lazy\" class=\"size-medium wp-image-28200 alignleft\" src=\"https:\/\/internacional.umh.es\/files\/2022\/11\/conferencia-inaugural-y-lectura-manifesto-300x240.jpg\" alt=\"\" width=\"300\" height=\"240\" srcset=\"https:\/\/internacional.umh.es\/files\/2022\/11\/conferencia-inaugural-y-lectura-manifesto-300x240.jpg 300w, https:\/\/internacional.umh.es\/files\/2022\/11\/conferencia-inaugural-y-lectura-manifesto-1024x820.jpg 1024w, https:\/\/internacional.umh.es\/files\/2022\/11\/conferencia-inaugural-y-lectura-manifesto-768x615.jpg 768w, https:\/\/internacional.umh.es\/files\/2022\/11\/conferencia-inaugural-y-lectura-manifesto.jpg 1498w\" sizes=\"(max-width: 300px) 100vw, 300px\" \/><\/a>Dialog, context, and perspectives on hate speech, violence, and accusations directed at Mexican journalists were components of the main topics of the tenth edition of the Ryszard Kapuscinski International Seminar on Journalism, Human Rights, Migration and Borders, which recently took place in Chihuahua, Mexico, November 16 &#8211; 18, 2022. To show support for Mexican journalists, this edition of the seminar was moved from the journalism facilities of the Miguel Hern\u00e1ndez University of Elche (UMH) to the Chihuahua Government Palace. Seminar collaborators included independent media, such as <em>Los \u00c1ngeles Press<\/em> and <em>La Opci\u00f3n<\/em>, in addition to the Autonomous University of Chihuahua and senior Chihuahuan leaders, which through its governor, Maru Campus, committed to \u201cworking to ensure that the free exercise of journalism ceases to represent a danger for the integrity of the journalists who practice it.\u201d<\/p>\n<p style=\"text-align: justify\">At the start of the seminar and after its inaugural conference by UMH associate professor Jos\u00e9 Luis Gonz\u00e1lez-Esteban, a communiqu\u00e9 that was produced in Spain by the president of the Federation of Associations of Journalists of Spain (FAPE), Reporters without Boarders-Spain (RSF), the president of the Association of Audiovisual Production Professionals (APPA), and the Vice Rectorate for International Relations at the UMH was read. This communiqu\u00e9, which drew from reporting by the RSF and the Chapultepec Index of Freedom of Expression and the Press of the Inter American Press Association, denounced the situation of extreme danger resulting from the exercise of journalism in Mexico, it demanded solutions by Mexican political powers, and it professed complete support and recognition for its Mexican peers. During the inaugural session, a moment of silence was observed for the more than twenty journalists who have been killed in the State of Chihuahua over the past twenty years.<\/p>\n<p style=\"text-align: justify\">Over three days of dialog, numerous journalists, academics, and Mexican, Spanish, Brazilian, Polish, and US students of journalism received direct information about the risks associated with the exercise of journalism in Mexico. Journalists in attendance supplied specific information on them being threatened, assaulted, even raped, along with other victims of accusations by narco-politics, persecution, the fabrication of false evidence that has led some of them to prison. Ending the conference was Spanish journalist, Pere Rusi\u00f1os, who highlighted the need for independent journalisms as a counterweight to the powers that be.<\/p>\n<p>To read the communiqu\u00e9, click the following link:<\/p>\n<p><a href=\"https:\/\/internacional.umh.es\/files\/2022\/11\/02_manifiesto-de-apoyo-a-periodistas_firmado-1.pdf\">Manifesto of support for Mexican journalists<\/a><\/p>\n<p>&nbsp;<\/p>\n<p>\n\t\t<style type=\"text\/css\">\n\t\t\t#gallery-2 {\n\t\t\t\tmargin: auto;\n\t\t\t}\n\t\t\t#gallery-2 .gallery-item {\n\t\t\t\tfloat: left;\n\t\t\t\tmargin-top: 10px;\n\t\t\t\ttext-align: center;\n\t\t\t\twidth: 33%;\n\t\t\t}\n\t\t\t#gallery-2 img {\n\t\t\t\tborder: 2px solid #cfcfcf;\n\t\t\t}\n\t\t\t#gallery-2 .gallery-caption {\n\t\t\t\tmargin-left: 0;\n\t\t\t}\n\t\t\t\/* see gallery_shortcode() in wp-includes\/media.php *\/\n\t\t<\/style>\n\t\t<div id='gallery-2' class='gallery galleryid-28192 gallery-columns-3 gallery-size-medium'><dl class='gallery-item'>\n\t\t\t<dt class='gallery-icon landscape'>\n\t\t\t\t<a href='https:\/\/internacional.umh.es\/en\/2022\/11\/23\/chihuahua-acogio-el-x-seminario-internacional-ryszard-kapuscinski-de-periodismo-derechos-humanos-migracion-y-fronteras\/minuto-de-silencio\/'><img width=\"300\" height=\"238\" src=\"https:\/\/internacional.umh.es\/files\/2022\/11\/minuto-de-silencio-300x238.jpg\" class=\"attachment-medium size-medium\" alt=\"\" loading=\"lazy\" srcset=\"https:\/\/internacional.umh.es\/files\/2022\/11\/minuto-de-silencio-300x238.jpg 300w, https:\/\/internacional.umh.es\/files\/2022\/11\/minuto-de-silencio-768x609.jpg 768w, https:\/\/internacional.umh.es\/files\/2022\/11\/minuto-de-silencio.jpg 1021w\" sizes=\"(max-width: 300px) 100vw, 300px\" \/><\/a>\n\t\t\t<\/dt><\/dl><dl class='gallery-item'>\n\t\t\t<dt class='gallery-icon landscape'>\n\t\t\t\t<a href='https:\/\/internacional.umh.es\/en\/2022\/11\/23\/chihuahua-acogio-el-x-seminario-internacional-ryszard-kapuscinski-de-periodismo-derechos-humanos-migracion-y-fronteras\/encuentro-gobernadora-estado\/'><img width=\"300\" height=\"225\" src=\"https:\/\/internacional.umh.es\/files\/2022\/11\/encuentro-gobernadora-Estado-300x225.jpg\" class=\"attachment-medium size-medium\" alt=\"\" loading=\"lazy\" srcset=\"https:\/\/internacional.umh.es\/files\/2022\/11\/encuentro-gobernadora-Estado-300x225.jpg 300w, https:\/\/internacional.umh.es\/files\/2022\/11\/encuentro-gobernadora-Estado-1024x768.jpg 1024w, https:\/\/internacional.umh.es\/files\/2022\/11\/encuentro-gobernadora-Estado-768x576.jpg 768w, https:\/\/internacional.umh.es\/files\/2022\/11\/encuentro-gobernadora-Estado-1536x1152.jpg 1536w, https:\/\/internacional.umh.es\/files\/2022\/11\/encuentro-gobernadora-Estado.jpg 1600w\" sizes=\"(max-width: 300px) 100vw, 300px\" \/><\/a>\n\t\t\t<\/dt><\/dl><dl class='gallery-item'>\n\t\t\t<dt class='gallery-icon landscape'>\n\t\t\t\t<a href='https:\/\/internacional.umh.es\/en\/2022\/11\/23\/chihuahua-acogio-el-x-seminario-internacional-ryszard-kapuscinski-de-periodismo-derechos-humanos-migracion-y-fronteras\/participantes\/'><img width=\"300\" height=\"225\" src=\"https:\/\/internacional.umh.es\/files\/2022\/11\/participantes-300x225.jpg\" class=\"attachment-medium size-medium\" alt=\"\" loading=\"lazy\" srcset=\"https:\/\/internacional.umh.es\/files\/2022\/11\/participantes-300x225.jpg 300w, https:\/\/internacional.umh.es\/files\/2022\/11\/participantes-1024x768.jpg 1024w, https:\/\/internacional.umh.es\/files\/2022\/11\/participantes-768x576.jpg 768w, https:\/\/internacional.umh.es\/files\/2022\/11\/participantes-1536x1152.jpg 1536w, https:\/\/internacional.umh.es\/files\/2022\/11\/participantes.jpg 1600w\" sizes=\"(max-width: 300px) 100vw, 300px\" \/><\/a>\n\t\t\t<\/dt><\/dl><br style=\"clear: both\" \/><dl class='gallery-item'>\n\t\t\t<dt class='gallery-icon landscape'>\n\t\t\t\t<a href='https:\/\/internacional.umh.es\/en\/2022\/11\/23\/chihuahua-acogio-el-x-seminario-internacional-ryszard-kapuscinski-de-periodismo-derechos-humanos-migracion-y-fronteras\/conferencia-clausura-pere-rusinol\/'><img width=\"300\" height=\"197\" src=\"https:\/\/internacional.umh.es\/files\/2022\/11\/conferencia-clausura-Pere-Rusinol-300x197.jpg\" class=\"attachment-medium size-medium\" alt=\"\" loading=\"lazy\" srcset=\"https:\/\/internacional.umh.es\/files\/2022\/11\/conferencia-clausura-Pere-Rusinol-300x197.jpg 300w, https:\/\/internacional.umh.es\/files\/2022\/11\/conferencia-clausura-Pere-Rusinol-1024x672.jpg 1024w, https:\/\/internacional.umh.es\/files\/2022\/11\/conferencia-clausura-Pere-Rusinol-768x504.jpg 768w, https:\/\/internacional.umh.es\/files\/2022\/11\/conferencia-clausura-Pere-Rusinol.jpg 1372w\" sizes=\"(max-width: 300px) 100vw, 300px\" \/><\/a>\n\t\t\t<\/dt><\/dl><dl class='gallery-item'>\n\t\t\t<dt class='gallery-icon landscape'>\n\t\t\t\t<a href='https:\/\/internacional.umh.es\/en\/2022\/11\/23\/chihuahua-acogio-el-x-seminario-internacional-ryszard-kapuscinski-de-periodismo-derechos-humanos-migracion-y-fronteras\/exposicion-de-caso-por-guadalupe-lizarraga\/'><img width=\"300\" height=\"200\" src=\"https:\/\/internacional.umh.es\/files\/2022\/11\/exposicion-de-caso-por-Guadalupe-Lizarraga-300x200.jpg\" class=\"attachment-medium size-medium\" alt=\"\" loading=\"lazy\" srcset=\"https:\/\/internacional.umh.es\/files\/2022\/11\/exposicion-de-caso-por-Guadalupe-Lizarraga-300x200.jpg 300w, https:\/\/internacional.umh.es\/files\/2022\/11\/exposicion-de-caso-por-Guadalupe-Lizarraga-1024x683.jpg 1024w, https:\/\/internacional.umh.es\/files\/2022\/11\/exposicion-de-caso-por-Guadalupe-Lizarraga-768x512.jpg 768w, https:\/\/internacional.umh.es\/files\/2022\/11\/exposicion-de-caso-por-Guadalupe-Lizarraga-1536x1024.jpg 1536w, https:\/\/internacional.umh.es\/files\/2022\/11\/exposicion-de-caso-por-Guadalupe-Lizarraga.jpg 1600w\" sizes=\"(max-width: 300px) 100vw, 300px\" \/><\/a>\n\t\t\t<\/dt><\/dl>\n\t\t\t<br style='clear: both' \/>\n\t\t<\/div>\n<\/p>","protected":false},"excerpt":{"rendered":"<p>Dialog, context, and perspectives on hate speech, violence, and accusations directed at Mexican journalists were components of the main topics of the tenth edition of the Ryszard Kapuscinski International Seminar on Journalism, Human Rights, Migration and Borders, which recently took place in Chihuahua, Mexico, November 16 &#8211; 18, 2022. To show support for Mexican journalists, [&#8230;]<\/p>\n","protected":false},"author":4886,"featured_media":0,"comment_status":"closed","ping_status":"closed","sticky":false,"template":"","format":"standard","meta":{"ngg_post_thumbnail":0,"_links_to":"","_links_to_target":""},"categories":[3742],"tags":[],"yoast_head":"<!-- This site is optimized with the Yoast SEO plugin v17.5 - https:\/\/yoast.com\/wordpress\/plugins\/seo\/ -->\n<meta name=\"robots\" content=\"index, follow, max-snippet:-1, max-image-preview:large, max-video-preview:-1\" \/>\n<link rel=\"canonical\" href=\"https:\/\/internacional.umh.es\/en\/2022\/11\/23\/chihuahua-acogio-el-x-seminario-internacional-ryszard-kapuscinski-de-periodismo-derechos-humanos-migracion-y-fronteras\/\" \/>\n<meta property=\"og:locale\" content=\"en_US\" \/>\n<meta property=\"og:type\" content=\"article\" \/>\n<meta property=\"og:title\" content=\"Chihuahua, Mexico hosts tenth edition of the Ryszard Kapuscinski International Seminar on Journalism, Human Rights, Migration and Borders - International Relations and Cooperation\" \/>\n<meta property=\"og:description\" content=\"Dialog, context, and perspectives on hate speech, violence, and accusations directed at Mexican journalists were components of the main topics of the tenth edition of the Ryszard Kapuscinski International Seminar on Journalism, Human Rights, Migration and Borders, which recently took place in Chihuahua, Mexico, November 16 &#8211; 18, 2022. To show support for Mexican journalists, [...]\" \/>\n<meta property=\"og:url\" content=\"https:\/\/internacional.umh.es\/en\/2022\/11\/23\/chihuahua-acogio-el-x-seminario-internacional-ryszard-kapuscinski-de-periodismo-derechos-humanos-migracion-y-fronteras\/\" \/>\n<meta property=\"og:site_name\" content=\"International Relations and Cooperation\" \/>\n<meta property=\"article:published_time\" content=\"2022-11-23T12:39:14+00:00\" \/>\n<meta property=\"article:modified_time\" content=\"2022-11-24T12:18:59+00:00\" \/>\n<meta property=\"og:image\" content=\"https:\/\/internacional.umh.es\/files\/2022\/11\/minuto-de-silencio-300x238.jpg\" \/>\n<meta name=\"twitter:card\" content=\"summary_large_image\" \/>\n<meta name=\"twitter:label1\" content=\"Written by\" \/>\n\t<meta name=\"twitter:data1\" content=\"smurillo\" \/>\n\t<meta name=\"twitter:label2\" content=\"Est. reading time\" \/>\n\t<meta name=\"twitter:data2\" content=\"4 minutes\" \/>\n<script type=\"application\/ld+json\" class=\"yoast-schema-graph\">{\"@context\":\"https:\/\/schema.org\",\"@graph\":[{\"@type\":\"WebSite\",\"@id\":\"https:\/\/internacional.umh.es\/en\/#website\",\"url\":\"https:\/\/internacional.umh.es\/en\/\",\"name\":\"International Relations and Cooperation\",\"description\":\"Miguel Hernandez University of Elche\",\"potentialAction\":[{\"@type\":\"SearchAction\",\"target\":{\"@type\":\"EntryPoint\",\"urlTemplate\":\"https:\/\/internacional.umh.es\/en\/?s={search_term_string}\"},\"query-input\":\"required name=search_term_string\"}],\"inLanguage\":\"en-US\"},{\"@type\":\"ImageObject\",\"@id\":\"https:\/\/internacional.umh.es\/en\/2022\/11\/23\/chihuahua-acogio-el-x-seminario-internacional-ryszard-kapuscinski-de-periodismo-derechos-humanos-migracion-y-fronteras\/#primaryimage\",\"inLanguage\":\"en-US\",\"url\":\"https:\/\/internacional.umh.es\/files\/2022\/11\/conferencia-inaugural-y-lectura-manifesto.jpg\",\"contentUrl\":\"https:\/\/internacional.umh.es\/files\/2022\/11\/conferencia-inaugural-y-lectura-manifesto.jpg\",\"width\":1498,\"height\":1199},{\"@type\":\"WebPage\",\"@id\":\"https:\/\/internacional.umh.es\/en\/2022\/11\/23\/chihuahua-acogio-el-x-seminario-internacional-ryszard-kapuscinski-de-periodismo-derechos-humanos-migracion-y-fronteras\/#webpage\",\"url\":\"https:\/\/internacional.umh.es\/en\/2022\/11\/23\/chihuahua-acogio-el-x-seminario-internacional-ryszard-kapuscinski-de-periodismo-derechos-humanos-migracion-y-fronteras\/\",\"name\":\"Chihuahua, Mexico hosts tenth edition of the Ryszard Kapuscinski International Seminar on Journalism, Human Rights, Migration and Borders - International Relations and Cooperation\",\"isPartOf\":{\"@id\":\"https:\/\/internacional.umh.es\/en\/#website\"},\"primaryImageOfPage\":{\"@id\":\"https:\/\/internacional.umh.es\/en\/2022\/11\/23\/chihuahua-acogio-el-x-seminario-internacional-ryszard-kapuscinski-de-periodismo-derechos-humanos-migracion-y-fronteras\/#primaryimage\"},\"datePublished\":\"2022-11-23T12:39:14+00:00\",\"dateModified\":\"2022-11-24T12:18:59+00:00\",\"author\":{\"@id\":\"https:\/\/internacional.umh.es\/en\/#\/schema\/person\/78c5babbc457df6e3300b14cb25e2097\"},\"breadcrumb\":{\"@id\":\"https:\/\/internacional.umh.es\/en\/2022\/11\/23\/chihuahua-acogio-el-x-seminario-internacional-ryszard-kapuscinski-de-periodismo-derechos-humanos-migracion-y-fronteras\/#breadcrumb\"},\"inLanguage\":\"en-US\",\"potentialAction\":[{\"@type\":\"ReadAction\",\"target\":[\"https:\/\/internacional.umh.es\/en\/2022\/11\/23\/chihuahua-acogio-el-x-seminario-internacional-ryszard-kapuscinski-de-periodismo-derechos-humanos-migracion-y-fronteras\/\"]}]},{\"@type\":\"BreadcrumbList\",\"@id\":\"https:\/\/internacional.umh.es\/en\/2022\/11\/23\/chihuahua-acogio-el-x-seminario-internacional-ryszard-kapuscinski-de-periodismo-derechos-humanos-migracion-y-fronteras\/#breadcrumb\",\"itemListElement\":[{\"@type\":\"ListItem\",\"position\":1,\"name\":\"Home\",\"item\":\"https:\/\/internacional.umh.es\/en\/\"},{\"@type\":\"ListItem\",\"position\":2,\"name\":\"Chihuahua, Mexico hosts tenth edition of the Ryszard Kapuscinski International Seminar on Journalism, Human Rights, Migration and Borders\"}]},{\"@type\":\"Person\",\"@id\":\"https:\/\/internacional.umh.es\/en\/#\/schema\/person\/78c5babbc457df6e3300b14cb25e2097\",\"name\":\"smurillo\",\"image\":{\"@type\":\"ImageObject\",\"@id\":\"https:\/\/internacional.umh.es\/en\/#personlogo\",\"inLanguage\":\"en-US\",\"url\":\"https:\/\/secure.gravatar.com\/avatar\/4d9ea5eb60e211829996b933fcfd12a2?s=96&d=mm&r=g\",\"contentUrl\":\"https:\/\/secure.gravatar.com\/avatar\/4d9ea5eb60e211829996b933fcfd12a2?s=96&d=mm&r=g\",\"caption\":\"smurillo\"},\"url\":\"https:\/\/internacional.umh.es\/en\/author\/smurillo\/\"}]}<\/script>\n<!-- \/ Yoast SEO plugin. -->","yoast_head_json":{"robots":{"index":"index","follow":"follow","max-snippet":"max-snippet:-1","max-image-preview":"max-image-preview:large","max-video-preview":"max-video-preview:-1"},"canonical":"https:\/\/internacional.umh.es\/en\/2022\/11\/23\/chihuahua-acogio-el-x-seminario-internacional-ryszard-kapuscinski-de-periodismo-derechos-humanos-migracion-y-fronteras\/","og_locale":"en_US","og_type":"article","og_title":"Chihuahua, Mexico hosts tenth edition of the Ryszard Kapuscinski International Seminar on Journalism, Human Rights, Migration and Borders - International Relations and Cooperation","og_description":"Dialog, context, and perspectives on hate speech, violence, and accusations directed at Mexican journalists were components of the main topics of the tenth edition of the Ryszard Kapuscinski International Seminar on Journalism, Human Rights, Migration and Borders, which recently took place in Chihuahua, Mexico, November 16 &#8211; 18, 2022. To show support for Mexican journalists, [...]","og_url":"https:\/\/internacional.umh.es\/en\/2022\/11\/23\/chihuahua-acogio-el-x-seminario-internacional-ryszard-kapuscinski-de-periodismo-derechos-humanos-migracion-y-fronteras\/","og_site_name":"International Relations and Cooperation","article_published_time":"2022-11-23T12:39:14+00:00","article_modified_time":"2022-11-24T12:18:59+00:00","og_image":[{"url":"https:\/\/internacional.umh.es\/files\/2022\/11\/minuto-de-silencio-300x238.jpg"}],"twitter_card":"summary_large_image","twitter_misc":{"Written by":"smurillo","Est. reading time":"4 minutes"},"schema":{"@context":"https:\/\/schema.org","@graph":[{"@type":"WebSite","@id":"https:\/\/internacional.umh.es\/en\/#website","url":"https:\/\/internacional.umh.es\/en\/","name":"International Relations and Cooperation","description":"Miguel Hernandez University of Elche","potentialAction":[{"@type":"SearchAction","target":{"@type":"EntryPoint","urlTemplate":"https:\/\/internacional.umh.es\/en\/?s={search_term_string}"},"query-input":"required name=search_term_string"}],"inLanguage":"en-US"},{"@type":"ImageObject","@id":"https:\/\/internacional.umh.es\/en\/2022\/11\/23\/chihuahua-acogio-el-x-seminario-internacional-ryszard-kapuscinski-de-periodismo-derechos-humanos-migracion-y-fronteras\/#primaryimage","inLanguage":"en-US","url":"https:\/\/internacional.umh.es\/files\/2022\/11\/conferencia-inaugural-y-lectura-manifesto.jpg","contentUrl":"https:\/\/internacional.umh.es\/files\/2022\/11\/conferencia-inaugural-y-lectura-manifesto.jpg","width":1498,"height":1199},{"@type":"WebPage","@id":"https:\/\/internacional.umh.es\/en\/2022\/11\/23\/chihuahua-acogio-el-x-seminario-internacional-ryszard-kapuscinski-de-periodismo-derechos-humanos-migracion-y-fronteras\/#webpage","url":"https:\/\/internacional.umh.es\/en\/2022\/11\/23\/chihuahua-acogio-el-x-seminario-internacional-ryszard-kapuscinski-de-periodismo-derechos-humanos-migracion-y-fronteras\/","name":"Chihuahua, Mexico hosts tenth edition of the Ryszard Kapuscinski International Seminar on Journalism, Human Rights, Migration and Borders - International Relations and Cooperation","isPartOf":{"@id":"https:\/\/internacional.umh.es\/en\/#website"},"primaryImageOfPage":{"@id":"https:\/\/internacional.umh.es\/en\/2022\/11\/23\/chihuahua-acogio-el-x-seminario-internacional-ryszard-kapuscinski-de-periodismo-derechos-humanos-migracion-y-fronteras\/#primaryimage"},"datePublished":"2022-11-23T12:39:14+00:00","dateModified":"2022-11-24T12:18:59+00:00","author":{"@id":"https:\/\/internacional.umh.es\/en\/#\/schema\/person\/78c5babbc457df6e3300b14cb25e2097"},"breadcrumb":{"@id":"https:\/\/internacional.umh.es\/en\/2022\/11\/23\/chihuahua-acogio-el-x-seminario-internacional-ryszard-kapuscinski-de-periodismo-derechos-humanos-migracion-y-fronteras\/#breadcrumb"},"inLanguage":"en-US","potentialAction":[{"@type":"ReadAction","target":["https:\/\/internacional.umh.es\/en\/2022\/11\/23\/chihuahua-acogio-el-x-seminario-internacional-ryszard-kapuscinski-de-periodismo-derechos-humanos-migracion-y-fronteras\/"]}]},{"@type":"BreadcrumbList","@id":"https:\/\/internacional.umh.es\/en\/2022\/11\/23\/chihuahua-acogio-el-x-seminario-internacional-ryszard-kapuscinski-de-periodismo-derechos-humanos-migracion-y-fronteras\/#breadcrumb","itemListElement":[{"@type":"ListItem","position":1,"name":"Home","item":"https:\/\/internacional.umh.es\/en\/"},{"@type":"ListItem","position":2,"name":"Chihuahua, Mexico hosts tenth edition of the Ryszard Kapuscinski International Seminar on Journalism, Human Rights, Migration and Borders"}]},{"@type":"Person","@id":"https:\/\/internacional.umh.es\/en\/#\/schema\/person\/78c5babbc457df6e3300b14cb25e2097","name":"smurillo","image":{"@type":"ImageObject","@id":"https:\/\/internacional.umh.es\/en\/#personlogo","inLanguage":"en-US","url":"https:\/\/secure.gravatar.com\/avatar\/4d9ea5eb60e211829996b933fcfd12a2?s=96&d=mm&r=g","contentUrl":"https:\/\/secure.gravatar.com\/avatar\/4d9ea5eb60e211829996b933fcfd12a2?s=96&d=mm&r=g","caption":"smurillo"},"url":"https:\/\/internacional.umh.es\/en\/author\/smurillo\/"}]}},"_links":{"self":[{"href":"https:\/\/internacional.umh.es\/en\/wp-json\/wp\/v2\/posts\/28192"}],"collection":[{"href":"https:\/\/internacional.umh.es\/en\/wp-json\/wp\/v2\/posts"}],"about":[{"href":"https:\/\/internacional.umh.es\/en\/wp-json\/wp\/v2\/types\/post"}],"author":[{"embeddable":true,"href":"https:\/\/internacional.umh.es\/en\/wp-json\/wp\/v2\/users\/4886"}],"replies":[{"embeddable":true,"href":"https:\/\/internacional.umh.es\/en\/wp-json\/wp\/v2\/comments?post=28192"}],"version-history":[{"count":0,"href":"https:\/\/internacional.umh.es\/en\/wp-json\/wp\/v2\/posts\/28192\/revisions"}],"wp:attachment":[{"href":"https:\/\/internacional.umh.es\/en\/wp-json\/wp\/v2\/media?parent=28192"}],"wp:term":[{"taxonomy":"category","embeddable":true,"href":"https:\/\/internacional.umh.es\/en\/wp-json\/wp\/v2\/categories?post=28192"},{"taxonomy":"post_tag","embeddable":true,"href":"https:\/\/internacional.umh.es\/en\/wp-json\/wp\/v2\/tags?post=28192"}],"curies":[{"name":"wp","href":"https:\/\/api.w.org\/{rel}","templated":true}]}}