{"id":29872,"date":"2023-04-21T11:37:10","date_gmt":"2023-04-21T09:37:10","guid":{"rendered":"https:\/\/internacional.umh.es\/?p=29872"},"modified":"2023-04-21T13:42:58","modified_gmt":"2023-04-21T11:42:58","slug":"informacion-sobre-convocatoria-aecid-de-subvenciones-a-acciones-de-innovacion-2023","status":"publish","type":"post","link":"https:\/\/internacional.umh.es\/en\/2023\/04\/21\/informacion-sobre-convocatoria-aecid-de-subvenciones-a-acciones-de-innovacion-2023\/","title":{"rendered":"Information on Spanish Agency for International Development Cooperation (AECID) call for grants for 2023 innovation actions"},"content":{"rendered":"<p><\/p>\n<p style=\"text-align: justify\"><img loading=\"lazy\" class=\"alignleft size-medium wp-image-21963\" title=\"La Direcci\u00f3n de la Agencia Espa\u00f1ola de Cooperaci\u00f3n Internacional para el Desarrollo (AECID) colabora en numerosas acciones de cooperaci\u00f3n al desarrollo\" src=\"https:\/\/internacional.umh.es\/files\/2021\/07\/AECID-300x169.png\" alt=\"AECID acciones cooperaci\u00f3n al desarrollo logo\" width=\"250\" height=\"141\">The management at the Spanish Agency for International Development Cooperation (AECID) has published its forecast to announce calls in mid-May for competitive grants for carrying out development cooperation actions in innovation, including activities of knowledge for development that are completed within Spain during 2023.<\/p>\n<p style=\"text-align: justify\">The specifics of this call are for co-funding the following:<\/p>\n<ol style=\"text-align: justify\">\n<li>development cooperation actions in innovation that address social, economic, environmental, and developmental problems from the 2030 Agenda for Sustainable Development.<\/li>\n<\/ol>\n<p style=\"text-align: justify\">The actions must promote innovative solutions, already developed and tested successfully at the pilot level, in order to be applied and to demonstrate the possibility of replicating them on a bigger scale to achieve sustainable human development, that is egalitarian and respectful for human rights, gender equality, and empowers women, the environment, and cultural diversity, based on knowledge, increased productivity, competition, and social cohesion. Furthermore, co-funding of the scalability and replicability of innovative solutions already successfully applied in partner countries of the Cooperaci\u00f3n Espa\u00f1ola may be co-funded.<\/p>\n<ol style=\"text-align: justify\" start=\"2\">\n<li>Knowledge activities, that include research, applied studies, training, and seminars, that have an innovative component, and refer to the thematic areas included in this call.<\/li>\n<\/ol>\n<p style=\"text-align: justify\">For better organization, given that the number of proposals that each entity (in this case the university) may submit for the call, may not exceed 2 for actions and 1 for knowledge activities. Individuals who are interested in participating in this call must notify the Service of International Relations, Development Cooperation and Volunteerism by April 30, 2023, by email to cooperacion@umh.es.<\/p>\n<p style=\"text-align: justify\">Following the deadline, this service will notify the individuals who have expressed interest, to submit a draft project to the same email, by May 15, 2023.<\/p>\n<p style=\"text-align: justify\"><a href=\"https:\/\/internacional.umh.es\/files\/2023\/04\/Caracteristicas_AECID.pdf\">More information about the characteristics of this future call is available at this link<\/a>.<\/p>\n<p><\/p>","protected":false},"excerpt":{"rendered":"<p>The management at the Spanish Agency for International Development Cooperation (AECID) has published its forecast to announce calls in mid-May for competitive grants for carrying out development cooperation actions in innovation, including activities of knowledge for development that are completed within Spain during 2023.<br \/>\nThe specifics of this call are for co-funding the following:<\/p>\n<p>development cooperation actions [&#8230;]<\/p>\n","protected":false},"author":3107,"featured_media":0,"comment_status":"closed","ping_status":"closed","sticky":false,"template":"","format":"standard","meta":{"ngg_post_thumbnail":0,"_links_to":"","_links_to_target":""},"categories":[53429,46075,296002],"tags":[47691],"yoast_head":"<!-- This site is optimized with the Yoast SEO plugin v17.5 - https:\/\/yoast.com\/wordpress\/plugins\/seo\/ -->\n<meta name=\"description\" content=\"La AECID publica previsi\u00f3n subvenciones concurrencia competitiva realizaci\u00f3n de acciones de cooperaci\u00f3n desarrollo \u00e1mbito de innovaci\u00f3n 2023\" \/>\n<meta name=\"robots\" content=\"index, follow, max-snippet:-1, max-image-preview:large, max-video-preview:-1\" \/>\n<link rel=\"canonical\" href=\"https:\/\/internacional.umh.es\/en\/2023\/04\/21\/informacion-sobre-convocatoria-aecid-de-subvenciones-a-acciones-de-innovacion-2023\/\" \/>\n<meta property=\"og:locale\" content=\"en_US\" \/>\n<meta property=\"og:type\" content=\"article\" \/>\n<meta property=\"og:title\" content=\"Information on Spanish Agency for International Development Cooperation (AECID) call for grants for 2023 innovation actions - International Relations and Cooperation\" \/>\n<meta property=\"og:description\" content=\"La AECID publica previsi\u00f3n subvenciones concurrencia competitiva realizaci\u00f3n de acciones de cooperaci\u00f3n desarrollo \u00e1mbito de innovaci\u00f3n 2023\" \/>\n<meta property=\"og:url\" content=\"https:\/\/internacional.umh.es\/en\/2023\/04\/21\/informacion-sobre-convocatoria-aecid-de-subvenciones-a-acciones-de-innovacion-2023\/\" \/>\n<meta property=\"og:site_name\" content=\"International Relations and Cooperation\" \/>\n<meta property=\"article:published_time\" content=\"2023-04-21T09:37:10+00:00\" \/>\n<meta property=\"article:modified_time\" content=\"2023-04-21T11:42:58+00:00\" \/>\n<meta property=\"og:image\" content=\"https:\/\/internacional.umh.es\/files\/2021\/07\/AECID-300x169.png\" \/>\n<meta name=\"twitter:card\" content=\"summary_large_image\" \/>\n<meta name=\"twitter:label1\" content=\"Written by\" \/>\n\t<meta name=\"twitter:data1\" content=\"juan.torresg\" \/>\n\t<meta name=\"twitter:label2\" content=\"Est. reading time\" \/>\n\t<meta name=\"twitter:data2\" content=\"2 minutes\" \/>\n<script type=\"application\/ld+json\" class=\"yoast-schema-graph\">{\"@context\":\"https:\/\/schema.org\",\"@graph\":[{\"@type\":\"WebSite\",\"@id\":\"https:\/\/internacional.umh.es\/en\/#website\",\"url\":\"https:\/\/internacional.umh.es\/en\/\",\"name\":\"International Relations and Cooperation\",\"description\":\"Miguel Hernandez University of Elche\",\"potentialAction\":[{\"@type\":\"SearchAction\",\"target\":{\"@type\":\"EntryPoint\",\"urlTemplate\":\"https:\/\/internacional.umh.es\/en\/?s={search_term_string}\"},\"query-input\":\"required name=search_term_string\"}],\"inLanguage\":\"en-US\"},{\"@type\":\"ImageObject\",\"@id\":\"https:\/\/internacional.umh.es\/en\/2023\/04\/21\/informacion-sobre-convocatoria-aecid-de-subvenciones-a-acciones-de-innovacion-2023\/#primaryimage\",\"inLanguage\":\"en-US\",\"url\":\"https:\/\/internacional.umh.es\/files\/2021\/07\/AECID.png\",\"contentUrl\":\"https:\/\/internacional.umh.es\/files\/2021\/07\/AECID.png\",\"width\":300,\"height\":169,\"caption\":\"AECID logo\"},{\"@type\":\"WebPage\",\"@id\":\"https:\/\/internacional.umh.es\/en\/2023\/04\/21\/informacion-sobre-convocatoria-aecid-de-subvenciones-a-acciones-de-innovacion-2023\/#webpage\",\"url\":\"https:\/\/internacional.umh.es\/en\/2023\/04\/21\/informacion-sobre-convocatoria-aecid-de-subvenciones-a-acciones-de-innovacion-2023\/\",\"name\":\"Information on Spanish Agency for International Development Cooperation (AECID) call for grants for 2023 innovation actions - International Relations and Cooperation\",\"isPartOf\":{\"@id\":\"https:\/\/internacional.umh.es\/en\/#website\"},\"primaryImageOfPage\":{\"@id\":\"https:\/\/internacional.umh.es\/en\/2023\/04\/21\/informacion-sobre-convocatoria-aecid-de-subvenciones-a-acciones-de-innovacion-2023\/#primaryimage\"},\"datePublished\":\"2023-04-21T09:37:10+00:00\",\"dateModified\":\"2023-04-21T11:42:58+00:00\",\"author\":{\"@id\":\"https:\/\/internacional.umh.es\/en\/#\/schema\/person\/b5eb1c3427fa071575e2067be339abff\"},\"description\":\"La AECID publica previsi\\u00f3n subvenciones concurrencia competitiva realizaci\\u00f3n de acciones de cooperaci\\u00f3n desarrollo \\u00e1mbito de innovaci\\u00f3n 2023\",\"breadcrumb\":{\"@id\":\"https:\/\/internacional.umh.es\/en\/2023\/04\/21\/informacion-sobre-convocatoria-aecid-de-subvenciones-a-acciones-de-innovacion-2023\/#breadcrumb\"},\"inLanguage\":\"en-US\",\"potentialAction\":[{\"@type\":\"ReadAction\",\"target\":[\"https:\/\/internacional.umh.es\/en\/2023\/04\/21\/informacion-sobre-convocatoria-aecid-de-subvenciones-a-acciones-de-innovacion-2023\/\"]}]},{\"@type\":\"BreadcrumbList\",\"@id\":\"https:\/\/internacional.umh.es\/en\/2023\/04\/21\/informacion-sobre-convocatoria-aecid-de-subvenciones-a-acciones-de-innovacion-2023\/#breadcrumb\",\"itemListElement\":[{\"@type\":\"ListItem\",\"position\":1,\"name\":\"Home\",\"item\":\"https:\/\/internacional.umh.es\/en\/\"},{\"@type\":\"ListItem\",\"position\":2,\"name\":\"Information on Spanish Agency for International Development Cooperation (AECID) call for grants for 2023 innovation actions\"}]},{\"@type\":\"Person\",\"@id\":\"https:\/\/internacional.umh.es\/en\/#\/schema\/person\/b5eb1c3427fa071575e2067be339abff\",\"name\":\"juan.torresg\",\"image\":{\"@type\":\"ImageObject\",\"@id\":\"https:\/\/internacional.umh.es\/en\/#personlogo\",\"inLanguage\":\"en-US\",\"url\":\"https:\/\/secure.gravatar.com\/avatar\/2d49f32f8cb81918e740433e7190ba39?s=96&d=mm&r=g\",\"contentUrl\":\"https:\/\/secure.gravatar.com\/avatar\/2d49f32f8cb81918e740433e7190ba39?s=96&d=mm&r=g\",\"caption\":\"juan.torresg\"},\"url\":\"https:\/\/internacional.umh.es\/en\/author\/juan-torresg\/\"}]}<\/script>\n<!-- \/ Yoast SEO plugin. -->","yoast_head_json":{"description":"La AECID publica previsi\u00f3n subvenciones concurrencia competitiva realizaci\u00f3n de acciones de cooperaci\u00f3n desarrollo \u00e1mbito de innovaci\u00f3n 2023","robots":{"index":"index","follow":"follow","max-snippet":"max-snippet:-1","max-image-preview":"max-image-preview:large","max-video-preview":"max-video-preview:-1"},"canonical":"https:\/\/internacional.umh.es\/en\/2023\/04\/21\/informacion-sobre-convocatoria-aecid-de-subvenciones-a-acciones-de-innovacion-2023\/","og_locale":"en_US","og_type":"article","og_title":"Information on Spanish Agency for International Development Cooperation (AECID) call for grants for 2023 innovation actions - International Relations and Cooperation","og_description":"La AECID publica previsi\u00f3n subvenciones concurrencia competitiva realizaci\u00f3n de acciones de cooperaci\u00f3n desarrollo \u00e1mbito de innovaci\u00f3n 2023","og_url":"https:\/\/internacional.umh.es\/en\/2023\/04\/21\/informacion-sobre-convocatoria-aecid-de-subvenciones-a-acciones-de-innovacion-2023\/","og_site_name":"International Relations and Cooperation","article_published_time":"2023-04-21T09:37:10+00:00","article_modified_time":"2023-04-21T11:42:58+00:00","og_image":[{"url":"https:\/\/internacional.umh.es\/files\/2021\/07\/AECID-300x169.png"}],"twitter_card":"summary_large_image","twitter_misc":{"Written by":"juan.torresg","Est. reading time":"2 minutes"},"schema":{"@context":"https:\/\/schema.org","@graph":[{"@type":"WebSite","@id":"https:\/\/internacional.umh.es\/en\/#website","url":"https:\/\/internacional.umh.es\/en\/","name":"International Relations and Cooperation","description":"Miguel Hernandez University of Elche","potentialAction":[{"@type":"SearchAction","target":{"@type":"EntryPoint","urlTemplate":"https:\/\/internacional.umh.es\/en\/?s={search_term_string}"},"query-input":"required name=search_term_string"}],"inLanguage":"en-US"},{"@type":"ImageObject","@id":"https:\/\/internacional.umh.es\/en\/2023\/04\/21\/informacion-sobre-convocatoria-aecid-de-subvenciones-a-acciones-de-innovacion-2023\/#primaryimage","inLanguage":"en-US","url":"https:\/\/internacional.umh.es\/files\/2021\/07\/AECID.png","contentUrl":"https:\/\/internacional.umh.es\/files\/2021\/07\/AECID.png","width":300,"height":169,"caption":"AECID logo"},{"@type":"WebPage","@id":"https:\/\/internacional.umh.es\/en\/2023\/04\/21\/informacion-sobre-convocatoria-aecid-de-subvenciones-a-acciones-de-innovacion-2023\/#webpage","url":"https:\/\/internacional.umh.es\/en\/2023\/04\/21\/informacion-sobre-convocatoria-aecid-de-subvenciones-a-acciones-de-innovacion-2023\/","name":"Information on Spanish Agency for International Development Cooperation (AECID) call for grants for 2023 innovation actions - International Relations and Cooperation","isPartOf":{"@id":"https:\/\/internacional.umh.es\/en\/#website"},"primaryImageOfPage":{"@id":"https:\/\/internacional.umh.es\/en\/2023\/04\/21\/informacion-sobre-convocatoria-aecid-de-subvenciones-a-acciones-de-innovacion-2023\/#primaryimage"},"datePublished":"2023-04-21T09:37:10+00:00","dateModified":"2023-04-21T11:42:58+00:00","author":{"@id":"https:\/\/internacional.umh.es\/en\/#\/schema\/person\/b5eb1c3427fa071575e2067be339abff"},"description":"La AECID publica previsi\u00f3n subvenciones concurrencia competitiva realizaci\u00f3n de acciones de cooperaci\u00f3n desarrollo \u00e1mbito de innovaci\u00f3n 2023","breadcrumb":{"@id":"https:\/\/internacional.umh.es\/en\/2023\/04\/21\/informacion-sobre-convocatoria-aecid-de-subvenciones-a-acciones-de-innovacion-2023\/#breadcrumb"},"inLanguage":"en-US","potentialAction":[{"@type":"ReadAction","target":["https:\/\/internacional.umh.es\/en\/2023\/04\/21\/informacion-sobre-convocatoria-aecid-de-subvenciones-a-acciones-de-innovacion-2023\/"]}]},{"@type":"BreadcrumbList","@id":"https:\/\/internacional.umh.es\/en\/2023\/04\/21\/informacion-sobre-convocatoria-aecid-de-subvenciones-a-acciones-de-innovacion-2023\/#breadcrumb","itemListElement":[{"@type":"ListItem","position":1,"name":"Home","item":"https:\/\/internacional.umh.es\/en\/"},{"@type":"ListItem","position":2,"name":"Information on Spanish Agency for International Development Cooperation (AECID) call for grants for 2023 innovation actions"}]},{"@type":"Person","@id":"https:\/\/internacional.umh.es\/en\/#\/schema\/person\/b5eb1c3427fa071575e2067be339abff","name":"juan.torresg","image":{"@type":"ImageObject","@id":"https:\/\/internacional.umh.es\/en\/#personlogo","inLanguage":"en-US","url":"https:\/\/secure.gravatar.com\/avatar\/2d49f32f8cb81918e740433e7190ba39?s=96&d=mm&r=g","contentUrl":"https:\/\/secure.gravatar.com\/avatar\/2d49f32f8cb81918e740433e7190ba39?s=96&d=mm&r=g","caption":"juan.torresg"},"url":"https:\/\/internacional.umh.es\/en\/author\/juan-torresg\/"}]}},"_links":{"self":[{"href":"https:\/\/internacional.umh.es\/en\/wp-json\/wp\/v2\/posts\/29872"}],"collection":[{"href":"https:\/\/internacional.umh.es\/en\/wp-json\/wp\/v2\/posts"}],"about":[{"href":"https:\/\/internacional.umh.es\/en\/wp-json\/wp\/v2\/types\/post"}],"author":[{"embeddable":true,"href":"https:\/\/internacional.umh.es\/en\/wp-json\/wp\/v2\/users\/3107"}],"replies":[{"embeddable":true,"href":"https:\/\/internacional.umh.es\/en\/wp-json\/wp\/v2\/comments?post=29872"}],"version-history":[{"count":0,"href":"https:\/\/internacional.umh.es\/en\/wp-json\/wp\/v2\/posts\/29872\/revisions"}],"wp:attachment":[{"href":"https:\/\/internacional.umh.es\/en\/wp-json\/wp\/v2\/media?parent=29872"}],"wp:term":[{"taxonomy":"category","embeddable":true,"href":"https:\/\/internacional.umh.es\/en\/wp-json\/wp\/v2\/categories?post=29872"},{"taxonomy":"post_tag","embeddable":true,"href":"https:\/\/internacional.umh.es\/en\/wp-json\/wp\/v2\/tags?post=29872"}],"curies":[{"name":"wp","href":"https:\/\/api.w.org\/{rel}","templated":true}]}}