{"id":30221,"date":"2023-05-18T10:37:34","date_gmt":"2023-05-18T08:37:34","guid":{"rendered":"https:\/\/internacional.umh.es\/?p=30221"},"modified":"2023-05-18T15:08:53","modified_gmt":"2023-05-18T13:08:53","slug":"los-candidatos-a-la-alcaldia-de-elche-firman-un-compromiso-para-aplicar-politicas-de-cooperacion-internacional-en-el-aula-de-la-placa-de-baix-de-la-umh","status":"publish","type":"post","link":"https:\/\/internacional.umh.es\/en\/2023\/05\/18\/los-candidatos-a-la-alcaldia-de-elche-firman-un-compromiso-para-aplicar-politicas-de-cooperacion-internacional-en-el-aula-de-la-placa-de-baix-de-la-umh\/","title":{"rendered":"Elche mayoral candidates sign commitment to apply international cooperation policies at Aula de la Pla\u00e7a de Baix of UMH"},"content":{"rendered":"<p><\/p>\n<p style=\"text-align: justify\"><span style=\"font-weight: 400\"><a href=\"https:\/\/internacional.umh.es\/files\/2023\/05\/IMG_2026-scaled.jpg\"><img loading=\"lazy\" class=\"size-medium wp-image-30227 alignleft\" src=\"https:\/\/internacional.umh.es\/files\/2023\/05\/IMG_2026-300x169.jpg\" alt=\"\" width=\"300\" height=\"169\" srcset=\"https:\/\/internacional.umh.es\/files\/2023\/05\/IMG_2026-300x169.jpg 300w, https:\/\/internacional.umh.es\/files\/2023\/05\/IMG_2026-1024x575.jpg 1024w, https:\/\/internacional.umh.es\/files\/2023\/05\/IMG_2026-768x431.jpg 768w, https:\/\/internacional.umh.es\/files\/2023\/05\/IMG_2026-1536x863.jpg 1536w, https:\/\/internacional.umh.es\/files\/2023\/05\/IMG_2026-2048x1150.jpg 2048w\" sizes=\"(max-width: 300px) 100vw, 300px\" \/><\/a><\/span>This morning, the Vice Rector for Internationalization and Cooperation at the Miguel Hern\u00e1ndez University of Elche (UMH), Vicente Micol Molina, attended the signing of an accord on behalf of the political parties running in the May 28 election for the Elche Mayorship to implement international cooperation policies. This signing, which took place at the Aula de la Pla\u00e7a de Baix of the UMH, was spearheaded by the Valencian Coordinator of NGOs, and attendees at the act included Asunci\u00f3n Aznar and Gara Pulido, and representatives of the entity.<\/p>\n<p style=\"text-align: justify\">The UMH vice rector, Vicente Micol Molina, opened the ceremony, and he highlighted that the \u201cMiguel Hern\u00e1ndez University has been working on international development cooperation all over the world for more than 20 years, with unique projects like the UMH Headquarters in Rwanda, and the university deems it vitally important for all institutions to continue collaborating on it, this way strengthening alliances as an essential instrument to carry out effective and consensual development cooperation with local stakeholders.\u201d<\/p>\n<p style=\"text-align: justify\">The UMH, as part of the Local Committee on Development Cooperation, welcomed this initiative, entitled \u201cAgreement for International Development Cooperation in Elche\u201d as a starting point to reach agreements that ensure the development of international cooperation policies, and reaching the goal of 0.7% in economic investment.<\/p>\n<p style=\"text-align: justify\">Attendees at the signing included candidates for the Partido Socialista Obrero Espa\u00f1ol, Carlos Gonz\u00e1lez; Partido Popular, Pablo Ruz; Comprom\u00eds, Esther D\u00edez; and that of Ciudadanos, Eduardo Garcia-Ontiveros.<\/p>\n<p><a href=\"https:\/\/internacional.umh.es\/files\/2023\/05\/IMG_1995-scaled.jpg\"><img loading=\"lazy\" class=\"alignnone size-medium wp-image-30224\" src=\"https:\/\/internacional.umh.es\/files\/2023\/05\/IMG_1995-300x169.jpg\" alt=\"\" width=\"300\" height=\"169\" srcset=\"https:\/\/internacional.umh.es\/files\/2023\/05\/IMG_1995-300x169.jpg 300w, https:\/\/internacional.umh.es\/files\/2023\/05\/IMG_1995-1024x575.jpg 1024w, https:\/\/internacional.umh.es\/files\/2023\/05\/IMG_1995-768x431.jpg 768w, https:\/\/internacional.umh.es\/files\/2023\/05\/IMG_1995-1536x863.jpg 1536w, https:\/\/internacional.umh.es\/files\/2023\/05\/IMG_1995-2048x1150.jpg 2048w\" sizes=\"(max-width: 300px) 100vw, 300px\" \/><\/a><\/p>","protected":false},"excerpt":{"rendered":"<p>This morning, the Vice Rector for Internationalization and Cooperation at the Miguel Hern\u00e1ndez University of Elche (UMH), Vicente Micol Molina, attended the signing of an accord on behalf of the political parties running in the May 28 election for the Elche Mayorship to implement international cooperation policies. This signing, which took place at the Aula [&#8230;]<\/p>\n","protected":false},"author":6508,"featured_media":0,"comment_status":"closed","ping_status":"closed","sticky":false,"template":"","format":"standard","meta":{"ngg_post_thumbnail":0,"_links_to":"","_links_to_target":""},"categories":[46075],"tags":[],"yoast_head":"<!-- This site is optimized with the Yoast SEO plugin v17.5 - https:\/\/yoast.com\/wordpress\/plugins\/seo\/ -->\n<meta name=\"robots\" content=\"index, follow, max-snippet:-1, max-image-preview:large, max-video-preview:-1\" \/>\n<link rel=\"canonical\" href=\"https:\/\/internacional.umh.es\/en\/2023\/05\/18\/los-candidatos-a-la-alcaldia-de-elche-firman-un-compromiso-para-aplicar-politicas-de-cooperacion-internacional-en-el-aula-de-la-placa-de-baix-de-la-umh\/\" \/>\n<meta property=\"og:locale\" content=\"en_US\" \/>\n<meta property=\"og:type\" content=\"article\" \/>\n<meta property=\"og:title\" content=\"Elche mayoral candidates sign commitment to apply international cooperation policies at Aula de la Pla\u00e7a de Baix of UMH - International Relations and Cooperation\" \/>\n<meta property=\"og:description\" content=\"This morning, the Vice Rector for Internationalization and Cooperation at the Miguel Hern\u00e1ndez University of Elche (UMH), Vicente Micol Molina, attended the signing of an accord on behalf of the political parties running in the May 28 election for the Elche Mayorship to implement international cooperation policies. This signing, which took place at the Aula [...]\" \/>\n<meta property=\"og:url\" content=\"https:\/\/internacional.umh.es\/en\/2023\/05\/18\/los-candidatos-a-la-alcaldia-de-elche-firman-un-compromiso-para-aplicar-politicas-de-cooperacion-internacional-en-el-aula-de-la-placa-de-baix-de-la-umh\/\" \/>\n<meta property=\"og:site_name\" content=\"International Relations and Cooperation\" \/>\n<meta property=\"article:published_time\" content=\"2023-05-18T08:37:34+00:00\" \/>\n<meta property=\"article:modified_time\" content=\"2023-05-18T13:08:53+00:00\" \/>\n<meta property=\"og:image\" content=\"https:\/\/internacional.umh.es\/files\/2023\/05\/IMG_2026-300x169.jpg\" \/>\n<meta name=\"twitter:card\" content=\"summary_large_image\" \/>\n<meta name=\"twitter:label1\" content=\"Written by\" \/>\n\t<meta name=\"twitter:data1\" content=\"l.sempere\" \/>\n\t<meta name=\"twitter:label2\" content=\"Est. reading time\" \/>\n\t<meta name=\"twitter:data2\" content=\"3 minutes\" \/>\n<script type=\"application\/ld+json\" class=\"yoast-schema-graph\">{\"@context\":\"https:\/\/schema.org\",\"@graph\":[{\"@type\":\"WebSite\",\"@id\":\"https:\/\/internacional.umh.es\/en\/#website\",\"url\":\"https:\/\/internacional.umh.es\/en\/\",\"name\":\"International Relations and Cooperation\",\"description\":\"Miguel Hernandez University of Elche\",\"potentialAction\":[{\"@type\":\"SearchAction\",\"target\":{\"@type\":\"EntryPoint\",\"urlTemplate\":\"https:\/\/internacional.umh.es\/en\/?s={search_term_string}\"},\"query-input\":\"required name=search_term_string\"}],\"inLanguage\":\"en-US\"},{\"@type\":\"ImageObject\",\"@id\":\"https:\/\/internacional.umh.es\/en\/2023\/05\/18\/los-candidatos-a-la-alcaldia-de-elche-firman-un-compromiso-para-aplicar-politicas-de-cooperacion-internacional-en-el-aula-de-la-placa-de-baix-de-la-umh\/#primaryimage\",\"inLanguage\":\"en-US\",\"url\":\"https:\/\/internacional.umh.es\/files\/2023\/05\/IMG_2026-300x169.jpg\",\"contentUrl\":\"https:\/\/internacional.umh.es\/files\/2023\/05\/IMG_2026-300x169.jpg\"},{\"@type\":\"WebPage\",\"@id\":\"https:\/\/internacional.umh.es\/en\/2023\/05\/18\/los-candidatos-a-la-alcaldia-de-elche-firman-un-compromiso-para-aplicar-politicas-de-cooperacion-internacional-en-el-aula-de-la-placa-de-baix-de-la-umh\/#webpage\",\"url\":\"https:\/\/internacional.umh.es\/en\/2023\/05\/18\/los-candidatos-a-la-alcaldia-de-elche-firman-un-compromiso-para-aplicar-politicas-de-cooperacion-internacional-en-el-aula-de-la-placa-de-baix-de-la-umh\/\",\"name\":\"Elche mayoral candidates sign commitment to apply international cooperation policies at Aula de la Pla\\u00e7a de Baix of UMH - International Relations and Cooperation\",\"isPartOf\":{\"@id\":\"https:\/\/internacional.umh.es\/en\/#website\"},\"primaryImageOfPage\":{\"@id\":\"https:\/\/internacional.umh.es\/en\/2023\/05\/18\/los-candidatos-a-la-alcaldia-de-elche-firman-un-compromiso-para-aplicar-politicas-de-cooperacion-internacional-en-el-aula-de-la-placa-de-baix-de-la-umh\/#primaryimage\"},\"datePublished\":\"2023-05-18T08:37:34+00:00\",\"dateModified\":\"2023-05-18T13:08:53+00:00\",\"author\":{\"@id\":\"https:\/\/internacional.umh.es\/en\/#\/schema\/person\/fd81c4b213566f3add82d0f214928dfa\"},\"breadcrumb\":{\"@id\":\"https:\/\/internacional.umh.es\/en\/2023\/05\/18\/los-candidatos-a-la-alcaldia-de-elche-firman-un-compromiso-para-aplicar-politicas-de-cooperacion-internacional-en-el-aula-de-la-placa-de-baix-de-la-umh\/#breadcrumb\"},\"inLanguage\":\"en-US\",\"potentialAction\":[{\"@type\":\"ReadAction\",\"target\":[\"https:\/\/internacional.umh.es\/en\/2023\/05\/18\/los-candidatos-a-la-alcaldia-de-elche-firman-un-compromiso-para-aplicar-politicas-de-cooperacion-internacional-en-el-aula-de-la-placa-de-baix-de-la-umh\/\"]}]},{\"@type\":\"BreadcrumbList\",\"@id\":\"https:\/\/internacional.umh.es\/en\/2023\/05\/18\/los-candidatos-a-la-alcaldia-de-elche-firman-un-compromiso-para-aplicar-politicas-de-cooperacion-internacional-en-el-aula-de-la-placa-de-baix-de-la-umh\/#breadcrumb\",\"itemListElement\":[{\"@type\":\"ListItem\",\"position\":1,\"name\":\"Home\",\"item\":\"https:\/\/internacional.umh.es\/en\/\"},{\"@type\":\"ListItem\",\"position\":2,\"name\":\"Elche mayoral candidates sign commitment to apply international cooperation policies at Aula de la Pla\\u00e7a de Baix of UMH\"}]},{\"@type\":\"Person\",\"@id\":\"https:\/\/internacional.umh.es\/en\/#\/schema\/person\/fd81c4b213566f3add82d0f214928dfa\",\"name\":\"l.sempere\",\"image\":{\"@type\":\"ImageObject\",\"@id\":\"https:\/\/internacional.umh.es\/en\/#personlogo\",\"inLanguage\":\"en-US\",\"url\":\"https:\/\/secure.gravatar.com\/avatar\/1f9861c855fb90ab758094a71cf6e565?s=96&d=mm&r=g\",\"contentUrl\":\"https:\/\/secure.gravatar.com\/avatar\/1f9861c855fb90ab758094a71cf6e565?s=96&d=mm&r=g\",\"caption\":\"l.sempere\"},\"url\":\"https:\/\/internacional.umh.es\/en\/author\/l-sempere\/\"}]}<\/script>\n<!-- \/ Yoast SEO plugin. -->","yoast_head_json":{"robots":{"index":"index","follow":"follow","max-snippet":"max-snippet:-1","max-image-preview":"max-image-preview:large","max-video-preview":"max-video-preview:-1"},"canonical":"https:\/\/internacional.umh.es\/en\/2023\/05\/18\/los-candidatos-a-la-alcaldia-de-elche-firman-un-compromiso-para-aplicar-politicas-de-cooperacion-internacional-en-el-aula-de-la-placa-de-baix-de-la-umh\/","og_locale":"en_US","og_type":"article","og_title":"Elche mayoral candidates sign commitment to apply international cooperation policies at Aula de la Pla\u00e7a de Baix of UMH - International Relations and Cooperation","og_description":"This morning, the Vice Rector for Internationalization and Cooperation at the Miguel Hern\u00e1ndez University of Elche (UMH), Vicente Micol Molina, attended the signing of an accord on behalf of the political parties running in the May 28 election for the Elche Mayorship to implement international cooperation policies. This signing, which took place at the Aula [...]","og_url":"https:\/\/internacional.umh.es\/en\/2023\/05\/18\/los-candidatos-a-la-alcaldia-de-elche-firman-un-compromiso-para-aplicar-politicas-de-cooperacion-internacional-en-el-aula-de-la-placa-de-baix-de-la-umh\/","og_site_name":"International Relations and Cooperation","article_published_time":"2023-05-18T08:37:34+00:00","article_modified_time":"2023-05-18T13:08:53+00:00","og_image":[{"url":"https:\/\/internacional.umh.es\/files\/2023\/05\/IMG_2026-300x169.jpg"}],"twitter_card":"summary_large_image","twitter_misc":{"Written by":"l.sempere","Est. reading time":"3 minutes"},"schema":{"@context":"https:\/\/schema.org","@graph":[{"@type":"WebSite","@id":"https:\/\/internacional.umh.es\/en\/#website","url":"https:\/\/internacional.umh.es\/en\/","name":"International Relations and Cooperation","description":"Miguel Hernandez University of Elche","potentialAction":[{"@type":"SearchAction","target":{"@type":"EntryPoint","urlTemplate":"https:\/\/internacional.umh.es\/en\/?s={search_term_string}"},"query-input":"required name=search_term_string"}],"inLanguage":"en-US"},{"@type":"ImageObject","@id":"https:\/\/internacional.umh.es\/en\/2023\/05\/18\/los-candidatos-a-la-alcaldia-de-elche-firman-un-compromiso-para-aplicar-politicas-de-cooperacion-internacional-en-el-aula-de-la-placa-de-baix-de-la-umh\/#primaryimage","inLanguage":"en-US","url":"https:\/\/internacional.umh.es\/files\/2023\/05\/IMG_2026-300x169.jpg","contentUrl":"https:\/\/internacional.umh.es\/files\/2023\/05\/IMG_2026-300x169.jpg"},{"@type":"WebPage","@id":"https:\/\/internacional.umh.es\/en\/2023\/05\/18\/los-candidatos-a-la-alcaldia-de-elche-firman-un-compromiso-para-aplicar-politicas-de-cooperacion-internacional-en-el-aula-de-la-placa-de-baix-de-la-umh\/#webpage","url":"https:\/\/internacional.umh.es\/en\/2023\/05\/18\/los-candidatos-a-la-alcaldia-de-elche-firman-un-compromiso-para-aplicar-politicas-de-cooperacion-internacional-en-el-aula-de-la-placa-de-baix-de-la-umh\/","name":"Elche mayoral candidates sign commitment to apply international cooperation policies at Aula de la Pla\u00e7a de Baix of UMH - International Relations and Cooperation","isPartOf":{"@id":"https:\/\/internacional.umh.es\/en\/#website"},"primaryImageOfPage":{"@id":"https:\/\/internacional.umh.es\/en\/2023\/05\/18\/los-candidatos-a-la-alcaldia-de-elche-firman-un-compromiso-para-aplicar-politicas-de-cooperacion-internacional-en-el-aula-de-la-placa-de-baix-de-la-umh\/#primaryimage"},"datePublished":"2023-05-18T08:37:34+00:00","dateModified":"2023-05-18T13:08:53+00:00","author":{"@id":"https:\/\/internacional.umh.es\/en\/#\/schema\/person\/fd81c4b213566f3add82d0f214928dfa"},"breadcrumb":{"@id":"https:\/\/internacional.umh.es\/en\/2023\/05\/18\/los-candidatos-a-la-alcaldia-de-elche-firman-un-compromiso-para-aplicar-politicas-de-cooperacion-internacional-en-el-aula-de-la-placa-de-baix-de-la-umh\/#breadcrumb"},"inLanguage":"en-US","potentialAction":[{"@type":"ReadAction","target":["https:\/\/internacional.umh.es\/en\/2023\/05\/18\/los-candidatos-a-la-alcaldia-de-elche-firman-un-compromiso-para-aplicar-politicas-de-cooperacion-internacional-en-el-aula-de-la-placa-de-baix-de-la-umh\/"]}]},{"@type":"BreadcrumbList","@id":"https:\/\/internacional.umh.es\/en\/2023\/05\/18\/los-candidatos-a-la-alcaldia-de-elche-firman-un-compromiso-para-aplicar-politicas-de-cooperacion-internacional-en-el-aula-de-la-placa-de-baix-de-la-umh\/#breadcrumb","itemListElement":[{"@type":"ListItem","position":1,"name":"Home","item":"https:\/\/internacional.umh.es\/en\/"},{"@type":"ListItem","position":2,"name":"Elche mayoral candidates sign commitment to apply international cooperation policies at Aula de la Pla\u00e7a de Baix of UMH"}]},{"@type":"Person","@id":"https:\/\/internacional.umh.es\/en\/#\/schema\/person\/fd81c4b213566f3add82d0f214928dfa","name":"l.sempere","image":{"@type":"ImageObject","@id":"https:\/\/internacional.umh.es\/en\/#personlogo","inLanguage":"en-US","url":"https:\/\/secure.gravatar.com\/avatar\/1f9861c855fb90ab758094a71cf6e565?s=96&d=mm&r=g","contentUrl":"https:\/\/secure.gravatar.com\/avatar\/1f9861c855fb90ab758094a71cf6e565?s=96&d=mm&r=g","caption":"l.sempere"},"url":"https:\/\/internacional.umh.es\/en\/author\/l-sempere\/"}]}},"_links":{"self":[{"href":"https:\/\/internacional.umh.es\/en\/wp-json\/wp\/v2\/posts\/30221"}],"collection":[{"href":"https:\/\/internacional.umh.es\/en\/wp-json\/wp\/v2\/posts"}],"about":[{"href":"https:\/\/internacional.umh.es\/en\/wp-json\/wp\/v2\/types\/post"}],"author":[{"embeddable":true,"href":"https:\/\/internacional.umh.es\/en\/wp-json\/wp\/v2\/users\/6508"}],"replies":[{"embeddable":true,"href":"https:\/\/internacional.umh.es\/en\/wp-json\/wp\/v2\/comments?post=30221"}],"version-history":[{"count":0,"href":"https:\/\/internacional.umh.es\/en\/wp-json\/wp\/v2\/posts\/30221\/revisions"}],"wp:attachment":[{"href":"https:\/\/internacional.umh.es\/en\/wp-json\/wp\/v2\/media?parent=30221"}],"wp:term":[{"taxonomy":"category","embeddable":true,"href":"https:\/\/internacional.umh.es\/en\/wp-json\/wp\/v2\/categories?post=30221"},{"taxonomy":"post_tag","embeddable":true,"href":"https:\/\/internacional.umh.es\/en\/wp-json\/wp\/v2\/tags?post=30221"}],"curies":[{"name":"wp","href":"https:\/\/api.w.org\/{rel}","templated":true}]}}