{"id":30242,"date":"2023-05-19T13:52:25","date_gmt":"2023-05-19T11:52:25","guid":{"rendered":"https:\/\/internacional.umh.es\/?p=30242"},"modified":"2023-05-21T08:08:57","modified_gmt":"2023-05-21T06:08:57","slug":"la-umh-acoge-al-grupo-de-trabajo-sobre-calidad-universitaria-de-neurotecheu","status":"publish","type":"post","link":"https:\/\/internacional.umh.es\/en\/2023\/05\/19\/la-umh-acoge-al-grupo-de-trabajo-sobre-calidad-universitaria-de-neurotecheu\/","title":{"rendered":"UMH hosts work group on University Quality from NeurotechEU"},"content":{"rendered":"<p><\/p>\n<p style=\"text-align: justify\"><span style=\"font-weight: 400\"><a href=\"https:\/\/internacional.umh.es\/files\/2023\/05\/IMG_1954-scaled.jpg\"><img loading=\"lazy\" class=\"size-medium wp-image-30245 alignleft\" src=\"https:\/\/internacional.umh.es\/files\/2023\/05\/IMG_1954-300x169.jpg\" alt=\"\" width=\"300\" height=\"169\" srcset=\"https:\/\/internacional.umh.es\/files\/2023\/05\/IMG_1954-300x169.jpg 300w, https:\/\/internacional.umh.es\/files\/2023\/05\/IMG_1954-1024x575.jpg 1024w, https:\/\/internacional.umh.es\/files\/2023\/05\/IMG_1954-768x431.jpg 768w, https:\/\/internacional.umh.es\/files\/2023\/05\/IMG_1954-1536x863.jpg 1536w, https:\/\/internacional.umh.es\/files\/2023\/05\/IMG_1954-2048x1150.jpg 2048w\" sizes=\"(max-width: 300px) 100vw, 300px\" \/><\/a><\/span>The Vice Rectorate for Internationalization and Cooperation, along with the Service of International Relations, Development Cooperation and Volunteerism at the Miguel Hern\u00e1ndez University of Elche (UMH), held a meeting from Work Packet 2 of Neurotech<sup>EU<\/sup>, which focused on quality assurance for the activities performed on the project and the European alliance. Participants at the meeting included representatives from 7 universities and the UMH, and they addressed issues related to quality, the methods for establishing objectives, and the tools for analyzing outcomes from Neurotech<sup>EU<\/sup>.<\/p>\n<p style=\"text-align: justify\">This project, which is funded by the European Commission and comprised of nine European universities, aims to forge alliances between universities involved in neuroscience and the technology related to said science. During May 15 and 16, the Work Packet 2 group met to address quality assurance for the activities and processes that make up the project. This was the first in-person meeting after three years of completing joint work virtually.<\/p>\n<p style=\"text-align: justify\">In all, there are eight work packets in Neurotech<sup>EU<\/sup> to advance different section from the project, by which the universities are associated. These include Radboud Universiteit in The Netherlands, Karolinska Institutet in Sweden, Rheinische Friedrich-Wilhelms-Universit\u00e4t Bonn in Germany, Bo\u011fazi\u00e7i \u00dcniversitesi in Turkey, Universitatea de Medicin\u0103 \u0219i Farmacie din Cluj-Napoca in Romania, Debreceni Egyetem in Hungary, Universit\u00e9 de Lille in France, H\u00e1sk\u00f3linn \u00ed Reykjav\u00edk in Iceland, and the Miguel Hern\u00e1ndez University of Elche.<\/p>\n<p><a href=\"https:\/\/internacional.umh.es\/files\/2023\/05\/ROLLER-2-2X1Mesa-de-trabajo-1.png\"><img loading=\"lazy\" class=\"alignnone size-medium wp-image-30251\" src=\"https:\/\/internacional.umh.es\/files\/2023\/05\/ROLLER-2-2X1Mesa-de-trabajo-1-300x46.png\" alt=\"\" width=\"300\" height=\"46\" srcset=\"https:\/\/internacional.umh.es\/files\/2023\/05\/ROLLER-2-2X1Mesa-de-trabajo-1-300x46.png 300w, https:\/\/internacional.umh.es\/files\/2023\/05\/ROLLER-2-2X1Mesa-de-trabajo-1.png 709w\" sizes=\"(max-width: 300px) 100vw, 300px\" \/><\/a>&nbsp; &nbsp; <a href=\"https:\/\/internacional.umh.es\/files\/2023\/05\/Comision_Europea_logo.svg.png\"><img loading=\"lazy\" class=\"alignnone wp-image-30254\" src=\"https:\/\/internacional.umh.es\/files\/2023\/05\/Comision_Europea_logo.svg-300x207.png\" alt=\"\" width=\"220\" height=\"152\" srcset=\"https:\/\/internacional.umh.es\/files\/2023\/05\/Comision_Europea_logo.svg-300x207.png 300w, https:\/\/internacional.umh.es\/files\/2023\/05\/Comision_Europea_logo.svg-1024x706.png 1024w, https:\/\/internacional.umh.es\/files\/2023\/05\/Comision_Europea_logo.svg-768x529.png 768w, https:\/\/internacional.umh.es\/files\/2023\/05\/Comision_Europea_logo.svg.png 1200w\" sizes=\"(max-width: 220px) 100vw, 220px\" \/><\/a><a href=\"https:\/\/internacional.umh.es\/files\/2023\/05\/image1-scaled.jpeg\"><img loading=\"lazy\" class=\"alignnone wp-image-30257\" src=\"https:\/\/internacional.umh.es\/files\/2023\/05\/image1-300x225.jpeg\" alt=\"\" width=\"253\" height=\"190\" srcset=\"https:\/\/internacional.umh.es\/files\/2023\/05\/image1-300x225.jpeg 300w, https:\/\/internacional.umh.es\/files\/2023\/05\/image1-1024x768.jpeg 1024w, https:\/\/internacional.umh.es\/files\/2023\/05\/image1-768x576.jpeg 768w, https:\/\/internacional.umh.es\/files\/2023\/05\/image1-1536x1152.jpeg 1536w, https:\/\/internacional.umh.es\/files\/2023\/05\/image1-2048x1536.jpeg 2048w\" sizes=\"(max-width: 253px) 100vw, 253px\" \/><\/a><\/p>\n<p>&nbsp;<\/p>\n<p style=\"text-align: justify\">&nbsp;<\/p>\n<p><\/p>","protected":false},"excerpt":{"rendered":"<p>The Vice Rectorate for Internationalization and Cooperation, along with the Service of International Relations, Development Cooperation and Volunteerism at the Miguel Hern\u00e1ndez University of Elche (UMH), held a meeting from Work Packet 2 of NeurotechEU, which focused on quality assurance for the activities performed on the project and the European alliance. Participants at the meeting [&#8230;]<\/p>\n","protected":false},"author":6508,"featured_media":0,"comment_status":"closed","ping_status":"closed","sticky":false,"template":"","format":"standard","meta":{"ngg_post_thumbnail":0,"_links_to":"","_links_to_target":""},"categories":[284294],"tags":[],"yoast_head":"<!-- This site is optimized with the Yoast SEO plugin v17.5 - https:\/\/yoast.com\/wordpress\/plugins\/seo\/ -->\n<meta name=\"robots\" content=\"index, follow, max-snippet:-1, max-image-preview:large, max-video-preview:-1\" \/>\n<link rel=\"canonical\" href=\"https:\/\/internacional.umh.es\/en\/2023\/05\/19\/la-umh-acoge-al-grupo-de-trabajo-sobre-calidad-universitaria-de-neurotecheu\/\" \/>\n<meta property=\"og:locale\" content=\"en_US\" \/>\n<meta property=\"og:type\" content=\"article\" \/>\n<meta property=\"og:title\" content=\"UMH hosts work group on University Quality from NeurotechEU - International Relations and Cooperation\" \/>\n<meta property=\"og:description\" content=\"The Vice Rectorate for Internationalization and Cooperation, along with the Service of International Relations, Development Cooperation and Volunteerism at the Miguel Hern\u00e1ndez University of Elche (UMH), held a meeting from Work Packet 2 of NeurotechEU, which focused on quality assurance for the activities performed on the project and the European alliance. Participants at the meeting [...]\" \/>\n<meta property=\"og:url\" content=\"https:\/\/internacional.umh.es\/2023\/05\/19\/la-umh-acoge-al-grupo-de-trabajo-sobre-calidad-universitaria-de-neurotecheu\/\" \/>\n<meta property=\"og:site_name\" content=\"International Relations and Cooperation\" \/>\n<meta property=\"article:published_time\" content=\"2023-05-19T11:52:25+00:00\" \/>\n<meta property=\"article:modified_time\" content=\"2023-05-21T06:08:57+00:00\" \/>\n<meta property=\"og:image\" content=\"https:\/\/internacional.umh.es\/files\/2023\/05\/IMG_1954-300x169.jpg\" \/>\n<meta name=\"twitter:card\" content=\"summary_large_image\" \/>\n<meta name=\"twitter:label1\" content=\"Written by\" \/>\n\t<meta name=\"twitter:data1\" content=\"l.sempere\" \/>\n\t<meta name=\"twitter:label2\" content=\"Est. reading time\" \/>\n\t<meta name=\"twitter:data2\" content=\"2 minutes\" \/>\n<script type=\"application\/ld+json\" class=\"yoast-schema-graph\">{\"@context\":\"https:\/\/schema.org\",\"@graph\":[{\"@type\":\"WebSite\",\"@id\":\"https:\/\/internacional.umh.es\/en\/#website\",\"url\":\"https:\/\/internacional.umh.es\/en\/\",\"name\":\"International Relations and Cooperation\",\"description\":\"Miguel Hernandez University of Elche\",\"potentialAction\":[{\"@type\":\"SearchAction\",\"target\":{\"@type\":\"EntryPoint\",\"urlTemplate\":\"https:\/\/internacional.umh.es\/en\/?s={search_term_string}\"},\"query-input\":\"required name=search_term_string\"}],\"inLanguage\":\"en-US\"},{\"@type\":\"ImageObject\",\"@id\":\"https:\/\/internacional.umh.es\/2023\/05\/19\/la-umh-acoge-al-grupo-de-trabajo-sobre-calidad-universitaria-de-neurotecheu\/#primaryimage\",\"inLanguage\":\"en-US\",\"url\":\"https:\/\/internacional.umh.es\/files\/2023\/05\/IMG_1954-300x169.jpg\",\"contentUrl\":\"https:\/\/internacional.umh.es\/files\/2023\/05\/IMG_1954-300x169.jpg\"},{\"@type\":\"WebPage\",\"@id\":\"https:\/\/internacional.umh.es\/2023\/05\/19\/la-umh-acoge-al-grupo-de-trabajo-sobre-calidad-universitaria-de-neurotecheu\/#webpage\",\"url\":\"https:\/\/internacional.umh.es\/2023\/05\/19\/la-umh-acoge-al-grupo-de-trabajo-sobre-calidad-universitaria-de-neurotecheu\/\",\"name\":\"UMH hosts work group on University Quality from NeurotechEU - International Relations and Cooperation\",\"isPartOf\":{\"@id\":\"https:\/\/internacional.umh.es\/en\/#website\"},\"primaryImageOfPage\":{\"@id\":\"https:\/\/internacional.umh.es\/2023\/05\/19\/la-umh-acoge-al-grupo-de-trabajo-sobre-calidad-universitaria-de-neurotecheu\/#primaryimage\"},\"datePublished\":\"2023-05-19T11:52:25+00:00\",\"dateModified\":\"2023-05-21T06:08:57+00:00\",\"author\":{\"@id\":\"https:\/\/internacional.umh.es\/en\/#\/schema\/person\/fd81c4b213566f3add82d0f214928dfa\"},\"breadcrumb\":{\"@id\":\"https:\/\/internacional.umh.es\/2023\/05\/19\/la-umh-acoge-al-grupo-de-trabajo-sobre-calidad-universitaria-de-neurotecheu\/#breadcrumb\"},\"inLanguage\":\"en-US\",\"potentialAction\":[{\"@type\":\"ReadAction\",\"target\":[\"https:\/\/internacional.umh.es\/2023\/05\/19\/la-umh-acoge-al-grupo-de-trabajo-sobre-calidad-universitaria-de-neurotecheu\/\"]}]},{\"@type\":\"BreadcrumbList\",\"@id\":\"https:\/\/internacional.umh.es\/2023\/05\/19\/la-umh-acoge-al-grupo-de-trabajo-sobre-calidad-universitaria-de-neurotecheu\/#breadcrumb\",\"itemListElement\":[{\"@type\":\"ListItem\",\"position\":1,\"name\":\"Home\",\"item\":\"https:\/\/internacional.umh.es\/en\/\"},{\"@type\":\"ListItem\",\"position\":2,\"name\":\"La UMH acoge al grupo de trabajo sobre Calidad Universitaria de NeurotechEU\"}]},{\"@type\":\"Person\",\"@id\":\"https:\/\/internacional.umh.es\/en\/#\/schema\/person\/fd81c4b213566f3add82d0f214928dfa\",\"name\":\"l.sempere\",\"image\":{\"@type\":\"ImageObject\",\"@id\":\"https:\/\/internacional.umh.es\/en\/#personlogo\",\"inLanguage\":\"en-US\",\"url\":\"https:\/\/secure.gravatar.com\/avatar\/1f9861c855fb90ab758094a71cf6e565?s=96&d=mm&r=g\",\"contentUrl\":\"https:\/\/secure.gravatar.com\/avatar\/1f9861c855fb90ab758094a71cf6e565?s=96&d=mm&r=g\",\"caption\":\"l.sempere\"},\"url\":\"https:\/\/internacional.umh.es\/en\/author\/l-sempere\/\"}]}<\/script>\n<!-- \/ Yoast SEO plugin. -->","yoast_head_json":{"robots":{"index":"index","follow":"follow","max-snippet":"max-snippet:-1","max-image-preview":"max-image-preview:large","max-video-preview":"max-video-preview:-1"},"canonical":"https:\/\/internacional.umh.es\/en\/2023\/05\/19\/la-umh-acoge-al-grupo-de-trabajo-sobre-calidad-universitaria-de-neurotecheu\/","og_locale":"en_US","og_type":"article","og_title":"UMH hosts work group on University Quality from NeurotechEU - International Relations and Cooperation","og_description":"The Vice Rectorate for Internationalization and Cooperation, along with the Service of International Relations, Development Cooperation and Volunteerism at the Miguel Hern\u00e1ndez University of Elche (UMH), held a meeting from Work Packet 2 of NeurotechEU, which focused on quality assurance for the activities performed on the project and the European alliance. Participants at the meeting [...]","og_url":"https:\/\/internacional.umh.es\/2023\/05\/19\/la-umh-acoge-al-grupo-de-trabajo-sobre-calidad-universitaria-de-neurotecheu\/","og_site_name":"International Relations and Cooperation","article_published_time":"2023-05-19T11:52:25+00:00","article_modified_time":"2023-05-21T06:08:57+00:00","og_image":[{"url":"https:\/\/internacional.umh.es\/files\/2023\/05\/IMG_1954-300x169.jpg"}],"twitter_card":"summary_large_image","twitter_misc":{"Written by":"l.sempere","Est. reading time":"2 minutes"},"schema":{"@context":"https:\/\/schema.org","@graph":[{"@type":"WebSite","@id":"https:\/\/internacional.umh.es\/en\/#website","url":"https:\/\/internacional.umh.es\/en\/","name":"International Relations and Cooperation","description":"Miguel Hernandez University of Elche","potentialAction":[{"@type":"SearchAction","target":{"@type":"EntryPoint","urlTemplate":"https:\/\/internacional.umh.es\/en\/?s={search_term_string}"},"query-input":"required name=search_term_string"}],"inLanguage":"en-US"},{"@type":"ImageObject","@id":"https:\/\/internacional.umh.es\/2023\/05\/19\/la-umh-acoge-al-grupo-de-trabajo-sobre-calidad-universitaria-de-neurotecheu\/#primaryimage","inLanguage":"en-US","url":"https:\/\/internacional.umh.es\/files\/2023\/05\/IMG_1954-300x169.jpg","contentUrl":"https:\/\/internacional.umh.es\/files\/2023\/05\/IMG_1954-300x169.jpg"},{"@type":"WebPage","@id":"https:\/\/internacional.umh.es\/2023\/05\/19\/la-umh-acoge-al-grupo-de-trabajo-sobre-calidad-universitaria-de-neurotecheu\/#webpage","url":"https:\/\/internacional.umh.es\/2023\/05\/19\/la-umh-acoge-al-grupo-de-trabajo-sobre-calidad-universitaria-de-neurotecheu\/","name":"UMH hosts work group on University Quality from NeurotechEU - International Relations and Cooperation","isPartOf":{"@id":"https:\/\/internacional.umh.es\/en\/#website"},"primaryImageOfPage":{"@id":"https:\/\/internacional.umh.es\/2023\/05\/19\/la-umh-acoge-al-grupo-de-trabajo-sobre-calidad-universitaria-de-neurotecheu\/#primaryimage"},"datePublished":"2023-05-19T11:52:25+00:00","dateModified":"2023-05-21T06:08:57+00:00","author":{"@id":"https:\/\/internacional.umh.es\/en\/#\/schema\/person\/fd81c4b213566f3add82d0f214928dfa"},"breadcrumb":{"@id":"https:\/\/internacional.umh.es\/2023\/05\/19\/la-umh-acoge-al-grupo-de-trabajo-sobre-calidad-universitaria-de-neurotecheu\/#breadcrumb"},"inLanguage":"en-US","potentialAction":[{"@type":"ReadAction","target":["https:\/\/internacional.umh.es\/2023\/05\/19\/la-umh-acoge-al-grupo-de-trabajo-sobre-calidad-universitaria-de-neurotecheu\/"]}]},{"@type":"BreadcrumbList","@id":"https:\/\/internacional.umh.es\/2023\/05\/19\/la-umh-acoge-al-grupo-de-trabajo-sobre-calidad-universitaria-de-neurotecheu\/#breadcrumb","itemListElement":[{"@type":"ListItem","position":1,"name":"Home","item":"https:\/\/internacional.umh.es\/en\/"},{"@type":"ListItem","position":2,"name":"La UMH acoge al grupo de trabajo sobre Calidad Universitaria de NeurotechEU"}]},{"@type":"Person","@id":"https:\/\/internacional.umh.es\/en\/#\/schema\/person\/fd81c4b213566f3add82d0f214928dfa","name":"l.sempere","image":{"@type":"ImageObject","@id":"https:\/\/internacional.umh.es\/en\/#personlogo","inLanguage":"en-US","url":"https:\/\/secure.gravatar.com\/avatar\/1f9861c855fb90ab758094a71cf6e565?s=96&d=mm&r=g","contentUrl":"https:\/\/secure.gravatar.com\/avatar\/1f9861c855fb90ab758094a71cf6e565?s=96&d=mm&r=g","caption":"l.sempere"},"url":"https:\/\/internacional.umh.es\/en\/author\/l-sempere\/"}]}},"_links":{"self":[{"href":"https:\/\/internacional.umh.es\/en\/wp-json\/wp\/v2\/posts\/30242"}],"collection":[{"href":"https:\/\/internacional.umh.es\/en\/wp-json\/wp\/v2\/posts"}],"about":[{"href":"https:\/\/internacional.umh.es\/en\/wp-json\/wp\/v2\/types\/post"}],"author":[{"embeddable":true,"href":"https:\/\/internacional.umh.es\/en\/wp-json\/wp\/v2\/users\/6508"}],"replies":[{"embeddable":true,"href":"https:\/\/internacional.umh.es\/en\/wp-json\/wp\/v2\/comments?post=30242"}],"version-history":[{"count":0,"href":"https:\/\/internacional.umh.es\/en\/wp-json\/wp\/v2\/posts\/30242\/revisions"}],"wp:attachment":[{"href":"https:\/\/internacional.umh.es\/en\/wp-json\/wp\/v2\/media?parent=30242"}],"wp:term":[{"taxonomy":"category","embeddable":true,"href":"https:\/\/internacional.umh.es\/en\/wp-json\/wp\/v2\/categories?post=30242"},{"taxonomy":"post_tag","embeddable":true,"href":"https:\/\/internacional.umh.es\/en\/wp-json\/wp\/v2\/tags?post=30242"}],"curies":[{"name":"wp","href":"https:\/\/api.w.org\/{rel}","templated":true}]}}