{"id":31955,"date":"2023-10-04T09:25:48","date_gmt":"2023-10-04T07:25:48","guid":{"rendered":"https:\/\/internacional.umh.es\/?p=31955"},"modified":"2023-10-04T10:50:07","modified_gmt":"2023-10-04T08:50:07","slug":"se-publica-la-asignacion-de-credito-a-proyectos-de-investigacion-ligados-a-la-cooperacion-internacional-al-desarrollo-en-el-marco-de-los-ods","status":"publish","type":"post","link":"https:\/\/internacional.umh.es\/en\/2023\/10\/04\/se-publica-la-asignacion-de-credito-a-proyectos-de-investigacion-ligados-a-la-cooperacion-internacional-al-desarrollo-en-el-marco-de-los-ods\/","title":{"rendered":"Allocation of funding for research projects linked to international development cooperation on the framework of the SDGs"},"content":{"rendered":"<p><\/p>\n<p style=\"text-align: justify\"><a href=\"https:\/\/internacional.umh.es\/files\/2023\/10\/Publicaciones-Instagram-7.png\"><img loading=\"lazy\" class=\"size-medium wp-image-31957 alignleft\" title=\"Asignaci\u00f3n cr\u00e9dito investigaci\u00f3n\" src=\"https:\/\/internacional.umh.es\/files\/2023\/10\/Publicaciones-Instagram-7-300x300.png\" alt=\"\" width=\"300\" height=\"300\" srcset=\"https:\/\/internacional.umh.es\/files\/2023\/10\/Publicaciones-Instagram-7-300x300.png 300w, https:\/\/internacional.umh.es\/files\/2023\/10\/Publicaciones-Instagram-7-1024x1024.png 1024w, https:\/\/internacional.umh.es\/files\/2023\/10\/Publicaciones-Instagram-7-150x150.png 150w, https:\/\/internacional.umh.es\/files\/2023\/10\/Publicaciones-Instagram-7-768x768.png 768w, https:\/\/internacional.umh.es\/files\/2023\/10\/Publicaciones-Instagram-7.png 1080w\" sizes=\"(max-width: 300px) 100vw, 300px\" \/><\/a>The Vice Rectorate for Internationalization and Cooperation at the Miguel Hern\u00e1ndez University of Elche (UMH) hereby publishes Rectoral Resolution 02715\/2023, of October 3, which allocates funding for the internal call to allocate funding for research projects linked to international development cooperation on the framework of the Sustainable Development Goals. AGREEMENT: UMH-GVA REF. SOLCIF 2022\/0005 (c\u00f3d. 11-134-4-2023-0133).<\/p>\n<p style=\"text-align: justify\">This call aims to fund international research projects to fulfill the Sustainable Development Goals from the 2030 Agenda of the United Nations, and is marked in the research lines from the Development Cooperation Program that the UMH signs every year with the Generalitat Valenciana through the General Direction of International Development Cooperation at the GV Ministry of Participation, Transparency and Democratic Quality. This is in accordance with its policy to contribute to improvements in the development of underprivileged countries. It is also in accordance with the commitment to align with the national and global strategies on development cooperation policy and programs, taking as reference the 2030 Agenda.<\/p>\n<p style=\"text-align: justify\">More information is available <a href=\"https:\/\/internacional.umh.es\/cooperacion-y-voluntariado\/convocatorias\/proyectos-de-investigacion-sobre-ods-2019-2020-convocatoria-finalizada\/\">here<\/a>.<\/p>\n<p><\/p>","protected":false},"excerpt":{"rendered":"<p>The Vice Rectorate for Internationalization and Cooperation at the Miguel Hern\u00e1ndez University of Elche (UMH) hereby publishes Rectoral Resolution 02715\/2023, of October 3, which allocates funding for the internal call to allocate funding for research projects linked to international development cooperation on the framework of the Sustainable Development Goals. AGREEMENT: UMH-GVA REF. SOLCIF 2022\/0005 (c\u00f3d. [&#8230;]<\/p>\n","protected":false},"author":408,"featured_media":0,"comment_status":"closed","ping_status":"closed","sticky":false,"template":"","format":"standard","meta":{"ngg_post_thumbnail":0,"_links_to":"","_links_to_target":""},"categories":[46075,296002],"tags":[],"yoast_head":"<!-- This site is optimized with the Yoast SEO plugin v17.5 - https:\/\/yoast.com\/wordpress\/plugins\/seo\/ -->\n<meta name=\"robots\" content=\"index, follow, max-snippet:-1, max-image-preview:large, max-video-preview:-1\" \/>\n<link rel=\"canonical\" href=\"https:\/\/internacional.umh.es\/en\/2023\/10\/04\/se-publica-la-asignacion-de-credito-a-proyectos-de-investigacion-ligados-a-la-cooperacion-internacional-al-desarrollo-en-el-marco-de-los-ods\/\" \/>\n<meta property=\"og:locale\" content=\"en_US\" \/>\n<meta property=\"og:type\" content=\"article\" \/>\n<meta property=\"og:title\" content=\"Allocation of funding for research projects linked to international development cooperation on the framework of the SDGs - International Relations and Cooperation\" \/>\n<meta property=\"og:description\" content=\"The Vice Rectorate for Internationalization and Cooperation at the Miguel Hern\u00e1ndez University of Elche (UMH) hereby publishes Rectoral Resolution 02715\/2023, of October 3, which allocates funding for the internal call to allocate funding for research projects linked to international development cooperation on the framework of the Sustainable Development Goals. AGREEMENT: UMH-GVA REF. SOLCIF 2022\/0005 (c\u00f3d. [...]\" \/>\n<meta property=\"og:url\" content=\"https:\/\/internacional.umh.es\/en\/2023\/10\/04\/se-publica-la-asignacion-de-credito-a-proyectos-de-investigacion-ligados-a-la-cooperacion-internacional-al-desarrollo-en-el-marco-de-los-ods\/\" \/>\n<meta property=\"og:site_name\" content=\"International Relations and Cooperation\" \/>\n<meta property=\"article:published_time\" content=\"2023-10-04T07:25:48+00:00\" \/>\n<meta property=\"article:modified_time\" content=\"2023-10-04T08:50:07+00:00\" \/>\n<meta property=\"og:image\" content=\"https:\/\/internacional.umh.es\/files\/2023\/10\/Publicaciones-Instagram-7-300x300.png\" \/>\n<meta name=\"twitter:card\" content=\"summary_large_image\" \/>\n<meta name=\"twitter:label1\" content=\"Written by\" \/>\n\t<meta name=\"twitter:data1\" content=\"Paul Nordstrom\" \/>\n\t<meta name=\"twitter:label2\" content=\"Est. reading time\" \/>\n\t<meta name=\"twitter:data2\" content=\"2 minutes\" \/>\n<script type=\"application\/ld+json\" class=\"yoast-schema-graph\">{\"@context\":\"https:\/\/schema.org\",\"@graph\":[{\"@type\":\"WebSite\",\"@id\":\"https:\/\/internacional.umh.es\/en\/#website\",\"url\":\"https:\/\/internacional.umh.es\/en\/\",\"name\":\"International Relations and Cooperation\",\"description\":\"Miguel Hernandez University of Elche\",\"potentialAction\":[{\"@type\":\"SearchAction\",\"target\":{\"@type\":\"EntryPoint\",\"urlTemplate\":\"https:\/\/internacional.umh.es\/en\/?s={search_term_string}\"},\"query-input\":\"required name=search_term_string\"}],\"inLanguage\":\"en-US\"},{\"@type\":\"ImageObject\",\"@id\":\"https:\/\/internacional.umh.es\/en\/2023\/10\/04\/se-publica-la-asignacion-de-credito-a-proyectos-de-investigacion-ligados-a-la-cooperacion-internacional-al-desarrollo-en-el-marco-de-los-ods\/#primaryimage\",\"inLanguage\":\"en-US\",\"url\":\"https:\/\/internacional.umh.es\/files\/2023\/10\/Publicaciones-Instagram-7.png\",\"contentUrl\":\"https:\/\/internacional.umh.es\/files\/2023\/10\/Publicaciones-Instagram-7.png\",\"width\":1080,\"height\":1080},{\"@type\":\"WebPage\",\"@id\":\"https:\/\/internacional.umh.es\/en\/2023\/10\/04\/se-publica-la-asignacion-de-credito-a-proyectos-de-investigacion-ligados-a-la-cooperacion-internacional-al-desarrollo-en-el-marco-de-los-ods\/#webpage\",\"url\":\"https:\/\/internacional.umh.es\/en\/2023\/10\/04\/se-publica-la-asignacion-de-credito-a-proyectos-de-investigacion-ligados-a-la-cooperacion-internacional-al-desarrollo-en-el-marco-de-los-ods\/\",\"name\":\"Allocation of funding for research projects linked to international development cooperation on the framework of the SDGs - International Relations and Cooperation\",\"isPartOf\":{\"@id\":\"https:\/\/internacional.umh.es\/en\/#website\"},\"primaryImageOfPage\":{\"@id\":\"https:\/\/internacional.umh.es\/en\/2023\/10\/04\/se-publica-la-asignacion-de-credito-a-proyectos-de-investigacion-ligados-a-la-cooperacion-internacional-al-desarrollo-en-el-marco-de-los-ods\/#primaryimage\"},\"datePublished\":\"2023-10-04T07:25:48+00:00\",\"dateModified\":\"2023-10-04T08:50:07+00:00\",\"author\":{\"@id\":\"https:\/\/internacional.umh.es\/en\/#\/schema\/person\/06ad8f19ed011683797bbaea34757912\"},\"breadcrumb\":{\"@id\":\"https:\/\/internacional.umh.es\/en\/2023\/10\/04\/se-publica-la-asignacion-de-credito-a-proyectos-de-investigacion-ligados-a-la-cooperacion-internacional-al-desarrollo-en-el-marco-de-los-ods\/#breadcrumb\"},\"inLanguage\":\"en-US\",\"potentialAction\":[{\"@type\":\"ReadAction\",\"target\":[\"https:\/\/internacional.umh.es\/en\/2023\/10\/04\/se-publica-la-asignacion-de-credito-a-proyectos-de-investigacion-ligados-a-la-cooperacion-internacional-al-desarrollo-en-el-marco-de-los-ods\/\"]}]},{\"@type\":\"BreadcrumbList\",\"@id\":\"https:\/\/internacional.umh.es\/en\/2023\/10\/04\/se-publica-la-asignacion-de-credito-a-proyectos-de-investigacion-ligados-a-la-cooperacion-internacional-al-desarrollo-en-el-marco-de-los-ods\/#breadcrumb\",\"itemListElement\":[{\"@type\":\"ListItem\",\"position\":1,\"name\":\"Home\",\"item\":\"https:\/\/internacional.umh.es\/en\/\"},{\"@type\":\"ListItem\",\"position\":2,\"name\":\"Allocation of funding for research projects linked to international development cooperation on the framework of the SDGs\"}]},{\"@type\":\"Person\",\"@id\":\"https:\/\/internacional.umh.es\/en\/#\/schema\/person\/06ad8f19ed011683797bbaea34757912\",\"name\":\"Paul Nordstrom\",\"image\":{\"@type\":\"ImageObject\",\"@id\":\"https:\/\/internacional.umh.es\/en\/#personlogo\",\"inLanguage\":\"en-US\",\"url\":\"https:\/\/secure.gravatar.com\/avatar\/f0407012c6b2a1afeb509131f7f55c4e?s=96&d=mm&r=g\",\"contentUrl\":\"https:\/\/secure.gravatar.com\/avatar\/f0407012c6b2a1afeb509131f7f55c4e?s=96&d=mm&r=g\",\"caption\":\"Paul Nordstrom\"},\"url\":\"https:\/\/internacional.umh.es\/en\/author\/paul\/\"}]}<\/script>\n<!-- \/ Yoast SEO plugin. -->","yoast_head_json":{"robots":{"index":"index","follow":"follow","max-snippet":"max-snippet:-1","max-image-preview":"max-image-preview:large","max-video-preview":"max-video-preview:-1"},"canonical":"https:\/\/internacional.umh.es\/en\/2023\/10\/04\/se-publica-la-asignacion-de-credito-a-proyectos-de-investigacion-ligados-a-la-cooperacion-internacional-al-desarrollo-en-el-marco-de-los-ods\/","og_locale":"en_US","og_type":"article","og_title":"Allocation of funding for research projects linked to international development cooperation on the framework of the SDGs - International Relations and Cooperation","og_description":"The Vice Rectorate for Internationalization and Cooperation at the Miguel Hern\u00e1ndez University of Elche (UMH) hereby publishes Rectoral Resolution 02715\/2023, of October 3, which allocates funding for the internal call to allocate funding for research projects linked to international development cooperation on the framework of the Sustainable Development Goals. AGREEMENT: UMH-GVA REF. SOLCIF 2022\/0005 (c\u00f3d. [...]","og_url":"https:\/\/internacional.umh.es\/en\/2023\/10\/04\/se-publica-la-asignacion-de-credito-a-proyectos-de-investigacion-ligados-a-la-cooperacion-internacional-al-desarrollo-en-el-marco-de-los-ods\/","og_site_name":"International Relations and Cooperation","article_published_time":"2023-10-04T07:25:48+00:00","article_modified_time":"2023-10-04T08:50:07+00:00","og_image":[{"url":"https:\/\/internacional.umh.es\/files\/2023\/10\/Publicaciones-Instagram-7-300x300.png"}],"twitter_card":"summary_large_image","twitter_misc":{"Written by":"Paul Nordstrom","Est. reading time":"2 minutes"},"schema":{"@context":"https:\/\/schema.org","@graph":[{"@type":"WebSite","@id":"https:\/\/internacional.umh.es\/en\/#website","url":"https:\/\/internacional.umh.es\/en\/","name":"International Relations and Cooperation","description":"Miguel Hernandez University of Elche","potentialAction":[{"@type":"SearchAction","target":{"@type":"EntryPoint","urlTemplate":"https:\/\/internacional.umh.es\/en\/?s={search_term_string}"},"query-input":"required name=search_term_string"}],"inLanguage":"en-US"},{"@type":"ImageObject","@id":"https:\/\/internacional.umh.es\/en\/2023\/10\/04\/se-publica-la-asignacion-de-credito-a-proyectos-de-investigacion-ligados-a-la-cooperacion-internacional-al-desarrollo-en-el-marco-de-los-ods\/#primaryimage","inLanguage":"en-US","url":"https:\/\/internacional.umh.es\/files\/2023\/10\/Publicaciones-Instagram-7.png","contentUrl":"https:\/\/internacional.umh.es\/files\/2023\/10\/Publicaciones-Instagram-7.png","width":1080,"height":1080},{"@type":"WebPage","@id":"https:\/\/internacional.umh.es\/en\/2023\/10\/04\/se-publica-la-asignacion-de-credito-a-proyectos-de-investigacion-ligados-a-la-cooperacion-internacional-al-desarrollo-en-el-marco-de-los-ods\/#webpage","url":"https:\/\/internacional.umh.es\/en\/2023\/10\/04\/se-publica-la-asignacion-de-credito-a-proyectos-de-investigacion-ligados-a-la-cooperacion-internacional-al-desarrollo-en-el-marco-de-los-ods\/","name":"Allocation of funding for research projects linked to international development cooperation on the framework of the SDGs - International Relations and Cooperation","isPartOf":{"@id":"https:\/\/internacional.umh.es\/en\/#website"},"primaryImageOfPage":{"@id":"https:\/\/internacional.umh.es\/en\/2023\/10\/04\/se-publica-la-asignacion-de-credito-a-proyectos-de-investigacion-ligados-a-la-cooperacion-internacional-al-desarrollo-en-el-marco-de-los-ods\/#primaryimage"},"datePublished":"2023-10-04T07:25:48+00:00","dateModified":"2023-10-04T08:50:07+00:00","author":{"@id":"https:\/\/internacional.umh.es\/en\/#\/schema\/person\/06ad8f19ed011683797bbaea34757912"},"breadcrumb":{"@id":"https:\/\/internacional.umh.es\/en\/2023\/10\/04\/se-publica-la-asignacion-de-credito-a-proyectos-de-investigacion-ligados-a-la-cooperacion-internacional-al-desarrollo-en-el-marco-de-los-ods\/#breadcrumb"},"inLanguage":"en-US","potentialAction":[{"@type":"ReadAction","target":["https:\/\/internacional.umh.es\/en\/2023\/10\/04\/se-publica-la-asignacion-de-credito-a-proyectos-de-investigacion-ligados-a-la-cooperacion-internacional-al-desarrollo-en-el-marco-de-los-ods\/"]}]},{"@type":"BreadcrumbList","@id":"https:\/\/internacional.umh.es\/en\/2023\/10\/04\/se-publica-la-asignacion-de-credito-a-proyectos-de-investigacion-ligados-a-la-cooperacion-internacional-al-desarrollo-en-el-marco-de-los-ods\/#breadcrumb","itemListElement":[{"@type":"ListItem","position":1,"name":"Home","item":"https:\/\/internacional.umh.es\/en\/"},{"@type":"ListItem","position":2,"name":"Allocation of funding for research projects linked to international development cooperation on the framework of the SDGs"}]},{"@type":"Person","@id":"https:\/\/internacional.umh.es\/en\/#\/schema\/person\/06ad8f19ed011683797bbaea34757912","name":"Paul Nordstrom","image":{"@type":"ImageObject","@id":"https:\/\/internacional.umh.es\/en\/#personlogo","inLanguage":"en-US","url":"https:\/\/secure.gravatar.com\/avatar\/f0407012c6b2a1afeb509131f7f55c4e?s=96&d=mm&r=g","contentUrl":"https:\/\/secure.gravatar.com\/avatar\/f0407012c6b2a1afeb509131f7f55c4e?s=96&d=mm&r=g","caption":"Paul Nordstrom"},"url":"https:\/\/internacional.umh.es\/en\/author\/paul\/"}]}},"_links":{"self":[{"href":"https:\/\/internacional.umh.es\/en\/wp-json\/wp\/v2\/posts\/31955"}],"collection":[{"href":"https:\/\/internacional.umh.es\/en\/wp-json\/wp\/v2\/posts"}],"about":[{"href":"https:\/\/internacional.umh.es\/en\/wp-json\/wp\/v2\/types\/post"}],"author":[{"embeddable":true,"href":"https:\/\/internacional.umh.es\/en\/wp-json\/wp\/v2\/users\/408"}],"replies":[{"embeddable":true,"href":"https:\/\/internacional.umh.es\/en\/wp-json\/wp\/v2\/comments?post=31955"}],"version-history":[{"count":0,"href":"https:\/\/internacional.umh.es\/en\/wp-json\/wp\/v2\/posts\/31955\/revisions"}],"wp:attachment":[{"href":"https:\/\/internacional.umh.es\/en\/wp-json\/wp\/v2\/media?parent=31955"}],"wp:term":[{"taxonomy":"category","embeddable":true,"href":"https:\/\/internacional.umh.es\/en\/wp-json\/wp\/v2\/categories?post=31955"},{"taxonomy":"post_tag","embeddable":true,"href":"https:\/\/internacional.umh.es\/en\/wp-json\/wp\/v2\/tags?post=31955"}],"curies":[{"name":"wp","href":"https:\/\/api.w.org\/{rel}","templated":true}]}}