{"id":32123,"date":"2023-10-25T12:15:23","date_gmt":"2023-10-25T10:15:23","guid":{"rendered":"https:\/\/internacional.umh.es\/?p=32123"},"modified":"2023-10-25T17:38:39","modified_gmt":"2023-10-25T15:38:39","slug":"la-catedra-prosperidad-de-la-umh-anuncia-su-participacion-en-la-creacion-de-la-red-de-catedras-universitarias-de-sostenibilidad","status":"publish","type":"post","link":"https:\/\/internacional.umh.es\/en\/2023\/10\/25\/la-catedra-prosperidad-de-la-umh-anuncia-su-participacion-en-la-creacion-de-la-red-de-catedras-universitarias-de-sostenibilidad\/","title":{"rendered":"UMH Prosperity Chair announces its participation in the creation of a network of university chairs on sustainability"},"content":{"rendered":"<p><\/p>\n<p style=\"text-align: justify\"><em>Prosperity, the name for the Sustainable Development and Cooperation Chair at the Miguel Hern\u00e1ndez University of Elche (UMH), is participating in the creation of a network of university chairs on sustainability as part of its commitment to sustainability and the Sustainable Development Goals.<\/em><\/p>\n<p style=\"text-align: justify\">At the first \u2018University Sustainability Chairs. 2030 Agenda, Climate Change and Circular Economy\u2019 meeting, held October 4, 2023, in Oviedo, Spain, representatives from different university chairs from all over Spain agreed to create the &#8216;Network of University Chairs on Sustainability&#8217; to foster collaboration on training, research, innovation, and transfer of the Sustainable Development Goals (SDG) from the United Nations 2030 Agenda.<\/p>\n<p style=\"text-align: justify\">One feature of the event was the commitment to active collaboration by the chairs at universities from different regions, with the aim of addressing the challenges proposed by the SDGs. This new network is adopting a cross- and multi-disciplinary approach, recognizing and celebrating the vast diversity of knowledge and goals present in the individual university chairs.<\/p>\n<p style=\"text-align: justify\">This new group is aiming to be a common voice for the chairs, a platform for communication that will facilitate collaboration in projects and dissemination of activities among the affiliated entities. The network will promote expertise and rigorous information, maintaining a clear and firm posture on the validity and urgency of sustainability. Furthermore, a commitment to hold annual rotating meetings was established, to be hosted by its participating institutions, to strengthen cohesion and assess the progress achieved.<\/p>\n<p style=\"text-align: justify\">Through the creation of the network, &#8216;University Sustainability Chairs. 2030 Agenda, Climate Change and Circular Economy&#8217; meetings will invite the university chairs from all over Spain to unite around this commitment to sustainability and to overcome the challenges posed by the Sustainable Development Goals.<\/p>\n<p>&nbsp;<\/p>\n<p><strong>About the Prosperity Chair<\/strong><\/p>\n<p style=\"text-align: justify\">Prosperity (<a href=\"https:\/\/catedraprosperidad.umh.es\/\">catedraprosperidad.umh.es<\/a>), the Sustainable Development and Cooperation Chair at the Miguel Hern\u00e1ndez University, was born in 2021 with the objective of fostering knowledge about and application of the Sustainable Development Goals from the United Nations 2030 Agenda throughout the university community and all groups and entities of interest within its area of influence.<\/p>\n<p style=\"text-align: justify\">The Generalitat Valenciana, through its Ministry of Participation, Transparency, Cooperation, and Democratic Quality, funds a sustainable development and cooperation chair at each of the five Valencian Community public universities.<\/p>\n<p style=\"text-align: justify\">The main challenges of our chair focus on training, researching, documenting, and informing society about the <em>P<\/em> of Prosperity: inclusive and sustainable economic growth that results in full employment with dignified work; construction of resilient infrastructure with inclusive employment and innovative industry; reduction of inequality and ensuring that human settlements are inclusive, safe, resilient, and sustainable.<\/p>\n<p><a href=\"https:\/\/internacional.umh.es\/files\/2023\/10\/Diseno-sin-titulo-31.png\"><img loading=\"lazy\" class=\"alignnone wp-image-32126\" src=\"https:\/\/internacional.umh.es\/files\/2023\/10\/Diseno-sin-titulo-31.png\" alt=\"\" width=\"253\" height=\"163\"><\/a><\/p>\n<p>&nbsp;<\/p>","protected":false},"excerpt":{"rendered":"<p>Prosperity, the name for the Sustainable Development and Cooperation Chair at the Miguel Hern\u00e1ndez University of Elche (UMH), is participating in the creation of a network of university chairs on sustainability as part of its commitment to sustainability and the Sustainable Development Goals.<br \/>\nAt the first \u2018University Sustainability Chairs. 2030 Agenda, Climate Change and Circular Economy\u2019 [&#8230;]<\/p>\n","protected":false},"author":408,"featured_media":0,"comment_status":"closed","ping_status":"closed","sticky":false,"template":"","format":"standard","meta":{"ngg_post_thumbnail":0,"_links_to":"","_links_to_target":""},"categories":[402498],"tags":[],"yoast_head":"<!-- This site is optimized with the Yoast SEO plugin v17.5 - https:\/\/yoast.com\/wordpress\/plugins\/seo\/ -->\n<meta name=\"robots\" content=\"index, follow, max-snippet:-1, max-image-preview:large, max-video-preview:-1\" \/>\n<link rel=\"canonical\" href=\"https:\/\/internacional.umh.es\/en\/2023\/10\/25\/la-catedra-prosperidad-de-la-umh-anuncia-su-participacion-en-la-creacion-de-la-red-de-catedras-universitarias-de-sostenibilidad\/\" \/>\n<meta property=\"og:locale\" content=\"en_US\" \/>\n<meta property=\"og:type\" content=\"article\" \/>\n<meta property=\"og:title\" content=\"UMH Prosperity Chair announces its participation in the creation of a network of university chairs on sustainability - International Relations and Cooperation\" \/>\n<meta property=\"og:description\" content=\"Prosperity, the name for the Sustainable Development and Cooperation Chair at the Miguel Hern\u00e1ndez University of Elche (UMH), is participating in the creation of a network of university chairs on sustainability as part of its commitment to sustainability and the Sustainable Development Goals. At the first \u2018University Sustainability Chairs. 2030 Agenda, Climate Change and Circular Economy\u2019 [...]\" \/>\n<meta property=\"og:url\" content=\"https:\/\/internacional.umh.es\/ca\/2023\/10\/25\/la-catedra-prosperidad-de-la-umh-anuncia-su-participacion-en-la-creacion-de-la-red-de-catedras-universitarias-de-sostenibilidad\/\" \/>\n<meta property=\"og:site_name\" content=\"International Relations and Cooperation\" \/>\n<meta property=\"article:published_time\" content=\"2023-10-25T10:15:23+00:00\" \/>\n<meta property=\"article:modified_time\" content=\"2023-10-25T15:38:39+00:00\" \/>\n<meta property=\"og:image\" content=\"https:\/\/internacional.umh.es\/files\/2023\/10\/Diseno-sin-titulo-31.png\" \/>\n<meta name=\"twitter:card\" content=\"summary_large_image\" \/>\n<meta name=\"twitter:label1\" content=\"Written by\" \/>\n\t<meta name=\"twitter:data1\" content=\"Paul Nordstrom\" \/>\n\t<meta name=\"twitter:label2\" content=\"Est. reading time\" \/>\n\t<meta name=\"twitter:data2\" content=\"3 minutes\" \/>\n<script type=\"application\/ld+json\" class=\"yoast-schema-graph\">{\"@context\":\"https:\/\/schema.org\",\"@graph\":[{\"@type\":\"WebSite\",\"@id\":\"https:\/\/internacional.umh.es\/en\/#website\",\"url\":\"https:\/\/internacional.umh.es\/en\/\",\"name\":\"International Relations and Cooperation\",\"description\":\"Miguel Hernandez University of Elche\",\"potentialAction\":[{\"@type\":\"SearchAction\",\"target\":{\"@type\":\"EntryPoint\",\"urlTemplate\":\"https:\/\/internacional.umh.es\/en\/?s={search_term_string}\"},\"query-input\":\"required name=search_term_string\"}],\"inLanguage\":\"en-US\"},{\"@type\":\"ImageObject\",\"@id\":\"https:\/\/internacional.umh.es\/ca\/2023\/10\/25\/la-catedra-prosperidad-de-la-umh-anuncia-su-participacion-en-la-creacion-de-la-red-de-catedras-universitarias-de-sostenibilidad\/#primaryimage\",\"inLanguage\":\"en-US\",\"url\":\"https:\/\/internacional.umh.es\/files\/2023\/10\/Diseno-sin-titulo-31.png\",\"contentUrl\":\"https:\/\/internacional.umh.es\/files\/2023\/10\/Diseno-sin-titulo-31.png\",\"width\":298,\"height\":192,\"caption\":\"C\\u00e1tedra Prosperidad UMH logo\"},{\"@type\":\"WebPage\",\"@id\":\"https:\/\/internacional.umh.es\/ca\/2023\/10\/25\/la-catedra-prosperidad-de-la-umh-anuncia-su-participacion-en-la-creacion-de-la-red-de-catedras-universitarias-de-sostenibilidad\/#webpage\",\"url\":\"https:\/\/internacional.umh.es\/ca\/2023\/10\/25\/la-catedra-prosperidad-de-la-umh-anuncia-su-participacion-en-la-creacion-de-la-red-de-catedras-universitarias-de-sostenibilidad\/\",\"name\":\"UMH Prosperity Chair announces its participation in the creation of a network of university chairs on sustainability - International Relations and Cooperation\",\"isPartOf\":{\"@id\":\"https:\/\/internacional.umh.es\/en\/#website\"},\"primaryImageOfPage\":{\"@id\":\"https:\/\/internacional.umh.es\/ca\/2023\/10\/25\/la-catedra-prosperidad-de-la-umh-anuncia-su-participacion-en-la-creacion-de-la-red-de-catedras-universitarias-de-sostenibilidad\/#primaryimage\"},\"datePublished\":\"2023-10-25T10:15:23+00:00\",\"dateModified\":\"2023-10-25T15:38:39+00:00\",\"author\":{\"@id\":\"https:\/\/internacional.umh.es\/en\/#\/schema\/person\/06ad8f19ed011683797bbaea34757912\"},\"breadcrumb\":{\"@id\":\"https:\/\/internacional.umh.es\/ca\/2023\/10\/25\/la-catedra-prosperidad-de-la-umh-anuncia-su-participacion-en-la-creacion-de-la-red-de-catedras-universitarias-de-sostenibilidad\/#breadcrumb\"},\"inLanguage\":\"en-US\",\"potentialAction\":[{\"@type\":\"ReadAction\",\"target\":[\"https:\/\/internacional.umh.es\/ca\/2023\/10\/25\/la-catedra-prosperidad-de-la-umh-anuncia-su-participacion-en-la-creacion-de-la-red-de-catedras-universitarias-de-sostenibilidad\/\"]}]},{\"@type\":\"BreadcrumbList\",\"@id\":\"https:\/\/internacional.umh.es\/ca\/2023\/10\/25\/la-catedra-prosperidad-de-la-umh-anuncia-su-participacion-en-la-creacion-de-la-red-de-catedras-universitarias-de-sostenibilidad\/#breadcrumb\",\"itemListElement\":[{\"@type\":\"ListItem\",\"position\":1,\"name\":\"Home\",\"item\":\"https:\/\/internacional.umh.es\/en\/\"},{\"@type\":\"ListItem\",\"position\":2,\"name\":\"(Espa\\u00f1ol) La C\\u00e1tedra Prosperidad de la UMH anuncia su participaci\\u00f3n en la creaci\\u00f3n de la Red de C\\u00e1tedras Universitarias de Sostenibilidad\"}]},{\"@type\":\"Person\",\"@id\":\"https:\/\/internacional.umh.es\/en\/#\/schema\/person\/06ad8f19ed011683797bbaea34757912\",\"name\":\"Paul Nordstrom\",\"image\":{\"@type\":\"ImageObject\",\"@id\":\"https:\/\/internacional.umh.es\/en\/#personlogo\",\"inLanguage\":\"en-US\",\"url\":\"https:\/\/secure.gravatar.com\/avatar\/f0407012c6b2a1afeb509131f7f55c4e?s=96&d=mm&r=g\",\"contentUrl\":\"https:\/\/secure.gravatar.com\/avatar\/f0407012c6b2a1afeb509131f7f55c4e?s=96&d=mm&r=g\",\"caption\":\"Paul Nordstrom\"},\"url\":\"https:\/\/internacional.umh.es\/en\/author\/paul\/\"}]}<\/script>\n<!-- \/ Yoast SEO plugin. -->","yoast_head_json":{"robots":{"index":"index","follow":"follow","max-snippet":"max-snippet:-1","max-image-preview":"max-image-preview:large","max-video-preview":"max-video-preview:-1"},"canonical":"https:\/\/internacional.umh.es\/en\/2023\/10\/25\/la-catedra-prosperidad-de-la-umh-anuncia-su-participacion-en-la-creacion-de-la-red-de-catedras-universitarias-de-sostenibilidad\/","og_locale":"en_US","og_type":"article","og_title":"UMH Prosperity Chair announces its participation in the creation of a network of university chairs on sustainability - International Relations and Cooperation","og_description":"Prosperity, the name for the Sustainable Development and Cooperation Chair at the Miguel Hern\u00e1ndez University of Elche (UMH), is participating in the creation of a network of university chairs on sustainability as part of its commitment to sustainability and the Sustainable Development Goals. At the first \u2018University Sustainability Chairs. 2030 Agenda, Climate Change and Circular Economy\u2019 [...]","og_url":"https:\/\/internacional.umh.es\/ca\/2023\/10\/25\/la-catedra-prosperidad-de-la-umh-anuncia-su-participacion-en-la-creacion-de-la-red-de-catedras-universitarias-de-sostenibilidad\/","og_site_name":"International Relations and Cooperation","article_published_time":"2023-10-25T10:15:23+00:00","article_modified_time":"2023-10-25T15:38:39+00:00","og_image":[{"url":"https:\/\/internacional.umh.es\/files\/2023\/10\/Diseno-sin-titulo-31.png"}],"twitter_card":"summary_large_image","twitter_misc":{"Written by":"Paul Nordstrom","Est. reading time":"3 minutes"},"schema":{"@context":"https:\/\/schema.org","@graph":[{"@type":"WebSite","@id":"https:\/\/internacional.umh.es\/en\/#website","url":"https:\/\/internacional.umh.es\/en\/","name":"International Relations and Cooperation","description":"Miguel Hernandez University of Elche","potentialAction":[{"@type":"SearchAction","target":{"@type":"EntryPoint","urlTemplate":"https:\/\/internacional.umh.es\/en\/?s={search_term_string}"},"query-input":"required name=search_term_string"}],"inLanguage":"en-US"},{"@type":"ImageObject","@id":"https:\/\/internacional.umh.es\/ca\/2023\/10\/25\/la-catedra-prosperidad-de-la-umh-anuncia-su-participacion-en-la-creacion-de-la-red-de-catedras-universitarias-de-sostenibilidad\/#primaryimage","inLanguage":"en-US","url":"https:\/\/internacional.umh.es\/files\/2023\/10\/Diseno-sin-titulo-31.png","contentUrl":"https:\/\/internacional.umh.es\/files\/2023\/10\/Diseno-sin-titulo-31.png","width":298,"height":192,"caption":"C\u00e1tedra Prosperidad UMH logo"},{"@type":"WebPage","@id":"https:\/\/internacional.umh.es\/ca\/2023\/10\/25\/la-catedra-prosperidad-de-la-umh-anuncia-su-participacion-en-la-creacion-de-la-red-de-catedras-universitarias-de-sostenibilidad\/#webpage","url":"https:\/\/internacional.umh.es\/ca\/2023\/10\/25\/la-catedra-prosperidad-de-la-umh-anuncia-su-participacion-en-la-creacion-de-la-red-de-catedras-universitarias-de-sostenibilidad\/","name":"UMH Prosperity Chair announces its participation in the creation of a network of university chairs on sustainability - International Relations and Cooperation","isPartOf":{"@id":"https:\/\/internacional.umh.es\/en\/#website"},"primaryImageOfPage":{"@id":"https:\/\/internacional.umh.es\/ca\/2023\/10\/25\/la-catedra-prosperidad-de-la-umh-anuncia-su-participacion-en-la-creacion-de-la-red-de-catedras-universitarias-de-sostenibilidad\/#primaryimage"},"datePublished":"2023-10-25T10:15:23+00:00","dateModified":"2023-10-25T15:38:39+00:00","author":{"@id":"https:\/\/internacional.umh.es\/en\/#\/schema\/person\/06ad8f19ed011683797bbaea34757912"},"breadcrumb":{"@id":"https:\/\/internacional.umh.es\/ca\/2023\/10\/25\/la-catedra-prosperidad-de-la-umh-anuncia-su-participacion-en-la-creacion-de-la-red-de-catedras-universitarias-de-sostenibilidad\/#breadcrumb"},"inLanguage":"en-US","potentialAction":[{"@type":"ReadAction","target":["https:\/\/internacional.umh.es\/ca\/2023\/10\/25\/la-catedra-prosperidad-de-la-umh-anuncia-su-participacion-en-la-creacion-de-la-red-de-catedras-universitarias-de-sostenibilidad\/"]}]},{"@type":"BreadcrumbList","@id":"https:\/\/internacional.umh.es\/ca\/2023\/10\/25\/la-catedra-prosperidad-de-la-umh-anuncia-su-participacion-en-la-creacion-de-la-red-de-catedras-universitarias-de-sostenibilidad\/#breadcrumb","itemListElement":[{"@type":"ListItem","position":1,"name":"Home","item":"https:\/\/internacional.umh.es\/en\/"},{"@type":"ListItem","position":2,"name":"(Espa\u00f1ol) La C\u00e1tedra Prosperidad de la UMH anuncia su participaci\u00f3n en la creaci\u00f3n de la Red de C\u00e1tedras Universitarias de Sostenibilidad"}]},{"@type":"Person","@id":"https:\/\/internacional.umh.es\/en\/#\/schema\/person\/06ad8f19ed011683797bbaea34757912","name":"Paul Nordstrom","image":{"@type":"ImageObject","@id":"https:\/\/internacional.umh.es\/en\/#personlogo","inLanguage":"en-US","url":"https:\/\/secure.gravatar.com\/avatar\/f0407012c6b2a1afeb509131f7f55c4e?s=96&d=mm&r=g","contentUrl":"https:\/\/secure.gravatar.com\/avatar\/f0407012c6b2a1afeb509131f7f55c4e?s=96&d=mm&r=g","caption":"Paul Nordstrom"},"url":"https:\/\/internacional.umh.es\/en\/author\/paul\/"}]}},"_links":{"self":[{"href":"https:\/\/internacional.umh.es\/en\/wp-json\/wp\/v2\/posts\/32123"}],"collection":[{"href":"https:\/\/internacional.umh.es\/en\/wp-json\/wp\/v2\/posts"}],"about":[{"href":"https:\/\/internacional.umh.es\/en\/wp-json\/wp\/v2\/types\/post"}],"author":[{"embeddable":true,"href":"https:\/\/internacional.umh.es\/en\/wp-json\/wp\/v2\/users\/408"}],"replies":[{"embeddable":true,"href":"https:\/\/internacional.umh.es\/en\/wp-json\/wp\/v2\/comments?post=32123"}],"version-history":[{"count":0,"href":"https:\/\/internacional.umh.es\/en\/wp-json\/wp\/v2\/posts\/32123\/revisions"}],"wp:attachment":[{"href":"https:\/\/internacional.umh.es\/en\/wp-json\/wp\/v2\/media?parent=32123"}],"wp:term":[{"taxonomy":"category","embeddable":true,"href":"https:\/\/internacional.umh.es\/en\/wp-json\/wp\/v2\/categories?post=32123"},{"taxonomy":"post_tag","embeddable":true,"href":"https:\/\/internacional.umh.es\/en\/wp-json\/wp\/v2\/tags?post=32123"}],"curies":[{"name":"wp","href":"https:\/\/api.w.org\/{rel}","templated":true}]}}