{"id":32638,"date":"2023-12-18T13:36:58","date_gmt":"2023-12-18T12:36:58","guid":{"rendered":"https:\/\/internacional.umh.es\/?p=32638"},"modified":"2023-12-19T15:03:11","modified_gmt":"2023-12-19T14:03:11","slug":"el-profesor-francisco-julian-martinez-cano-y-la-profesora-rocio-cifuentes-albeza-participan-en-el-kick-off-meeting-del-proyecto-europeo-ka220-hed-abraxas","status":"publish","type":"post","link":"https:\/\/internacional.umh.es\/en\/2023\/12\/18\/el-profesor-francisco-julian-martinez-cano-y-la-profesora-rocio-cifuentes-albeza-participan-en-el-kick-off-meeting-del-proyecto-europeo-ka220-hed-abraxas\/","title":{"rendered":"Professors Francisco Juli\u00e1n Mart\u00ednez Cano and Roc\u00edo Cifuentes Albeza participate in Kick Off Meeting for KA220-HED European Project, Abraxas"},"content":{"rendered":"<p><\/p>\n<p style=\"text-align: justify\"><a href=\"https:\/\/internacional.umh.es\/files\/2023\/12\/ABRAXAS_4.jpg\"><img loading=\"lazy\" class=\"alignleft wp-image-32641 size-medium\" src=\"https:\/\/internacional.umh.es\/files\/2023\/12\/ABRAXAS_4-300x225.jpg\" alt=\"\" width=\"300\" height=\"225\" srcset=\"https:\/\/internacional.umh.es\/files\/2023\/12\/ABRAXAS_4-300x225.jpg 300w, https:\/\/internacional.umh.es\/files\/2023\/12\/ABRAXAS_4-1024x768.jpg 1024w, https:\/\/internacional.umh.es\/files\/2023\/12\/ABRAXAS_4-768x576.jpg 768w, https:\/\/internacional.umh.es\/files\/2023\/12\/ABRAXAS_4-1536x1152.jpg 1536w, https:\/\/internacional.umh.es\/files\/2023\/12\/ABRAXAS_4.jpg 2000w\" sizes=\"(max-width: 300px) 100vw, 300px\" \/><\/a>UMH professors, Francisco Juli\u00e1n Mart\u00ednez Cano and Roc\u00edo Cifuentes Albeza, are participants, along with a team of faculty and investigators from the OCAP Research Group at the Department of Social and Human Sciences in the Erasmus+ KA200-HED project, Best Practices for High-Immersion Experience Design, aka, Abraxas, which is being promoted by the UMH Vice Rectorate for Internationalization and Cooperation. The project\u2019s introductory meeting took place December 1 &amp; 2, 2023, at Lodz University of Technology (Poland), which was attended by representatives from the four universities forming part of the European project: the aforementioned Lodz University of Technology, University of Aveiro (Portugal), University of Vigo (Spain), and the Miguel Hern\u00e1ndez University of Elche.<\/p>\n<p style=\"text-align: justify\">The main goal of this project is to enhance the skills of future designers of immersive 3D experiences and their trainers, via a set of practical educational tools supported by exercises based on virtual reality to gain in-depth understanding of the needs of the design of immersive experiences of virtual reality. Thanks to created teaching materials, the 3D designers will better understand the cognitive needs and the capabilities of users, which will directly translate into specific skills and knowledge for creating interactive environments within the Metaverse.<\/p>\n<p style=\"text-align: justify\">To learn more about the project, click this link: https:\/\/internacional.umh.es\/2023\/06\/08\/abraxas\/<img loading=\"lazy\" class=\"size-medium wp-image-32675 alignleft\" src=\"https:\/\/internacional.umh.es\/files\/2023\/12\/ABRAXAS_1-225x300.jpg\" alt=\"\" width=\"225\" height=\"300\" srcset=\"https:\/\/internacional.umh.es\/files\/2023\/12\/ABRAXAS_1-225x300.jpg 225w, https:\/\/internacional.umh.es\/files\/2023\/12\/ABRAXAS_1-768x1024.jpg 768w, https:\/\/internacional.umh.es\/files\/2023\/12\/ABRAXAS_1-1152x1536.jpg 1152w, https:\/\/internacional.umh.es\/files\/2023\/12\/ABRAXAS_1.jpg 1500w\" sizes=\"(max-width: 225px) 100vw, 225px\" \/><\/p>\n<p><a href=\"https:\/\/internacional.umh.es\/files\/2023\/12\/es_cofinanciado_por_la_union_europea_pos.png\"><img loading=\"lazy\" class=\"size-medium wp-image-32654 alignleft\" src=\"https:\/\/internacional.umh.es\/files\/2023\/12\/es_cofinanciado_por_la_union_europea_pos-300x63.png\" alt=\"\" width=\"300\" height=\"63\" srcset=\"https:\/\/internacional.umh.es\/files\/2023\/12\/es_cofinanciado_por_la_union_europea_pos-300x63.png 300w, https:\/\/internacional.umh.es\/files\/2023\/12\/es_cofinanciado_por_la_union_europea_pos-1024x215.png 1024w, https:\/\/internacional.umh.es\/files\/2023\/12\/es_cofinanciado_por_la_union_europea_pos-768x161.png 768w, https:\/\/internacional.umh.es\/files\/2023\/12\/es_cofinanciado_por_la_union_europea_pos-1536x322.png 1536w, https:\/\/internacional.umh.es\/files\/2023\/12\/es_cofinanciado_por_la_union_europea_pos-2048x429.png 2048w\" sizes=\"(max-width: 300px) 100vw, 300px\" \/><\/a><\/p>","protected":false},"excerpt":{"rendered":"<p>UMH professors, Francisco Juli\u00e1n Mart\u00ednez Cano and Roc\u00edo Cifuentes Albeza, are participants, along with a team of faculty and investigators from the OCAP Research Group at the Department of Social and Human Sciences in the Erasmus+ KA200-HED project, Best Practices for High-Immersion Experience Design, aka, Abraxas, which is being promoted by the UMH Vice Rectorate [&#8230;]<\/p>\n","protected":false},"author":6508,"featured_media":0,"comment_status":"closed","ping_status":"closed","sticky":false,"template":"","format":"standard","meta":{"ngg_post_thumbnail":0,"_links_to":"","_links_to_target":""},"categories":[46075],"tags":[],"yoast_head":"<!-- This site is optimized with the Yoast SEO plugin v17.5 - https:\/\/yoast.com\/wordpress\/plugins\/seo\/ -->\n<meta name=\"robots\" content=\"index, follow, max-snippet:-1, max-image-preview:large, max-video-preview:-1\" \/>\n<link rel=\"canonical\" href=\"https:\/\/internacional.umh.es\/en\/2023\/12\/18\/el-profesor-francisco-julian-martinez-cano-y-la-profesora-rocio-cifuentes-albeza-participan-en-el-kick-off-meeting-del-proyecto-europeo-ka220-hed-abraxas\/\" \/>\n<meta property=\"og:locale\" content=\"en_US\" \/>\n<meta property=\"og:type\" content=\"article\" \/>\n<meta property=\"og:title\" content=\"Professors Francisco Juli\u00e1n Mart\u00ednez Cano and Roc\u00edo Cifuentes Albeza participate in Kick Off Meeting for KA220-HED European Project, Abraxas - International Relations and Cooperation\" \/>\n<meta property=\"og:description\" content=\"UMH professors, Francisco Juli\u00e1n Mart\u00ednez Cano and Roc\u00edo Cifuentes Albeza, are participants, along with a team of faculty and investigators from the OCAP Research Group at the Department of Social and Human Sciences in the Erasmus+ KA200-HED project, Best Practices for High-Immersion Experience Design, aka, Abraxas, which is being promoted by the UMH Vice Rectorate [...]\" \/>\n<meta property=\"og:url\" content=\"https:\/\/internacional.umh.es\/en\/2023\/12\/18\/el-profesor-francisco-julian-martinez-cano-y-la-profesora-rocio-cifuentes-albeza-participan-en-el-kick-off-meeting-del-proyecto-europeo-ka220-hed-abraxas\/\" \/>\n<meta property=\"og:site_name\" content=\"International Relations and Cooperation\" \/>\n<meta property=\"article:published_time\" content=\"2023-12-18T12:36:58+00:00\" \/>\n<meta property=\"article:modified_time\" content=\"2023-12-19T14:03:11+00:00\" \/>\n<meta property=\"og:image\" content=\"https:\/\/internacional.umh.es\/files\/2023\/12\/ABRAXAS_4-300x225.jpg\" \/>\n<meta name=\"twitter:card\" content=\"summary_large_image\" \/>\n<meta name=\"twitter:label1\" content=\"Written by\" \/>\n\t<meta name=\"twitter:data1\" content=\"l.sempere\" \/>\n\t<meta name=\"twitter:label2\" content=\"Est. reading time\" \/>\n\t<meta name=\"twitter:data2\" content=\"2 minutes\" \/>\n<script type=\"application\/ld+json\" class=\"yoast-schema-graph\">{\"@context\":\"https:\/\/schema.org\",\"@graph\":[{\"@type\":\"WebSite\",\"@id\":\"https:\/\/internacional.umh.es\/en\/#website\",\"url\":\"https:\/\/internacional.umh.es\/en\/\",\"name\":\"International Relations and Cooperation\",\"description\":\"Miguel Hernandez University of Elche\",\"potentialAction\":[{\"@type\":\"SearchAction\",\"target\":{\"@type\":\"EntryPoint\",\"urlTemplate\":\"https:\/\/internacional.umh.es\/en\/?s={search_term_string}\"},\"query-input\":\"required name=search_term_string\"}],\"inLanguage\":\"en-US\"},{\"@type\":\"ImageObject\",\"@id\":\"https:\/\/internacional.umh.es\/en\/2023\/12\/18\/el-profesor-francisco-julian-martinez-cano-y-la-profesora-rocio-cifuentes-albeza-participan-en-el-kick-off-meeting-del-proyecto-europeo-ka220-hed-abraxas\/#primaryimage\",\"inLanguage\":\"en-US\",\"url\":\"https:\/\/internacional.umh.es\/files\/2023\/12\/ABRAXAS_4.jpg\",\"contentUrl\":\"https:\/\/internacional.umh.es\/files\/2023\/12\/ABRAXAS_4.jpg\",\"width\":2000,\"height\":1500,\"caption\":\"Proyecto Abraxas meeting UMH\"},{\"@type\":\"WebPage\",\"@id\":\"https:\/\/internacional.umh.es\/en\/2023\/12\/18\/el-profesor-francisco-julian-martinez-cano-y-la-profesora-rocio-cifuentes-albeza-participan-en-el-kick-off-meeting-del-proyecto-europeo-ka220-hed-abraxas\/#webpage\",\"url\":\"https:\/\/internacional.umh.es\/en\/2023\/12\/18\/el-profesor-francisco-julian-martinez-cano-y-la-profesora-rocio-cifuentes-albeza-participan-en-el-kick-off-meeting-del-proyecto-europeo-ka220-hed-abraxas\/\",\"name\":\"Professors Francisco Juli\\u00e1n Mart\\u00ednez Cano and Roc\\u00edo Cifuentes Albeza participate in Kick Off Meeting for KA220-HED European Project, Abraxas - International Relations and Cooperation\",\"isPartOf\":{\"@id\":\"https:\/\/internacional.umh.es\/en\/#website\"},\"primaryImageOfPage\":{\"@id\":\"https:\/\/internacional.umh.es\/en\/2023\/12\/18\/el-profesor-francisco-julian-martinez-cano-y-la-profesora-rocio-cifuentes-albeza-participan-en-el-kick-off-meeting-del-proyecto-europeo-ka220-hed-abraxas\/#primaryimage\"},\"datePublished\":\"2023-12-18T12:36:58+00:00\",\"dateModified\":\"2023-12-19T14:03:11+00:00\",\"author\":{\"@id\":\"https:\/\/internacional.umh.es\/en\/#\/schema\/person\/fd81c4b213566f3add82d0f214928dfa\"},\"breadcrumb\":{\"@id\":\"https:\/\/internacional.umh.es\/en\/2023\/12\/18\/el-profesor-francisco-julian-martinez-cano-y-la-profesora-rocio-cifuentes-albeza-participan-en-el-kick-off-meeting-del-proyecto-europeo-ka220-hed-abraxas\/#breadcrumb\"},\"inLanguage\":\"en-US\",\"potentialAction\":[{\"@type\":\"ReadAction\",\"target\":[\"https:\/\/internacional.umh.es\/en\/2023\/12\/18\/el-profesor-francisco-julian-martinez-cano-y-la-profesora-rocio-cifuentes-albeza-participan-en-el-kick-off-meeting-del-proyecto-europeo-ka220-hed-abraxas\/\"]}]},{\"@type\":\"BreadcrumbList\",\"@id\":\"https:\/\/internacional.umh.es\/en\/2023\/12\/18\/el-profesor-francisco-julian-martinez-cano-y-la-profesora-rocio-cifuentes-albeza-participan-en-el-kick-off-meeting-del-proyecto-europeo-ka220-hed-abraxas\/#breadcrumb\",\"itemListElement\":[{\"@type\":\"ListItem\",\"position\":1,\"name\":\"Home\",\"item\":\"https:\/\/internacional.umh.es\/en\/\"},{\"@type\":\"ListItem\",\"position\":2,\"name\":\"Professors Francisco Juli\\u00e1n Mart\\u00ednez Cano and Roc\\u00edo Cifuentes Albeza participate in Kick Off Meeting for KA220-HED European Project, Abraxas\"}]},{\"@type\":\"Person\",\"@id\":\"https:\/\/internacional.umh.es\/en\/#\/schema\/person\/fd81c4b213566f3add82d0f214928dfa\",\"name\":\"l.sempere\",\"image\":{\"@type\":\"ImageObject\",\"@id\":\"https:\/\/internacional.umh.es\/en\/#personlogo\",\"inLanguage\":\"en-US\",\"url\":\"https:\/\/secure.gravatar.com\/avatar\/1f9861c855fb90ab758094a71cf6e565?s=96&d=mm&r=g\",\"contentUrl\":\"https:\/\/secure.gravatar.com\/avatar\/1f9861c855fb90ab758094a71cf6e565?s=96&d=mm&r=g\",\"caption\":\"l.sempere\"},\"url\":\"https:\/\/internacional.umh.es\/en\/author\/l-sempere\/\"}]}<\/script>\n<!-- \/ Yoast SEO plugin. -->","yoast_head_json":{"robots":{"index":"index","follow":"follow","max-snippet":"max-snippet:-1","max-image-preview":"max-image-preview:large","max-video-preview":"max-video-preview:-1"},"canonical":"https:\/\/internacional.umh.es\/en\/2023\/12\/18\/el-profesor-francisco-julian-martinez-cano-y-la-profesora-rocio-cifuentes-albeza-participan-en-el-kick-off-meeting-del-proyecto-europeo-ka220-hed-abraxas\/","og_locale":"en_US","og_type":"article","og_title":"Professors Francisco Juli\u00e1n Mart\u00ednez Cano and Roc\u00edo Cifuentes Albeza participate in Kick Off Meeting for KA220-HED European Project, Abraxas - International Relations and Cooperation","og_description":"UMH professors, Francisco Juli\u00e1n Mart\u00ednez Cano and Roc\u00edo Cifuentes Albeza, are participants, along with a team of faculty and investigators from the OCAP Research Group at the Department of Social and Human Sciences in the Erasmus+ KA200-HED project, Best Practices for High-Immersion Experience Design, aka, Abraxas, which is being promoted by the UMH Vice Rectorate [...]","og_url":"https:\/\/internacional.umh.es\/en\/2023\/12\/18\/el-profesor-francisco-julian-martinez-cano-y-la-profesora-rocio-cifuentes-albeza-participan-en-el-kick-off-meeting-del-proyecto-europeo-ka220-hed-abraxas\/","og_site_name":"International Relations and Cooperation","article_published_time":"2023-12-18T12:36:58+00:00","article_modified_time":"2023-12-19T14:03:11+00:00","og_image":[{"url":"https:\/\/internacional.umh.es\/files\/2023\/12\/ABRAXAS_4-300x225.jpg"}],"twitter_card":"summary_large_image","twitter_misc":{"Written by":"l.sempere","Est. reading time":"2 minutes"},"schema":{"@context":"https:\/\/schema.org","@graph":[{"@type":"WebSite","@id":"https:\/\/internacional.umh.es\/en\/#website","url":"https:\/\/internacional.umh.es\/en\/","name":"International Relations and Cooperation","description":"Miguel Hernandez University of Elche","potentialAction":[{"@type":"SearchAction","target":{"@type":"EntryPoint","urlTemplate":"https:\/\/internacional.umh.es\/en\/?s={search_term_string}"},"query-input":"required name=search_term_string"}],"inLanguage":"en-US"},{"@type":"ImageObject","@id":"https:\/\/internacional.umh.es\/en\/2023\/12\/18\/el-profesor-francisco-julian-martinez-cano-y-la-profesora-rocio-cifuentes-albeza-participan-en-el-kick-off-meeting-del-proyecto-europeo-ka220-hed-abraxas\/#primaryimage","inLanguage":"en-US","url":"https:\/\/internacional.umh.es\/files\/2023\/12\/ABRAXAS_4.jpg","contentUrl":"https:\/\/internacional.umh.es\/files\/2023\/12\/ABRAXAS_4.jpg","width":2000,"height":1500,"caption":"Proyecto Abraxas meeting UMH"},{"@type":"WebPage","@id":"https:\/\/internacional.umh.es\/en\/2023\/12\/18\/el-profesor-francisco-julian-martinez-cano-y-la-profesora-rocio-cifuentes-albeza-participan-en-el-kick-off-meeting-del-proyecto-europeo-ka220-hed-abraxas\/#webpage","url":"https:\/\/internacional.umh.es\/en\/2023\/12\/18\/el-profesor-francisco-julian-martinez-cano-y-la-profesora-rocio-cifuentes-albeza-participan-en-el-kick-off-meeting-del-proyecto-europeo-ka220-hed-abraxas\/","name":"Professors Francisco Juli\u00e1n Mart\u00ednez Cano and Roc\u00edo Cifuentes Albeza participate in Kick Off Meeting for KA220-HED European Project, Abraxas - International Relations and Cooperation","isPartOf":{"@id":"https:\/\/internacional.umh.es\/en\/#website"},"primaryImageOfPage":{"@id":"https:\/\/internacional.umh.es\/en\/2023\/12\/18\/el-profesor-francisco-julian-martinez-cano-y-la-profesora-rocio-cifuentes-albeza-participan-en-el-kick-off-meeting-del-proyecto-europeo-ka220-hed-abraxas\/#primaryimage"},"datePublished":"2023-12-18T12:36:58+00:00","dateModified":"2023-12-19T14:03:11+00:00","author":{"@id":"https:\/\/internacional.umh.es\/en\/#\/schema\/person\/fd81c4b213566f3add82d0f214928dfa"},"breadcrumb":{"@id":"https:\/\/internacional.umh.es\/en\/2023\/12\/18\/el-profesor-francisco-julian-martinez-cano-y-la-profesora-rocio-cifuentes-albeza-participan-en-el-kick-off-meeting-del-proyecto-europeo-ka220-hed-abraxas\/#breadcrumb"},"inLanguage":"en-US","potentialAction":[{"@type":"ReadAction","target":["https:\/\/internacional.umh.es\/en\/2023\/12\/18\/el-profesor-francisco-julian-martinez-cano-y-la-profesora-rocio-cifuentes-albeza-participan-en-el-kick-off-meeting-del-proyecto-europeo-ka220-hed-abraxas\/"]}]},{"@type":"BreadcrumbList","@id":"https:\/\/internacional.umh.es\/en\/2023\/12\/18\/el-profesor-francisco-julian-martinez-cano-y-la-profesora-rocio-cifuentes-albeza-participan-en-el-kick-off-meeting-del-proyecto-europeo-ka220-hed-abraxas\/#breadcrumb","itemListElement":[{"@type":"ListItem","position":1,"name":"Home","item":"https:\/\/internacional.umh.es\/en\/"},{"@type":"ListItem","position":2,"name":"Professors Francisco Juli\u00e1n Mart\u00ednez Cano and Roc\u00edo Cifuentes Albeza participate in Kick Off Meeting for KA220-HED European Project, Abraxas"}]},{"@type":"Person","@id":"https:\/\/internacional.umh.es\/en\/#\/schema\/person\/fd81c4b213566f3add82d0f214928dfa","name":"l.sempere","image":{"@type":"ImageObject","@id":"https:\/\/internacional.umh.es\/en\/#personlogo","inLanguage":"en-US","url":"https:\/\/secure.gravatar.com\/avatar\/1f9861c855fb90ab758094a71cf6e565?s=96&d=mm&r=g","contentUrl":"https:\/\/secure.gravatar.com\/avatar\/1f9861c855fb90ab758094a71cf6e565?s=96&d=mm&r=g","caption":"l.sempere"},"url":"https:\/\/internacional.umh.es\/en\/author\/l-sempere\/"}]}},"_links":{"self":[{"href":"https:\/\/internacional.umh.es\/en\/wp-json\/wp\/v2\/posts\/32638"}],"collection":[{"href":"https:\/\/internacional.umh.es\/en\/wp-json\/wp\/v2\/posts"}],"about":[{"href":"https:\/\/internacional.umh.es\/en\/wp-json\/wp\/v2\/types\/post"}],"author":[{"embeddable":true,"href":"https:\/\/internacional.umh.es\/en\/wp-json\/wp\/v2\/users\/6508"}],"replies":[{"embeddable":true,"href":"https:\/\/internacional.umh.es\/en\/wp-json\/wp\/v2\/comments?post=32638"}],"version-history":[{"count":0,"href":"https:\/\/internacional.umh.es\/en\/wp-json\/wp\/v2\/posts\/32638\/revisions"}],"wp:attachment":[{"href":"https:\/\/internacional.umh.es\/en\/wp-json\/wp\/v2\/media?parent=32638"}],"wp:term":[{"taxonomy":"category","embeddable":true,"href":"https:\/\/internacional.umh.es\/en\/wp-json\/wp\/v2\/categories?post=32638"},{"taxonomy":"post_tag","embeddable":true,"href":"https:\/\/internacional.umh.es\/en\/wp-json\/wp\/v2\/tags?post=32638"}],"curies":[{"name":"wp","href":"https:\/\/api.w.org\/{rel}","templated":true}]}}