{"id":33528,"date":"2024-02-23T13:28:54","date_gmt":"2024-02-23T12:28:54","guid":{"rendered":"https:\/\/internacional.umh.es\/?p=33528"},"modified":"2024-02-27T14:23:46","modified_gmt":"2024-02-27T13:23:46","slug":"la-umh-recibe-la-visita-de-dos-profesoras-de-la-universidad-de-holguin-en-el-marco-de-un-proyecto-de-cooperacion-internacional","status":"publish","type":"post","link":"https:\/\/internacional.umh.es\/en\/2024\/02\/23\/la-umh-recibe-la-visita-de-dos-profesoras-de-la-universidad-de-holguin-en-el-marco-de-un-proyecto-de-cooperacion-internacional\/","title":{"rendered":"UMH welcomes two professors from the University of Holgu\u00edn as part of the framework of an international cooperation project"},"content":{"rendered":"<p><\/p>\n<p style=\"text-align: justify\"><a href=\"https:\/\/internacional.umh.es\/files\/2024\/02\/WhatsApp-Image-2024-02-22-at-13.39.54-1.jpg\"><img loading=\"lazy\" class=\"size-medium wp-image-33531 alignleft\" src=\"https:\/\/internacional.umh.es\/files\/2024\/02\/WhatsApp-Image-2024-02-22-at-13.39.54-1-300x225.jpg\" alt=\"\" width=\"300\" height=\"225\" srcset=\"https:\/\/internacional.umh.es\/files\/2024\/02\/WhatsApp-Image-2024-02-22-at-13.39.54-1-300x225.jpg 300w, https:\/\/internacional.umh.es\/files\/2024\/02\/WhatsApp-Image-2024-02-22-at-13.39.54-1-1024x768.jpg 1024w, https:\/\/internacional.umh.es\/files\/2024\/02\/WhatsApp-Image-2024-02-22-at-13.39.54-1-768x576.jpg 768w, https:\/\/internacional.umh.es\/files\/2024\/02\/WhatsApp-Image-2024-02-22-at-13.39.54-1-1536x1152.jpg 1536w, https:\/\/internacional.umh.es\/files\/2024\/02\/WhatsApp-Image-2024-02-22-at-13.39.54-1.jpg 2000w\" sizes=\"(max-width: 300px) 100vw, 300px\" \/><\/a>This week, the Service of International Relations, Development Cooperation and Volunteerism at the Miguel Hern\u00e1ndez University of Elche (UMH), along with the Faculty of Social and Legal Sciences of Elche and the Elche Business Park, are hosting Jenny Ru\u00edz de la Pe\u00f1a and Leydis Lamoth Borrero, two professors from the Cuban University of Holgu\u00edn. This meeting was made possible by the framework of the \u201cConsolidation of the management of Scientific and Technological Park to enhance their impact upon territorial economies: adaptation of Spanish experiences in Cuba\u201d international cooperation project.<\/p>\n<p style=\"text-align: justify\">This project is co-funded by a collaboration agreement between the Generalitat Valenciana, via its second vice president, the Regional Ministry of Social Sciences, Equality and Housing, and the UMH. During their stay, professors Ru\u00edz de la Pe\u00f1a and Lamoth Borrero, together with the UMH individual responsible for the project, Carmen Victoria Escolano, will prepare a guide to assist management of a multi-themed scientific and technological park in Holguin in addition to strengthening the capabilities of the managers of said park through technical guidance provided by the Elche Business Park. Meetings are also being held with the investigative team, and between the investigative team with other UMH investigators to advance this research project.<\/p>\n<p><\/p>","protected":false},"excerpt":{"rendered":"<p>This week, the Service of International Relations, Development Cooperation and Volunteerism at the Miguel Hern\u00e1ndez University of Elche (UMH), along with the Faculty of Social and Legal Sciences of Elche and the Elche Business Park, are hosting Jenny Ru\u00edz de la Pe\u00f1a and Leydis Lamoth Borrero, two professors from the Cuban University of Holgu\u00edn. This [&#8230;]<\/p>\n","protected":false},"author":6508,"featured_media":0,"comment_status":"closed","ping_status":"closed","sticky":false,"template":"","format":"standard","meta":{"ngg_post_thumbnail":0,"_links_to":"","_links_to_target":""},"categories":[46075],"tags":[],"yoast_head":"<!-- This site is optimized with the Yoast SEO plugin v17.5 - https:\/\/yoast.com\/wordpress\/plugins\/seo\/ -->\n<meta name=\"robots\" content=\"index, follow, max-snippet:-1, max-image-preview:large, max-video-preview:-1\" \/>\n<link rel=\"canonical\" href=\"https:\/\/internacional.umh.es\/en\/2024\/02\/23\/la-umh-recibe-la-visita-de-dos-profesoras-de-la-universidad-de-holguin-en-el-marco-de-un-proyecto-de-cooperacion-internacional\/\" \/>\n<meta property=\"og:locale\" content=\"en_US\" \/>\n<meta property=\"og:type\" content=\"article\" \/>\n<meta property=\"og:title\" content=\"UMH welcomes two professors from the University of Holgu\u00edn as part of the framework of an international cooperation project - International Relations and Cooperation\" \/>\n<meta property=\"og:description\" content=\"This week, the Service of International Relations, Development Cooperation and Volunteerism at the Miguel Hern\u00e1ndez University of Elche (UMH), along with the Faculty of Social and Legal Sciences of Elche and the Elche Business Park, are hosting Jenny Ru\u00edz de la Pe\u00f1a and Leydis Lamoth Borrero, two professors from the Cuban University of Holgu\u00edn. This [...]\" \/>\n<meta property=\"og:url\" content=\"https:\/\/internacional.umh.es\/en\/2024\/02\/23\/la-umh-recibe-la-visita-de-dos-profesoras-de-la-universidad-de-holguin-en-el-marco-de-un-proyecto-de-cooperacion-internacional\/\" \/>\n<meta property=\"og:site_name\" content=\"International Relations and Cooperation\" \/>\n<meta property=\"article:published_time\" content=\"2024-02-23T12:28:54+00:00\" \/>\n<meta property=\"article:modified_time\" content=\"2024-02-27T13:23:46+00:00\" \/>\n<meta property=\"og:image\" content=\"https:\/\/internacional.umh.es\/files\/2024\/02\/WhatsApp-Image-2024-02-22-at-13.39.54-1-300x225.jpg\" \/>\n<meta name=\"twitter:card\" content=\"summary_large_image\" \/>\n<meta name=\"twitter:label1\" content=\"Written by\" \/>\n\t<meta name=\"twitter:data1\" content=\"l.sempere\" \/>\n\t<meta name=\"twitter:label2\" content=\"Est. reading time\" \/>\n\t<meta name=\"twitter:data2\" content=\"2 minutes\" \/>\n<script type=\"application\/ld+json\" class=\"yoast-schema-graph\">{\"@context\":\"https:\/\/schema.org\",\"@graph\":[{\"@type\":\"WebSite\",\"@id\":\"https:\/\/internacional.umh.es\/en\/#website\",\"url\":\"https:\/\/internacional.umh.es\/en\/\",\"name\":\"International Relations and Cooperation\",\"description\":\"Miguel Hernandez University of Elche\",\"potentialAction\":[{\"@type\":\"SearchAction\",\"target\":{\"@type\":\"EntryPoint\",\"urlTemplate\":\"https:\/\/internacional.umh.es\/en\/?s={search_term_string}\"},\"query-input\":\"required name=search_term_string\"}],\"inLanguage\":\"en-US\"},{\"@type\":\"ImageObject\",\"@id\":\"https:\/\/internacional.umh.es\/en\/2024\/02\/23\/la-umh-recibe-la-visita-de-dos-profesoras-de-la-universidad-de-holguin-en-el-marco-de-un-proyecto-de-cooperacion-internacional\/#primaryimage\",\"inLanguage\":\"en-US\",\"url\":\"https:\/\/internacional.umh.es\/files\/2024\/02\/WhatsApp-Image-2024-02-22-at-13.39.54-1.jpg\",\"contentUrl\":\"https:\/\/internacional.umh.es\/files\/2024\/02\/WhatsApp-Image-2024-02-22-at-13.39.54-1.jpg\",\"width\":2000,\"height\":1500},{\"@type\":\"WebPage\",\"@id\":\"https:\/\/internacional.umh.es\/en\/2024\/02\/23\/la-umh-recibe-la-visita-de-dos-profesoras-de-la-universidad-de-holguin-en-el-marco-de-un-proyecto-de-cooperacion-internacional\/#webpage\",\"url\":\"https:\/\/internacional.umh.es\/en\/2024\/02\/23\/la-umh-recibe-la-visita-de-dos-profesoras-de-la-universidad-de-holguin-en-el-marco-de-un-proyecto-de-cooperacion-internacional\/\",\"name\":\"UMH welcomes two professors from the University of Holgu\\u00edn as part of the framework of an international cooperation project - International Relations and Cooperation\",\"isPartOf\":{\"@id\":\"https:\/\/internacional.umh.es\/en\/#website\"},\"primaryImageOfPage\":{\"@id\":\"https:\/\/internacional.umh.es\/en\/2024\/02\/23\/la-umh-recibe-la-visita-de-dos-profesoras-de-la-universidad-de-holguin-en-el-marco-de-un-proyecto-de-cooperacion-internacional\/#primaryimage\"},\"datePublished\":\"2024-02-23T12:28:54+00:00\",\"dateModified\":\"2024-02-27T13:23:46+00:00\",\"author\":{\"@id\":\"https:\/\/internacional.umh.es\/en\/#\/schema\/person\/fd81c4b213566f3add82d0f214928dfa\"},\"breadcrumb\":{\"@id\":\"https:\/\/internacional.umh.es\/en\/2024\/02\/23\/la-umh-recibe-la-visita-de-dos-profesoras-de-la-universidad-de-holguin-en-el-marco-de-un-proyecto-de-cooperacion-internacional\/#breadcrumb\"},\"inLanguage\":\"en-US\",\"potentialAction\":[{\"@type\":\"ReadAction\",\"target\":[\"https:\/\/internacional.umh.es\/en\/2024\/02\/23\/la-umh-recibe-la-visita-de-dos-profesoras-de-la-universidad-de-holguin-en-el-marco-de-un-proyecto-de-cooperacion-internacional\/\"]}]},{\"@type\":\"BreadcrumbList\",\"@id\":\"https:\/\/internacional.umh.es\/en\/2024\/02\/23\/la-umh-recibe-la-visita-de-dos-profesoras-de-la-universidad-de-holguin-en-el-marco-de-un-proyecto-de-cooperacion-internacional\/#breadcrumb\",\"itemListElement\":[{\"@type\":\"ListItem\",\"position\":1,\"name\":\"Home\",\"item\":\"https:\/\/internacional.umh.es\/en\/\"},{\"@type\":\"ListItem\",\"position\":2,\"name\":\"UMH welcomes two professors from the University of Holgu\\u00edn as part of the framework of an international cooperation project\"}]},{\"@type\":\"Person\",\"@id\":\"https:\/\/internacional.umh.es\/en\/#\/schema\/person\/fd81c4b213566f3add82d0f214928dfa\",\"name\":\"l.sempere\",\"image\":{\"@type\":\"ImageObject\",\"@id\":\"https:\/\/internacional.umh.es\/en\/#personlogo\",\"inLanguage\":\"en-US\",\"url\":\"https:\/\/secure.gravatar.com\/avatar\/1f9861c855fb90ab758094a71cf6e565?s=96&d=mm&r=g\",\"contentUrl\":\"https:\/\/secure.gravatar.com\/avatar\/1f9861c855fb90ab758094a71cf6e565?s=96&d=mm&r=g\",\"caption\":\"l.sempere\"},\"url\":\"https:\/\/internacional.umh.es\/en\/author\/l-sempere\/\"}]}<\/script>\n<!-- \/ Yoast SEO plugin. -->","yoast_head_json":{"robots":{"index":"index","follow":"follow","max-snippet":"max-snippet:-1","max-image-preview":"max-image-preview:large","max-video-preview":"max-video-preview:-1"},"canonical":"https:\/\/internacional.umh.es\/en\/2024\/02\/23\/la-umh-recibe-la-visita-de-dos-profesoras-de-la-universidad-de-holguin-en-el-marco-de-un-proyecto-de-cooperacion-internacional\/","og_locale":"en_US","og_type":"article","og_title":"UMH welcomes two professors from the University of Holgu\u00edn as part of the framework of an international cooperation project - International Relations and Cooperation","og_description":"This week, the Service of International Relations, Development Cooperation and Volunteerism at the Miguel Hern\u00e1ndez University of Elche (UMH), along with the Faculty of Social and Legal Sciences of Elche and the Elche Business Park, are hosting Jenny Ru\u00edz de la Pe\u00f1a and Leydis Lamoth Borrero, two professors from the Cuban University of Holgu\u00edn. This [...]","og_url":"https:\/\/internacional.umh.es\/en\/2024\/02\/23\/la-umh-recibe-la-visita-de-dos-profesoras-de-la-universidad-de-holguin-en-el-marco-de-un-proyecto-de-cooperacion-internacional\/","og_site_name":"International Relations and Cooperation","article_published_time":"2024-02-23T12:28:54+00:00","article_modified_time":"2024-02-27T13:23:46+00:00","og_image":[{"url":"https:\/\/internacional.umh.es\/files\/2024\/02\/WhatsApp-Image-2024-02-22-at-13.39.54-1-300x225.jpg"}],"twitter_card":"summary_large_image","twitter_misc":{"Written by":"l.sempere","Est. reading time":"2 minutes"},"schema":{"@context":"https:\/\/schema.org","@graph":[{"@type":"WebSite","@id":"https:\/\/internacional.umh.es\/en\/#website","url":"https:\/\/internacional.umh.es\/en\/","name":"International Relations and Cooperation","description":"Miguel Hernandez University of Elche","potentialAction":[{"@type":"SearchAction","target":{"@type":"EntryPoint","urlTemplate":"https:\/\/internacional.umh.es\/en\/?s={search_term_string}"},"query-input":"required name=search_term_string"}],"inLanguage":"en-US"},{"@type":"ImageObject","@id":"https:\/\/internacional.umh.es\/en\/2024\/02\/23\/la-umh-recibe-la-visita-de-dos-profesoras-de-la-universidad-de-holguin-en-el-marco-de-un-proyecto-de-cooperacion-internacional\/#primaryimage","inLanguage":"en-US","url":"https:\/\/internacional.umh.es\/files\/2024\/02\/WhatsApp-Image-2024-02-22-at-13.39.54-1.jpg","contentUrl":"https:\/\/internacional.umh.es\/files\/2024\/02\/WhatsApp-Image-2024-02-22-at-13.39.54-1.jpg","width":2000,"height":1500},{"@type":"WebPage","@id":"https:\/\/internacional.umh.es\/en\/2024\/02\/23\/la-umh-recibe-la-visita-de-dos-profesoras-de-la-universidad-de-holguin-en-el-marco-de-un-proyecto-de-cooperacion-internacional\/#webpage","url":"https:\/\/internacional.umh.es\/en\/2024\/02\/23\/la-umh-recibe-la-visita-de-dos-profesoras-de-la-universidad-de-holguin-en-el-marco-de-un-proyecto-de-cooperacion-internacional\/","name":"UMH welcomes two professors from the University of Holgu\u00edn as part of the framework of an international cooperation project - International Relations and Cooperation","isPartOf":{"@id":"https:\/\/internacional.umh.es\/en\/#website"},"primaryImageOfPage":{"@id":"https:\/\/internacional.umh.es\/en\/2024\/02\/23\/la-umh-recibe-la-visita-de-dos-profesoras-de-la-universidad-de-holguin-en-el-marco-de-un-proyecto-de-cooperacion-internacional\/#primaryimage"},"datePublished":"2024-02-23T12:28:54+00:00","dateModified":"2024-02-27T13:23:46+00:00","author":{"@id":"https:\/\/internacional.umh.es\/en\/#\/schema\/person\/fd81c4b213566f3add82d0f214928dfa"},"breadcrumb":{"@id":"https:\/\/internacional.umh.es\/en\/2024\/02\/23\/la-umh-recibe-la-visita-de-dos-profesoras-de-la-universidad-de-holguin-en-el-marco-de-un-proyecto-de-cooperacion-internacional\/#breadcrumb"},"inLanguage":"en-US","potentialAction":[{"@type":"ReadAction","target":["https:\/\/internacional.umh.es\/en\/2024\/02\/23\/la-umh-recibe-la-visita-de-dos-profesoras-de-la-universidad-de-holguin-en-el-marco-de-un-proyecto-de-cooperacion-internacional\/"]}]},{"@type":"BreadcrumbList","@id":"https:\/\/internacional.umh.es\/en\/2024\/02\/23\/la-umh-recibe-la-visita-de-dos-profesoras-de-la-universidad-de-holguin-en-el-marco-de-un-proyecto-de-cooperacion-internacional\/#breadcrumb","itemListElement":[{"@type":"ListItem","position":1,"name":"Home","item":"https:\/\/internacional.umh.es\/en\/"},{"@type":"ListItem","position":2,"name":"UMH welcomes two professors from the University of Holgu\u00edn as part of the framework of an international cooperation project"}]},{"@type":"Person","@id":"https:\/\/internacional.umh.es\/en\/#\/schema\/person\/fd81c4b213566f3add82d0f214928dfa","name":"l.sempere","image":{"@type":"ImageObject","@id":"https:\/\/internacional.umh.es\/en\/#personlogo","inLanguage":"en-US","url":"https:\/\/secure.gravatar.com\/avatar\/1f9861c855fb90ab758094a71cf6e565?s=96&d=mm&r=g","contentUrl":"https:\/\/secure.gravatar.com\/avatar\/1f9861c855fb90ab758094a71cf6e565?s=96&d=mm&r=g","caption":"l.sempere"},"url":"https:\/\/internacional.umh.es\/en\/author\/l-sempere\/"}]}},"_links":{"self":[{"href":"https:\/\/internacional.umh.es\/en\/wp-json\/wp\/v2\/posts\/33528"}],"collection":[{"href":"https:\/\/internacional.umh.es\/en\/wp-json\/wp\/v2\/posts"}],"about":[{"href":"https:\/\/internacional.umh.es\/en\/wp-json\/wp\/v2\/types\/post"}],"author":[{"embeddable":true,"href":"https:\/\/internacional.umh.es\/en\/wp-json\/wp\/v2\/users\/6508"}],"replies":[{"embeddable":true,"href":"https:\/\/internacional.umh.es\/en\/wp-json\/wp\/v2\/comments?post=33528"}],"version-history":[{"count":0,"href":"https:\/\/internacional.umh.es\/en\/wp-json\/wp\/v2\/posts\/33528\/revisions"}],"wp:attachment":[{"href":"https:\/\/internacional.umh.es\/en\/wp-json\/wp\/v2\/media?parent=33528"}],"wp:term":[{"taxonomy":"category","embeddable":true,"href":"https:\/\/internacional.umh.es\/en\/wp-json\/wp\/v2\/categories?post=33528"},{"taxonomy":"post_tag","embeddable":true,"href":"https:\/\/internacional.umh.es\/en\/wp-json\/wp\/v2\/tags?post=33528"}],"curies":[{"name":"wp","href":"https:\/\/api.w.org\/{rel}","templated":true}]}}