{"id":35056,"date":"2024-05-22T09:43:28","date_gmt":"2024-05-22T07:43:28","guid":{"rendered":"https:\/\/internacional.umh.es\/?p=35056"},"modified":"2024-10-14T12:56:25","modified_gmt":"2024-10-14T10:56:25","slug":"la-umh-bate-records-en-latinoamerica-en-la-feria-estudiar-en-espana-con-la-participacion-de-mas-de-5-000-estudiantes-peruanos-y-colombianos","status":"publish","type":"post","link":"https:\/\/internacional.umh.es\/en\/2024\/05\/22\/la-umh-bate-records-en-latinoamerica-en-la-feria-estudiar-en-espana-con-la-participacion-de-mas-de-5-000-estudiantes-peruanos-y-colombianos\/","title":{"rendered":"UMH breaks records in Latin America at &#8216;Study in Spain&#8217; fair, with participation by over 5,000 Peruvian and Colombian students"},"content":{"rendered":"<p><\/p>\n<h3 style=\"text-align: justify\"><strong><a href=\"https:\/\/internacional.umh.es\/files\/2024\/05\/WhatsApp-Image-2024-05-20-at-03.43.50-1.jpeg\"><img loading=\"lazy\" class=\"size-medium wp-image-35065 alignleft\" src=\"https:\/\/internacional.umh.es\/files\/2024\/05\/WhatsApp-Image-2024-05-20-at-03.43.50-1-272x300.jpeg\" alt=\"\" width=\"272\" height=\"300\" srcset=\"https:\/\/internacional.umh.es\/files\/2024\/05\/WhatsApp-Image-2024-05-20-at-03.43.50-1-272x300.jpeg 272w, https:\/\/internacional.umh.es\/files\/2024\/05\/WhatsApp-Image-2024-05-20-at-03.43.50-1-928x1024.jpeg 928w, https:\/\/internacional.umh.es\/files\/2024\/05\/WhatsApp-Image-2024-05-20-at-03.43.50-1-768x847.jpeg 768w, https:\/\/internacional.umh.es\/files\/2024\/05\/WhatsApp-Image-2024-05-20-at-03.43.50-1.jpeg 1200w\" sizes=\"(max-width: 272px) 100vw, 272px\" \/><\/a>UMH breaks records in Latin America at &#8216;Study in Spain&#8217; fair, with participation by over 5,000 Peruvian and Colombian students<br \/>\n<\/strong><\/h3>\n<p style=\"text-align: justify\"><strong>Deputy Vice Rector for International Projection and Communication, Jos\u00e9 Luis Gonz\u00e1lez, following his stay in Lima and Bogot\u00e1, also highlights the framework agreement that is going to be signed with the National University of San Marcos, which is the top Peruvian institution in scientific production<\/strong><\/p>\n<p><strong>&nbsp;<\/strong><\/p>\n<p style=\"text-align: justify\">The UMH has broken records for participation at the \u2018Study in Spain\u2019 fair during stops in Per\u00fa and Colombia, which was attended by over 5,000 Peruvian and Colombian students interested in beginning or continuing higher education in Spain. This number was highlighted by Deputy Vice Rector for International Projection and Communication, Jos\u00e9 Luis Gonz\u00e1lez who, along with Service of Communication, Marketing and Student Services technician, Mar\u00eda Sempere, are representing the UMH on a Latin American tour.<\/p>\n<p style=\"text-align: justify\">What\u2019s more, the UMH stand provided academic guidance to over 1,000 students who are pursuing graduate-level education in the social sciences.<\/p>\n<p style=\"text-align: justify\">At an academic event in Bogot\u00e1, professor Jos\u00e9 Luis Gonz\u00e1lez spoke with the Spanish ambassador to Colombia, Joaqu\u00edn Mar\u00eda de Aristegui, who showed great interest in the main challenges of UMH internationalization in this part of Latin America.<\/p>\n<p style=\"text-align: justify\">Throughout these weeks, Gonz\u00e1lez and Sempere met with the Spanish Ambassador to Per\u00fa, Alejandro Abell\u00e1n Garc\u00eda de Diego; director of internationalization at the Spanish Service for the Internationalisation of Education, Jos\u00e9 Aurelio Llaneza; internationalization colleagues from the University of Granada; vice rector and future rector of the University of Lima, Patricia Stuart; and the rector of Cayetano Heredia University, Enrique Casta\u00f1eda.<\/p>\n<p><strong>Future agreement with the National University of San Marcos (Lima, Per\u00fa)<\/strong><\/p>\n<p style=\"text-align: justify\">Jos\u00e9 Luis Gonz\u00e1lez, following a meeting with the director of the Office of Cooperation and Interinstitutional Relations at the National University of San Marcos in Lima, Ana Gabriella Mansilla, explained that the UMH is going to sign a framework agreement with that entity. This public Peruvian university, which was founded in 1551, is thought to be the South American university, and it is the top Peruvian institution in terms of scientific production.<\/p>\n<p style=\"text-align: justify\">Furthermore, it is one of only three Peruvian universities to have been ranked first nationally there in certain editions of the most recognized international academic rankings.<\/p>\n<p style=\"text-align: justify\">The National University of San Marcos has 20 faculties grouped into five academic areas. It offers 65 undergraduate, 77 masters, and 27 doctoral programs, and is the Peruvian university that offers the most study programs, undergraduate and graduate alike. It enrolls close to 50,000 students.<\/p>\n<p><a href=\"https:\/\/internacional.umh.es\/files\/2024\/05\/WhatsApp-Image-2024-05-17-at-06.15.56.jpeg\"><img loading=\"lazy\" class=\"wp-image-35074 alignleft\" src=\"https:\/\/internacional.umh.es\/files\/2024\/05\/WhatsApp-Image-2024-05-17-at-06.15.56-244x300.jpeg\" alt=\"\" width=\"215\" height=\"265\" srcset=\"https:\/\/internacional.umh.es\/files\/2024\/05\/WhatsApp-Image-2024-05-17-at-06.15.56-244x300.jpeg 244w, https:\/\/internacional.umh.es\/files\/2024\/05\/WhatsApp-Image-2024-05-17-at-06.15.56-832x1024.jpeg 832w, https:\/\/internacional.umh.es\/files\/2024\/05\/WhatsApp-Image-2024-05-17-at-06.15.56-768x945.jpeg 768w, https:\/\/internacional.umh.es\/files\/2024\/05\/WhatsApp-Image-2024-05-17-at-06.15.56-1248x1536.jpeg 1248w, https:\/\/internacional.umh.es\/files\/2024\/05\/WhatsApp-Image-2024-05-17-at-06.15.56.jpeg 1664w\" sizes=\"(max-width: 215px) 100vw, 215px\" \/><\/a><a href=\"https:\/\/internacional.umh.es\/files\/2024\/05\/WhatsApp-Image-2024-05-16-at-06.03.08.jpeg\"><img loading=\"lazy\" class=\"size-medium wp-image-35077 alignleft\" src=\"https:\/\/internacional.umh.es\/files\/2024\/05\/WhatsApp-Image-2024-05-16-at-06.03.08-300x249.jpeg\" alt=\"\" width=\"300\" height=\"249\" srcset=\"https:\/\/internacional.umh.es\/files\/2024\/05\/WhatsApp-Image-2024-05-16-at-06.03.08-300x249.jpeg 300w, https:\/\/internacional.umh.es\/files\/2024\/05\/WhatsApp-Image-2024-05-16-at-06.03.08-1024x851.jpeg 1024w, https:\/\/internacional.umh.es\/files\/2024\/05\/WhatsApp-Image-2024-05-16-at-06.03.08-768x638.jpeg 768w, https:\/\/internacional.umh.es\/files\/2024\/05\/WhatsApp-Image-2024-05-16-at-06.03.08-1536x1277.jpeg 1536w, https:\/\/internacional.umh.es\/files\/2024\/05\/WhatsApp-Image-2024-05-16-at-06.03.08.jpeg 2048w\" sizes=\"(max-width: 300px) 100vw, 300px\" \/><\/a><a href=\"https:\/\/internacional.umh.es\/files\/2024\/05\/WhatsApp-Image-2024-05-20-at-03.43.50-2.jpeg\"><img loading=\"lazy\" class=\"size-medium wp-image-35068 alignleft\" src=\"https:\/\/internacional.umh.es\/files\/2024\/05\/WhatsApp-Image-2024-05-20-at-03.43.50-2-300x259.jpeg\" alt=\"\" width=\"300\" height=\"259\" srcset=\"https:\/\/internacional.umh.es\/files\/2024\/05\/WhatsApp-Image-2024-05-20-at-03.43.50-2-300x259.jpeg 300w, https:\/\/internacional.umh.es\/files\/2024\/05\/WhatsApp-Image-2024-05-20-at-03.43.50-2-1024x883.jpeg 1024w, https:\/\/internacional.umh.es\/files\/2024\/05\/WhatsApp-Image-2024-05-20-at-03.43.50-2-768x662.jpeg 768w, https:\/\/internacional.umh.es\/files\/2024\/05\/WhatsApp-Image-2024-05-20-at-03.43.50-2-1536x1325.jpeg 1536w, https:\/\/internacional.umh.es\/files\/2024\/05\/WhatsApp-Image-2024-05-20-at-03.43.50-2.jpeg 1600w\" sizes=\"(max-width: 300px) 100vw, 300px\" \/><\/a><\/p>","protected":false},"excerpt":{"rendered":"<p>UMH breaks records in Latin America at &#8216;Study in Spain&#8217; fair, with participation by over 5,000 Peruvian and Colombian students<\/p>\n<p>Deputy Vice Rector for International Projection and Communication, Jos\u00e9 Luis Gonz\u00e1lez, following his stay in Lima and Bogot\u00e1, also highlights the framework agreement that is going to be signed with the National University of San Marcos, [&#8230;]<\/p>\n","protected":false},"author":28614,"featured_media":0,"comment_status":"closed","ping_status":"closed","sticky":false,"template":"","format":"standard","meta":{"ngg_post_thumbnail":0,"_links_to":"","_links_to_target":""},"categories":[570],"tags":[],"yoast_head":"<!-- This site is optimized with the Yoast SEO plugin v17.5 - https:\/\/yoast.com\/wordpress\/plugins\/seo\/ -->\n<meta name=\"robots\" content=\"index, follow, max-snippet:-1, max-image-preview:large, max-video-preview:-1\" \/>\n<link rel=\"canonical\" href=\"https:\/\/internacional.umh.es\/en\/2024\/05\/22\/la-umh-bate-records-en-latinoamerica-en-la-feria-estudiar-en-espana-con-la-participacion-de-mas-de-5-000-estudiantes-peruanos-y-colombianos\/\" \/>\n<meta property=\"og:locale\" content=\"en_US\" \/>\n<meta property=\"og:type\" content=\"article\" \/>\n<meta property=\"og:title\" content=\"UMH breaks records in Latin America at &#039;Study in Spain&#039; fair, with participation by over 5,000 Peruvian and Colombian students - International Relations and Cooperation\" \/>\n<meta property=\"og:description\" content=\"UMH breaks records in Latin America at &#8216;Study in Spain&#8217; fair, with participation by over 5,000 Peruvian and Colombian students Deputy Vice Rector for International Projection and Communication, Jos\u00e9 Luis Gonz\u00e1lez, following his stay in Lima and Bogot\u00e1, also highlights the framework agreement that is going to be signed with the National University of San Marcos, [...]\" \/>\n<meta property=\"og:url\" content=\"https:\/\/internacional.umh.es\/en\/2024\/05\/22\/la-umh-bate-records-en-latinoamerica-en-la-feria-estudiar-en-espana-con-la-participacion-de-mas-de-5-000-estudiantes-peruanos-y-colombianos\/\" \/>\n<meta property=\"og:site_name\" content=\"International Relations and Cooperation\" \/>\n<meta property=\"article:published_time\" content=\"2024-05-22T07:43:28+00:00\" \/>\n<meta property=\"article:modified_time\" content=\"2024-10-14T10:56:25+00:00\" \/>\n<meta property=\"og:image\" content=\"https:\/\/internacional.umh.es\/files\/2024\/05\/WhatsApp-Image-2024-05-20-at-03.43.50-1-272x300.jpeg\" \/>\n<meta name=\"twitter:card\" content=\"summary_large_image\" \/>\n<meta name=\"twitter:label1\" content=\"Written by\" \/>\n\t<meta name=\"twitter:data1\" content=\"paliaga\" \/>\n\t<meta name=\"twitter:label2\" content=\"Est. reading time\" \/>\n\t<meta name=\"twitter:data2\" content=\"3 minutes\" \/>\n<script type=\"application\/ld+json\" class=\"yoast-schema-graph\">{\"@context\":\"https:\/\/schema.org\",\"@graph\":[{\"@type\":\"WebSite\",\"@id\":\"https:\/\/internacional.umh.es\/en\/#website\",\"url\":\"https:\/\/internacional.umh.es\/en\/\",\"name\":\"International Relations and Cooperation\",\"description\":\"Miguel Hernandez University of Elche\",\"potentialAction\":[{\"@type\":\"SearchAction\",\"target\":{\"@type\":\"EntryPoint\",\"urlTemplate\":\"https:\/\/internacional.umh.es\/en\/?s={search_term_string}\"},\"query-input\":\"required name=search_term_string\"}],\"inLanguage\":\"en-US\"},{\"@type\":\"ImageObject\",\"@id\":\"https:\/\/internacional.umh.es\/en\/2024\/05\/22\/la-umh-bate-records-en-latinoamerica-en-la-feria-estudiar-en-espana-con-la-participacion-de-mas-de-5-000-estudiantes-peruanos-y-colombianos\/#primaryimage\",\"inLanguage\":\"en-US\",\"url\":\"https:\/\/internacional.umh.es\/files\/2024\/05\/WhatsApp-Image-2024-05-20-at-03.43.50-1.jpeg\",\"contentUrl\":\"https:\/\/internacional.umh.es\/files\/2024\/05\/WhatsApp-Image-2024-05-20-at-03.43.50-1.jpeg\",\"width\":1200,\"height\":1324},{\"@type\":\"WebPage\",\"@id\":\"https:\/\/internacional.umh.es\/en\/2024\/05\/22\/la-umh-bate-records-en-latinoamerica-en-la-feria-estudiar-en-espana-con-la-participacion-de-mas-de-5-000-estudiantes-peruanos-y-colombianos\/#webpage\",\"url\":\"https:\/\/internacional.umh.es\/en\/2024\/05\/22\/la-umh-bate-records-en-latinoamerica-en-la-feria-estudiar-en-espana-con-la-participacion-de-mas-de-5-000-estudiantes-peruanos-y-colombianos\/\",\"name\":\"UMH breaks records in Latin America at 'Study in Spain' fair, with participation by over 5,000 Peruvian and Colombian students - International Relations and Cooperation\",\"isPartOf\":{\"@id\":\"https:\/\/internacional.umh.es\/en\/#website\"},\"primaryImageOfPage\":{\"@id\":\"https:\/\/internacional.umh.es\/en\/2024\/05\/22\/la-umh-bate-records-en-latinoamerica-en-la-feria-estudiar-en-espana-con-la-participacion-de-mas-de-5-000-estudiantes-peruanos-y-colombianos\/#primaryimage\"},\"datePublished\":\"2024-05-22T07:43:28+00:00\",\"dateModified\":\"2024-10-14T10:56:25+00:00\",\"author\":{\"@id\":\"https:\/\/internacional.umh.es\/en\/#\/schema\/person\/80d6ddb6a44115a6086bb4a8a0dc2db6\"},\"breadcrumb\":{\"@id\":\"https:\/\/internacional.umh.es\/en\/2024\/05\/22\/la-umh-bate-records-en-latinoamerica-en-la-feria-estudiar-en-espana-con-la-participacion-de-mas-de-5-000-estudiantes-peruanos-y-colombianos\/#breadcrumb\"},\"inLanguage\":\"en-US\",\"potentialAction\":[{\"@type\":\"ReadAction\",\"target\":[\"https:\/\/internacional.umh.es\/en\/2024\/05\/22\/la-umh-bate-records-en-latinoamerica-en-la-feria-estudiar-en-espana-con-la-participacion-de-mas-de-5-000-estudiantes-peruanos-y-colombianos\/\"]}]},{\"@type\":\"BreadcrumbList\",\"@id\":\"https:\/\/internacional.umh.es\/en\/2024\/05\/22\/la-umh-bate-records-en-latinoamerica-en-la-feria-estudiar-en-espana-con-la-participacion-de-mas-de-5-000-estudiantes-peruanos-y-colombianos\/#breadcrumb\",\"itemListElement\":[{\"@type\":\"ListItem\",\"position\":1,\"name\":\"Home\",\"item\":\"https:\/\/internacional.umh.es\/en\/\"},{\"@type\":\"ListItem\",\"position\":2,\"name\":\"UMH breaks records in Latin America at &#8216;Study in Spain&#8217; fair, with participation by over 5,000 Peruvian and Colombian students\"}]},{\"@type\":\"Person\",\"@id\":\"https:\/\/internacional.umh.es\/en\/#\/schema\/person\/80d6ddb6a44115a6086bb4a8a0dc2db6\",\"name\":\"paliaga\",\"image\":{\"@type\":\"ImageObject\",\"@id\":\"https:\/\/internacional.umh.es\/en\/#personlogo\",\"inLanguage\":\"en-US\",\"url\":\"https:\/\/secure.gravatar.com\/avatar\/5baca743863e669ef18bc3c564b897e2?s=96&d=mm&r=g\",\"contentUrl\":\"https:\/\/secure.gravatar.com\/avatar\/5baca743863e669ef18bc3c564b897e2?s=96&d=mm&r=g\",\"caption\":\"paliaga\"},\"url\":\"https:\/\/internacional.umh.es\/en\/author\/paliaga\/\"}]}<\/script>\n<!-- \/ Yoast SEO plugin. -->","yoast_head_json":{"robots":{"index":"index","follow":"follow","max-snippet":"max-snippet:-1","max-image-preview":"max-image-preview:large","max-video-preview":"max-video-preview:-1"},"canonical":"https:\/\/internacional.umh.es\/en\/2024\/05\/22\/la-umh-bate-records-en-latinoamerica-en-la-feria-estudiar-en-espana-con-la-participacion-de-mas-de-5-000-estudiantes-peruanos-y-colombianos\/","og_locale":"en_US","og_type":"article","og_title":"UMH breaks records in Latin America at 'Study in Spain' fair, with participation by over 5,000 Peruvian and Colombian students - International Relations and Cooperation","og_description":"UMH breaks records in Latin America at &#8216;Study in Spain&#8217; fair, with participation by over 5,000 Peruvian and Colombian students Deputy Vice Rector for International Projection and Communication, Jos\u00e9 Luis Gonz\u00e1lez, following his stay in Lima and Bogot\u00e1, also highlights the framework agreement that is going to be signed with the National University of San Marcos, [...]","og_url":"https:\/\/internacional.umh.es\/en\/2024\/05\/22\/la-umh-bate-records-en-latinoamerica-en-la-feria-estudiar-en-espana-con-la-participacion-de-mas-de-5-000-estudiantes-peruanos-y-colombianos\/","og_site_name":"International Relations and Cooperation","article_published_time":"2024-05-22T07:43:28+00:00","article_modified_time":"2024-10-14T10:56:25+00:00","og_image":[{"url":"https:\/\/internacional.umh.es\/files\/2024\/05\/WhatsApp-Image-2024-05-20-at-03.43.50-1-272x300.jpeg"}],"twitter_card":"summary_large_image","twitter_misc":{"Written by":"paliaga","Est. reading time":"3 minutes"},"schema":{"@context":"https:\/\/schema.org","@graph":[{"@type":"WebSite","@id":"https:\/\/internacional.umh.es\/en\/#website","url":"https:\/\/internacional.umh.es\/en\/","name":"International Relations and Cooperation","description":"Miguel Hernandez University of Elche","potentialAction":[{"@type":"SearchAction","target":{"@type":"EntryPoint","urlTemplate":"https:\/\/internacional.umh.es\/en\/?s={search_term_string}"},"query-input":"required name=search_term_string"}],"inLanguage":"en-US"},{"@type":"ImageObject","@id":"https:\/\/internacional.umh.es\/en\/2024\/05\/22\/la-umh-bate-records-en-latinoamerica-en-la-feria-estudiar-en-espana-con-la-participacion-de-mas-de-5-000-estudiantes-peruanos-y-colombianos\/#primaryimage","inLanguage":"en-US","url":"https:\/\/internacional.umh.es\/files\/2024\/05\/WhatsApp-Image-2024-05-20-at-03.43.50-1.jpeg","contentUrl":"https:\/\/internacional.umh.es\/files\/2024\/05\/WhatsApp-Image-2024-05-20-at-03.43.50-1.jpeg","width":1200,"height":1324},{"@type":"WebPage","@id":"https:\/\/internacional.umh.es\/en\/2024\/05\/22\/la-umh-bate-records-en-latinoamerica-en-la-feria-estudiar-en-espana-con-la-participacion-de-mas-de-5-000-estudiantes-peruanos-y-colombianos\/#webpage","url":"https:\/\/internacional.umh.es\/en\/2024\/05\/22\/la-umh-bate-records-en-latinoamerica-en-la-feria-estudiar-en-espana-con-la-participacion-de-mas-de-5-000-estudiantes-peruanos-y-colombianos\/","name":"UMH breaks records in Latin America at 'Study in Spain' fair, with participation by over 5,000 Peruvian and Colombian students - International Relations and Cooperation","isPartOf":{"@id":"https:\/\/internacional.umh.es\/en\/#website"},"primaryImageOfPage":{"@id":"https:\/\/internacional.umh.es\/en\/2024\/05\/22\/la-umh-bate-records-en-latinoamerica-en-la-feria-estudiar-en-espana-con-la-participacion-de-mas-de-5-000-estudiantes-peruanos-y-colombianos\/#primaryimage"},"datePublished":"2024-05-22T07:43:28+00:00","dateModified":"2024-10-14T10:56:25+00:00","author":{"@id":"https:\/\/internacional.umh.es\/en\/#\/schema\/person\/80d6ddb6a44115a6086bb4a8a0dc2db6"},"breadcrumb":{"@id":"https:\/\/internacional.umh.es\/en\/2024\/05\/22\/la-umh-bate-records-en-latinoamerica-en-la-feria-estudiar-en-espana-con-la-participacion-de-mas-de-5-000-estudiantes-peruanos-y-colombianos\/#breadcrumb"},"inLanguage":"en-US","potentialAction":[{"@type":"ReadAction","target":["https:\/\/internacional.umh.es\/en\/2024\/05\/22\/la-umh-bate-records-en-latinoamerica-en-la-feria-estudiar-en-espana-con-la-participacion-de-mas-de-5-000-estudiantes-peruanos-y-colombianos\/"]}]},{"@type":"BreadcrumbList","@id":"https:\/\/internacional.umh.es\/en\/2024\/05\/22\/la-umh-bate-records-en-latinoamerica-en-la-feria-estudiar-en-espana-con-la-participacion-de-mas-de-5-000-estudiantes-peruanos-y-colombianos\/#breadcrumb","itemListElement":[{"@type":"ListItem","position":1,"name":"Home","item":"https:\/\/internacional.umh.es\/en\/"},{"@type":"ListItem","position":2,"name":"UMH breaks records in Latin America at &#8216;Study in Spain&#8217; fair, with participation by over 5,000 Peruvian and Colombian students"}]},{"@type":"Person","@id":"https:\/\/internacional.umh.es\/en\/#\/schema\/person\/80d6ddb6a44115a6086bb4a8a0dc2db6","name":"paliaga","image":{"@type":"ImageObject","@id":"https:\/\/internacional.umh.es\/en\/#personlogo","inLanguage":"en-US","url":"https:\/\/secure.gravatar.com\/avatar\/5baca743863e669ef18bc3c564b897e2?s=96&d=mm&r=g","contentUrl":"https:\/\/secure.gravatar.com\/avatar\/5baca743863e669ef18bc3c564b897e2?s=96&d=mm&r=g","caption":"paliaga"},"url":"https:\/\/internacional.umh.es\/en\/author\/paliaga\/"}]}},"_links":{"self":[{"href":"https:\/\/internacional.umh.es\/en\/wp-json\/wp\/v2\/posts\/35056"}],"collection":[{"href":"https:\/\/internacional.umh.es\/en\/wp-json\/wp\/v2\/posts"}],"about":[{"href":"https:\/\/internacional.umh.es\/en\/wp-json\/wp\/v2\/types\/post"}],"author":[{"embeddable":true,"href":"https:\/\/internacional.umh.es\/en\/wp-json\/wp\/v2\/users\/28614"}],"replies":[{"embeddable":true,"href":"https:\/\/internacional.umh.es\/en\/wp-json\/wp\/v2\/comments?post=35056"}],"version-history":[{"count":0,"href":"https:\/\/internacional.umh.es\/en\/wp-json\/wp\/v2\/posts\/35056\/revisions"}],"wp:attachment":[{"href":"https:\/\/internacional.umh.es\/en\/wp-json\/wp\/v2\/media?parent=35056"}],"wp:term":[{"taxonomy":"category","embeddable":true,"href":"https:\/\/internacional.umh.es\/en\/wp-json\/wp\/v2\/categories?post=35056"},{"taxonomy":"post_tag","embeddable":true,"href":"https:\/\/internacional.umh.es\/en\/wp-json\/wp\/v2\/tags?post=35056"}],"curies":[{"name":"wp","href":"https:\/\/api.w.org\/{rel}","templated":true}]}}