{"id":35128,"date":"2024-05-23T10:14:35","date_gmt":"2024-05-23T08:14:35","guid":{"rendered":"https:\/\/internacional.umh.es\/?p=35128"},"modified":"2024-05-23T13:01:37","modified_gmt":"2024-05-23T11:01:37","slug":"la-semana-de-accion-mundial-por-la-educacion-en-global-umh-22-de-mayo-de-2024","status":"publish","type":"post","link":"https:\/\/internacional.umh.es\/en\/2024\/05\/23\/la-semana-de-accion-mundial-por-la-educacion-en-global-umh-22-de-mayo-de-2024\/","title":{"rendered":"Global Action Week for Education at Global UMH on May 22, 2024"},"content":{"rendered":"<p><\/p>\n<p style=\"text-align: justify\"><a href=\"https:\/\/internacional.umh.es\/files\/2024\/05\/20240514_104148-scaled-1.jpg\"><img loading=\"lazy\" class=\"size-medium wp-image-35122 alignleft\" src=\"https:\/\/internacional.umh.es\/files\/2024\/05\/20240514_104148-scaled-1-300x180.jpg\" alt=\"\" width=\"300\" height=\"180\" srcset=\"https:\/\/internacional.umh.es\/files\/2024\/05\/20240514_104148-scaled-1-300x180.jpg 300w, https:\/\/internacional.umh.es\/files\/2024\/05\/20240514_104148-scaled-1-1024x614.jpg 1024w, https:\/\/internacional.umh.es\/files\/2024\/05\/20240514_104148-scaled-1-768x461.jpg 768w, https:\/\/internacional.umh.es\/files\/2024\/05\/20240514_104148-scaled-1-1536x921.jpg 1536w, https:\/\/internacional.umh.es\/files\/2024\/05\/20240514_104148-scaled-1-2048x1228.jpg 2048w\" sizes=\"(max-width: 300px) 100vw, 300px\" \/><\/a>Welcome to the eighth program from the ninth season of <em>Global UMH<\/em>. In it, we take stock of the 22nd edition of Global Action Week for Education, whose primary slogan is \u2018hatred within the classroom,\u2019 while we also address current topics for the Vice Rectorate for Internationalization and Cooperation at the UMH.<\/p>\n<p style=\"text-align: justify\">To accomplish this, individuals joining us include a representative from the <em>Entreculturas<\/em> NGO, Miguel Le\u00f3n; UMH Director of Development Cooperation and Volunteerism Juana Aznar; Councilperson of Cooperation at Elche City Hall, Celia Lastra; guidance counselors at Tirant Lo Blanch High School and Dama d\u00b4Elx Elementary School, Luc\u00eda &amp; Saray, respectively; Sof\u00eda &amp; Darina, two young people who for different reasons were forced to leave their country of birth, and therefore, their lives to search for a safe location to live their lives relatively normally; students from Tirant Lo Blanch High School, Sof\u00eda &amp; Izan; students from Dama d\u00b4Elx Elementary School, Yago, Carmen &amp; Ryan; in addition to students from Luis Vives Elementary School, Estrella &amp; Fernando.<\/p>\n<p style=\"text-align: justify\">This program is presented by Luis Sempere and Pablo Aliaga; at the technical controls is David Franc\u00e9s.<\/p>\n<p>To listen to the program, <a href=\"https:\/\/radio.umh.es\/2024\/05\/22\/la-semana-de-accion-mundial-por-la-educacion-en-global-umh-22-de-mayo-de-2024\/\">click this link<\/a>.<\/p>","protected":false},"excerpt":{"rendered":"<p>Welcome to the eighth program from the ninth season of Global UMH. In it, we take stock of the 22nd edition of Global Action Week for Education, whose primary slogan is \u2018hatred within the classroom,\u2019 while we also address current topics for the Vice Rectorate for Internationalization and Cooperation at the UMH.<br \/>\nTo accomplish this, individuals [&#8230;]<\/p>\n","protected":false},"author":6508,"featured_media":0,"comment_status":"closed","ping_status":"closed","sticky":false,"template":"","format":"standard","meta":{"ngg_post_thumbnail":0,"_links_to":"","_links_to_target":""},"categories":[340107],"tags":[],"yoast_head":"<!-- This site is optimized with the Yoast SEO plugin v17.5 - https:\/\/yoast.com\/wordpress\/plugins\/seo\/ -->\n<meta name=\"robots\" content=\"index, follow, max-snippet:-1, max-image-preview:large, max-video-preview:-1\" \/>\n<link rel=\"canonical\" href=\"https:\/\/internacional.umh.es\/en\/2024\/05\/23\/la-semana-de-accion-mundial-por-la-educacion-en-global-umh-22-de-mayo-de-2024\/\" \/>\n<meta property=\"og:locale\" content=\"en_US\" \/>\n<meta property=\"og:type\" content=\"article\" \/>\n<meta property=\"og:title\" content=\"Global Action Week for Education at Global UMH on May 22, 2024 - International Relations and Cooperation\" \/>\n<meta property=\"og:description\" content=\"Welcome to the eighth program from the ninth season of Global UMH. In it, we take stock of the 22nd edition of Global Action Week for Education, whose primary slogan is \u2018hatred within the classroom,\u2019 while we also address current topics for the Vice Rectorate for Internationalization and Cooperation at the UMH. To accomplish this, individuals [...]\" \/>\n<meta property=\"og:url\" content=\"https:\/\/internacional.umh.es\/ca\/2024\/05\/23\/la-semana-de-accion-mundial-por-la-educacion-en-global-umh-22-de-mayo-de-2024\/\" \/>\n<meta property=\"og:site_name\" content=\"International Relations and Cooperation\" \/>\n<meta property=\"article:published_time\" content=\"2024-05-23T08:14:35+00:00\" \/>\n<meta property=\"article:modified_time\" content=\"2024-05-23T11:01:37+00:00\" \/>\n<meta property=\"og:image\" content=\"https:\/\/internacional.umh.es\/files\/2024\/05\/20240514_104148-scaled-1-300x180.jpg\" \/>\n<meta name=\"twitter:card\" content=\"summary_large_image\" \/>\n<meta name=\"twitter:label1\" content=\"Written by\" \/>\n\t<meta name=\"twitter:data1\" content=\"l.sempere\" \/>\n\t<meta name=\"twitter:label2\" content=\"Est. reading time\" \/>\n\t<meta name=\"twitter:data2\" content=\"2 minutes\" \/>\n<script type=\"application\/ld+json\" class=\"yoast-schema-graph\">{\"@context\":\"https:\/\/schema.org\",\"@graph\":[{\"@type\":\"WebSite\",\"@id\":\"https:\/\/internacional.umh.es\/en\/#website\",\"url\":\"https:\/\/internacional.umh.es\/en\/\",\"name\":\"International Relations and Cooperation\",\"description\":\"Miguel Hernandez University of Elche\",\"potentialAction\":[{\"@type\":\"SearchAction\",\"target\":{\"@type\":\"EntryPoint\",\"urlTemplate\":\"https:\/\/internacional.umh.es\/en\/?s={search_term_string}\"},\"query-input\":\"required name=search_term_string\"}],\"inLanguage\":\"en-US\"},{\"@type\":\"ImageObject\",\"@id\":\"https:\/\/internacional.umh.es\/ca\/2024\/05\/23\/la-semana-de-accion-mundial-por-la-educacion-en-global-umh-22-de-mayo-de-2024\/#primaryimage\",\"inLanguage\":\"en-US\",\"url\":\"https:\/\/internacional.umh.es\/files\/2024\/05\/20240514_104148-scaled-1.jpg\",\"contentUrl\":\"https:\/\/internacional.umh.es\/files\/2024\/05\/20240514_104148-scaled-1.jpg\",\"width\":2560,\"height\":1535},{\"@type\":\"WebPage\",\"@id\":\"https:\/\/internacional.umh.es\/ca\/2024\/05\/23\/la-semana-de-accion-mundial-por-la-educacion-en-global-umh-22-de-mayo-de-2024\/#webpage\",\"url\":\"https:\/\/internacional.umh.es\/ca\/2024\/05\/23\/la-semana-de-accion-mundial-por-la-educacion-en-global-umh-22-de-mayo-de-2024\/\",\"name\":\"Global Action Week for Education at Global UMH on May 22, 2024 - International Relations and Cooperation\",\"isPartOf\":{\"@id\":\"https:\/\/internacional.umh.es\/en\/#website\"},\"primaryImageOfPage\":{\"@id\":\"https:\/\/internacional.umh.es\/ca\/2024\/05\/23\/la-semana-de-accion-mundial-por-la-educacion-en-global-umh-22-de-mayo-de-2024\/#primaryimage\"},\"datePublished\":\"2024-05-23T08:14:35+00:00\",\"dateModified\":\"2024-05-23T11:01:37+00:00\",\"author\":{\"@id\":\"https:\/\/internacional.umh.es\/en\/#\/schema\/person\/fd81c4b213566f3add82d0f214928dfa\"},\"breadcrumb\":{\"@id\":\"https:\/\/internacional.umh.es\/ca\/2024\/05\/23\/la-semana-de-accion-mundial-por-la-educacion-en-global-umh-22-de-mayo-de-2024\/#breadcrumb\"},\"inLanguage\":\"en-US\",\"potentialAction\":[{\"@type\":\"ReadAction\",\"target\":[\"https:\/\/internacional.umh.es\/ca\/2024\/05\/23\/la-semana-de-accion-mundial-por-la-educacion-en-global-umh-22-de-mayo-de-2024\/\"]}]},{\"@type\":\"BreadcrumbList\",\"@id\":\"https:\/\/internacional.umh.es\/ca\/2024\/05\/23\/la-semana-de-accion-mundial-por-la-educacion-en-global-umh-22-de-mayo-de-2024\/#breadcrumb\",\"itemListElement\":[{\"@type\":\"ListItem\",\"position\":1,\"name\":\"Home\",\"item\":\"https:\/\/internacional.umh.es\/en\/\"},{\"@type\":\"ListItem\",\"position\":2,\"name\":\"(Espa\\u00f1ol) La Semana de Acci\\u00f3n Mundial por la Educaci\\u00f3n, en \\u00abGlobal UMH\\u00bb, 22 de mayo de 2024\"}]},{\"@type\":\"Person\",\"@id\":\"https:\/\/internacional.umh.es\/en\/#\/schema\/person\/fd81c4b213566f3add82d0f214928dfa\",\"name\":\"l.sempere\",\"image\":{\"@type\":\"ImageObject\",\"@id\":\"https:\/\/internacional.umh.es\/en\/#personlogo\",\"inLanguage\":\"en-US\",\"url\":\"https:\/\/secure.gravatar.com\/avatar\/1f9861c855fb90ab758094a71cf6e565?s=96&d=mm&r=g\",\"contentUrl\":\"https:\/\/secure.gravatar.com\/avatar\/1f9861c855fb90ab758094a71cf6e565?s=96&d=mm&r=g\",\"caption\":\"l.sempere\"},\"url\":\"https:\/\/internacional.umh.es\/en\/author\/l-sempere\/\"}]}<\/script>\n<!-- \/ Yoast SEO plugin. -->","yoast_head_json":{"robots":{"index":"index","follow":"follow","max-snippet":"max-snippet:-1","max-image-preview":"max-image-preview:large","max-video-preview":"max-video-preview:-1"},"canonical":"https:\/\/internacional.umh.es\/en\/2024\/05\/23\/la-semana-de-accion-mundial-por-la-educacion-en-global-umh-22-de-mayo-de-2024\/","og_locale":"en_US","og_type":"article","og_title":"Global Action Week for Education at Global UMH on May 22, 2024 - International Relations and Cooperation","og_description":"Welcome to the eighth program from the ninth season of Global UMH. In it, we take stock of the 22nd edition of Global Action Week for Education, whose primary slogan is \u2018hatred within the classroom,\u2019 while we also address current topics for the Vice Rectorate for Internationalization and Cooperation at the UMH. To accomplish this, individuals [...]","og_url":"https:\/\/internacional.umh.es\/ca\/2024\/05\/23\/la-semana-de-accion-mundial-por-la-educacion-en-global-umh-22-de-mayo-de-2024\/","og_site_name":"International Relations and Cooperation","article_published_time":"2024-05-23T08:14:35+00:00","article_modified_time":"2024-05-23T11:01:37+00:00","og_image":[{"url":"https:\/\/internacional.umh.es\/files\/2024\/05\/20240514_104148-scaled-1-300x180.jpg"}],"twitter_card":"summary_large_image","twitter_misc":{"Written by":"l.sempere","Est. reading time":"2 minutes"},"schema":{"@context":"https:\/\/schema.org","@graph":[{"@type":"WebSite","@id":"https:\/\/internacional.umh.es\/en\/#website","url":"https:\/\/internacional.umh.es\/en\/","name":"International Relations and Cooperation","description":"Miguel Hernandez University of Elche","potentialAction":[{"@type":"SearchAction","target":{"@type":"EntryPoint","urlTemplate":"https:\/\/internacional.umh.es\/en\/?s={search_term_string}"},"query-input":"required name=search_term_string"}],"inLanguage":"en-US"},{"@type":"ImageObject","@id":"https:\/\/internacional.umh.es\/ca\/2024\/05\/23\/la-semana-de-accion-mundial-por-la-educacion-en-global-umh-22-de-mayo-de-2024\/#primaryimage","inLanguage":"en-US","url":"https:\/\/internacional.umh.es\/files\/2024\/05\/20240514_104148-scaled-1.jpg","contentUrl":"https:\/\/internacional.umh.es\/files\/2024\/05\/20240514_104148-scaled-1.jpg","width":2560,"height":1535},{"@type":"WebPage","@id":"https:\/\/internacional.umh.es\/ca\/2024\/05\/23\/la-semana-de-accion-mundial-por-la-educacion-en-global-umh-22-de-mayo-de-2024\/#webpage","url":"https:\/\/internacional.umh.es\/ca\/2024\/05\/23\/la-semana-de-accion-mundial-por-la-educacion-en-global-umh-22-de-mayo-de-2024\/","name":"Global Action Week for Education at Global UMH on May 22, 2024 - International Relations and Cooperation","isPartOf":{"@id":"https:\/\/internacional.umh.es\/en\/#website"},"primaryImageOfPage":{"@id":"https:\/\/internacional.umh.es\/ca\/2024\/05\/23\/la-semana-de-accion-mundial-por-la-educacion-en-global-umh-22-de-mayo-de-2024\/#primaryimage"},"datePublished":"2024-05-23T08:14:35+00:00","dateModified":"2024-05-23T11:01:37+00:00","author":{"@id":"https:\/\/internacional.umh.es\/en\/#\/schema\/person\/fd81c4b213566f3add82d0f214928dfa"},"breadcrumb":{"@id":"https:\/\/internacional.umh.es\/ca\/2024\/05\/23\/la-semana-de-accion-mundial-por-la-educacion-en-global-umh-22-de-mayo-de-2024\/#breadcrumb"},"inLanguage":"en-US","potentialAction":[{"@type":"ReadAction","target":["https:\/\/internacional.umh.es\/ca\/2024\/05\/23\/la-semana-de-accion-mundial-por-la-educacion-en-global-umh-22-de-mayo-de-2024\/"]}]},{"@type":"BreadcrumbList","@id":"https:\/\/internacional.umh.es\/ca\/2024\/05\/23\/la-semana-de-accion-mundial-por-la-educacion-en-global-umh-22-de-mayo-de-2024\/#breadcrumb","itemListElement":[{"@type":"ListItem","position":1,"name":"Home","item":"https:\/\/internacional.umh.es\/en\/"},{"@type":"ListItem","position":2,"name":"(Espa\u00f1ol) La Semana de Acci\u00f3n Mundial por la Educaci\u00f3n, en \u00abGlobal UMH\u00bb, 22 de mayo de 2024"}]},{"@type":"Person","@id":"https:\/\/internacional.umh.es\/en\/#\/schema\/person\/fd81c4b213566f3add82d0f214928dfa","name":"l.sempere","image":{"@type":"ImageObject","@id":"https:\/\/internacional.umh.es\/en\/#personlogo","inLanguage":"en-US","url":"https:\/\/secure.gravatar.com\/avatar\/1f9861c855fb90ab758094a71cf6e565?s=96&d=mm&r=g","contentUrl":"https:\/\/secure.gravatar.com\/avatar\/1f9861c855fb90ab758094a71cf6e565?s=96&d=mm&r=g","caption":"l.sempere"},"url":"https:\/\/internacional.umh.es\/en\/author\/l-sempere\/"}]}},"_links":{"self":[{"href":"https:\/\/internacional.umh.es\/en\/wp-json\/wp\/v2\/posts\/35128"}],"collection":[{"href":"https:\/\/internacional.umh.es\/en\/wp-json\/wp\/v2\/posts"}],"about":[{"href":"https:\/\/internacional.umh.es\/en\/wp-json\/wp\/v2\/types\/post"}],"author":[{"embeddable":true,"href":"https:\/\/internacional.umh.es\/en\/wp-json\/wp\/v2\/users\/6508"}],"replies":[{"embeddable":true,"href":"https:\/\/internacional.umh.es\/en\/wp-json\/wp\/v2\/comments?post=35128"}],"version-history":[{"count":0,"href":"https:\/\/internacional.umh.es\/en\/wp-json\/wp\/v2\/posts\/35128\/revisions"}],"wp:attachment":[{"href":"https:\/\/internacional.umh.es\/en\/wp-json\/wp\/v2\/media?parent=35128"}],"wp:term":[{"taxonomy":"category","embeddable":true,"href":"https:\/\/internacional.umh.es\/en\/wp-json\/wp\/v2\/categories?post=35128"},{"taxonomy":"post_tag","embeddable":true,"href":"https:\/\/internacional.umh.es\/en\/wp-json\/wp\/v2\/tags?post=35128"}],"curies":[{"name":"wp","href":"https:\/\/api.w.org\/{rel}","templated":true}]}}