{"id":35618,"date":"2024-07-10T09:46:52","date_gmt":"2024-07-10T07:46:52","guid":{"rendered":"https:\/\/internacional.umh.es\/?p=35618"},"modified":"2024-07-12T13:01:18","modified_gmt":"2024-07-12T11:01:18","slug":"primera-toma-de-contacto-entre-la-umh-y-la-universidad-de-comunicacion-de-zhejiang-para-futuros-proyectos-de-intercambio-y-cooperacion","status":"publish","type":"post","link":"https:\/\/internacional.umh.es\/en\/2024\/07\/10\/primera-toma-de-contacto-entre-la-umh-y-la-universidad-de-comunicacion-de-zhejiang-para-futuros-proyectos-de-intercambio-y-cooperacion\/","title":{"rendered":"First contact between UMH and Communication University of Zhejiang for future exchange and cooperation projects"},"content":{"rendered":"<p><\/p>\n<h4 style=\"text-align: justify\"><strong><a href=\"https:\/\/internacional.umh.es\/files\/2024\/07\/IMG_5200-scaled.jpg\"><img loading=\"lazy\" class=\"size-medium wp-image-35621 alignleft\" src=\"https:\/\/internacional.umh.es\/files\/2024\/07\/IMG_5200-300x169.jpg\" alt=\"\" width=\"300\" height=\"169\" srcset=\"https:\/\/internacional.umh.es\/files\/2024\/07\/IMG_5200-300x169.jpg 300w, https:\/\/internacional.umh.es\/files\/2024\/07\/IMG_5200-1024x575.jpg 1024w, https:\/\/internacional.umh.es\/files\/2024\/07\/IMG_5200-768x431.jpg 768w, https:\/\/internacional.umh.es\/files\/2024\/07\/IMG_5200-1536x863.jpg 1536w, https:\/\/internacional.umh.es\/files\/2024\/07\/IMG_5200-2048x1150.jpg 2048w\" sizes=\"(max-width: 300px) 100vw, 300px\" \/><\/a>First contact between the UMH and Communication University of Zhejiang for future exchange and cooperation projects<\/strong><\/h4>\n<p>&nbsp;<\/p>\n<p style=\"text-align: justify\">Yesterday, July 9, the Rectorate Building was home to the first contact between the Miguel Hern\u00e1ndez University of Elche (UMH) and the Communication University of Zhejiang (CUZ). There, representatives from both institutions discussed future exchange projects and cooperation programs. Local representatives at this meeting included UMH Vice Rector for Internationalization and Cooperation, Vicente Micol; Deputy Vice Rector for Internationalization, Alberto Rodr\u00edguez; and Deputy Vice Rector for International Projection and Communication, Jos\u00e9 Luis Gonz\u00e1lez Esteban. Their Asian university counterparts consisted of a delegation led by CUZ Deputy Secretary, Xu Weibiao.<\/p>\n<p style=\"text-align: justify\">After their meeting, the invited guests toured the main studios of Radio UMH in the Atzavares Building. While there, CUZ Dean of the School of Media &amp; Engineering, Yu Dingguo, encouraged university students and community members to go to Zhejiang and take part in its journalism programs.<\/p>\n<p style=\"text-align: justify\">Communication University of Zhejiang is a public entity located in the Chinese city of Hangzhou. It was founded in 1978, and today it educates over 10,000 students in 50 programs from its 14 faculties and schools. Its campus covers over 600,000 square meters.<\/p>\n<p style=\"text-align: justify\">CUZ is a top institution according to the Shanghai Ranking, and it specializes in journalism, radio, television, film, advertising, and social media. It is also one of the Asian universities that produces the most communication talent. It has faculty and student exchange projects with the United Kingdom, United States, New Zealand, and Canada, in addition to numerous European countries.<\/p>\n<p><a href=\"https:\/\/internacional.umh.es\/files\/2024\/07\/WhatsApp-Image-2024-07-10-at-08.56.12.jpeg\"><img loading=\"lazy\" class=\"size-medium wp-image-35624 alignleft\" src=\"https:\/\/internacional.umh.es\/files\/2024\/07\/WhatsApp-Image-2024-07-10-at-08.56.12-254x300.jpeg\" alt=\"\" width=\"254\" height=\"300\" srcset=\"https:\/\/internacional.umh.es\/files\/2024\/07\/WhatsApp-Image-2024-07-10-at-08.56.12-254x300.jpeg 254w, https:\/\/internacional.umh.es\/files\/2024\/07\/WhatsApp-Image-2024-07-10-at-08.56.12-868x1024.jpeg 868w, https:\/\/internacional.umh.es\/files\/2024\/07\/WhatsApp-Image-2024-07-10-at-08.56.12-768x906.jpeg 768w, https:\/\/internacional.umh.es\/files\/2024\/07\/WhatsApp-Image-2024-07-10-at-08.56.12-1302x1536.jpeg 1302w, https:\/\/internacional.umh.es\/files\/2024\/07\/WhatsApp-Image-2024-07-10-at-08.56.12.jpeg 1736w\" sizes=\"(max-width: 254px) 100vw, 254px\" \/><\/a> <a href=\"https:\/\/internacional.umh.es\/files\/2024\/07\/IMG_5161-scaled.jpg\"><img loading=\"lazy\" class=\"size-medium wp-image-35627 alignleft\" src=\"https:\/\/internacional.umh.es\/files\/2024\/07\/IMG_5161-300x169.jpg\" alt=\"\" width=\"300\" height=\"169\" srcset=\"https:\/\/internacional.umh.es\/files\/2024\/07\/IMG_5161-300x169.jpg 300w, https:\/\/internacional.umh.es\/files\/2024\/07\/IMG_5161-1024x575.jpg 1024w, https:\/\/internacional.umh.es\/files\/2024\/07\/IMG_5161-768x431.jpg 768w, https:\/\/internacional.umh.es\/files\/2024\/07\/IMG_5161-1536x863.jpg 1536w, https:\/\/internacional.umh.es\/files\/2024\/07\/IMG_5161-2048x1150.jpg 2048w\" sizes=\"(max-width: 300px) 100vw, 300px\" \/><\/a><\/p>","protected":false},"excerpt":{"rendered":"<p>First contact between the UMH and Communication University of Zhejiang for future exchange and cooperation projects<br \/>\n&nbsp;<br \/>\nYesterday, July 9, the Rectorate Building was home to the first contact between the Miguel Hern\u00e1ndez University of Elche (UMH) and the Communication University of Zhejiang (CUZ). There, representatives from both institutions discussed future exchange projects and cooperation programs. Local [&#8230;]<\/p>\n","protected":false},"author":28614,"featured_media":0,"comment_status":"closed","ping_status":"closed","sticky":false,"template":"","format":"standard","meta":{"ngg_post_thumbnail":0,"_links_to":"","_links_to_target":""},"categories":[53429],"tags":[],"yoast_head":"<!-- This site is optimized with the Yoast SEO plugin v17.5 - https:\/\/yoast.com\/wordpress\/plugins\/seo\/ -->\n<meta name=\"robots\" content=\"index, follow, max-snippet:-1, max-image-preview:large, max-video-preview:-1\" \/>\n<link rel=\"canonical\" href=\"https:\/\/internacional.umh.es\/en\/2024\/07\/10\/primera-toma-de-contacto-entre-la-umh-y-la-universidad-de-comunicacion-de-zhejiang-para-futuros-proyectos-de-intercambio-y-cooperacion\/\" \/>\n<meta property=\"og:locale\" content=\"en_US\" \/>\n<meta property=\"og:type\" content=\"article\" \/>\n<meta property=\"og:title\" content=\"First contact between UMH and Communication University of Zhejiang for future exchange and cooperation projects - International Relations and Cooperation\" \/>\n<meta property=\"og:description\" content=\"First contact between the UMH and Communication University of Zhejiang for future exchange and cooperation projects &nbsp; Yesterday, July 9, the Rectorate Building was home to the first contact between the Miguel Hern\u00e1ndez University of Elche (UMH) and the Communication University of Zhejiang (CUZ). There, representatives from both institutions discussed future exchange projects and cooperation programs. Local [...]\" \/>\n<meta property=\"og:url\" content=\"https:\/\/internacional.umh.es\/en\/2024\/07\/10\/primera-toma-de-contacto-entre-la-umh-y-la-universidad-de-comunicacion-de-zhejiang-para-futuros-proyectos-de-intercambio-y-cooperacion\/\" \/>\n<meta property=\"og:site_name\" content=\"International Relations and Cooperation\" \/>\n<meta property=\"article:published_time\" content=\"2024-07-10T07:46:52+00:00\" \/>\n<meta property=\"article:modified_time\" content=\"2024-07-12T11:01:18+00:00\" \/>\n<meta property=\"og:image\" content=\"https:\/\/internacional.umh.es\/files\/2024\/07\/IMG_5200-300x169.jpg\" \/>\n<meta name=\"twitter:card\" content=\"summary_large_image\" \/>\n<meta name=\"twitter:label1\" content=\"Written by\" \/>\n\t<meta name=\"twitter:data1\" content=\"paliaga\" \/>\n\t<meta name=\"twitter:label2\" content=\"Est. reading time\" \/>\n\t<meta name=\"twitter:data2\" content=\"2 minutes\" \/>\n<script type=\"application\/ld+json\" class=\"yoast-schema-graph\">{\"@context\":\"https:\/\/schema.org\",\"@graph\":[{\"@type\":\"WebSite\",\"@id\":\"https:\/\/internacional.umh.es\/en\/#website\",\"url\":\"https:\/\/internacional.umh.es\/en\/\",\"name\":\"International Relations and Cooperation\",\"description\":\"Miguel Hernandez University of Elche\",\"potentialAction\":[{\"@type\":\"SearchAction\",\"target\":{\"@type\":\"EntryPoint\",\"urlTemplate\":\"https:\/\/internacional.umh.es\/en\/?s={search_term_string}\"},\"query-input\":\"required name=search_term_string\"}],\"inLanguage\":\"en-US\"},{\"@type\":\"ImageObject\",\"@id\":\"https:\/\/internacional.umh.es\/en\/2024\/07\/10\/primera-toma-de-contacto-entre-la-umh-y-la-universidad-de-comunicacion-de-zhejiang-para-futuros-proyectos-de-intercambio-y-cooperacion\/#primaryimage\",\"inLanguage\":\"en-US\",\"url\":\"https:\/\/internacional.umh.es\/files\/2024\/07\/IMG_5200-300x169.jpg\",\"contentUrl\":\"https:\/\/internacional.umh.es\/files\/2024\/07\/IMG_5200-300x169.jpg\"},{\"@type\":\"WebPage\",\"@id\":\"https:\/\/internacional.umh.es\/en\/2024\/07\/10\/primera-toma-de-contacto-entre-la-umh-y-la-universidad-de-comunicacion-de-zhejiang-para-futuros-proyectos-de-intercambio-y-cooperacion\/#webpage\",\"url\":\"https:\/\/internacional.umh.es\/en\/2024\/07\/10\/primera-toma-de-contacto-entre-la-umh-y-la-universidad-de-comunicacion-de-zhejiang-para-futuros-proyectos-de-intercambio-y-cooperacion\/\",\"name\":\"First contact between UMH and Communication University of Zhejiang for future exchange and cooperation projects - International Relations and Cooperation\",\"isPartOf\":{\"@id\":\"https:\/\/internacional.umh.es\/en\/#website\"},\"primaryImageOfPage\":{\"@id\":\"https:\/\/internacional.umh.es\/en\/2024\/07\/10\/primera-toma-de-contacto-entre-la-umh-y-la-universidad-de-comunicacion-de-zhejiang-para-futuros-proyectos-de-intercambio-y-cooperacion\/#primaryimage\"},\"datePublished\":\"2024-07-10T07:46:52+00:00\",\"dateModified\":\"2024-07-12T11:01:18+00:00\",\"author\":{\"@id\":\"https:\/\/internacional.umh.es\/en\/#\/schema\/person\/80d6ddb6a44115a6086bb4a8a0dc2db6\"},\"breadcrumb\":{\"@id\":\"https:\/\/internacional.umh.es\/en\/2024\/07\/10\/primera-toma-de-contacto-entre-la-umh-y-la-universidad-de-comunicacion-de-zhejiang-para-futuros-proyectos-de-intercambio-y-cooperacion\/#breadcrumb\"},\"inLanguage\":\"en-US\",\"potentialAction\":[{\"@type\":\"ReadAction\",\"target\":[\"https:\/\/internacional.umh.es\/en\/2024\/07\/10\/primera-toma-de-contacto-entre-la-umh-y-la-universidad-de-comunicacion-de-zhejiang-para-futuros-proyectos-de-intercambio-y-cooperacion\/\"]}]},{\"@type\":\"BreadcrumbList\",\"@id\":\"https:\/\/internacional.umh.es\/en\/2024\/07\/10\/primera-toma-de-contacto-entre-la-umh-y-la-universidad-de-comunicacion-de-zhejiang-para-futuros-proyectos-de-intercambio-y-cooperacion\/#breadcrumb\",\"itemListElement\":[{\"@type\":\"ListItem\",\"position\":1,\"name\":\"Home\",\"item\":\"https:\/\/internacional.umh.es\/en\/\"},{\"@type\":\"ListItem\",\"position\":2,\"name\":\"First contact between UMH and Communication University of Zhejiang for future exchange and cooperation projects\"}]},{\"@type\":\"Person\",\"@id\":\"https:\/\/internacional.umh.es\/en\/#\/schema\/person\/80d6ddb6a44115a6086bb4a8a0dc2db6\",\"name\":\"paliaga\",\"image\":{\"@type\":\"ImageObject\",\"@id\":\"https:\/\/internacional.umh.es\/en\/#personlogo\",\"inLanguage\":\"en-US\",\"url\":\"https:\/\/secure.gravatar.com\/avatar\/5baca743863e669ef18bc3c564b897e2?s=96&d=mm&r=g\",\"contentUrl\":\"https:\/\/secure.gravatar.com\/avatar\/5baca743863e669ef18bc3c564b897e2?s=96&d=mm&r=g\",\"caption\":\"paliaga\"},\"url\":\"https:\/\/internacional.umh.es\/en\/author\/paliaga\/\"}]}<\/script>\n<!-- \/ Yoast SEO plugin. -->","yoast_head_json":{"robots":{"index":"index","follow":"follow","max-snippet":"max-snippet:-1","max-image-preview":"max-image-preview:large","max-video-preview":"max-video-preview:-1"},"canonical":"https:\/\/internacional.umh.es\/en\/2024\/07\/10\/primera-toma-de-contacto-entre-la-umh-y-la-universidad-de-comunicacion-de-zhejiang-para-futuros-proyectos-de-intercambio-y-cooperacion\/","og_locale":"en_US","og_type":"article","og_title":"First contact between UMH and Communication University of Zhejiang for future exchange and cooperation projects - International Relations and Cooperation","og_description":"First contact between the UMH and Communication University of Zhejiang for future exchange and cooperation projects &nbsp; Yesterday, July 9, the Rectorate Building was home to the first contact between the Miguel Hern\u00e1ndez University of Elche (UMH) and the Communication University of Zhejiang (CUZ). There, representatives from both institutions discussed future exchange projects and cooperation programs. Local [...]","og_url":"https:\/\/internacional.umh.es\/en\/2024\/07\/10\/primera-toma-de-contacto-entre-la-umh-y-la-universidad-de-comunicacion-de-zhejiang-para-futuros-proyectos-de-intercambio-y-cooperacion\/","og_site_name":"International Relations and Cooperation","article_published_time":"2024-07-10T07:46:52+00:00","article_modified_time":"2024-07-12T11:01:18+00:00","og_image":[{"url":"https:\/\/internacional.umh.es\/files\/2024\/07\/IMG_5200-300x169.jpg"}],"twitter_card":"summary_large_image","twitter_misc":{"Written by":"paliaga","Est. reading time":"2 minutes"},"schema":{"@context":"https:\/\/schema.org","@graph":[{"@type":"WebSite","@id":"https:\/\/internacional.umh.es\/en\/#website","url":"https:\/\/internacional.umh.es\/en\/","name":"International Relations and Cooperation","description":"Miguel Hernandez University of Elche","potentialAction":[{"@type":"SearchAction","target":{"@type":"EntryPoint","urlTemplate":"https:\/\/internacional.umh.es\/en\/?s={search_term_string}"},"query-input":"required name=search_term_string"}],"inLanguage":"en-US"},{"@type":"ImageObject","@id":"https:\/\/internacional.umh.es\/en\/2024\/07\/10\/primera-toma-de-contacto-entre-la-umh-y-la-universidad-de-comunicacion-de-zhejiang-para-futuros-proyectos-de-intercambio-y-cooperacion\/#primaryimage","inLanguage":"en-US","url":"https:\/\/internacional.umh.es\/files\/2024\/07\/IMG_5200-300x169.jpg","contentUrl":"https:\/\/internacional.umh.es\/files\/2024\/07\/IMG_5200-300x169.jpg"},{"@type":"WebPage","@id":"https:\/\/internacional.umh.es\/en\/2024\/07\/10\/primera-toma-de-contacto-entre-la-umh-y-la-universidad-de-comunicacion-de-zhejiang-para-futuros-proyectos-de-intercambio-y-cooperacion\/#webpage","url":"https:\/\/internacional.umh.es\/en\/2024\/07\/10\/primera-toma-de-contacto-entre-la-umh-y-la-universidad-de-comunicacion-de-zhejiang-para-futuros-proyectos-de-intercambio-y-cooperacion\/","name":"First contact between UMH and Communication University of Zhejiang for future exchange and cooperation projects - International Relations and Cooperation","isPartOf":{"@id":"https:\/\/internacional.umh.es\/en\/#website"},"primaryImageOfPage":{"@id":"https:\/\/internacional.umh.es\/en\/2024\/07\/10\/primera-toma-de-contacto-entre-la-umh-y-la-universidad-de-comunicacion-de-zhejiang-para-futuros-proyectos-de-intercambio-y-cooperacion\/#primaryimage"},"datePublished":"2024-07-10T07:46:52+00:00","dateModified":"2024-07-12T11:01:18+00:00","author":{"@id":"https:\/\/internacional.umh.es\/en\/#\/schema\/person\/80d6ddb6a44115a6086bb4a8a0dc2db6"},"breadcrumb":{"@id":"https:\/\/internacional.umh.es\/en\/2024\/07\/10\/primera-toma-de-contacto-entre-la-umh-y-la-universidad-de-comunicacion-de-zhejiang-para-futuros-proyectos-de-intercambio-y-cooperacion\/#breadcrumb"},"inLanguage":"en-US","potentialAction":[{"@type":"ReadAction","target":["https:\/\/internacional.umh.es\/en\/2024\/07\/10\/primera-toma-de-contacto-entre-la-umh-y-la-universidad-de-comunicacion-de-zhejiang-para-futuros-proyectos-de-intercambio-y-cooperacion\/"]}]},{"@type":"BreadcrumbList","@id":"https:\/\/internacional.umh.es\/en\/2024\/07\/10\/primera-toma-de-contacto-entre-la-umh-y-la-universidad-de-comunicacion-de-zhejiang-para-futuros-proyectos-de-intercambio-y-cooperacion\/#breadcrumb","itemListElement":[{"@type":"ListItem","position":1,"name":"Home","item":"https:\/\/internacional.umh.es\/en\/"},{"@type":"ListItem","position":2,"name":"First contact between UMH and Communication University of Zhejiang for future exchange and cooperation projects"}]},{"@type":"Person","@id":"https:\/\/internacional.umh.es\/en\/#\/schema\/person\/80d6ddb6a44115a6086bb4a8a0dc2db6","name":"paliaga","image":{"@type":"ImageObject","@id":"https:\/\/internacional.umh.es\/en\/#personlogo","inLanguage":"en-US","url":"https:\/\/secure.gravatar.com\/avatar\/5baca743863e669ef18bc3c564b897e2?s=96&d=mm&r=g","contentUrl":"https:\/\/secure.gravatar.com\/avatar\/5baca743863e669ef18bc3c564b897e2?s=96&d=mm&r=g","caption":"paliaga"},"url":"https:\/\/internacional.umh.es\/en\/author\/paliaga\/"}]}},"_links":{"self":[{"href":"https:\/\/internacional.umh.es\/en\/wp-json\/wp\/v2\/posts\/35618"}],"collection":[{"href":"https:\/\/internacional.umh.es\/en\/wp-json\/wp\/v2\/posts"}],"about":[{"href":"https:\/\/internacional.umh.es\/en\/wp-json\/wp\/v2\/types\/post"}],"author":[{"embeddable":true,"href":"https:\/\/internacional.umh.es\/en\/wp-json\/wp\/v2\/users\/28614"}],"replies":[{"embeddable":true,"href":"https:\/\/internacional.umh.es\/en\/wp-json\/wp\/v2\/comments?post=35618"}],"version-history":[{"count":0,"href":"https:\/\/internacional.umh.es\/en\/wp-json\/wp\/v2\/posts\/35618\/revisions"}],"wp:attachment":[{"href":"https:\/\/internacional.umh.es\/en\/wp-json\/wp\/v2\/media?parent=35618"}],"wp:term":[{"taxonomy":"category","embeddable":true,"href":"https:\/\/internacional.umh.es\/en\/wp-json\/wp\/v2\/categories?post=35618"},{"taxonomy":"post_tag","embeddable":true,"href":"https:\/\/internacional.umh.es\/en\/wp-json\/wp\/v2\/tags?post=35618"}],"curies":[{"name":"wp","href":"https:\/\/api.w.org\/{rel}","templated":true}]}}