{"id":36105,"date":"2024-09-20T10:57:32","date_gmt":"2024-09-20T08:57:32","guid":{"rendered":"https:\/\/internacional.umh.es\/?p=36105"},"modified":"2024-09-20T11:27:44","modified_gmt":"2024-09-20T09:27:44","slug":"experiencias-de-movilidad-en-asia-en-el-undecimo-programa-de-global-umh","status":"publish","type":"post","link":"https:\/\/internacional.umh.es\/en\/2024\/09\/20\/experiencias-de-movilidad-en-asia-en-el-undecimo-programa-de-global-umh\/","title":{"rendered":"Experiences of mobility in Asia featured in 11th program of Global UMH"},"content":{"rendered":"<p><\/p>\n<p style=\"text-align: justify\"><a href=\"https:\/\/internacional.umh.es\/files\/2024\/09\/cartel-radio-umh.jpg\"><img loading=\"lazy\" class=\"size-medium wp-image-36108 alignleft\" src=\"https:\/\/internacional.umh.es\/files\/2024\/09\/cartel-radio-umh-300x300.jpg\" alt=\"\" width=\"300\" height=\"300\" srcset=\"https:\/\/internacional.umh.es\/files\/2024\/09\/cartel-radio-umh-300x300.jpg 300w, https:\/\/internacional.umh.es\/files\/2024\/09\/cartel-radio-umh-1024x1024.jpg 1024w, https:\/\/internacional.umh.es\/files\/2024\/09\/cartel-radio-umh-150x150.jpg 150w, https:\/\/internacional.umh.es\/files\/2024\/09\/cartel-radio-umh-768x768.jpg 768w, https:\/\/internacional.umh.es\/files\/2024\/09\/cartel-radio-umh.jpg 1080w\" sizes=\"(max-width: 300px) 100vw, 300px\" \/><\/a>The 11th program from the ninth season of Global UMH is now available on Radio UMH.<\/p>\n<p style=\"text-align: justify\">In it, we talk to Master\u2019s in Robotics student, Ra\u00fal Bezares who took advantage of a Vulcanus internship this year in Japan. Then, associate professor, Laura Mart\u00ednez-Carrasco, discusses the keys to a cooperation project on food security in Uganda. Lastly, UMH student, Aar\u00f3n Aznar, who took part in the Mudi program in China, shares anecdotes about Beijing.<\/p>\n<p style=\"text-align: justify\">You may listen to the program at this link: <a href=\"https:\/\/radio.umh.es\/2024\/09\/19\/alumnos-umh-en-china-y-japon-en-global-umh-19-de-septiembre-de-2024\/\">https:\/\/radio.umh.es\/2024\/09\/19\/alumnos-umh-en-china-y-japon-en-global-umh-19-de-septiembre-de-2024\/<\/a><\/p>\n<p><\/p>","protected":false},"excerpt":{"rendered":"<p>The 11th program from the ninth season of Global UMH is now available on Radio UMH.<br \/>\nIn it, we talk to Master\u2019s in Robotics student, Ra\u00fal Bezares who took advantage of a Vulcanus internship this year in Japan. Then, associate professor, Laura Mart\u00ednez-Carrasco, discusses the keys to a cooperation project on food security in Uganda. Lastly, [&#8230;]<\/p>\n","protected":false},"author":28614,"featured_media":0,"comment_status":"closed","ping_status":"closed","sticky":false,"template":"","format":"standard","meta":{"ngg_post_thumbnail":0,"_links_to":"","_links_to_target":""},"categories":[340107],"tags":[],"yoast_head":"<!-- This site is optimized with the Yoast SEO plugin v17.5 - https:\/\/yoast.com\/wordpress\/plugins\/seo\/ -->\n<meta name=\"robots\" content=\"index, follow, max-snippet:-1, max-image-preview:large, max-video-preview:-1\" \/>\n<link rel=\"canonical\" href=\"https:\/\/internacional.umh.es\/en\/2024\/09\/20\/experiencias-de-movilidad-en-asia-en-el-undecimo-programa-de-global-umh\/\" \/>\n<meta property=\"og:locale\" content=\"en_US\" \/>\n<meta property=\"og:type\" content=\"article\" \/>\n<meta property=\"og:title\" content=\"Experiences of mobility in Asia featured in 11th program of Global UMH - International Relations and Cooperation\" \/>\n<meta property=\"og:description\" content=\"The 11th program from the ninth season of Global UMH is now available on Radio UMH. In it, we talk to Master\u2019s in Robotics student, Ra\u00fal Bezares who took advantage of a Vulcanus internship this year in Japan. Then, associate professor, Laura Mart\u00ednez-Carrasco, discusses the keys to a cooperation project on food security in Uganda. Lastly, [...]\" \/>\n<meta property=\"og:url\" content=\"https:\/\/internacional.umh.es\/ca\/2024\/09\/20\/experiencias-de-movilidad-en-asia-en-el-undecimo-programa-de-global-umh\/\" \/>\n<meta property=\"og:site_name\" content=\"International Relations and Cooperation\" \/>\n<meta property=\"article:published_time\" content=\"2024-09-20T08:57:32+00:00\" \/>\n<meta property=\"article:modified_time\" content=\"2024-09-20T09:27:44+00:00\" \/>\n<meta property=\"og:image\" content=\"https:\/\/internacional.umh.es\/files\/2024\/09\/cartel-radio-umh-300x300.jpg\" \/>\n<meta name=\"twitter:card\" content=\"summary_large_image\" \/>\n<meta name=\"twitter:label1\" content=\"Written by\" \/>\n\t<meta name=\"twitter:data1\" content=\"paliaga\" \/>\n\t<meta name=\"twitter:label2\" content=\"Est. reading time\" \/>\n\t<meta name=\"twitter:data2\" content=\"1 minute\" \/>\n<script type=\"application\/ld+json\" class=\"yoast-schema-graph\">{\"@context\":\"https:\/\/schema.org\",\"@graph\":[{\"@type\":\"WebSite\",\"@id\":\"https:\/\/internacional.umh.es\/en\/#website\",\"url\":\"https:\/\/internacional.umh.es\/en\/\",\"name\":\"International Relations and Cooperation\",\"description\":\"Miguel Hernandez University of Elche\",\"potentialAction\":[{\"@type\":\"SearchAction\",\"target\":{\"@type\":\"EntryPoint\",\"urlTemplate\":\"https:\/\/internacional.umh.es\/en\/?s={search_term_string}\"},\"query-input\":\"required name=search_term_string\"}],\"inLanguage\":\"en-US\"},{\"@type\":\"ImageObject\",\"@id\":\"https:\/\/internacional.umh.es\/ca\/2024\/09\/20\/experiencias-de-movilidad-en-asia-en-el-undecimo-programa-de-global-umh\/#primaryimage\",\"inLanguage\":\"en-US\",\"url\":\"https:\/\/internacional.umh.es\/files\/2024\/09\/cartel-radio-umh.jpg\",\"contentUrl\":\"https:\/\/internacional.umh.es\/files\/2024\/09\/cartel-radio-umh.jpg\",\"width\":1080,\"height\":1080},{\"@type\":\"WebPage\",\"@id\":\"https:\/\/internacional.umh.es\/ca\/2024\/09\/20\/experiencias-de-movilidad-en-asia-en-el-undecimo-programa-de-global-umh\/#webpage\",\"url\":\"https:\/\/internacional.umh.es\/ca\/2024\/09\/20\/experiencias-de-movilidad-en-asia-en-el-undecimo-programa-de-global-umh\/\",\"name\":\"Experiences of mobility in Asia featured in 11th program of Global UMH - International Relations and Cooperation\",\"isPartOf\":{\"@id\":\"https:\/\/internacional.umh.es\/en\/#website\"},\"primaryImageOfPage\":{\"@id\":\"https:\/\/internacional.umh.es\/ca\/2024\/09\/20\/experiencias-de-movilidad-en-asia-en-el-undecimo-programa-de-global-umh\/#primaryimage\"},\"datePublished\":\"2024-09-20T08:57:32+00:00\",\"dateModified\":\"2024-09-20T09:27:44+00:00\",\"author\":{\"@id\":\"https:\/\/internacional.umh.es\/en\/#\/schema\/person\/80d6ddb6a44115a6086bb4a8a0dc2db6\"},\"breadcrumb\":{\"@id\":\"https:\/\/internacional.umh.es\/ca\/2024\/09\/20\/experiencias-de-movilidad-en-asia-en-el-undecimo-programa-de-global-umh\/#breadcrumb\"},\"inLanguage\":\"en-US\",\"potentialAction\":[{\"@type\":\"ReadAction\",\"target\":[\"https:\/\/internacional.umh.es\/ca\/2024\/09\/20\/experiencias-de-movilidad-en-asia-en-el-undecimo-programa-de-global-umh\/\"]}]},{\"@type\":\"BreadcrumbList\",\"@id\":\"https:\/\/internacional.umh.es\/ca\/2024\/09\/20\/experiencias-de-movilidad-en-asia-en-el-undecimo-programa-de-global-umh\/#breadcrumb\",\"itemListElement\":[{\"@type\":\"ListItem\",\"position\":1,\"name\":\"Home\",\"item\":\"https:\/\/internacional.umh.es\/en\/\"},{\"@type\":\"ListItem\",\"position\":2,\"name\":\"(Espa\\u00f1ol) Experiencias de movilidad en Asia en el und\\u00e9cimo programa de Global UMH\"}]},{\"@type\":\"Person\",\"@id\":\"https:\/\/internacional.umh.es\/en\/#\/schema\/person\/80d6ddb6a44115a6086bb4a8a0dc2db6\",\"name\":\"paliaga\",\"image\":{\"@type\":\"ImageObject\",\"@id\":\"https:\/\/internacional.umh.es\/en\/#personlogo\",\"inLanguage\":\"en-US\",\"url\":\"https:\/\/secure.gravatar.com\/avatar\/5baca743863e669ef18bc3c564b897e2?s=96&d=mm&r=g\",\"contentUrl\":\"https:\/\/secure.gravatar.com\/avatar\/5baca743863e669ef18bc3c564b897e2?s=96&d=mm&r=g\",\"caption\":\"paliaga\"},\"url\":\"https:\/\/internacional.umh.es\/en\/author\/paliaga\/\"}]}<\/script>\n<!-- \/ Yoast SEO plugin. -->","yoast_head_json":{"robots":{"index":"index","follow":"follow","max-snippet":"max-snippet:-1","max-image-preview":"max-image-preview:large","max-video-preview":"max-video-preview:-1"},"canonical":"https:\/\/internacional.umh.es\/en\/2024\/09\/20\/experiencias-de-movilidad-en-asia-en-el-undecimo-programa-de-global-umh\/","og_locale":"en_US","og_type":"article","og_title":"Experiences of mobility in Asia featured in 11th program of Global UMH - International Relations and Cooperation","og_description":"The 11th program from the ninth season of Global UMH is now available on Radio UMH. In it, we talk to Master\u2019s in Robotics student, Ra\u00fal Bezares who took advantage of a Vulcanus internship this year in Japan. Then, associate professor, Laura Mart\u00ednez-Carrasco, discusses the keys to a cooperation project on food security in Uganda. Lastly, [...]","og_url":"https:\/\/internacional.umh.es\/ca\/2024\/09\/20\/experiencias-de-movilidad-en-asia-en-el-undecimo-programa-de-global-umh\/","og_site_name":"International Relations and Cooperation","article_published_time":"2024-09-20T08:57:32+00:00","article_modified_time":"2024-09-20T09:27:44+00:00","og_image":[{"url":"https:\/\/internacional.umh.es\/files\/2024\/09\/cartel-radio-umh-300x300.jpg"}],"twitter_card":"summary_large_image","twitter_misc":{"Written by":"paliaga","Est. reading time":"1 minute"},"schema":{"@context":"https:\/\/schema.org","@graph":[{"@type":"WebSite","@id":"https:\/\/internacional.umh.es\/en\/#website","url":"https:\/\/internacional.umh.es\/en\/","name":"International Relations and Cooperation","description":"Miguel Hernandez University of Elche","potentialAction":[{"@type":"SearchAction","target":{"@type":"EntryPoint","urlTemplate":"https:\/\/internacional.umh.es\/en\/?s={search_term_string}"},"query-input":"required name=search_term_string"}],"inLanguage":"en-US"},{"@type":"ImageObject","@id":"https:\/\/internacional.umh.es\/ca\/2024\/09\/20\/experiencias-de-movilidad-en-asia-en-el-undecimo-programa-de-global-umh\/#primaryimage","inLanguage":"en-US","url":"https:\/\/internacional.umh.es\/files\/2024\/09\/cartel-radio-umh.jpg","contentUrl":"https:\/\/internacional.umh.es\/files\/2024\/09\/cartel-radio-umh.jpg","width":1080,"height":1080},{"@type":"WebPage","@id":"https:\/\/internacional.umh.es\/ca\/2024\/09\/20\/experiencias-de-movilidad-en-asia-en-el-undecimo-programa-de-global-umh\/#webpage","url":"https:\/\/internacional.umh.es\/ca\/2024\/09\/20\/experiencias-de-movilidad-en-asia-en-el-undecimo-programa-de-global-umh\/","name":"Experiences of mobility in Asia featured in 11th program of Global UMH - International Relations and Cooperation","isPartOf":{"@id":"https:\/\/internacional.umh.es\/en\/#website"},"primaryImageOfPage":{"@id":"https:\/\/internacional.umh.es\/ca\/2024\/09\/20\/experiencias-de-movilidad-en-asia-en-el-undecimo-programa-de-global-umh\/#primaryimage"},"datePublished":"2024-09-20T08:57:32+00:00","dateModified":"2024-09-20T09:27:44+00:00","author":{"@id":"https:\/\/internacional.umh.es\/en\/#\/schema\/person\/80d6ddb6a44115a6086bb4a8a0dc2db6"},"breadcrumb":{"@id":"https:\/\/internacional.umh.es\/ca\/2024\/09\/20\/experiencias-de-movilidad-en-asia-en-el-undecimo-programa-de-global-umh\/#breadcrumb"},"inLanguage":"en-US","potentialAction":[{"@type":"ReadAction","target":["https:\/\/internacional.umh.es\/ca\/2024\/09\/20\/experiencias-de-movilidad-en-asia-en-el-undecimo-programa-de-global-umh\/"]}]},{"@type":"BreadcrumbList","@id":"https:\/\/internacional.umh.es\/ca\/2024\/09\/20\/experiencias-de-movilidad-en-asia-en-el-undecimo-programa-de-global-umh\/#breadcrumb","itemListElement":[{"@type":"ListItem","position":1,"name":"Home","item":"https:\/\/internacional.umh.es\/en\/"},{"@type":"ListItem","position":2,"name":"(Espa\u00f1ol) Experiencias de movilidad en Asia en el und\u00e9cimo programa de Global UMH"}]},{"@type":"Person","@id":"https:\/\/internacional.umh.es\/en\/#\/schema\/person\/80d6ddb6a44115a6086bb4a8a0dc2db6","name":"paliaga","image":{"@type":"ImageObject","@id":"https:\/\/internacional.umh.es\/en\/#personlogo","inLanguage":"en-US","url":"https:\/\/secure.gravatar.com\/avatar\/5baca743863e669ef18bc3c564b897e2?s=96&d=mm&r=g","contentUrl":"https:\/\/secure.gravatar.com\/avatar\/5baca743863e669ef18bc3c564b897e2?s=96&d=mm&r=g","caption":"paliaga"},"url":"https:\/\/internacional.umh.es\/en\/author\/paliaga\/"}]}},"_links":{"self":[{"href":"https:\/\/internacional.umh.es\/en\/wp-json\/wp\/v2\/posts\/36105"}],"collection":[{"href":"https:\/\/internacional.umh.es\/en\/wp-json\/wp\/v2\/posts"}],"about":[{"href":"https:\/\/internacional.umh.es\/en\/wp-json\/wp\/v2\/types\/post"}],"author":[{"embeddable":true,"href":"https:\/\/internacional.umh.es\/en\/wp-json\/wp\/v2\/users\/28614"}],"replies":[{"embeddable":true,"href":"https:\/\/internacional.umh.es\/en\/wp-json\/wp\/v2\/comments?post=36105"}],"version-history":[{"count":0,"href":"https:\/\/internacional.umh.es\/en\/wp-json\/wp\/v2\/posts\/36105\/revisions"}],"wp:attachment":[{"href":"https:\/\/internacional.umh.es\/en\/wp-json\/wp\/v2\/media?parent=36105"}],"wp:term":[{"taxonomy":"category","embeddable":true,"href":"https:\/\/internacional.umh.es\/en\/wp-json\/wp\/v2\/categories?post=36105"},{"taxonomy":"post_tag","embeddable":true,"href":"https:\/\/internacional.umh.es\/en\/wp-json\/wp\/v2\/tags?post=36105"}],"curies":[{"name":"wp","href":"https:\/\/api.w.org\/{rel}","templated":true}]}}