{"id":36491,"date":"2024-10-18T13:43:57","date_gmt":"2024-10-18T11:43:57","guid":{"rendered":"https:\/\/internacional.umh.es\/?p=36491"},"modified":"2024-10-22T10:04:18","modified_gmt":"2024-10-22T08:04:18","slug":"la-umh-y-la-uaemex-se-reunen-para-perfilar-el-convenio-de-intercambio-de-estudiantes-en-doble-titulacion-del-master-en-recursos-humanos-trabajo-y-organizaciones","status":"publish","type":"post","link":"https:\/\/internacional.umh.es\/en\/2024\/10\/18\/la-umh-y-la-uaemex-se-reunen-para-perfilar-el-convenio-de-intercambio-de-estudiantes-en-doble-titulacion-del-master-en-recursos-humanos-trabajo-y-organizaciones\/","title":{"rendered":"UMH and UAEM\u00e9x meet to outline student exchange agreement for joint Master&#8217;s in Human Resources Management, Work and Organizations"},"content":{"rendered":"<p><\/p>\n<p style=\"text-align: justify\"><a href=\"https:\/\/internacional.umh.es\/files\/2024\/10\/IMG_6186-scaled.jpg\"><img loading=\"lazy\" class=\"size-medium wp-image-36494 alignleft\" src=\"https:\/\/internacional.umh.es\/files\/2024\/10\/IMG_6186-300x169.jpg\" alt=\"\" width=\"300\" height=\"169\" srcset=\"https:\/\/internacional.umh.es\/files\/2024\/10\/IMG_6186-300x169.jpg 300w, https:\/\/internacional.umh.es\/files\/2024\/10\/IMG_6186-1024x575.jpg 1024w, https:\/\/internacional.umh.es\/files\/2024\/10\/IMG_6186-768x431.jpg 768w, https:\/\/internacional.umh.es\/files\/2024\/10\/IMG_6186-1536x863.jpg 1536w, https:\/\/internacional.umh.es\/files\/2024\/10\/IMG_6186-2048x1150.jpg 2048w\" sizes=\"(max-width: 300px) 100vw, 300px\" \/><\/a>The Miguel Hern\u00e1ndez University of Elche (UMH) and the Autonomous University of Mexico State (UAEM\u00e9x) met yesterday, October 17, 2024, to outline and share information on the implementation of the new student exchange agreement for the joint Master&#8217;s in Human Resources Management, Work and Organizations (MARHTO).<\/p>\n<p style=\"text-align: justify\">UMH participants in the meeting included technicians from the Service of International Relations, Development Cooperation and Volunteerism, El\u00edas Poveda and M\u00f3nica Candela; their UAEM\u00e9x counterparts consisted of the master secretary, Yordhana G\u00f3mez; and investigator, Karel Salgado Vargas.<\/p>\n<p style=\"text-align: justify\">Besides addressing information specific to the master\u2019s program, they also discussed the corresponding call for AUIP (Ibero-American Graduate University Association) mobility grants for Ibero-American universities.<\/p>\n<p style=\"text-align: justify\">MARHTO program students may opt to earn two degrees: the Master of Human Resources Management (Toluca, M\u00e9xico) and the M\u00e1ster Universitario en Gesti\u00f3n de Recursos Humanos, Trabajo y Organizaciones offered by the UMH.<\/p>\n<p style=\"text-align: justify\">Currently, this UMH graduate program has joint agreements with 4 additional programs. They are the University of Talca (UTALCA; Chile); the University of Palermo (UNIPA; Italy); the University of San Buenaventura \u2013 Medell\u00edn Sectional (USBMED; Colombia); and Porto Accounting and Business School (ISCAP; Portugal).<\/p>\n<p><\/p>","protected":false},"excerpt":{"rendered":"<p>The Miguel Hern\u00e1ndez University of Elche (UMH) and the Autonomous University of Mexico State (UAEM\u00e9x) met yesterday, October 17, 2024, to outline and share information on the implementation of the new student exchange agreement for the joint Master&#8217;s in Human Resources Management, Work and Organizations (MARHTO).<br \/>\nUMH participants in the meeting included technicians from the Service [&#8230;]<\/p>\n","protected":false},"author":28614,"featured_media":0,"comment_status":"closed","ping_status":"closed","sticky":false,"template":"","format":"standard","meta":{"ngg_post_thumbnail":0,"_links_to":"","_links_to_target":""},"categories":[52025],"tags":[],"yoast_head":"<!-- This site is optimized with the Yoast SEO plugin v17.5 - https:\/\/yoast.com\/wordpress\/plugins\/seo\/ -->\n<meta name=\"robots\" content=\"index, follow, max-snippet:-1, max-image-preview:large, max-video-preview:-1\" \/>\n<link rel=\"canonical\" href=\"https:\/\/internacional.umh.es\/en\/2024\/10\/18\/la-umh-y-la-uaemex-se-reunen-para-perfilar-el-convenio-de-intercambio-de-estudiantes-en-doble-titulacion-del-master-en-recursos-humanos-trabajo-y-organizaciones\/\" \/>\n<meta property=\"og:locale\" content=\"en_US\" \/>\n<meta property=\"og:type\" content=\"article\" \/>\n<meta property=\"og:title\" content=\"UMH and UAEM\u00e9x meet to outline student exchange agreement for joint Master&#039;s in Human Resources Management, Work and Organizations - International Relations and Cooperation\" \/>\n<meta property=\"og:description\" content=\"The Miguel Hern\u00e1ndez University of Elche (UMH) and the Autonomous University of Mexico State (UAEM\u00e9x) met yesterday, October 17, 2024, to outline and share information on the implementation of the new student exchange agreement for the joint Master&#8217;s in Human Resources Management, Work and Organizations (MARHTO). UMH participants in the meeting included technicians from the Service [...]\" \/>\n<meta property=\"og:url\" content=\"https:\/\/internacional.umh.es\/2024\/10\/18\/la-umh-y-la-uaemex-se-reunen-para-perfilar-el-convenio-de-intercambio-de-estudiantes-en-doble-titulacion-del-master-en-recursos-humanos-trabajo-y-organizaciones\/\" \/>\n<meta property=\"og:site_name\" content=\"International Relations and Cooperation\" \/>\n<meta property=\"article:published_time\" content=\"2024-10-18T11:43:57+00:00\" \/>\n<meta property=\"article:modified_time\" content=\"2024-10-22T08:04:18+00:00\" \/>\n<meta property=\"og:image\" content=\"https:\/\/internacional.umh.es\/files\/2024\/10\/IMG_6186-300x169.jpg\" \/>\n<meta name=\"twitter:card\" content=\"summary_large_image\" \/>\n<meta name=\"twitter:label1\" content=\"Written by\" \/>\n\t<meta name=\"twitter:data1\" content=\"paliaga\" \/>\n\t<meta name=\"twitter:label2\" content=\"Est. reading time\" \/>\n\t<meta name=\"twitter:data2\" content=\"2 minutes\" \/>\n<script type=\"application\/ld+json\" class=\"yoast-schema-graph\">{\"@context\":\"https:\/\/schema.org\",\"@graph\":[{\"@type\":\"WebSite\",\"@id\":\"https:\/\/internacional.umh.es\/en\/#website\",\"url\":\"https:\/\/internacional.umh.es\/en\/\",\"name\":\"International Relations and Cooperation\",\"description\":\"Miguel Hernandez University of Elche\",\"potentialAction\":[{\"@type\":\"SearchAction\",\"target\":{\"@type\":\"EntryPoint\",\"urlTemplate\":\"https:\/\/internacional.umh.es\/en\/?s={search_term_string}\"},\"query-input\":\"required name=search_term_string\"}],\"inLanguage\":\"en-US\"},{\"@type\":\"ImageObject\",\"@id\":\"https:\/\/internacional.umh.es\/2024\/10\/18\/la-umh-y-la-uaemex-se-reunen-para-perfilar-el-convenio-de-intercambio-de-estudiantes-en-doble-titulacion-del-master-en-recursos-humanos-trabajo-y-organizaciones\/#primaryimage\",\"inLanguage\":\"en-US\",\"url\":\"https:\/\/internacional.umh.es\/files\/2024\/10\/IMG_6186-300x169.jpg\",\"contentUrl\":\"https:\/\/internacional.umh.es\/files\/2024\/10\/IMG_6186-300x169.jpg\"},{\"@type\":\"WebPage\",\"@id\":\"https:\/\/internacional.umh.es\/2024\/10\/18\/la-umh-y-la-uaemex-se-reunen-para-perfilar-el-convenio-de-intercambio-de-estudiantes-en-doble-titulacion-del-master-en-recursos-humanos-trabajo-y-organizaciones\/#webpage\",\"url\":\"https:\/\/internacional.umh.es\/2024\/10\/18\/la-umh-y-la-uaemex-se-reunen-para-perfilar-el-convenio-de-intercambio-de-estudiantes-en-doble-titulacion-del-master-en-recursos-humanos-trabajo-y-organizaciones\/\",\"name\":\"UMH and UAEM\\u00e9x meet to outline student exchange agreement for joint Master's in Human Resources Management, Work and Organizations - International Relations and Cooperation\",\"isPartOf\":{\"@id\":\"https:\/\/internacional.umh.es\/en\/#website\"},\"primaryImageOfPage\":{\"@id\":\"https:\/\/internacional.umh.es\/2024\/10\/18\/la-umh-y-la-uaemex-se-reunen-para-perfilar-el-convenio-de-intercambio-de-estudiantes-en-doble-titulacion-del-master-en-recursos-humanos-trabajo-y-organizaciones\/#primaryimage\"},\"datePublished\":\"2024-10-18T11:43:57+00:00\",\"dateModified\":\"2024-10-22T08:04:18+00:00\",\"author\":{\"@id\":\"https:\/\/internacional.umh.es\/en\/#\/schema\/person\/80d6ddb6a44115a6086bb4a8a0dc2db6\"},\"breadcrumb\":{\"@id\":\"https:\/\/internacional.umh.es\/2024\/10\/18\/la-umh-y-la-uaemex-se-reunen-para-perfilar-el-convenio-de-intercambio-de-estudiantes-en-doble-titulacion-del-master-en-recursos-humanos-trabajo-y-organizaciones\/#breadcrumb\"},\"inLanguage\":\"en-US\",\"potentialAction\":[{\"@type\":\"ReadAction\",\"target\":[\"https:\/\/internacional.umh.es\/2024\/10\/18\/la-umh-y-la-uaemex-se-reunen-para-perfilar-el-convenio-de-intercambio-de-estudiantes-en-doble-titulacion-del-master-en-recursos-humanos-trabajo-y-organizaciones\/\"]}]},{\"@type\":\"BreadcrumbList\",\"@id\":\"https:\/\/internacional.umh.es\/2024\/10\/18\/la-umh-y-la-uaemex-se-reunen-para-perfilar-el-convenio-de-intercambio-de-estudiantes-en-doble-titulacion-del-master-en-recursos-humanos-trabajo-y-organizaciones\/#breadcrumb\",\"itemListElement\":[{\"@type\":\"ListItem\",\"position\":1,\"name\":\"Home\",\"item\":\"https:\/\/internacional.umh.es\/en\/\"},{\"@type\":\"ListItem\",\"position\":2,\"name\":\"La UMH y la UAEM\\u00e9x se re\\u00fanen para perfilar el convenio de intercambio de estudiantes en doble titulaci\\u00f3n del M\\u00e1ster en Gesti\\u00f3n de Recursos Humanos, Trabajo y Organizaciones\"}]},{\"@type\":\"Person\",\"@id\":\"https:\/\/internacional.umh.es\/en\/#\/schema\/person\/80d6ddb6a44115a6086bb4a8a0dc2db6\",\"name\":\"paliaga\",\"image\":{\"@type\":\"ImageObject\",\"@id\":\"https:\/\/internacional.umh.es\/en\/#personlogo\",\"inLanguage\":\"en-US\",\"url\":\"https:\/\/secure.gravatar.com\/avatar\/5baca743863e669ef18bc3c564b897e2?s=96&d=mm&r=g\",\"contentUrl\":\"https:\/\/secure.gravatar.com\/avatar\/5baca743863e669ef18bc3c564b897e2?s=96&d=mm&r=g\",\"caption\":\"paliaga\"},\"url\":\"https:\/\/internacional.umh.es\/en\/author\/paliaga\/\"}]}<\/script>\n<!-- \/ Yoast SEO plugin. -->","yoast_head_json":{"robots":{"index":"index","follow":"follow","max-snippet":"max-snippet:-1","max-image-preview":"max-image-preview:large","max-video-preview":"max-video-preview:-1"},"canonical":"https:\/\/internacional.umh.es\/en\/2024\/10\/18\/la-umh-y-la-uaemex-se-reunen-para-perfilar-el-convenio-de-intercambio-de-estudiantes-en-doble-titulacion-del-master-en-recursos-humanos-trabajo-y-organizaciones\/","og_locale":"en_US","og_type":"article","og_title":"UMH and UAEM\u00e9x meet to outline student exchange agreement for joint Master's in Human Resources Management, Work and Organizations - International Relations and Cooperation","og_description":"The Miguel Hern\u00e1ndez University of Elche (UMH) and the Autonomous University of Mexico State (UAEM\u00e9x) met yesterday, October 17, 2024, to outline and share information on the implementation of the new student exchange agreement for the joint Master&#8217;s in Human Resources Management, Work and Organizations (MARHTO). UMH participants in the meeting included technicians from the Service [...]","og_url":"https:\/\/internacional.umh.es\/2024\/10\/18\/la-umh-y-la-uaemex-se-reunen-para-perfilar-el-convenio-de-intercambio-de-estudiantes-en-doble-titulacion-del-master-en-recursos-humanos-trabajo-y-organizaciones\/","og_site_name":"International Relations and Cooperation","article_published_time":"2024-10-18T11:43:57+00:00","article_modified_time":"2024-10-22T08:04:18+00:00","og_image":[{"url":"https:\/\/internacional.umh.es\/files\/2024\/10\/IMG_6186-300x169.jpg"}],"twitter_card":"summary_large_image","twitter_misc":{"Written by":"paliaga","Est. reading time":"2 minutes"},"schema":{"@context":"https:\/\/schema.org","@graph":[{"@type":"WebSite","@id":"https:\/\/internacional.umh.es\/en\/#website","url":"https:\/\/internacional.umh.es\/en\/","name":"International Relations and Cooperation","description":"Miguel Hernandez University of Elche","potentialAction":[{"@type":"SearchAction","target":{"@type":"EntryPoint","urlTemplate":"https:\/\/internacional.umh.es\/en\/?s={search_term_string}"},"query-input":"required name=search_term_string"}],"inLanguage":"en-US"},{"@type":"ImageObject","@id":"https:\/\/internacional.umh.es\/2024\/10\/18\/la-umh-y-la-uaemex-se-reunen-para-perfilar-el-convenio-de-intercambio-de-estudiantes-en-doble-titulacion-del-master-en-recursos-humanos-trabajo-y-organizaciones\/#primaryimage","inLanguage":"en-US","url":"https:\/\/internacional.umh.es\/files\/2024\/10\/IMG_6186-300x169.jpg","contentUrl":"https:\/\/internacional.umh.es\/files\/2024\/10\/IMG_6186-300x169.jpg"},{"@type":"WebPage","@id":"https:\/\/internacional.umh.es\/2024\/10\/18\/la-umh-y-la-uaemex-se-reunen-para-perfilar-el-convenio-de-intercambio-de-estudiantes-en-doble-titulacion-del-master-en-recursos-humanos-trabajo-y-organizaciones\/#webpage","url":"https:\/\/internacional.umh.es\/2024\/10\/18\/la-umh-y-la-uaemex-se-reunen-para-perfilar-el-convenio-de-intercambio-de-estudiantes-en-doble-titulacion-del-master-en-recursos-humanos-trabajo-y-organizaciones\/","name":"UMH and UAEM\u00e9x meet to outline student exchange agreement for joint Master's in Human Resources Management, Work and Organizations - International Relations and Cooperation","isPartOf":{"@id":"https:\/\/internacional.umh.es\/en\/#website"},"primaryImageOfPage":{"@id":"https:\/\/internacional.umh.es\/2024\/10\/18\/la-umh-y-la-uaemex-se-reunen-para-perfilar-el-convenio-de-intercambio-de-estudiantes-en-doble-titulacion-del-master-en-recursos-humanos-trabajo-y-organizaciones\/#primaryimage"},"datePublished":"2024-10-18T11:43:57+00:00","dateModified":"2024-10-22T08:04:18+00:00","author":{"@id":"https:\/\/internacional.umh.es\/en\/#\/schema\/person\/80d6ddb6a44115a6086bb4a8a0dc2db6"},"breadcrumb":{"@id":"https:\/\/internacional.umh.es\/2024\/10\/18\/la-umh-y-la-uaemex-se-reunen-para-perfilar-el-convenio-de-intercambio-de-estudiantes-en-doble-titulacion-del-master-en-recursos-humanos-trabajo-y-organizaciones\/#breadcrumb"},"inLanguage":"en-US","potentialAction":[{"@type":"ReadAction","target":["https:\/\/internacional.umh.es\/2024\/10\/18\/la-umh-y-la-uaemex-se-reunen-para-perfilar-el-convenio-de-intercambio-de-estudiantes-en-doble-titulacion-del-master-en-recursos-humanos-trabajo-y-organizaciones\/"]}]},{"@type":"BreadcrumbList","@id":"https:\/\/internacional.umh.es\/2024\/10\/18\/la-umh-y-la-uaemex-se-reunen-para-perfilar-el-convenio-de-intercambio-de-estudiantes-en-doble-titulacion-del-master-en-recursos-humanos-trabajo-y-organizaciones\/#breadcrumb","itemListElement":[{"@type":"ListItem","position":1,"name":"Home","item":"https:\/\/internacional.umh.es\/en\/"},{"@type":"ListItem","position":2,"name":"La UMH y la UAEM\u00e9x se re\u00fanen para perfilar el convenio de intercambio de estudiantes en doble titulaci\u00f3n del M\u00e1ster en Gesti\u00f3n de Recursos Humanos, Trabajo y Organizaciones"}]},{"@type":"Person","@id":"https:\/\/internacional.umh.es\/en\/#\/schema\/person\/80d6ddb6a44115a6086bb4a8a0dc2db6","name":"paliaga","image":{"@type":"ImageObject","@id":"https:\/\/internacional.umh.es\/en\/#personlogo","inLanguage":"en-US","url":"https:\/\/secure.gravatar.com\/avatar\/5baca743863e669ef18bc3c564b897e2?s=96&d=mm&r=g","contentUrl":"https:\/\/secure.gravatar.com\/avatar\/5baca743863e669ef18bc3c564b897e2?s=96&d=mm&r=g","caption":"paliaga"},"url":"https:\/\/internacional.umh.es\/en\/author\/paliaga\/"}]}},"_links":{"self":[{"href":"https:\/\/internacional.umh.es\/en\/wp-json\/wp\/v2\/posts\/36491"}],"collection":[{"href":"https:\/\/internacional.umh.es\/en\/wp-json\/wp\/v2\/posts"}],"about":[{"href":"https:\/\/internacional.umh.es\/en\/wp-json\/wp\/v2\/types\/post"}],"author":[{"embeddable":true,"href":"https:\/\/internacional.umh.es\/en\/wp-json\/wp\/v2\/users\/28614"}],"replies":[{"embeddable":true,"href":"https:\/\/internacional.umh.es\/en\/wp-json\/wp\/v2\/comments?post=36491"}],"version-history":[{"count":0,"href":"https:\/\/internacional.umh.es\/en\/wp-json\/wp\/v2\/posts\/36491\/revisions"}],"wp:attachment":[{"href":"https:\/\/internacional.umh.es\/en\/wp-json\/wp\/v2\/media?parent=36491"}],"wp:term":[{"taxonomy":"category","embeddable":true,"href":"https:\/\/internacional.umh.es\/en\/wp-json\/wp\/v2\/categories?post=36491"},{"taxonomy":"post_tag","embeddable":true,"href":"https:\/\/internacional.umh.es\/en\/wp-json\/wp\/v2\/tags?post=36491"}],"curies":[{"name":"wp","href":"https:\/\/api.w.org\/{rel}","templated":true}]}}