{"id":37120,"date":"2024-12-17T00:59:22","date_gmt":"2024-12-16T23:59:22","guid":{"rendered":"https:\/\/internacional.umh.es\/?p=37120"},"modified":"2024-12-17T10:21:20","modified_gmt":"2024-12-17T09:21:20","slug":"la-umh-establece-acuerdos-de-movilidad-de-estudiantes-y-profesorado-con-siete-universidades-colombianas","status":"publish","type":"post","link":"https:\/\/internacional.umh.es\/en\/2024\/12\/17\/la-umh-establece-acuerdos-de-movilidad-de-estudiantes-y-profesorado-con-siete-universidades-colombianas\/","title":{"rendered":"UMH establishes mobility agreements for students and faculty with seven Colombian universities"},"content":{"rendered":"<p><\/p>\n<p style=\"text-align: justify\"><span style=\"font-weight: 400\"><a href=\"https:\/\/internacional.umh.es\/files\/2024\/12\/javeriana_cali_3-scaled.jpg\"><img loading=\"lazy\" class=\"size-medium wp-image-37129 alignleft\" src=\"https:\/\/internacional.umh.es\/files\/2024\/12\/javeriana_cali_3-225x300.jpg\" alt=\"\" width=\"225\" height=\"300\" srcset=\"https:\/\/internacional.umh.es\/files\/2024\/12\/javeriana_cali_3-225x300.jpg 225w, https:\/\/internacional.umh.es\/files\/2024\/12\/javeriana_cali_3-768x1024.jpg 768w, https:\/\/internacional.umh.es\/files\/2024\/12\/javeriana_cali_3-1152x1536.jpg 1152w, https:\/\/internacional.umh.es\/files\/2024\/12\/javeriana_cali_3-1536x2048.jpg 1536w, https:\/\/internacional.umh.es\/files\/2024\/12\/javeriana_cali_3-scaled.jpg 1920w\" sizes=\"(max-width: 225px) 100vw, 225px\" \/><\/a><\/span>The Miguel Hern\u00e1ndez University of Elche (UMH) has reached a series of mobility agreements for students and faculty with seven Colombian universities under the Erasmus+ International Dimension program in meetings led by UMH Deputy Vice Rector for Internationalization, Alberto Rodr\u00edguez; the Director of the School of Engineering of Elche, Jos\u00e9 Mar\u00eda Sabater; and the Secretary of the Department of Materials Science, Optics and Electronic Technology, Miguel \u00c1ngel de la Casa.<\/p>\n<p style=\"text-align: justify\">On their trip to Colombia, the UMH delegation visited the University of Valle (Cali), Xavierian Pontifical University (Cali), University of Antioquia (Medell\u00edn), National University of Colombia (Medell\u00edn), CES University (Medell\u00edn), Technological University of Bolivar (Cartagena de Indias), and the University of Cartagena (Cartagena de Indias).<\/p>\n<p style=\"text-align: justify\">This visit also served to design a plan for implementing online intensive joint online courses to foster the internationalization of student education, as well as for reviewing existing agreements and expanding joint collaboration actions with the mentioned universities.<\/p>\n<p style=\"text-align: justify\">These efforts in Colombia are a step forward in the internationalization of the UMH, which for many years has been establishing agreements and partnerships with many Latin American countries.<\/p>\n<p style=\"text-align: justify\"><span style=\"font-weight: 400\"><a href=\"https:\/\/internacional.umh.es\/files\/2024\/12\/javeriana_cali_2-scaled.jpg\"><img loading=\"lazy\" class=\"size-medium wp-image-37126 alignleft\" src=\"https:\/\/internacional.umh.es\/files\/2024\/12\/javeriana_cali_2-300x225.jpg\" alt=\"\" width=\"300\" height=\"225\" srcset=\"https:\/\/internacional.umh.es\/files\/2024\/12\/javeriana_cali_2-300x225.jpg 300w, https:\/\/internacional.umh.es\/files\/2024\/12\/javeriana_cali_2-1024x768.jpg 1024w, https:\/\/internacional.umh.es\/files\/2024\/12\/javeriana_cali_2-768x576.jpg 768w, https:\/\/internacional.umh.es\/files\/2024\/12\/javeriana_cali_2-1536x1152.jpg 1536w, https:\/\/internacional.umh.es\/files\/2024\/12\/javeriana_cali_2-2048x1536.jpg 2048w\" sizes=\"(max-width: 300px) 100vw, 300px\" \/><\/a><\/span><\/p>\n<p><span style=\"font-weight: 400\"><a href=\"https:\/\/internacional.umh.es\/files\/2024\/12\/UniValle_2-scaled.jpg\"><img loading=\"lazy\" class=\"size-medium wp-image-37132 alignleft\" src=\"https:\/\/internacional.umh.es\/files\/2024\/12\/UniValle_2-300x200.jpg\" alt=\"\" width=\"300\" height=\"200\" srcset=\"https:\/\/internacional.umh.es\/files\/2024\/12\/UniValle_2-300x200.jpg 300w, https:\/\/internacional.umh.es\/files\/2024\/12\/UniValle_2-1024x683.jpg 1024w, https:\/\/internacional.umh.es\/files\/2024\/12\/UniValle_2-768x512.jpg 768w, https:\/\/internacional.umh.es\/files\/2024\/12\/UniValle_2-1536x1024.jpg 1536w, https:\/\/internacional.umh.es\/files\/2024\/12\/UniValle_2-2048x1365.jpg 2048w\" sizes=\"(max-width: 300px) 100vw, 300px\" \/><\/a><a href=\"https:\/\/internacional.umh.es\/files\/2024\/12\/Univalle_Cali_1-scaled.jpg\"><img loading=\"lazy\" class=\"size-medium wp-image-37135 alignleft\" src=\"https:\/\/internacional.umh.es\/files\/2024\/12\/Univalle_Cali_1-300x200.jpg\" alt=\"\" width=\"300\" height=\"200\" srcset=\"https:\/\/internacional.umh.es\/files\/2024\/12\/Univalle_Cali_1-300x200.jpg 300w, https:\/\/internacional.umh.es\/files\/2024\/12\/Univalle_Cali_1-1024x683.jpg 1024w, https:\/\/internacional.umh.es\/files\/2024\/12\/Univalle_Cali_1-768x512.jpg 768w, https:\/\/internacional.umh.es\/files\/2024\/12\/Univalle_Cali_1-1536x1024.jpg 1536w, https:\/\/internacional.umh.es\/files\/2024\/12\/Univalle_Cali_1-2048x1365.jpg 2048w\" sizes=\"(max-width: 300px) 100vw, 300px\" \/><\/a><a href=\"https:\/\/internacional.umh.es\/files\/2024\/12\/javeriana_cali_1-scaled.jpg\"><img loading=\"lazy\" class=\"size-medium wp-image-37123 alignleft\" src=\"https:\/\/internacional.umh.es\/files\/2024\/12\/javeriana_cali_1-300x225.jpg\" alt=\"\" width=\"300\" height=\"225\" srcset=\"https:\/\/internacional.umh.es\/files\/2024\/12\/javeriana_cali_1-300x225.jpg 300w, https:\/\/internacional.umh.es\/files\/2024\/12\/javeriana_cali_1-1024x768.jpg 1024w, https:\/\/internacional.umh.es\/files\/2024\/12\/javeriana_cali_1-768x576.jpg 768w, https:\/\/internacional.umh.es\/files\/2024\/12\/javeriana_cali_1-1536x1152.jpg 1536w, https:\/\/internacional.umh.es\/files\/2024\/12\/javeriana_cali_1-2048x1536.jpg 2048w\" sizes=\"(max-width: 300px) 100vw, 300px\" \/><\/a><\/span><\/p>","protected":false},"excerpt":{"rendered":"<p>The Miguel Hern\u00e1ndez University of Elche (UMH) has reached a series of mobility agreements for students and faculty with seven Colombian universities under the Erasmus+ International Dimension program in meetings led by UMH Deputy Vice Rector for Internationalization, Alberto Rodr\u00edguez; the Director of the School of Engineering of Elche, Jos\u00e9 Mar\u00eda Sabater; and the Secretary [&#8230;]<\/p>\n","protected":false},"author":28614,"featured_media":0,"comment_status":"closed","ping_status":"closed","sticky":false,"template":"","format":"standard","meta":{"ngg_post_thumbnail":0,"_links_to":"","_links_to_target":""},"categories":[53429],"tags":[],"yoast_head":"<!-- This site is optimized with the Yoast SEO plugin v17.5 - https:\/\/yoast.com\/wordpress\/plugins\/seo\/ -->\n<meta name=\"robots\" content=\"index, follow, max-snippet:-1, max-image-preview:large, max-video-preview:-1\" \/>\n<link rel=\"canonical\" href=\"https:\/\/internacional.umh.es\/en\/2024\/12\/17\/la-umh-establece-acuerdos-de-movilidad-de-estudiantes-y-profesorado-con-siete-universidades-colombianas\/\" \/>\n<meta property=\"og:locale\" content=\"en_US\" \/>\n<meta property=\"og:type\" content=\"article\" \/>\n<meta property=\"og:title\" content=\"UMH establishes mobility agreements for students and faculty with seven Colombian universities - International Relations and Cooperation\" \/>\n<meta property=\"og:description\" content=\"The Miguel Hern\u00e1ndez University of Elche (UMH) has reached a series of mobility agreements for students and faculty with seven Colombian universities under the Erasmus+ International Dimension program in meetings led by UMH Deputy Vice Rector for Internationalization, Alberto Rodr\u00edguez; the Director of the School of Engineering of Elche, Jos\u00e9 Mar\u00eda Sabater; and the Secretary [...]\" \/>\n<meta property=\"og:url\" content=\"https:\/\/internacional.umh.es\/en\/2024\/12\/17\/la-umh-establece-acuerdos-de-movilidad-de-estudiantes-y-profesorado-con-siete-universidades-colombianas\/\" \/>\n<meta property=\"og:site_name\" content=\"International Relations and Cooperation\" \/>\n<meta property=\"article:published_time\" content=\"2024-12-16T23:59:22+00:00\" \/>\n<meta property=\"article:modified_time\" content=\"2024-12-17T09:21:20+00:00\" \/>\n<meta property=\"og:image\" content=\"https:\/\/internacional.umh.es\/files\/2024\/12\/javeriana_cali_3-225x300.jpg\" \/>\n<meta name=\"twitter:card\" content=\"summary_large_image\" \/>\n<meta name=\"twitter:label1\" content=\"Written by\" \/>\n\t<meta name=\"twitter:data1\" content=\"paliaga\" \/>\n\t<meta name=\"twitter:label2\" content=\"Est. reading time\" \/>\n\t<meta name=\"twitter:data2\" content=\"2 minutes\" \/>\n<script type=\"application\/ld+json\" class=\"yoast-schema-graph\">{\"@context\":\"https:\/\/schema.org\",\"@graph\":[{\"@type\":\"WebSite\",\"@id\":\"https:\/\/internacional.umh.es\/en\/#website\",\"url\":\"https:\/\/internacional.umh.es\/en\/\",\"name\":\"International Relations and Cooperation\",\"description\":\"Miguel Hernandez University of Elche\",\"potentialAction\":[{\"@type\":\"SearchAction\",\"target\":{\"@type\":\"EntryPoint\",\"urlTemplate\":\"https:\/\/internacional.umh.es\/en\/?s={search_term_string}\"},\"query-input\":\"required name=search_term_string\"}],\"inLanguage\":\"en-US\"},{\"@type\":\"ImageObject\",\"@id\":\"https:\/\/internacional.umh.es\/en\/2024\/12\/17\/la-umh-establece-acuerdos-de-movilidad-de-estudiantes-y-profesorado-con-siete-universidades-colombianas\/#primaryimage\",\"inLanguage\":\"en-US\",\"url\":\"https:\/\/internacional.umh.es\/files\/2024\/12\/javeriana_cali_3-225x300.jpg\",\"contentUrl\":\"https:\/\/internacional.umh.es\/files\/2024\/12\/javeriana_cali_3-225x300.jpg\"},{\"@type\":\"WebPage\",\"@id\":\"https:\/\/internacional.umh.es\/en\/2024\/12\/17\/la-umh-establece-acuerdos-de-movilidad-de-estudiantes-y-profesorado-con-siete-universidades-colombianas\/#webpage\",\"url\":\"https:\/\/internacional.umh.es\/en\/2024\/12\/17\/la-umh-establece-acuerdos-de-movilidad-de-estudiantes-y-profesorado-con-siete-universidades-colombianas\/\",\"name\":\"UMH establishes mobility agreements for students and faculty with seven Colombian universities - International Relations and Cooperation\",\"isPartOf\":{\"@id\":\"https:\/\/internacional.umh.es\/en\/#website\"},\"primaryImageOfPage\":{\"@id\":\"https:\/\/internacional.umh.es\/en\/2024\/12\/17\/la-umh-establece-acuerdos-de-movilidad-de-estudiantes-y-profesorado-con-siete-universidades-colombianas\/#primaryimage\"},\"datePublished\":\"2024-12-16T23:59:22+00:00\",\"dateModified\":\"2024-12-17T09:21:20+00:00\",\"author\":{\"@id\":\"https:\/\/internacional.umh.es\/en\/#\/schema\/person\/80d6ddb6a44115a6086bb4a8a0dc2db6\"},\"breadcrumb\":{\"@id\":\"https:\/\/internacional.umh.es\/en\/2024\/12\/17\/la-umh-establece-acuerdos-de-movilidad-de-estudiantes-y-profesorado-con-siete-universidades-colombianas\/#breadcrumb\"},\"inLanguage\":\"en-US\",\"potentialAction\":[{\"@type\":\"ReadAction\",\"target\":[\"https:\/\/internacional.umh.es\/en\/2024\/12\/17\/la-umh-establece-acuerdos-de-movilidad-de-estudiantes-y-profesorado-con-siete-universidades-colombianas\/\"]}]},{\"@type\":\"BreadcrumbList\",\"@id\":\"https:\/\/internacional.umh.es\/en\/2024\/12\/17\/la-umh-establece-acuerdos-de-movilidad-de-estudiantes-y-profesorado-con-siete-universidades-colombianas\/#breadcrumb\",\"itemListElement\":[{\"@type\":\"ListItem\",\"position\":1,\"name\":\"Home\",\"item\":\"https:\/\/internacional.umh.es\/en\/\"},{\"@type\":\"ListItem\",\"position\":2,\"name\":\"UMH establishes mobility agreements for students and faculty with seven Colombian universities\"}]},{\"@type\":\"Person\",\"@id\":\"https:\/\/internacional.umh.es\/en\/#\/schema\/person\/80d6ddb6a44115a6086bb4a8a0dc2db6\",\"name\":\"paliaga\",\"image\":{\"@type\":\"ImageObject\",\"@id\":\"https:\/\/internacional.umh.es\/en\/#personlogo\",\"inLanguage\":\"en-US\",\"url\":\"https:\/\/secure.gravatar.com\/avatar\/5baca743863e669ef18bc3c564b897e2?s=96&d=mm&r=g\",\"contentUrl\":\"https:\/\/secure.gravatar.com\/avatar\/5baca743863e669ef18bc3c564b897e2?s=96&d=mm&r=g\",\"caption\":\"paliaga\"},\"url\":\"https:\/\/internacional.umh.es\/en\/author\/paliaga\/\"}]}<\/script>\n<!-- \/ Yoast SEO plugin. -->","yoast_head_json":{"robots":{"index":"index","follow":"follow","max-snippet":"max-snippet:-1","max-image-preview":"max-image-preview:large","max-video-preview":"max-video-preview:-1"},"canonical":"https:\/\/internacional.umh.es\/en\/2024\/12\/17\/la-umh-establece-acuerdos-de-movilidad-de-estudiantes-y-profesorado-con-siete-universidades-colombianas\/","og_locale":"en_US","og_type":"article","og_title":"UMH establishes mobility agreements for students and faculty with seven Colombian universities - International Relations and Cooperation","og_description":"The Miguel Hern\u00e1ndez University of Elche (UMH) has reached a series of mobility agreements for students and faculty with seven Colombian universities under the Erasmus+ International Dimension program in meetings led by UMH Deputy Vice Rector for Internationalization, Alberto Rodr\u00edguez; the Director of the School of Engineering of Elche, Jos\u00e9 Mar\u00eda Sabater; and the Secretary [...]","og_url":"https:\/\/internacional.umh.es\/en\/2024\/12\/17\/la-umh-establece-acuerdos-de-movilidad-de-estudiantes-y-profesorado-con-siete-universidades-colombianas\/","og_site_name":"International Relations and Cooperation","article_published_time":"2024-12-16T23:59:22+00:00","article_modified_time":"2024-12-17T09:21:20+00:00","og_image":[{"url":"https:\/\/internacional.umh.es\/files\/2024\/12\/javeriana_cali_3-225x300.jpg"}],"twitter_card":"summary_large_image","twitter_misc":{"Written by":"paliaga","Est. reading time":"2 minutes"},"schema":{"@context":"https:\/\/schema.org","@graph":[{"@type":"WebSite","@id":"https:\/\/internacional.umh.es\/en\/#website","url":"https:\/\/internacional.umh.es\/en\/","name":"International Relations and Cooperation","description":"Miguel Hernandez University of Elche","potentialAction":[{"@type":"SearchAction","target":{"@type":"EntryPoint","urlTemplate":"https:\/\/internacional.umh.es\/en\/?s={search_term_string}"},"query-input":"required name=search_term_string"}],"inLanguage":"en-US"},{"@type":"ImageObject","@id":"https:\/\/internacional.umh.es\/en\/2024\/12\/17\/la-umh-establece-acuerdos-de-movilidad-de-estudiantes-y-profesorado-con-siete-universidades-colombianas\/#primaryimage","inLanguage":"en-US","url":"https:\/\/internacional.umh.es\/files\/2024\/12\/javeriana_cali_3-225x300.jpg","contentUrl":"https:\/\/internacional.umh.es\/files\/2024\/12\/javeriana_cali_3-225x300.jpg"},{"@type":"WebPage","@id":"https:\/\/internacional.umh.es\/en\/2024\/12\/17\/la-umh-establece-acuerdos-de-movilidad-de-estudiantes-y-profesorado-con-siete-universidades-colombianas\/#webpage","url":"https:\/\/internacional.umh.es\/en\/2024\/12\/17\/la-umh-establece-acuerdos-de-movilidad-de-estudiantes-y-profesorado-con-siete-universidades-colombianas\/","name":"UMH establishes mobility agreements for students and faculty with seven Colombian universities - International Relations and Cooperation","isPartOf":{"@id":"https:\/\/internacional.umh.es\/en\/#website"},"primaryImageOfPage":{"@id":"https:\/\/internacional.umh.es\/en\/2024\/12\/17\/la-umh-establece-acuerdos-de-movilidad-de-estudiantes-y-profesorado-con-siete-universidades-colombianas\/#primaryimage"},"datePublished":"2024-12-16T23:59:22+00:00","dateModified":"2024-12-17T09:21:20+00:00","author":{"@id":"https:\/\/internacional.umh.es\/en\/#\/schema\/person\/80d6ddb6a44115a6086bb4a8a0dc2db6"},"breadcrumb":{"@id":"https:\/\/internacional.umh.es\/en\/2024\/12\/17\/la-umh-establece-acuerdos-de-movilidad-de-estudiantes-y-profesorado-con-siete-universidades-colombianas\/#breadcrumb"},"inLanguage":"en-US","potentialAction":[{"@type":"ReadAction","target":["https:\/\/internacional.umh.es\/en\/2024\/12\/17\/la-umh-establece-acuerdos-de-movilidad-de-estudiantes-y-profesorado-con-siete-universidades-colombianas\/"]}]},{"@type":"BreadcrumbList","@id":"https:\/\/internacional.umh.es\/en\/2024\/12\/17\/la-umh-establece-acuerdos-de-movilidad-de-estudiantes-y-profesorado-con-siete-universidades-colombianas\/#breadcrumb","itemListElement":[{"@type":"ListItem","position":1,"name":"Home","item":"https:\/\/internacional.umh.es\/en\/"},{"@type":"ListItem","position":2,"name":"UMH establishes mobility agreements for students and faculty with seven Colombian universities"}]},{"@type":"Person","@id":"https:\/\/internacional.umh.es\/en\/#\/schema\/person\/80d6ddb6a44115a6086bb4a8a0dc2db6","name":"paliaga","image":{"@type":"ImageObject","@id":"https:\/\/internacional.umh.es\/en\/#personlogo","inLanguage":"en-US","url":"https:\/\/secure.gravatar.com\/avatar\/5baca743863e669ef18bc3c564b897e2?s=96&d=mm&r=g","contentUrl":"https:\/\/secure.gravatar.com\/avatar\/5baca743863e669ef18bc3c564b897e2?s=96&d=mm&r=g","caption":"paliaga"},"url":"https:\/\/internacional.umh.es\/en\/author\/paliaga\/"}]}},"_links":{"self":[{"href":"https:\/\/internacional.umh.es\/en\/wp-json\/wp\/v2\/posts\/37120"}],"collection":[{"href":"https:\/\/internacional.umh.es\/en\/wp-json\/wp\/v2\/posts"}],"about":[{"href":"https:\/\/internacional.umh.es\/en\/wp-json\/wp\/v2\/types\/post"}],"author":[{"embeddable":true,"href":"https:\/\/internacional.umh.es\/en\/wp-json\/wp\/v2\/users\/28614"}],"replies":[{"embeddable":true,"href":"https:\/\/internacional.umh.es\/en\/wp-json\/wp\/v2\/comments?post=37120"}],"version-history":[{"count":0,"href":"https:\/\/internacional.umh.es\/en\/wp-json\/wp\/v2\/posts\/37120\/revisions"}],"wp:attachment":[{"href":"https:\/\/internacional.umh.es\/en\/wp-json\/wp\/v2\/media?parent=37120"}],"wp:term":[{"taxonomy":"category","embeddable":true,"href":"https:\/\/internacional.umh.es\/en\/wp-json\/wp\/v2\/categories?post=37120"},{"taxonomy":"post_tag","embeddable":true,"href":"https:\/\/internacional.umh.es\/en\/wp-json\/wp\/v2\/tags?post=37120"}],"curies":[{"name":"wp","href":"https:\/\/api.w.org\/{rel}","templated":true}]}}