{"id":37600,"date":"2025-01-31T17:15:21","date_gmt":"2025-01-31T16:15:21","guid":{"rendered":"https:\/\/internacional.umh.es\/?p=37600"},"modified":"2025-02-03T12:06:17","modified_gmt":"2025-02-03T11:06:17","slug":"la-umh-participa-en-la-viii-universitat-de-la-tardor-para-reflexionar-sobre-el-papel-de-las-universidades-en-la-sostenibilidad-de-los-procesos-de-desarrollo","status":"publish","type":"post","link":"https:\/\/internacional.umh.es\/en\/2025\/01\/31\/la-umh-participa-en-la-viii-universitat-de-la-tardor-para-reflexionar-sobre-el-papel-de-las-universidades-en-la-sostenibilidad-de-los-procesos-de-desarrollo\/","title":{"rendered":"UMH participates at University of the Fall VIII to reflect on the role of universities in the sustainability of development processes"},"content":{"rendered":"<p><\/p>\n<p style=\"text-align: justify\"><span style=\"font-weight: 400\"><a href=\"https:\/\/internacional.umh.es\/files\/2025\/01\/WhatsApp-Image-2025-01-30-at-11.49.51.jpeg\"><img loading=\"lazy\" class=\"alignleft wp-image-37601 size-medium\" src=\"https:\/\/internacional.umh.es\/files\/2025\/01\/WhatsApp-Image-2025-01-30-at-11.49.51-300x225.jpeg\" alt=\"\" width=\"300\" height=\"225\" srcset=\"https:\/\/internacional.umh.es\/files\/2025\/01\/WhatsApp-Image-2025-01-30-at-11.49.51-300x225.jpeg 300w, https:\/\/internacional.umh.es\/files\/2025\/01\/WhatsApp-Image-2025-01-30-at-11.49.51-1024x768.jpeg 1024w, https:\/\/internacional.umh.es\/files\/2025\/01\/WhatsApp-Image-2025-01-30-at-11.49.51-768x576.jpeg 768w, https:\/\/internacional.umh.es\/files\/2025\/01\/WhatsApp-Image-2025-01-30-at-11.49.51-1536x1152.jpeg 1536w, https:\/\/internacional.umh.es\/files\/2025\/01\/WhatsApp-Image-2025-01-30-at-11.49.51.jpeg 1600w\" sizes=\"(max-width: 300px) 100vw, 300px\" \/><\/a><\/span><\/p>\n<p style=\"text-align: justify\">For two days last week (January 30 &amp; 31), the Miguel Hern\u00e1ndez University of Elche (UMH) took part in the eighth edition of the University of the Fall, the motto of which was \u2018Bridges toward Global Equity: Sustainable Development and Human Well-being.\u2019 The Universitat Polit\u00e8cnica de Val\u00e8ncia was host to this event, and this event\u2019s workshops reflected on the role of universities as an agent for fostering sustainability in development processes.<\/p>\n<p style=\"text-align: justify\">This event, which was attended by all five public Valencian Universities, began on Thursday with UMH Vice Rector for Internationalization and Cooperation, Vicente Micol, in addition to the remaining public representatives. This was followed by a conference by ecofeminist activist, Joana Bregolat, who spoke on climate justice and human well-being.<\/p>\n<p style=\"text-align: justify\">This first day concluded with a roundtable on innovation and technology to contribute to global equity, moderated by the director of the UMH Headquarters in Rwanda Chair, Javier Gimeno. Following that, there was a practical workshop on development cooperation and climate emergencies.<\/p>\n<p style=\"text-align: justify\">Day two began with a chat on sustainable health systems given by doctor of agricultural engineering, Mar\u00eda Jes\u00fas Mu\u00f1oz-Torres. This was following by a conference on sustainable development within a context wherein resources decrease, and then a roundtable on human well-being in which UMH graduate of medicine, Esther Garc\u00eda, took part.<\/p>\n<p style=\"text-align: justify\">These sessions aim to exchange experience and knowledge on issues of inclusive and sustainable well-being, and stressing aspects relevant to development cooperation, on national, autonomous, and even local levels.<\/p>\n<p><a href=\"https:\/\/internacional.umh.es\/files\/2025\/01\/IMG_6679-scaled.jpg\"><img loading=\"lazy\" class=\"alignleft wp-image-37604 size-medium\" src=\"https:\/\/internacional.umh.es\/files\/2025\/01\/IMG_6679-300x169.jpg\" alt=\"\" width=\"300\" height=\"169\" srcset=\"https:\/\/internacional.umh.es\/files\/2025\/01\/IMG_6679-300x169.jpg 300w, https:\/\/internacional.umh.es\/files\/2025\/01\/IMG_6679-1024x575.jpg 1024w, https:\/\/internacional.umh.es\/files\/2025\/01\/IMG_6679-768x431.jpg 768w, https:\/\/internacional.umh.es\/files\/2025\/01\/IMG_6679-1536x863.jpg 1536w, https:\/\/internacional.umh.es\/files\/2025\/01\/IMG_6679-2048x1150.jpg 2048w\" sizes=\"(max-width: 300px) 100vw, 300px\" \/><\/a><\/p>\n<p><a href=\"https:\/\/internacional.umh.es\/files\/2025\/01\/IMG_6676-scaled.jpg\"><img loading=\"lazy\" class=\"alignleft wp-image-37610 size-medium\" src=\"https:\/\/internacional.umh.es\/files\/2025\/01\/IMG_6676-300x169.jpg\" alt=\"\" width=\"300\" height=\"169\" srcset=\"https:\/\/internacional.umh.es\/files\/2025\/01\/IMG_6676-300x169.jpg 300w, https:\/\/internacional.umh.es\/files\/2025\/01\/IMG_6676-1024x575.jpg 1024w, https:\/\/internacional.umh.es\/files\/2025\/01\/IMG_6676-768x431.jpg 768w, https:\/\/internacional.umh.es\/files\/2025\/01\/IMG_6676-1536x863.jpg 1536w, https:\/\/internacional.umh.es\/files\/2025\/01\/IMG_6676-2048x1150.jpg 2048w\" sizes=\"(max-width: 300px) 100vw, 300px\" \/><\/a><\/p>\n<p>&nbsp;<\/p>\n<p><a href=\"https:\/\/internacional.umh.es\/files\/2025\/01\/IMG_6678-scaled.jpg\"><img loading=\"lazy\" class=\"alignleft wp-image-37613 size-medium\" src=\"https:\/\/internacional.umh.es\/files\/2025\/01\/IMG_6678-300x169.jpg\" alt=\"\" width=\"300\" height=\"169\" srcset=\"https:\/\/internacional.umh.es\/files\/2025\/01\/IMG_6678-300x169.jpg 300w, https:\/\/internacional.umh.es\/files\/2025\/01\/IMG_6678-1024x575.jpg 1024w, https:\/\/internacional.umh.es\/files\/2025\/01\/IMG_6678-768x431.jpg 768w, https:\/\/internacional.umh.es\/files\/2025\/01\/IMG_6678-1536x863.jpg 1536w, https:\/\/internacional.umh.es\/files\/2025\/01\/IMG_6678-2048x1150.jpg 2048w\" sizes=\"(max-width: 300px) 100vw, 300px\" \/><\/a><\/p>\n<p><a href=\"https:\/\/internacional.umh.es\/files\/2025\/01\/IMG_6696-scaled.jpg\"><img loading=\"lazy\" class=\"alignleft wp-image-37607 size-medium\" src=\"https:\/\/internacional.umh.es\/files\/2025\/01\/IMG_6696-300x169.jpg\" alt=\"\" width=\"300\" height=\"169\" srcset=\"https:\/\/internacional.umh.es\/files\/2025\/01\/IMG_6696-300x169.jpg 300w, https:\/\/internacional.umh.es\/files\/2025\/01\/IMG_6696-1024x575.jpg 1024w, https:\/\/internacional.umh.es\/files\/2025\/01\/IMG_6696-768x431.jpg 768w, https:\/\/internacional.umh.es\/files\/2025\/01\/IMG_6696-1536x863.jpg 1536w, https:\/\/internacional.umh.es\/files\/2025\/01\/IMG_6696-2048x1150.jpg 2048w\" sizes=\"(max-width: 300px) 100vw, 300px\" \/><\/a><\/p>","protected":false},"excerpt":{"rendered":"<p>For two days last week (January 30 &amp; 31), the Miguel Hern\u00e1ndez University of Elche (UMH) took part in the eighth edition of the University of the Fall, the motto of which was \u2018Bridges toward Global Equity: Sustainable Development and Human Well-being.\u2019 The Universitat Polit\u00e8cnica de Val\u00e8ncia was host to this event, and this event\u2019s [&#8230;]<\/p>\n","protected":false},"author":28614,"featured_media":0,"comment_status":"closed","ping_status":"closed","sticky":false,"template":"","format":"standard","meta":{"ngg_post_thumbnail":0,"_links_to":"","_links_to_target":""},"categories":[1456022],"tags":[],"yoast_head":"<!-- This site is optimized with the Yoast SEO plugin v17.5 - https:\/\/yoast.com\/wordpress\/plugins\/seo\/ -->\n<meta name=\"robots\" content=\"index, follow, max-snippet:-1, max-image-preview:large, max-video-preview:-1\" \/>\n<link rel=\"canonical\" href=\"https:\/\/internacional.umh.es\/en\/2025\/01\/31\/la-umh-participa-en-la-viii-universitat-de-la-tardor-para-reflexionar-sobre-el-papel-de-las-universidades-en-la-sostenibilidad-de-los-procesos-de-desarrollo\/\" \/>\n<meta property=\"og:locale\" content=\"en_US\" \/>\n<meta property=\"og:type\" content=\"article\" \/>\n<meta property=\"og:title\" content=\"UMH participates at University of the Fall VIII to reflect on the role of universities in the sustainability of development processes - International Relations and Cooperation\" \/>\n<meta property=\"og:description\" content=\"For two days last week (January 30 &amp; 31), the Miguel Hern\u00e1ndez University of Elche (UMH) took part in the eighth edition of the University of the Fall, the motto of which was \u2018Bridges toward Global Equity: Sustainable Development and Human Well-being.\u2019 The Universitat Polit\u00e8cnica de Val\u00e8ncia was host to this event, and this event\u2019s [...]\" \/>\n<meta property=\"og:url\" content=\"https:\/\/internacional.umh.es\/2025\/01\/31\/la-umh-participa-en-la-viii-universitat-de-la-tardor-para-reflexionar-sobre-el-papel-de-las-universidades-en-la-sostenibilidad-de-los-procesos-de-desarrollo\/\" \/>\n<meta property=\"og:site_name\" content=\"International Relations and Cooperation\" \/>\n<meta property=\"article:published_time\" content=\"2025-01-31T16:15:21+00:00\" \/>\n<meta property=\"article:modified_time\" content=\"2025-02-03T11:06:17+00:00\" \/>\n<meta property=\"og:image\" content=\"https:\/\/internacional.umh.es\/files\/2025\/01\/WhatsApp-Image-2025-01-30-at-11.49.51-300x225.jpeg\" \/>\n<meta name=\"twitter:card\" content=\"summary_large_image\" \/>\n<meta name=\"twitter:label1\" content=\"Written by\" \/>\n\t<meta name=\"twitter:data1\" content=\"paliaga\" \/>\n\t<meta name=\"twitter:label2\" content=\"Est. reading time\" \/>\n\t<meta name=\"twitter:data2\" content=\"3 minutes\" \/>\n<script type=\"application\/ld+json\" class=\"yoast-schema-graph\">{\"@context\":\"https:\/\/schema.org\",\"@graph\":[{\"@type\":\"WebSite\",\"@id\":\"https:\/\/internacional.umh.es\/en\/#website\",\"url\":\"https:\/\/internacional.umh.es\/en\/\",\"name\":\"International Relations and Cooperation\",\"description\":\"Miguel Hernandez University of Elche\",\"potentialAction\":[{\"@type\":\"SearchAction\",\"target\":{\"@type\":\"EntryPoint\",\"urlTemplate\":\"https:\/\/internacional.umh.es\/en\/?s={search_term_string}\"},\"query-input\":\"required name=search_term_string\"}],\"inLanguage\":\"en-US\"},{\"@type\":\"ImageObject\",\"@id\":\"https:\/\/internacional.umh.es\/2025\/01\/31\/la-umh-participa-en-la-viii-universitat-de-la-tardor-para-reflexionar-sobre-el-papel-de-las-universidades-en-la-sostenibilidad-de-los-procesos-de-desarrollo\/#primaryimage\",\"inLanguage\":\"en-US\",\"url\":\"https:\/\/internacional.umh.es\/files\/2025\/01\/WhatsApp-Image-2025-01-30-at-11.49.51.jpeg\",\"contentUrl\":\"https:\/\/internacional.umh.es\/files\/2025\/01\/WhatsApp-Image-2025-01-30-at-11.49.51.jpeg\",\"width\":1600,\"height\":1200},{\"@type\":\"WebPage\",\"@id\":\"https:\/\/internacional.umh.es\/2025\/01\/31\/la-umh-participa-en-la-viii-universitat-de-la-tardor-para-reflexionar-sobre-el-papel-de-las-universidades-en-la-sostenibilidad-de-los-procesos-de-desarrollo\/#webpage\",\"url\":\"https:\/\/internacional.umh.es\/2025\/01\/31\/la-umh-participa-en-la-viii-universitat-de-la-tardor-para-reflexionar-sobre-el-papel-de-las-universidades-en-la-sostenibilidad-de-los-procesos-de-desarrollo\/\",\"name\":\"UMH participates at University of the Fall VIII to reflect on the role of universities in the sustainability of development processes - International Relations and Cooperation\",\"isPartOf\":{\"@id\":\"https:\/\/internacional.umh.es\/en\/#website\"},\"primaryImageOfPage\":{\"@id\":\"https:\/\/internacional.umh.es\/2025\/01\/31\/la-umh-participa-en-la-viii-universitat-de-la-tardor-para-reflexionar-sobre-el-papel-de-las-universidades-en-la-sostenibilidad-de-los-procesos-de-desarrollo\/#primaryimage\"},\"datePublished\":\"2025-01-31T16:15:21+00:00\",\"dateModified\":\"2025-02-03T11:06:17+00:00\",\"author\":{\"@id\":\"https:\/\/internacional.umh.es\/en\/#\/schema\/person\/80d6ddb6a44115a6086bb4a8a0dc2db6\"},\"breadcrumb\":{\"@id\":\"https:\/\/internacional.umh.es\/2025\/01\/31\/la-umh-participa-en-la-viii-universitat-de-la-tardor-para-reflexionar-sobre-el-papel-de-las-universidades-en-la-sostenibilidad-de-los-procesos-de-desarrollo\/#breadcrumb\"},\"inLanguage\":\"en-US\",\"potentialAction\":[{\"@type\":\"ReadAction\",\"target\":[\"https:\/\/internacional.umh.es\/2025\/01\/31\/la-umh-participa-en-la-viii-universitat-de-la-tardor-para-reflexionar-sobre-el-papel-de-las-universidades-en-la-sostenibilidad-de-los-procesos-de-desarrollo\/\"]}]},{\"@type\":\"BreadcrumbList\",\"@id\":\"https:\/\/internacional.umh.es\/2025\/01\/31\/la-umh-participa-en-la-viii-universitat-de-la-tardor-para-reflexionar-sobre-el-papel-de-las-universidades-en-la-sostenibilidad-de-los-procesos-de-desarrollo\/#breadcrumb\",\"itemListElement\":[{\"@type\":\"ListItem\",\"position\":1,\"name\":\"Home\",\"item\":\"https:\/\/internacional.umh.es\/en\/\"},{\"@type\":\"ListItem\",\"position\":2,\"name\":\"La UMH participa en la VIII Universitat de la Tardor para reflexionar sobre el papel de las universidades en la sostenibilidad de los procesos de desarrollo\"}]},{\"@type\":\"Person\",\"@id\":\"https:\/\/internacional.umh.es\/en\/#\/schema\/person\/80d6ddb6a44115a6086bb4a8a0dc2db6\",\"name\":\"paliaga\",\"image\":{\"@type\":\"ImageObject\",\"@id\":\"https:\/\/internacional.umh.es\/en\/#personlogo\",\"inLanguage\":\"en-US\",\"url\":\"https:\/\/secure.gravatar.com\/avatar\/5baca743863e669ef18bc3c564b897e2?s=96&d=mm&r=g\",\"contentUrl\":\"https:\/\/secure.gravatar.com\/avatar\/5baca743863e669ef18bc3c564b897e2?s=96&d=mm&r=g\",\"caption\":\"paliaga\"},\"url\":\"https:\/\/internacional.umh.es\/en\/author\/paliaga\/\"}]}<\/script>\n<!-- \/ Yoast SEO plugin. -->","yoast_head_json":{"robots":{"index":"index","follow":"follow","max-snippet":"max-snippet:-1","max-image-preview":"max-image-preview:large","max-video-preview":"max-video-preview:-1"},"canonical":"https:\/\/internacional.umh.es\/en\/2025\/01\/31\/la-umh-participa-en-la-viii-universitat-de-la-tardor-para-reflexionar-sobre-el-papel-de-las-universidades-en-la-sostenibilidad-de-los-procesos-de-desarrollo\/","og_locale":"en_US","og_type":"article","og_title":"UMH participates at University of the Fall VIII to reflect on the role of universities in the sustainability of development processes - International Relations and Cooperation","og_description":"For two days last week (January 30 &amp; 31), the Miguel Hern\u00e1ndez University of Elche (UMH) took part in the eighth edition of the University of the Fall, the motto of which was \u2018Bridges toward Global Equity: Sustainable Development and Human Well-being.\u2019 The Universitat Polit\u00e8cnica de Val\u00e8ncia was host to this event, and this event\u2019s [...]","og_url":"https:\/\/internacional.umh.es\/2025\/01\/31\/la-umh-participa-en-la-viii-universitat-de-la-tardor-para-reflexionar-sobre-el-papel-de-las-universidades-en-la-sostenibilidad-de-los-procesos-de-desarrollo\/","og_site_name":"International Relations and Cooperation","article_published_time":"2025-01-31T16:15:21+00:00","article_modified_time":"2025-02-03T11:06:17+00:00","og_image":[{"url":"https:\/\/internacional.umh.es\/files\/2025\/01\/WhatsApp-Image-2025-01-30-at-11.49.51-300x225.jpeg"}],"twitter_card":"summary_large_image","twitter_misc":{"Written by":"paliaga","Est. reading time":"3 minutes"},"schema":{"@context":"https:\/\/schema.org","@graph":[{"@type":"WebSite","@id":"https:\/\/internacional.umh.es\/en\/#website","url":"https:\/\/internacional.umh.es\/en\/","name":"International Relations and Cooperation","description":"Miguel Hernandez University of Elche","potentialAction":[{"@type":"SearchAction","target":{"@type":"EntryPoint","urlTemplate":"https:\/\/internacional.umh.es\/en\/?s={search_term_string}"},"query-input":"required name=search_term_string"}],"inLanguage":"en-US"},{"@type":"ImageObject","@id":"https:\/\/internacional.umh.es\/2025\/01\/31\/la-umh-participa-en-la-viii-universitat-de-la-tardor-para-reflexionar-sobre-el-papel-de-las-universidades-en-la-sostenibilidad-de-los-procesos-de-desarrollo\/#primaryimage","inLanguage":"en-US","url":"https:\/\/internacional.umh.es\/files\/2025\/01\/WhatsApp-Image-2025-01-30-at-11.49.51.jpeg","contentUrl":"https:\/\/internacional.umh.es\/files\/2025\/01\/WhatsApp-Image-2025-01-30-at-11.49.51.jpeg","width":1600,"height":1200},{"@type":"WebPage","@id":"https:\/\/internacional.umh.es\/2025\/01\/31\/la-umh-participa-en-la-viii-universitat-de-la-tardor-para-reflexionar-sobre-el-papel-de-las-universidades-en-la-sostenibilidad-de-los-procesos-de-desarrollo\/#webpage","url":"https:\/\/internacional.umh.es\/2025\/01\/31\/la-umh-participa-en-la-viii-universitat-de-la-tardor-para-reflexionar-sobre-el-papel-de-las-universidades-en-la-sostenibilidad-de-los-procesos-de-desarrollo\/","name":"UMH participates at University of the Fall VIII to reflect on the role of universities in the sustainability of development processes - International Relations and Cooperation","isPartOf":{"@id":"https:\/\/internacional.umh.es\/en\/#website"},"primaryImageOfPage":{"@id":"https:\/\/internacional.umh.es\/2025\/01\/31\/la-umh-participa-en-la-viii-universitat-de-la-tardor-para-reflexionar-sobre-el-papel-de-las-universidades-en-la-sostenibilidad-de-los-procesos-de-desarrollo\/#primaryimage"},"datePublished":"2025-01-31T16:15:21+00:00","dateModified":"2025-02-03T11:06:17+00:00","author":{"@id":"https:\/\/internacional.umh.es\/en\/#\/schema\/person\/80d6ddb6a44115a6086bb4a8a0dc2db6"},"breadcrumb":{"@id":"https:\/\/internacional.umh.es\/2025\/01\/31\/la-umh-participa-en-la-viii-universitat-de-la-tardor-para-reflexionar-sobre-el-papel-de-las-universidades-en-la-sostenibilidad-de-los-procesos-de-desarrollo\/#breadcrumb"},"inLanguage":"en-US","potentialAction":[{"@type":"ReadAction","target":["https:\/\/internacional.umh.es\/2025\/01\/31\/la-umh-participa-en-la-viii-universitat-de-la-tardor-para-reflexionar-sobre-el-papel-de-las-universidades-en-la-sostenibilidad-de-los-procesos-de-desarrollo\/"]}]},{"@type":"BreadcrumbList","@id":"https:\/\/internacional.umh.es\/2025\/01\/31\/la-umh-participa-en-la-viii-universitat-de-la-tardor-para-reflexionar-sobre-el-papel-de-las-universidades-en-la-sostenibilidad-de-los-procesos-de-desarrollo\/#breadcrumb","itemListElement":[{"@type":"ListItem","position":1,"name":"Home","item":"https:\/\/internacional.umh.es\/en\/"},{"@type":"ListItem","position":2,"name":"La UMH participa en la VIII Universitat de la Tardor para reflexionar sobre el papel de las universidades en la sostenibilidad de los procesos de desarrollo"}]},{"@type":"Person","@id":"https:\/\/internacional.umh.es\/en\/#\/schema\/person\/80d6ddb6a44115a6086bb4a8a0dc2db6","name":"paliaga","image":{"@type":"ImageObject","@id":"https:\/\/internacional.umh.es\/en\/#personlogo","inLanguage":"en-US","url":"https:\/\/secure.gravatar.com\/avatar\/5baca743863e669ef18bc3c564b897e2?s=96&d=mm&r=g","contentUrl":"https:\/\/secure.gravatar.com\/avatar\/5baca743863e669ef18bc3c564b897e2?s=96&d=mm&r=g","caption":"paliaga"},"url":"https:\/\/internacional.umh.es\/en\/author\/paliaga\/"}]}},"_links":{"self":[{"href":"https:\/\/internacional.umh.es\/en\/wp-json\/wp\/v2\/posts\/37600"}],"collection":[{"href":"https:\/\/internacional.umh.es\/en\/wp-json\/wp\/v2\/posts"}],"about":[{"href":"https:\/\/internacional.umh.es\/en\/wp-json\/wp\/v2\/types\/post"}],"author":[{"embeddable":true,"href":"https:\/\/internacional.umh.es\/en\/wp-json\/wp\/v2\/users\/28614"}],"replies":[{"embeddable":true,"href":"https:\/\/internacional.umh.es\/en\/wp-json\/wp\/v2\/comments?post=37600"}],"version-history":[{"count":0,"href":"https:\/\/internacional.umh.es\/en\/wp-json\/wp\/v2\/posts\/37600\/revisions"}],"wp:attachment":[{"href":"https:\/\/internacional.umh.es\/en\/wp-json\/wp\/v2\/media?parent=37600"}],"wp:term":[{"taxonomy":"category","embeddable":true,"href":"https:\/\/internacional.umh.es\/en\/wp-json\/wp\/v2\/categories?post=37600"},{"taxonomy":"post_tag","embeddable":true,"href":"https:\/\/internacional.umh.es\/en\/wp-json\/wp\/v2\/tags?post=37600"}],"curies":[{"name":"wp","href":"https:\/\/api.w.org\/{rel}","templated":true}]}}