{"id":38129,"date":"2025-02-24T10:00:24","date_gmt":"2025-02-24T09:00:24","guid":{"rendered":"https:\/\/internacional.umh.es\/?p=38129"},"modified":"2025-02-24T10:52:12","modified_gmt":"2025-02-24T09:52:12","slug":"arranca-en-brasil-el-proyecto-prophyedu-con-el-que-la-umh-busca-promover-el-exito-academico-a-traves-de-la-educacion-fisica","status":"publish","type":"post","link":"https:\/\/internacional.umh.es\/en\/2025\/02\/24\/arranca-en-brasil-el-proyecto-prophyedu-con-el-que-la-umh-busca-promover-el-exito-academico-a-traves-de-la-educacion-fisica\/","title":{"rendered":"PROPHYEDU project kicks off in Brazil, by which the UMH aims to foster academic success through physical education"},"content":{"rendered":"<p><\/p>\n<p style=\"text-align: justify\"><a href=\"https:\/\/internacional.umh.es\/files\/2025\/02\/20-02-25-Proyecto-europeo-principal-300x225-1.jpg\"><img loading=\"lazy\" class=\" wp-image-38132 alignleft\" src=\"https:\/\/internacional.umh.es\/files\/2025\/02\/20-02-25-Proyecto-europeo-principal-300x225-1.jpg\" alt=\"\" width=\"261\" height=\"196\"><\/a>Last week, the first working meeting for the PROPHYEDU project began in S\u00e3o Paulo, Brazil, by which the Miguel Hern\u00e1ndez University of Elche (UMH) aims to foster academic success through physical education. UMH faculty participants in this meeting included Adolfo Aracil Marco, David Pineda, and Juan Antonio Moreno Murcia.<\/p>\n<p style=\"text-align: justify\">This project, which is part of the Erasmus+ program as a KA2 key action, is being coordinated by the Miguel Hern\u00e1ndez University of Elche and co-funded by the European Union. In this first working session, the UMH investigators played active roles in defining the work strategy and future action plan. During its work sessions, the representatives from the participating institutions worked together to devise and plan innovative strategies aiming to improve learning and inclusion in physical education and thereby ensure higher-quality education for students.<\/p>\n<p style=\"text-align: justify\">Collaboration in this project emanates from an international team of universities and organizations committed to education and student development. In addition to the UMH, project participants include the University of \u00c9vora (Portugal), University of San Judas Tadeo (Brazil), University of S\u00e3o Paulo (Brazil), University of the B\u00edo B\u00edo (Chile), Catholic University of the Most Holy Conception (Chile), and UP Project Gesti\u00f3n de Proyectos (Spain).<\/p>\n<p style=\"text-align: justify\">This agreement is the result of synergies that emerged between these entities a few months ago as part of the framework of the SPRINT program.<\/p>\n<p>&nbsp;<\/p>\n<p>&nbsp;<\/p>","protected":false},"excerpt":{"rendered":"<p>Last week, the first working meeting for the PROPHYEDU project began in S\u00e3o Paulo, Brazil, by which the Miguel Hern\u00e1ndez University of Elche (UMH) aims to foster academic success through physical education. UMH faculty participants in this meeting included Adolfo Aracil Marco, David Pineda, and Juan Antonio Moreno Murcia.<br \/>\nThis project, which is part of the [&#8230;]<\/p>\n","protected":false},"author":28614,"featured_media":0,"comment_status":"closed","ping_status":"closed","sticky":false,"template":"","format":"standard","meta":{"ngg_post_thumbnail":0,"_links_to":"","_links_to_target":""},"categories":[283],"tags":[],"yoast_head":"<!-- This site is optimized with the Yoast SEO plugin v17.5 - https:\/\/yoast.com\/wordpress\/plugins\/seo\/ -->\n<meta name=\"robots\" content=\"index, follow, max-snippet:-1, max-image-preview:large, max-video-preview:-1\" \/>\n<link rel=\"canonical\" href=\"https:\/\/internacional.umh.es\/en\/2025\/02\/24\/arranca-en-brasil-el-proyecto-prophyedu-con-el-que-la-umh-busca-promover-el-exito-academico-a-traves-de-la-educacion-fisica\/\" \/>\n<meta property=\"og:locale\" content=\"en_US\" \/>\n<meta property=\"og:type\" content=\"article\" \/>\n<meta property=\"og:title\" content=\"PROPHYEDU project kicks off in Brazil, by which the UMH aims to foster academic success through physical education - International Relations and Cooperation\" \/>\n<meta property=\"og:description\" content=\"Last week, the first working meeting for the PROPHYEDU project began in S\u00e3o Paulo, Brazil, by which the Miguel Hern\u00e1ndez University of Elche (UMH) aims to foster academic success through physical education. UMH faculty participants in this meeting included Adolfo Aracil Marco, David Pineda, and Juan Antonio Moreno Murcia. This project, which is part of the [...]\" \/>\n<meta property=\"og:url\" content=\"https:\/\/internacional.umh.es\/en\/2025\/02\/24\/arranca-en-brasil-el-proyecto-prophyedu-con-el-que-la-umh-busca-promover-el-exito-academico-a-traves-de-la-educacion-fisica\/\" \/>\n<meta property=\"og:site_name\" content=\"International Relations and Cooperation\" \/>\n<meta property=\"article:published_time\" content=\"2025-02-24T09:00:24+00:00\" \/>\n<meta property=\"article:modified_time\" content=\"2025-02-24T09:52:12+00:00\" \/>\n<meta name=\"twitter:card\" content=\"summary_large_image\" \/>\n<meta name=\"twitter:label1\" content=\"Written by\" \/>\n\t<meta name=\"twitter:data1\" content=\"paliaga\" \/>\n\t<meta name=\"twitter:label2\" content=\"Est. reading time\" \/>\n\t<meta name=\"twitter:data2\" content=\"2 minutes\" \/>\n<script type=\"application\/ld+json\" class=\"yoast-schema-graph\">{\"@context\":\"https:\/\/schema.org\",\"@graph\":[{\"@type\":\"WebSite\",\"@id\":\"https:\/\/internacional.umh.es\/en\/#website\",\"url\":\"https:\/\/internacional.umh.es\/en\/\",\"name\":\"International Relations and Cooperation\",\"description\":\"Miguel Hernandez University of Elche\",\"potentialAction\":[{\"@type\":\"SearchAction\",\"target\":{\"@type\":\"EntryPoint\",\"urlTemplate\":\"https:\/\/internacional.umh.es\/en\/?s={search_term_string}\"},\"query-input\":\"required name=search_term_string\"}],\"inLanguage\":\"en-US\"},{\"@type\":\"ImageObject\",\"@id\":\"https:\/\/internacional.umh.es\/en\/2025\/02\/24\/arranca-en-brasil-el-proyecto-prophyedu-con-el-que-la-umh-busca-promover-el-exito-academico-a-traves-de-la-educacion-fisica\/#primaryimage\",\"inLanguage\":\"en-US\",\"url\":\"https:\/\/internacional.umh.es\/files\/2025\/02\/20-02-25-Proyecto-europeo-principal-300x225-1.jpg\",\"contentUrl\":\"https:\/\/internacional.umh.es\/files\/2025\/02\/20-02-25-Proyecto-europeo-principal-300x225-1.jpg\",\"width\":300,\"height\":225},{\"@type\":\"WebPage\",\"@id\":\"https:\/\/internacional.umh.es\/en\/2025\/02\/24\/arranca-en-brasil-el-proyecto-prophyedu-con-el-que-la-umh-busca-promover-el-exito-academico-a-traves-de-la-educacion-fisica\/#webpage\",\"url\":\"https:\/\/internacional.umh.es\/en\/2025\/02\/24\/arranca-en-brasil-el-proyecto-prophyedu-con-el-que-la-umh-busca-promover-el-exito-academico-a-traves-de-la-educacion-fisica\/\",\"name\":\"PROPHYEDU project kicks off in Brazil, by which the UMH aims to foster academic success through physical education - International Relations and Cooperation\",\"isPartOf\":{\"@id\":\"https:\/\/internacional.umh.es\/en\/#website\"},\"primaryImageOfPage\":{\"@id\":\"https:\/\/internacional.umh.es\/en\/2025\/02\/24\/arranca-en-brasil-el-proyecto-prophyedu-con-el-que-la-umh-busca-promover-el-exito-academico-a-traves-de-la-educacion-fisica\/#primaryimage\"},\"datePublished\":\"2025-02-24T09:00:24+00:00\",\"dateModified\":\"2025-02-24T09:52:12+00:00\",\"author\":{\"@id\":\"https:\/\/internacional.umh.es\/en\/#\/schema\/person\/80d6ddb6a44115a6086bb4a8a0dc2db6\"},\"breadcrumb\":{\"@id\":\"https:\/\/internacional.umh.es\/en\/2025\/02\/24\/arranca-en-brasil-el-proyecto-prophyedu-con-el-que-la-umh-busca-promover-el-exito-academico-a-traves-de-la-educacion-fisica\/#breadcrumb\"},\"inLanguage\":\"en-US\",\"potentialAction\":[{\"@type\":\"ReadAction\",\"target\":[\"https:\/\/internacional.umh.es\/en\/2025\/02\/24\/arranca-en-brasil-el-proyecto-prophyedu-con-el-que-la-umh-busca-promover-el-exito-academico-a-traves-de-la-educacion-fisica\/\"]}]},{\"@type\":\"BreadcrumbList\",\"@id\":\"https:\/\/internacional.umh.es\/en\/2025\/02\/24\/arranca-en-brasil-el-proyecto-prophyedu-con-el-que-la-umh-busca-promover-el-exito-academico-a-traves-de-la-educacion-fisica\/#breadcrumb\",\"itemListElement\":[{\"@type\":\"ListItem\",\"position\":1,\"name\":\"Home\",\"item\":\"https:\/\/internacional.umh.es\/en\/\"},{\"@type\":\"ListItem\",\"position\":2,\"name\":\"(Espa\\u00f1ol) Arranca en Brasil el proyecto PROPHYEDU con el que la UMH busca promover el \\u00e9xito acad\\u00e9mico a trav\\u00e9s de la Educaci\\u00f3n F\\u00edsica\"}]},{\"@type\":\"Person\",\"@id\":\"https:\/\/internacional.umh.es\/en\/#\/schema\/person\/80d6ddb6a44115a6086bb4a8a0dc2db6\",\"name\":\"paliaga\",\"image\":{\"@type\":\"ImageObject\",\"@id\":\"https:\/\/internacional.umh.es\/en\/#personlogo\",\"inLanguage\":\"en-US\",\"url\":\"https:\/\/secure.gravatar.com\/avatar\/5baca743863e669ef18bc3c564b897e2?s=96&d=mm&r=g\",\"contentUrl\":\"https:\/\/secure.gravatar.com\/avatar\/5baca743863e669ef18bc3c564b897e2?s=96&d=mm&r=g\",\"caption\":\"paliaga\"},\"url\":\"https:\/\/internacional.umh.es\/en\/author\/paliaga\/\"}]}<\/script>\n<!-- \/ Yoast SEO plugin. -->","yoast_head_json":{"robots":{"index":"index","follow":"follow","max-snippet":"max-snippet:-1","max-image-preview":"max-image-preview:large","max-video-preview":"max-video-preview:-1"},"canonical":"https:\/\/internacional.umh.es\/en\/2025\/02\/24\/arranca-en-brasil-el-proyecto-prophyedu-con-el-que-la-umh-busca-promover-el-exito-academico-a-traves-de-la-educacion-fisica\/","og_locale":"en_US","og_type":"article","og_title":"PROPHYEDU project kicks off in Brazil, by which the UMH aims to foster academic success through physical education - International Relations and Cooperation","og_description":"Last week, the first working meeting for the PROPHYEDU project began in S\u00e3o Paulo, Brazil, by which the Miguel Hern\u00e1ndez University of Elche (UMH) aims to foster academic success through physical education. UMH faculty participants in this meeting included Adolfo Aracil Marco, David Pineda, and Juan Antonio Moreno Murcia. This project, which is part of the [...]","og_url":"https:\/\/internacional.umh.es\/en\/2025\/02\/24\/arranca-en-brasil-el-proyecto-prophyedu-con-el-que-la-umh-busca-promover-el-exito-academico-a-traves-de-la-educacion-fisica\/","og_site_name":"International Relations and Cooperation","article_published_time":"2025-02-24T09:00:24+00:00","article_modified_time":"2025-02-24T09:52:12+00:00","twitter_card":"summary_large_image","twitter_misc":{"Written by":"paliaga","Est. reading time":"2 minutes"},"schema":{"@context":"https:\/\/schema.org","@graph":[{"@type":"WebSite","@id":"https:\/\/internacional.umh.es\/en\/#website","url":"https:\/\/internacional.umh.es\/en\/","name":"International Relations and Cooperation","description":"Miguel Hernandez University of Elche","potentialAction":[{"@type":"SearchAction","target":{"@type":"EntryPoint","urlTemplate":"https:\/\/internacional.umh.es\/en\/?s={search_term_string}"},"query-input":"required name=search_term_string"}],"inLanguage":"en-US"},{"@type":"ImageObject","@id":"https:\/\/internacional.umh.es\/en\/2025\/02\/24\/arranca-en-brasil-el-proyecto-prophyedu-con-el-que-la-umh-busca-promover-el-exito-academico-a-traves-de-la-educacion-fisica\/#primaryimage","inLanguage":"en-US","url":"https:\/\/internacional.umh.es\/files\/2025\/02\/20-02-25-Proyecto-europeo-principal-300x225-1.jpg","contentUrl":"https:\/\/internacional.umh.es\/files\/2025\/02\/20-02-25-Proyecto-europeo-principal-300x225-1.jpg","width":300,"height":225},{"@type":"WebPage","@id":"https:\/\/internacional.umh.es\/en\/2025\/02\/24\/arranca-en-brasil-el-proyecto-prophyedu-con-el-que-la-umh-busca-promover-el-exito-academico-a-traves-de-la-educacion-fisica\/#webpage","url":"https:\/\/internacional.umh.es\/en\/2025\/02\/24\/arranca-en-brasil-el-proyecto-prophyedu-con-el-que-la-umh-busca-promover-el-exito-academico-a-traves-de-la-educacion-fisica\/","name":"PROPHYEDU project kicks off in Brazil, by which the UMH aims to foster academic success through physical education - International Relations and Cooperation","isPartOf":{"@id":"https:\/\/internacional.umh.es\/en\/#website"},"primaryImageOfPage":{"@id":"https:\/\/internacional.umh.es\/en\/2025\/02\/24\/arranca-en-brasil-el-proyecto-prophyedu-con-el-que-la-umh-busca-promover-el-exito-academico-a-traves-de-la-educacion-fisica\/#primaryimage"},"datePublished":"2025-02-24T09:00:24+00:00","dateModified":"2025-02-24T09:52:12+00:00","author":{"@id":"https:\/\/internacional.umh.es\/en\/#\/schema\/person\/80d6ddb6a44115a6086bb4a8a0dc2db6"},"breadcrumb":{"@id":"https:\/\/internacional.umh.es\/en\/2025\/02\/24\/arranca-en-brasil-el-proyecto-prophyedu-con-el-que-la-umh-busca-promover-el-exito-academico-a-traves-de-la-educacion-fisica\/#breadcrumb"},"inLanguage":"en-US","potentialAction":[{"@type":"ReadAction","target":["https:\/\/internacional.umh.es\/en\/2025\/02\/24\/arranca-en-brasil-el-proyecto-prophyedu-con-el-que-la-umh-busca-promover-el-exito-academico-a-traves-de-la-educacion-fisica\/"]}]},{"@type":"BreadcrumbList","@id":"https:\/\/internacional.umh.es\/en\/2025\/02\/24\/arranca-en-brasil-el-proyecto-prophyedu-con-el-que-la-umh-busca-promover-el-exito-academico-a-traves-de-la-educacion-fisica\/#breadcrumb","itemListElement":[{"@type":"ListItem","position":1,"name":"Home","item":"https:\/\/internacional.umh.es\/en\/"},{"@type":"ListItem","position":2,"name":"(Espa\u00f1ol) Arranca en Brasil el proyecto PROPHYEDU con el que la UMH busca promover el \u00e9xito acad\u00e9mico a trav\u00e9s de la Educaci\u00f3n F\u00edsica"}]},{"@type":"Person","@id":"https:\/\/internacional.umh.es\/en\/#\/schema\/person\/80d6ddb6a44115a6086bb4a8a0dc2db6","name":"paliaga","image":{"@type":"ImageObject","@id":"https:\/\/internacional.umh.es\/en\/#personlogo","inLanguage":"en-US","url":"https:\/\/secure.gravatar.com\/avatar\/5baca743863e669ef18bc3c564b897e2?s=96&d=mm&r=g","contentUrl":"https:\/\/secure.gravatar.com\/avatar\/5baca743863e669ef18bc3c564b897e2?s=96&d=mm&r=g","caption":"paliaga"},"url":"https:\/\/internacional.umh.es\/en\/author\/paliaga\/"}]}},"_links":{"self":[{"href":"https:\/\/internacional.umh.es\/en\/wp-json\/wp\/v2\/posts\/38129"}],"collection":[{"href":"https:\/\/internacional.umh.es\/en\/wp-json\/wp\/v2\/posts"}],"about":[{"href":"https:\/\/internacional.umh.es\/en\/wp-json\/wp\/v2\/types\/post"}],"author":[{"embeddable":true,"href":"https:\/\/internacional.umh.es\/en\/wp-json\/wp\/v2\/users\/28614"}],"replies":[{"embeddable":true,"href":"https:\/\/internacional.umh.es\/en\/wp-json\/wp\/v2\/comments?post=38129"}],"version-history":[{"count":0,"href":"https:\/\/internacional.umh.es\/en\/wp-json\/wp\/v2\/posts\/38129\/revisions"}],"wp:attachment":[{"href":"https:\/\/internacional.umh.es\/en\/wp-json\/wp\/v2\/media?parent=38129"}],"wp:term":[{"taxonomy":"category","embeddable":true,"href":"https:\/\/internacional.umh.es\/en\/wp-json\/wp\/v2\/categories?post=38129"},{"taxonomy":"post_tag","embeddable":true,"href":"https:\/\/internacional.umh.es\/en\/wp-json\/wp\/v2\/tags?post=38129"}],"curies":[{"name":"wp","href":"https:\/\/api.w.org\/{rel}","templated":true}]}}